{"id":95642,"date":"2021-08-15T09:11:10","date_gmt":"2021-08-15T09:11:10","guid":{"rendered":"https:\/\/diariodalagoa.sapo.pt\/?p=95642"},"modified":"2025-09-27T21:43:00","modified_gmt":"2025-09-27T21:43:00","slug":"um-garimpeiro-pauense-na-corrida-ao-ouro-da-california","status":"publish","type":"post","link":"https:\/\/diariodalagoa.pt\/fr\/um-garimpeiro-pauense-na-corrida-ao-ouro-da-california\/","title":{"rendered":"Um \u201cgarimpeiro\u201d Pauense na Corrida ao Ouro da Calif\u00f3rnia"},"content":{"rendered":"<h4 class=\"wp-block-heading\">\u201c(\u2026) tenho orgulho e \u201cproa\u201d naquilo que aprendi de grandes homens prezados com quem me sentei a ouvi-los falar sobre a hist\u00f3ria da Vila de \u00c1gua de Pau\u201d<\/h4>\n\n\n\n<div class=\"wp-block-image is-style-rounded\"><figure class=\"aligncenter size-large is-resized\"><img decoding=\"async\" src=\"https:\/\/diariodalagoa.sapo.pt\/wp-content\/uploads\/2020\/04\/RoberTo-MedeirOs-_DR.jpg\" alt=\"\" class=\"wp-image-83287\" width=\"417\" height=\"417\"\/><figcaption><strong>Roberto Medeiros<\/strong><\/figcaption><\/figure><\/div>\n\n\n<p>Para se falar sobre \u00c1gua de Pau, n\u00e3o bastam as bases hist\u00f3ricas que v\u00eam nos livros de Gaspar Frutuoso, \u201cSaudades da Terra\u201d ou no livro \u201cA Vila da Lagoa e o seu concelho\u201d numa recolha do Padre Jo\u00e3o Jos\u00e9 Tavares com edi\u00e7\u00e3o melhorada e coordenada pelo professor Dr. Francisco Carreiro da Costa e publicada pela C\u00e2mara Municipal da Lagoa.<\/p>\n<p>Um dia explicarei melhor porque afirmo isso. No entanto, deixarei aqui algumas notas de como, ao longo dos anos, fui adquirindo e consolidando os meus apontamentos de recolha e pesquisa para publicar ainda um livro sobre a hist\u00f3ria da minha Vila de \u00c1gua de Pau.<\/p>\n<p>Se ainda o n\u00e3o publiquei foi porque ainda continuo a juntar mais informa\u00e7\u00e3o junto de quem nasceu e viveu antes de mim e cujas gera\u00e7\u00f5es acumularam e passaram testemunhos hist\u00f3ricos sobre a terra e o seu povo e, que eu fui ouvindo, retendo e gravando, quer na mem\u00f3ria quer no papel ao longo dos meus anos de vida desde a minha inf\u00e2ncia at\u00e9 hoje.<\/p>\n<p>Nos ser\u00f5es de fam\u00edlia, com os primos e amigos de meu pai e, com os dois ilustres professores Jo\u00e3o Ferreira da Silva e Luciano da Mota Vieira, ligados por ra\u00edzes familiares e pela escrita \u00e0 minha Vila de \u00c1gua de Pau, de quem eram ac\u00e9rrimos amantes e defensores, aprendi e reforcei minhas convic\u00e7\u00f5es e amor pela hist\u00f3ria e import\u00e2ncia desta Vila.<br>Os dois fizeram parte da lista dos \u201cconhecedores\u201d que consultei ao longo da minha vida para reunir elementos hist\u00f3ricos e fotos do passado para todo o meu conhecimento emp\u00edrico, etnogr\u00e1fico, metaf\u00f3rico, sociocultural, geof\u00edsico e outros.<\/p>\n<p>Gra\u00e7as a meu pai, Manuel Eg\u00eddio de Medeiros, e a outros que enuncio a seguir, como as minhas fontes mais antigas e recentes, tenho orgulho e \u201cproa\u201d naquilo que aprendi com estes grandes homens prezados com quem me sentei a ouvi-los falar sobre a Vila de \u00c1gua de Pau. E cito-os; Quintiliano Augusto Vieira, Ant\u00f3nio In\u00e1cio Vieira, Dona Lurdes Lima Vieira e irm\u00e3 Let\u00edcia Vieira, Manuel Pedro de Sousa, Evaristo Amaral de Sousa, Rodolfo Pamplona Ferreira (faleceu com 85 anos em Rio de Janeiro), Maria da Costa (Austr\u00e1lia), Antero Pacheco Amaral, Jo\u00e3o de Matos Costa, Augusto Pacheco Agostinho (Pacheco-da-Preta), Ant\u00f3nio de Amaral(at\u00e9 aos 99 anos em New Bedford), todos j\u00e1 falecidos e ainda os\/as pauenses em contacto privilegiado comigo, portanto, vivos; Dona Am\u00e9lia Nabinha com 108 anos em New Bedford), Tobias Teixeira (com 98 anos no Brasil), George Silva e irm\u00e3 Ana Silva Male (ambos octogen\u00e1rios, na Austr\u00e1lia), Manuel Machado (EUA), Alfredo Soares e outros de idade tamb\u00e9m avan\u00e7ada mas que a mem\u00f3ria ainda n\u00e3o lhes falta.<br data-rich-text-line-break=\"true\"><br data-rich-text-line-break=\"true\">Meu pai guardava todos os recortes de artigos dos jornais escritos pelo professor Jo\u00e3o Ferreira da Silva e eu relia-os e depois recortei eu os do professor Luciano da Mota Vieira que eu adorava ouvir falar da nossa vila e das gentes ilustres do nosso povo. Jamais esquecerei o que disse o professor Luciano da M. Vieira antes de meu pai baixar \u00e0 cova no cemit\u00e9rio em 1982. Debaixo de uma chuvinha mi\u00fada, na hora, ningu\u00e9m arredou p\u00e9 enquanto o professor fez quest\u00e3o de proferir uma despedida a meu pai, fazendo-lhe uma distinta homenagem enquadrando-o na hist\u00f3ria da Vila de \u00c1gua de Pau, que eloquentemente narrou resumidamente aos presentes.<\/p>\n<p>A Vila de \u00c1gua de Pau tem tanto de curiosidade como de eloquente e sua hist\u00f3ria \u00e9 cheia de factos indel\u00e9veis com gente que, saindo dela, na cata da sua ventura, emigrando ou em miss\u00e3o r\u00e9gia ou da rep\u00fablica deixou sempre para a sua terra m\u00e9ritos e pergaminhos que n\u00e3o os querendo para si, ofereceu-os \u00e0 sua igreja ou \u00e0 sua \u201cquirida\u201d terra natal.<\/p>\n<p>N\u00e3o me \u00e9 dif\u00edcil falar de v\u00e1rios personagens que sa\u00edram da sua vila de \u00c1gua de Pau para v\u00e1rias partes do mundo onde conseguiram vencer e conseguir um estatuto social e riqueza. Falarei ent\u00e3o dum pauense que obtendo esse estatuto nos Estados Unidos da Am\u00e9rica, pa\u00eds rico e de futuro, preferiu regressar \u00e0 sua terra e nela viver e desfrutar do seu sucesso, melhorando a forma de viver com maior qualidade de vida para a sua fam\u00edlia, na vila de \u00c1gua de Pau.<\/p>\n\n\n<h4 class=\"wp-block-heading\">O sonho dourado\u2026<\/h4>\n\n\n\n<div class=\"wp-block-image\"><figure class=\"aligncenter size-large is-resized\"><img decoding=\"async\" src=\"https:\/\/diariodalagoa.sapo.pt\/wp-content\/uploads\/2021\/08\/3-GARIMPEIRO-CINZA.jpg\" alt=\"\" class=\"wp-image-95646\" width=\"676\" height=\"508\"\/><figcaption><span class=\"has-inline-color has-cyan-bluish-gray-color\"><sup>\u00a9 D.R.<\/sup><\/span><\/figcaption><\/figure><\/div>\n\n\n\n<div class=\"wp-block-image\"><figure class=\"aligncenter size-large is-resized\"><img decoding=\"async\" src=\"https:\/\/diariodalagoa.sapo.pt\/wp-content\/uploads\/2021\/08\/2-California_Gold_SHIP-CINZA.jpg\" alt=\"\" class=\"wp-image-95647\" width=\"678\" height=\"353\"\/><figcaption><sup><span class=\"has-inline-color has-cyan-bluish-gray-color\">\u00a9 D.R.<\/span><\/sup><\/figcaption><\/figure><\/div>\n\n\n<p>O nome Calif\u00f3rnia, nos EUA, ficou relacionado permanentemente \u00e0 Corrida do Ouro desde meados do s\u00e9culo XIX. A febre do ouro catapultou a Calif\u00f3rnia para o centro da imagina\u00e7\u00e3o global, convertendo-a no destino de centenas de milhares de pessoas, de novos come\u00e7os e grandes oportunidades, de onde o duro trabalho e um pouco de sorte podiam ser recompensados com enormes riquezas. Estima-se que milhares de pessoas do mundo todo correram para a Calif\u00f3rnia e tiraram de suas entranhas toneladas de min\u00e9rio (em dinheiro de hoje, algo como bili\u00f5es de d\u00f3lares). Embora bili\u00f5es de d\u00f3lares em ouro fossem extra\u00eddos, poucos mineradores ficaram ricos. O ouro que brotava na Calif\u00f3rnia era generoso. Nos primeiros meses depois da descoberta, era poss\u00edvel recolher as pepitas diretamente do solo. Bastava agachar e pegar. O metal precioso era encontrado em leitos de rios e em ravinas aos borbot\u00f5es.<\/p>\n<p>Na \u00faltima d\u00e9cada do s\u00e9culo XIX, um grupo de futuros \u201cgarimpeiros\u201d chegaram a New York num navio oriundo de Amesterd\u00e3o, com escala em Lisboa, porto onde Jo\u00e3o de Matos Albino, ainda jovem, e come\u00e7ou a sua aventura, as viagens por terra, as preferidas de quem vinha do leste dos EUA, demoravam meses &#8211; n\u00e3o existiam ainda boas estradas e ferrovias. A dist\u00e2ncia entre Nova York e S\u00e3o Francisco era de 4,1 mil km. Gente que preferia deixar a fam\u00edlia e partir sozinho, como Jo\u00e3o de Matos Albino, foi de navio. Ele embarcou com destino ao Panam\u00e1, fez o trajeto com o resto do grupo europeu por terra &#8211; o canal s\u00f3 seria inaugurado no s\u00e9culo seguinte &#8211; e embarcou em outro barco no Pac\u00edfico. A viagem demorou um m\u00eas.<\/p>\n<p>A sua hist\u00f3ria na Calif\u00f3rnia \u00e9 igual a de tantos que para ali foram em busca do metal precioso que lhe retiraria alguns anos de juventude e conv\u00edvio familiar, mas que valeu a pena. Nisso mesmo vinha pensando o pauense Jo\u00e3o de Matos Albino a bordo do seu camarote, na viagem de regresso com escala em Lisboa e depois \u00e0 ilha de S. Miguel nos A\u00e7ores, passados que foram, os primeiros dez anos do s\u00e9culo XX.<\/p>\n<p>Deixaria de subir a ladeira do \u201cSalto-do-Bode\u201d para a sua antiga casa pois adquirira duas casas interligadas entre a esquina do Santiago com a rua do Boqueir\u00e3o e a esquina da rua do Outeiro. Recuperou-as, mas na que tinha a frente principal virada para o Santiago mandou construir uma grande e vistosa varanda, a maior de todas nas casas da rua do Santiago.<\/p>\n<p>Por baixo dela, estacionou o seu carro novo, demonstrando de forma elucidativa, o duplo poder econ\u00f3mico, ent\u00e3o alcan\u00e7ado.<\/p>\n\n\n<div class=\"wp-block-image\"><figure class=\"aligncenter size-large\"><img decoding=\"async\" src=\"https:\/\/diariodalagoa.sapo.pt\/wp-content\/uploads\/2021\/08\/1-Casa-do-Salto-do-Bode-CINZA.jpg\" alt=\"\" class=\"wp-image-95644\"\/><figcaption><sup><strong>Casa de Jo\u00e3o Matos Albino no Salto-do-Bode&#8221; em \u00c1gua de Pau<\/strong> <span class=\"has-inline-color has-cyan-bluish-gray-color\">\u00a9&nbsp;D.R.<\/span><\/sup><\/figcaption><\/figure><\/div>\n\n\n\n<div class=\"wp-block-image\"><figure class=\"aligncenter size-large is-resized\"><img decoding=\"async\" src=\"https:\/\/diariodalagoa.sapo.pt\/wp-content\/uploads\/2021\/08\/4-A-casa-com-a-varanda-e-o-carro-por-baixo-.-os-vestigios-de-riqueza-alcancada.png\" alt=\"\" class=\"wp-image-95645\" width=\"424\" height=\"755\"\/><figcaption><sup><strong>Casa nova de Jo\u00e3o M. Albino na rua do Santiago em \u00c1gua de Pau<\/strong> <span class=\"has-inline-color has-cyan-bluish-gray-color\">\u00a9&nbsp;D.R.<\/span><\/sup><\/figcaption><\/figure><\/div>\n\n\n\n<p class=\"has-text-align-left\">Por altura das festas de 15 de agosto da sua padroeira N\u00aa S\u00aa dos Anjos a varanda enchia-se de familiares \u00e0 sua volta e sua esposa Augusta Tavares, para verem passar a Prociss\u00e3o\u2026 e poder assim serem vistos tamb\u00e9m por todos, exibindo seus vest\u00edgios de sucesso e riqueza. De forma sucinta e resumida conta-se assim em poucas palavras a hist\u00f3ria do \u201cgarimpeiro\u201d da Vila de \u00c1gua de Pau na Calif\u00f3rnia.<\/p>\n\n\n\n<p class=\"has-text-align-right\"><em>Cr\u00f3nica publicada na edi\u00e7\u00e3o impressa de <a href=\"https:\/\/diariodalagoa.sapo.pt\/wp-content\/uploads\/2021\/07\/DL_2021.08.pdf\">agosto de 2021<\/a><\/em><\/p>","protected":false},"excerpt":{"rendered":"<p>\u201c(\u2026) tenho orgulho e \u201cproa\u201d naquilo que aprendi de grandes homens prezados com quem me sentei a ouvi-los falar sobre a hist\u00f3ria da Vila de \u00c1gua de Pau\u201d Para se falar sobre \u00c1gua de Pau, n\u00e3o bastam as bases hist\u00f3ricas que v\u00eam nos livros de Gaspar Frutuoso, \u201cSaudades da Terra\u201d ou no livro \u201cA Vila [&hellip;]<\/p>","protected":false},"author":2,"featured_media":109960,"comment_status":"open","ping_status":"closed","sticky":false,"template":"","format":"standard","meta":[],"categories":[11],"tags":[],"acf":[],"yoast_head":"<!-- This site is optimized with the Yoast SEO plugin v20.10 - https:\/\/yoast.com\/wordpress\/plugins\/seo\/ -->\n<title>Um \u201cgarimpeiro\u201d Pauense na Corrida ao Ouro da Calif\u00f3rnia - Di\u00e1rio da Lagoa<\/title>\n<meta name=\"description\" content=\"Roberto Medeiros leva-nos \u00e0 \u00faltima d\u00e9cada do s\u00e9culo XIX para nos contar a hist\u00f3ria de Jo\u00e3o de Matos Albino que arriscou tudo ao deixar a vila de \u00c1gua de Pau rumo \u00e0 aventura em solo americano.\" \/>\n<meta name=\"robots\" content=\"index, follow, max-snippet:-1, max-image-preview:large, max-video-preview:-1\" \/>\n<link rel=\"canonical\" href=\"https:\/\/diariodalagoa.pt\/fr\/um-garimpeiro-pauense-na-corrida-ao-ouro-da-california\/\" \/>\n<meta property=\"og:locale\" content=\"fr_FR\" \/>\n<meta property=\"og:type\" content=\"article\" \/>\n<meta property=\"og:title\" content=\"Um \u201cgarimpeiro\u201d Pauense na Corrida ao Ouro da Calif\u00f3rnia - Di\u00e1rio da Lagoa\" \/>\n<meta property=\"og:description\" content=\"Roberto Medeiros leva-nos \u00e0 \u00faltima d\u00e9cada do s\u00e9culo XIX para nos contar a hist\u00f3ria de Jo\u00e3o de Matos Albino que arriscou tudo ao deixar a vila de \u00c1gua de Pau rumo \u00e0 aventura em solo americano.\" \/>\n<meta property=\"og:url\" content=\"https:\/\/diariodalagoa.pt\/fr\/um-garimpeiro-pauense-na-corrida-ao-ouro-da-california\/\" \/>\n<meta property=\"og:site_name\" content=\"Di\u00e1rio da Lagoa\" \/>\n<meta property=\"article:published_time\" content=\"2021-08-15T09:11:10+00:00\" \/>\n<meta property=\"article:modified_time\" content=\"2025-09-27T21:43:00+00:00\" \/>\n<meta property=\"og:image\" content=\"https:\/\/diariodalagoa.pt\/wp-content\/uploads\/2021\/08\/roberto-medeiros-dr.jpg\" \/>\n\t<meta property=\"og:image:width\" content=\"774\" \/>\n\t<meta property=\"og:image:height\" content=\"774\" \/>\n\t<meta property=\"og:image:type\" content=\"image\/jpeg\" \/>\n<meta name=\"author\" content=\"Di\u00e1rio da Lagoa\" \/>\n<meta name=\"twitter:card\" content=\"summary_large_image\" \/>\n<meta name=\"twitter:label1\" content=\"\u00c9crit par\" \/>\n\t<meta name=\"twitter:data1\" content=\"Di\u00e1rio da Lagoa\" \/>\n\t<meta name=\"twitter:label2\" content=\"Dur\u00e9e de lecture estim\u00e9e\" \/>\n\t<meta name=\"twitter:data2\" content=\"7 minutes\" \/>\n<script type=\"application\/ld+json\" class=\"yoast-schema-graph\">{\"@context\":\"https:\/\/schema.org\",\"@graph\":[{\"@type\":\"WebPage\",\"@id\":\"https:\/\/diariodalagoa.pt\/um-garimpeiro-pauense-na-corrida-ao-ouro-da-california\/\",\"url\":\"https:\/\/diariodalagoa.pt\/um-garimpeiro-pauense-na-corrida-ao-ouro-da-california\/\",\"name\":\"Um \u201cgarimpeiro\u201d Pauense na Corrida ao Ouro da Calif\u00f3rnia - Di\u00e1rio da Lagoa\",\"isPartOf\":{\"@id\":\"https:\/\/diariodalagoa.pt\/#website\"},\"datePublished\":\"2021-08-15T09:11:10+00:00\",\"dateModified\":\"2025-09-27T21:43:00+00:00\",\"author\":{\"@id\":\"https:\/\/diariodalagoa.pt\/#\/schema\/person\/1615a002370e8857b6f972834bc43ece\"},\"description\":\"Roberto Medeiros leva-nos \u00e0 \u00faltima d\u00e9cada do s\u00e9culo XIX para nos contar a hist\u00f3ria de Jo\u00e3o de Matos Albino que arriscou tudo ao deixar a vila de \u00c1gua de Pau rumo \u00e0 aventura em solo americano.\",\"breadcrumb\":{\"@id\":\"https:\/\/diariodalagoa.pt\/um-garimpeiro-pauense-na-corrida-ao-ouro-da-california\/#breadcrumb\"},\"inLanguage\":\"fr-FR\",\"potentialAction\":[{\"@type\":\"ReadAction\",\"target\":[\"https:\/\/diariodalagoa.pt\/um-garimpeiro-pauense-na-corrida-ao-ouro-da-california\/\"]}]},{\"@type\":\"BreadcrumbList\",\"@id\":\"https:\/\/diariodalagoa.pt\/um-garimpeiro-pauense-na-corrida-ao-ouro-da-california\/#breadcrumb\",\"itemListElement\":[{\"@type\":\"ListItem\",\"position\":1,\"name\":\"In\u00edcio\",\"item\":\"https:\/\/diariodalagoa.pt\/\"},{\"@type\":\"ListItem\",\"position\":2,\"name\":\"Um \u201cgarimpeiro\u201d Pauense na Corrida ao Ouro da Calif\u00f3rnia\"}]},{\"@type\":\"WebSite\",\"@id\":\"https:\/\/diariodalagoa.pt\/#website\",\"url\":\"https:\/\/diariodalagoa.pt\/\",\"name\":\"Di\u00e1rio da Lagoa\",\"description\":\"Di\u00e1rio da Lagoa. As not\u00edcias que contam. A partir da Lagoa, nos A\u00e7ores, para o mundo.\",\"potentialAction\":[{\"@type\":\"SearchAction\",\"target\":{\"@type\":\"EntryPoint\",\"urlTemplate\":\"https:\/\/diariodalagoa.pt\/?s={search_term_string}\"},\"query-input\":\"required name=search_term_string\"}],\"inLanguage\":\"fr-FR\"},{\"@type\":\"Person\",\"@id\":\"https:\/\/diariodalagoa.pt\/#\/schema\/person\/1615a002370e8857b6f972834bc43ece\",\"name\":\"Di\u00e1rio da Lagoa\",\"image\":{\"@type\":\"ImageObject\",\"inLanguage\":\"fr-FR\",\"@id\":\"https:\/\/diariodalagoa.pt\/#\/schema\/person\/image\/\",\"url\":\"https:\/\/secure.gravatar.com\/avatar\/2cb5cef90a26f8fbd4d9d930608102c5?s=96&d=mm&r=g\",\"contentUrl\":\"https:\/\/secure.gravatar.com\/avatar\/2cb5cef90a26f8fbd4d9d930608102c5?s=96&d=mm&r=g\",\"caption\":\"Di\u00e1rio da Lagoa\"},\"url\":\"https:\/\/diariodalagoa.pt\/fr\/author\/diariodalagoa\/\"}]}<\/script>\n<!-- \/ Yoast SEO plugin. -->","yoast_head_json":{"title":"Um \u201cgarimpeiro\u201d Pauense na Corrida ao Ouro da Calif\u00f3rnia - Di\u00e1rio da Lagoa","description":"Roberto Medeiros leva-nos \u00e0 \u00faltima d\u00e9cada do s\u00e9culo XIX para nos contar a hist\u00f3ria de Jo\u00e3o de Matos Albino que arriscou tudo ao deixar a vila de \u00c1gua de Pau rumo \u00e0 aventura em solo americano.","robots":{"index":"index","follow":"follow","max-snippet":"max-snippet:-1","max-image-preview":"max-image-preview:large","max-video-preview":"max-video-preview:-1"},"canonical":"https:\/\/diariodalagoa.pt\/fr\/um-garimpeiro-pauense-na-corrida-ao-ouro-da-california\/","og_locale":"fr_FR","og_type":"article","og_title":"Um \u201cgarimpeiro\u201d Pauense na Corrida ao Ouro da Calif\u00f3rnia - Di\u00e1rio da Lagoa","og_description":"Roberto Medeiros leva-nos \u00e0 \u00faltima d\u00e9cada do s\u00e9culo XIX para nos contar a hist\u00f3ria de Jo\u00e3o de Matos Albino que arriscou tudo ao deixar a vila de \u00c1gua de Pau rumo \u00e0 aventura em solo americano.","og_url":"https:\/\/diariodalagoa.pt\/fr\/um-garimpeiro-pauense-na-corrida-ao-ouro-da-california\/","og_site_name":"Di\u00e1rio da Lagoa","article_published_time":"2021-08-15T09:11:10+00:00","article_modified_time":"2025-09-27T21:43:00+00:00","og_image":[{"width":774,"height":774,"url":"https:\/\/diariodalagoa.pt\/wp-content\/uploads\/2021\/08\/roberto-medeiros-dr.jpg","type":"image\/jpeg"}],"author":"Di\u00e1rio da Lagoa","twitter_card":"summary_large_image","twitter_misc":{"\u00c9crit par":"Di\u00e1rio da Lagoa","Dur\u00e9e de lecture estim\u00e9e":"7 minutes"},"schema":{"@context":"https:\/\/schema.org","@graph":[{"@type":"WebPage","@id":"https:\/\/diariodalagoa.pt\/um-garimpeiro-pauense-na-corrida-ao-ouro-da-california\/","url":"https:\/\/diariodalagoa.pt\/um-garimpeiro-pauense-na-corrida-ao-ouro-da-california\/","name":"Um \u201cgarimpeiro\u201d Pauense na Corrida ao Ouro da Calif\u00f3rnia - Di\u00e1rio da Lagoa","isPartOf":{"@id":"https:\/\/diariodalagoa.pt\/#website"},"datePublished":"2021-08-15T09:11:10+00:00","dateModified":"2025-09-27T21:43:00+00:00","author":{"@id":"https:\/\/diariodalagoa.pt\/#\/schema\/person\/1615a002370e8857b6f972834bc43ece"},"description":"Roberto Medeiros leva-nos \u00e0 \u00faltima d\u00e9cada do s\u00e9culo XIX para nos contar a hist\u00f3ria de Jo\u00e3o de Matos Albino que arriscou tudo ao deixar a vila de \u00c1gua de Pau rumo \u00e0 aventura em solo americano.","breadcrumb":{"@id":"https:\/\/diariodalagoa.pt\/um-garimpeiro-pauense-na-corrida-ao-ouro-da-california\/#breadcrumb"},"inLanguage":"fr-FR","potentialAction":[{"@type":"ReadAction","target":["https:\/\/diariodalagoa.pt\/um-garimpeiro-pauense-na-corrida-ao-ouro-da-california\/"]}]},{"@type":"BreadcrumbList","@id":"https:\/\/diariodalagoa.pt\/um-garimpeiro-pauense-na-corrida-ao-ouro-da-california\/#breadcrumb","itemListElement":[{"@type":"ListItem","position":1,"name":"In\u00edcio","item":"https:\/\/diariodalagoa.pt\/"},{"@type":"ListItem","position":2,"name":"Um \u201cgarimpeiro\u201d Pauense na Corrida ao Ouro da Calif\u00f3rnia"}]},{"@type":"WebSite","@id":"https:\/\/diariodalagoa.pt\/#website","url":"https:\/\/diariodalagoa.pt\/","name":"Di\u00e1rio da Lagoa","description":"Di\u00e1rio da Lagoa. As not\u00edcias que contam. A partir da Lagoa, nos A\u00e7ores, para o mundo.","potentialAction":[{"@type":"SearchAction","target":{"@type":"EntryPoint","urlTemplate":"https:\/\/diariodalagoa.pt\/?s={search_term_string}"},"query-input":"required name=search_term_string"}],"inLanguage":"fr-FR"},{"@type":"Person","@id":"https:\/\/diariodalagoa.pt\/#\/schema\/person\/1615a002370e8857b6f972834bc43ece","name":"Di\u00e1rio da Lagoa","image":{"@type":"ImageObject","inLanguage":"fr-FR","@id":"https:\/\/diariodalagoa.pt\/#\/schema\/person\/image\/","url":"https:\/\/secure.gravatar.com\/avatar\/2cb5cef90a26f8fbd4d9d930608102c5?s=96&d=mm&r=g","contentUrl":"https:\/\/secure.gravatar.com\/avatar\/2cb5cef90a26f8fbd4d9d930608102c5?s=96&d=mm&r=g","caption":"Di\u00e1rio da Lagoa"},"url":"https:\/\/diariodalagoa.pt\/fr\/author\/diariodalagoa\/"}]}},"_links":{"self":[{"href":"https:\/\/diariodalagoa.pt\/fr\/wp-json\/wp\/v2\/posts\/95642"}],"collection":[{"href":"https:\/\/diariodalagoa.pt\/fr\/wp-json\/wp\/v2\/posts"}],"about":[{"href":"https:\/\/diariodalagoa.pt\/fr\/wp-json\/wp\/v2\/types\/post"}],"author":[{"embeddable":true,"href":"https:\/\/diariodalagoa.pt\/fr\/wp-json\/wp\/v2\/users\/2"}],"replies":[{"embeddable":true,"href":"https:\/\/diariodalagoa.pt\/fr\/wp-json\/wp\/v2\/comments?post=95642"}],"version-history":[{"count":1,"href":"https:\/\/diariodalagoa.pt\/fr\/wp-json\/wp\/v2\/posts\/95642\/revisions"}],"predecessor-version":[{"id":126320,"href":"https:\/\/diariodalagoa.pt\/fr\/wp-json\/wp\/v2\/posts\/95642\/revisions\/126320"}],"wp:featuredmedia":[{"embeddable":true,"href":"https:\/\/diariodalagoa.pt\/fr\/wp-json\/wp\/v2\/media\/109960"}],"wp:attachment":[{"href":"https:\/\/diariodalagoa.pt\/fr\/wp-json\/wp\/v2\/media?parent=95642"}],"wp:term":[{"taxonomy":"category","embeddable":true,"href":"https:\/\/diariodalagoa.pt\/fr\/wp-json\/wp\/v2\/categories?post=95642"},{"taxonomy":"post_tag","embeddable":true,"href":"https:\/\/diariodalagoa.pt\/fr\/wp-json\/wp\/v2\/tags?post=95642"}],"curies":[{"name":"wp","href":"https:\/\/api.w.org\/{rel}","templated":true}]}}