{"id":9514,"date":"2014-10-03T14:12:59","date_gmt":"2014-10-03T14:12:59","guid":{"rendered":"http:\/\/diariodalagoa.pt\/?p=9514"},"modified":"2014-10-03T14:12:59","modified_gmt":"2014-10-03T14:12:59","slug":"um-regresso-que-se-sauda","status":"publish","type":"post","link":"https:\/\/diariodalagoa.pt\/fr\/um-regresso-que-se-sauda\/","title":{"rendered":"&#8220;Um regresso que se sa\u00fada&#8221;"},"content":{"rendered":"<p style=\"text-align: left;\"><span style=\"color: #000000;\">Passados 77 anos sobre a publica\u00e7\u00e3o do \u00faltimo jornal no concelho da Lagoa, eis que surge novamente um \u00f3rg\u00e3o de comunica\u00e7\u00e3o social escrita. \u00c9 um regresso que saudamos efusivamente. <\/span><\/p>\n<p style=\"text-align: left;\"><span style=\"color: #000000;\">Os jornais como ve\u00edculos de comunica\u00e7\u00e3o, s\u00e3o indispens\u00e1veis nas comunidades, informam, divulgam, incentivam a troca de ideias e proporcionam o debate das mesmas, constituindo aut\u00eanticos ve\u00edculos de dinamiza\u00e7\u00e3o de uma regi\u00e3o. A Lagoa sempre teve atividade cultural pr\u00f3pria, beneficiando em parte quer da proximidade de Ponta Delgada, o grande centro de dinamiza\u00e7\u00e3o cultural da ilha, quer pela exist\u00eancia dos Franciscanos, os quais no seu convento davam aulas de leitura, escrita, gram\u00e1tica, latim, aritm\u00e9tica, filosofia, ret\u00f3rica, teologia e m\u00fasica, principalmente canto e \u00f3rg\u00e3o, quer ainda pela extens\u00e3o \u00e0 Lagoa das atividades culturais da \u201cSociedade dos Amigos das Letras e Artes\u201d, fundada em Ponta Delgada em 9 de Setembro de 1848 por Ant\u00f3nio Feliciano de Castilho e que estabeleceu nesta ent\u00e3o Vila diversos cursos noturnos, regidos gratuitamente. No relat\u00f3rio desta sociedade de 1864, faz-se referencia \u00e0 frequ\u00eancia destes cursos naquele ano, que foi de 107 alunos. N\u00e3o \u00e9 de admirar pois, a exist\u00eancia de muitas pessoas na Lagoa com um interessante grau de instru\u00e7\u00e3o e cultura, pessoas estas que fundaram os jornais da \u00e9poca, que mantiveram acesas pol\u00e9micas nas suas p\u00e1ginas e um grande n\u00famero de assinantes que aguardavam ansiosamente a sa\u00edda de cada n\u00famero.<\/span><\/p>\n<p style=\"text-align: left;\"><span style=\"color: #000000;\"> No concelho da Lagoa, entre 1887 e 1937, foram publicados 13 jornais, o primeiro foi o \u201cEco Lagoense\u201d, publicado em 1887, com 7 n\u00fameros editados, eram seus propriet\u00e1rios e redatores Manuel Soares Pereira e Ponte Cordeiro, este seman\u00e1rio intitulava-se de pol\u00edtico, liter\u00e1rio, noticioso e recreativo, seguiu-se-lhe o \u201c\u00c1tomo\u201d (1888-1889) com 36 n\u00fameros publicados, foi seu diretor Manuel Soares Pereira, era um quinzen\u00e1rio de cariz liter\u00e1rio e noticioso. O \u201cZ\u00e9 Careca\u201d (1889), com 1 n\u00famero publicado, definia-se como sendo o \u201c\u00d3rg\u00e3o dos Calvos\u201d, e tinha como redatores, Z\u00e9 Pelado e Z\u00e9 Lanzudo, neste jornal, podemos ver como se fazia s\u00e1tira pol\u00edtica na Lagoa em finais do s\u00e9culo XIX, tinha como editor Manuel Soares Pereira e redator Francisco Santos Cordeiro ou seja Z\u00e9 Pelado e Z\u00e9 Lanzudo. \u201cO Pimp\u00e3o\u201d (1889-1890), com 14 n\u00fameros editados, tinha como sub-t\u00edtulo \u201c\u00d3rg\u00e3o dos Fracos e Estigma dos Velhacos\u201d era uma folha de s\u00e1tira pol\u00edtica, tinha como propriet\u00e1rio, diretor e redator Manuel Soares Pereira, que teve uma participa\u00e7\u00e3o em v\u00e1rios jornais da Lagoa, nasceu em Vila do Porto, num per\u00edodo em que os pais estiveram a residir em Santa Maria, fixando-se posteriormente na Lagoa, mais tarde emigrou para o Brasil, onde tem descend\u00eancia. \u201c A Quinzena\u201d (1890-1891), com 27 n\u00fameros publicados, quinzen\u00e1rio de orienta\u00e7\u00e3o republicana, foi seu propriet\u00e1rio e diretor Francisco Santos Cordeiro, que morre muito novo, com 26 anos de idade, Santos Cordeiro e sua esposa foram testemunhas de casamento do conhecido jornalista e farmac\u00eautico Francisco Maria Supico. \u201cGazeta da Lagoa\u201d (1892-1894), com 28 n\u00fameros editados, era um seman\u00e1rio e intitulava-se de \u201cFolha Democr\u00e1tica\u201d, tinha orienta\u00e7\u00e3o republicana, teve como editor Jo\u00e3o Jacinto Carreiro e redator Francisco Santos Cordeiro. \u201cO Bom Conselheiro (1894-1895), com 63 n\u00fameros publicados, era um seman\u00e1rio, foi seu propriet\u00e1rio e redator Egydio Costa, natural da Ribeira Grande, na altura a desempenhar as fun\u00e7\u00f5es de tabeli\u00e3o na Lagoa, era irm\u00e3o do Dr.Geremias da Costa, professor e reitor do Liceu de Ponta Delgada, foi ainda governador civil e presidente da Junta Geral do Distrito Aut\u00f3nomo de Ponta Delgada. \u201cO Julgado Municipal\u201d (1899-1907), com 285 n\u00fameros publicados, era um seman\u00e1rio, foi seu propriet\u00e1rio, redator e editor Egydio Costa. \u201cO Sul\u201d(1900-1901), com 22 n\u00fameros publicados, foi seu gerente, propriet\u00e1rio e respons\u00e1vel, como nos indica o cabe\u00e7alho, Guilherme Gouveia Fragoso. \u201cLagoense\u201d (1903-1927), com 313 n\u00fameros publicados, definia-se como sendo um jornal liter\u00e1rio, noticioso e independente, teve como redator e editor Guilherme Gouveia Fragoso, que foi tesoureiro da Fazenda P\u00fablica e solicitador na Lagoa e secret\u00e1rio Francisco d&#8217;Amaral Almeida, foi o jornal de maior longevidade e que maior n\u00famero de publica\u00e7\u00f5es teve. Este jornal durante a sua publica\u00e7\u00e3o, atravessou um per\u00edodo muito conturbado, o da passagem do regime mon\u00e1rquico para o republicano. \u201cO Vigilante\u201d (1905), com 9 n\u00fameros publicados, era um seman\u00e1rio pol\u00edtico, liter\u00e1rio e noticioso, foi seu diretor e editor Manuel da C\u00e2mara. \u201cO Vigilante II\u201d (1916), com 5 n\u00fameros publicados, seman\u00e1rio, era seu propriet\u00e1rio, diretor e editor Ant\u00f3nio Jos\u00e9 de Sampaio. \u201cA Semana\u201d (1936), com 19 n\u00fameros publicados, como o pr\u00f3prio nome indica, era um seman\u00e1rio e definia-se como sendo um \u00f3rg\u00e3o de defesa dos interesses do concelho, foi seu propriet\u00e1rio, diretor e editor Ant\u00f3nio da Costa Almeida. \u201cA Semana\u201d (2\u00aa S\u00e9rie), publicado em 1936-1937, com 13 n\u00fameros editados, este jornal manteve a administra\u00e7\u00e3o, reda\u00e7\u00e3o e impress\u00e3o nos mesmos locais da 1\u00aa S\u00e9rie, por\u00e9m passou a ostentar no cabe\u00e7alho a designa\u00e7\u00e3o de \u201cJornal Independente\u201d, Ant\u00f3nio da Costa Almeida manteve as mesmas fun\u00e7\u00f5es, tendo agora como redator principal Laureano Lopes Tavares. <\/span><\/p>\n<p style=\"text-align: left;\"><span style=\"color: #000000;\">Foi assim,\u201cA Semana\u201d (2\u00aa S\u00e9rie), h\u00e1 precisamente 77 anos, o \u00faltimo jornal a ser publicado na Lagoa. Tendo tomado conhecimento com muito agrado da iniciativa da publica\u00e7\u00e3o do \u201cDi\u00e1rio da Lagoa\u201d, de imediato saudamos e apoiamos a mesma, fazendo votos do maior sucesso e pondo-nos \u00e0 disposi\u00e7\u00e3o dos mentores, oferecendo toda a colabora\u00e7\u00e3o que acharem necess\u00e1ria.<br \/><\/span><\/p>\n<p style=\"text-align: right;\"><span style=\"color: #000000;\">Rui Vieira da C\u00e2mara<br \/>ICPJJT<\/span><\/p>","protected":false},"excerpt":{"rendered":"<p>Passados 77 anos sobre a publica\u00e7\u00e3o do \u00faltimo jornal no concelho da Lagoa, eis que surge novamente um \u00f3rg\u00e3o de comunica\u00e7\u00e3o social escrita. \u00c9 um regresso que saudamos efusivamente. Os jornais como ve\u00edculos de comunica\u00e7\u00e3o, s\u00e3o indispens\u00e1veis nas comunidades, informam, divulgam, incentivam a troca de ideias e proporcionam o debate das mesmas, constituindo aut\u00eanticos ve\u00edculos [&hellip;]<\/p>","protected":false},"author":2,"featured_media":0,"comment_status":"open","ping_status":"open","sticky":false,"template":"","format":"standard","meta":[],"categories":[11],"tags":[],"acf":[],"yoast_head":"<!-- This site is optimized with the Yoast SEO plugin v20.10 - https:\/\/yoast.com\/wordpress\/plugins\/seo\/ -->\n<title>&quot;Um regresso que se sa\u00fada&quot; - Di\u00e1rio da Lagoa<\/title>\n<meta name=\"robots\" content=\"index, follow, max-snippet:-1, max-image-preview:large, max-video-preview:-1\" \/>\n<link rel=\"canonical\" href=\"https:\/\/diariodalagoa.pt\/fr\/um-regresso-que-se-sauda\/\" \/>\n<meta property=\"og:locale\" content=\"fr_FR\" \/>\n<meta property=\"og:type\" content=\"article\" \/>\n<meta property=\"og:title\" content=\"&quot;Um regresso que se sa\u00fada&quot; - Di\u00e1rio da Lagoa\" \/>\n<meta property=\"og:description\" content=\"Passados 77 anos sobre a publica\u00e7\u00e3o do \u00faltimo jornal no concelho da Lagoa, eis que surge novamente um \u00f3rg\u00e3o de comunica\u00e7\u00e3o social escrita. \u00c9 um regresso que saudamos efusivamente. Os jornais como ve\u00edculos de comunica\u00e7\u00e3o, s\u00e3o indispens\u00e1veis nas comunidades, informam, divulgam, incentivam a troca de ideias e proporcionam o debate das mesmas, constituindo aut\u00eanticos ve\u00edculos [&hellip;]\" \/>\n<meta property=\"og:url\" content=\"https:\/\/diariodalagoa.pt\/fr\/um-regresso-que-se-sauda\/\" \/>\n<meta property=\"og:site_name\" content=\"Di\u00e1rio da Lagoa\" \/>\n<meta property=\"article:published_time\" content=\"2014-10-03T14:12:59+00:00\" \/>\n<meta name=\"author\" content=\"Di\u00e1rio da Lagoa\" \/>\n<meta name=\"twitter:card\" content=\"summary_large_image\" \/>\n<meta name=\"twitter:label1\" content=\"\u00c9crit par\" \/>\n\t<meta name=\"twitter:data1\" content=\"Di\u00e1rio da Lagoa\" \/>\n\t<meta name=\"twitter:label2\" content=\"Dur\u00e9e de lecture estim\u00e9e\" \/>\n\t<meta name=\"twitter:data2\" content=\"5 minutes\" \/>\n<script type=\"application\/ld+json\" class=\"yoast-schema-graph\">{\"@context\":\"https:\/\/schema.org\",\"@graph\":[{\"@type\":\"WebPage\",\"@id\":\"https:\/\/diariodalagoa.pt\/um-regresso-que-se-sauda\/\",\"url\":\"https:\/\/diariodalagoa.pt\/um-regresso-que-se-sauda\/\",\"name\":\"\\\"Um regresso que se sa\u00fada\\\" - Di\u00e1rio da Lagoa\",\"isPartOf\":{\"@id\":\"https:\/\/diariodalagoa.pt\/#website\"},\"datePublished\":\"2014-10-03T14:12:59+00:00\",\"dateModified\":\"2014-10-03T14:12:59+00:00\",\"author\":{\"@id\":\"https:\/\/diariodalagoa.pt\/#\/schema\/person\/1615a002370e8857b6f972834bc43ece\"},\"breadcrumb\":{\"@id\":\"https:\/\/diariodalagoa.pt\/um-regresso-que-se-sauda\/#breadcrumb\"},\"inLanguage\":\"fr-FR\",\"potentialAction\":[{\"@type\":\"ReadAction\",\"target\":[\"https:\/\/diariodalagoa.pt\/um-regresso-que-se-sauda\/\"]}]},{\"@type\":\"BreadcrumbList\",\"@id\":\"https:\/\/diariodalagoa.pt\/um-regresso-que-se-sauda\/#breadcrumb\",\"itemListElement\":[{\"@type\":\"ListItem\",\"position\":1,\"name\":\"In\u00edcio\",\"item\":\"https:\/\/diariodalagoa.pt\/\"},{\"@type\":\"ListItem\",\"position\":2,\"name\":\"&#8220;Um regresso que se sa\u00fada&#8221;\"}]},{\"@type\":\"WebSite\",\"@id\":\"https:\/\/diariodalagoa.pt\/#website\",\"url\":\"https:\/\/diariodalagoa.pt\/\",\"name\":\"Di\u00e1rio da Lagoa\",\"description\":\"Di\u00e1rio da Lagoa. As not\u00edcias que contam. A partir da Lagoa, nos A\u00e7ores, para o mundo.\",\"potentialAction\":[{\"@type\":\"SearchAction\",\"target\":{\"@type\":\"EntryPoint\",\"urlTemplate\":\"https:\/\/diariodalagoa.pt\/?s={search_term_string}\"},\"query-input\":\"required name=search_term_string\"}],\"inLanguage\":\"fr-FR\"},{\"@type\":\"Person\",\"@id\":\"https:\/\/diariodalagoa.pt\/#\/schema\/person\/1615a002370e8857b6f972834bc43ece\",\"name\":\"Di\u00e1rio da Lagoa\",\"image\":{\"@type\":\"ImageObject\",\"inLanguage\":\"fr-FR\",\"@id\":\"https:\/\/diariodalagoa.pt\/#\/schema\/person\/image\/\",\"url\":\"https:\/\/secure.gravatar.com\/avatar\/2cb5cef90a26f8fbd4d9d930608102c5?s=96&d=mm&r=g\",\"contentUrl\":\"https:\/\/secure.gravatar.com\/avatar\/2cb5cef90a26f8fbd4d9d930608102c5?s=96&d=mm&r=g\",\"caption\":\"Di\u00e1rio da Lagoa\"},\"url\":\"https:\/\/diariodalagoa.pt\/fr\/author\/diariodalagoa\/\"}]}<\/script>\n<!-- \/ Yoast SEO plugin. -->","yoast_head_json":{"title":"\"Um regresso que se sa\u00fada\" - Di\u00e1rio da Lagoa","robots":{"index":"index","follow":"follow","max-snippet":"max-snippet:-1","max-image-preview":"max-image-preview:large","max-video-preview":"max-video-preview:-1"},"canonical":"https:\/\/diariodalagoa.pt\/fr\/um-regresso-que-se-sauda\/","og_locale":"fr_FR","og_type":"article","og_title":"\"Um regresso que se sa\u00fada\" - Di\u00e1rio da Lagoa","og_description":"Passados 77 anos sobre a publica\u00e7\u00e3o do \u00faltimo jornal no concelho da Lagoa, eis que surge novamente um \u00f3rg\u00e3o de comunica\u00e7\u00e3o social escrita. \u00c9 um regresso que saudamos efusivamente. Os jornais como ve\u00edculos de comunica\u00e7\u00e3o, s\u00e3o indispens\u00e1veis nas comunidades, informam, divulgam, incentivam a troca de ideias e proporcionam o debate das mesmas, constituindo aut\u00eanticos ve\u00edculos [&hellip;]","og_url":"https:\/\/diariodalagoa.pt\/fr\/um-regresso-que-se-sauda\/","og_site_name":"Di\u00e1rio da Lagoa","article_published_time":"2014-10-03T14:12:59+00:00","author":"Di\u00e1rio da Lagoa","twitter_card":"summary_large_image","twitter_misc":{"\u00c9crit par":"Di\u00e1rio da Lagoa","Dur\u00e9e de lecture estim\u00e9e":"5 minutes"},"schema":{"@context":"https:\/\/schema.org","@graph":[{"@type":"WebPage","@id":"https:\/\/diariodalagoa.pt\/um-regresso-que-se-sauda\/","url":"https:\/\/diariodalagoa.pt\/um-regresso-que-se-sauda\/","name":"\"Um regresso que se sa\u00fada\" - Di\u00e1rio da Lagoa","isPartOf":{"@id":"https:\/\/diariodalagoa.pt\/#website"},"datePublished":"2014-10-03T14:12:59+00:00","dateModified":"2014-10-03T14:12:59+00:00","author":{"@id":"https:\/\/diariodalagoa.pt\/#\/schema\/person\/1615a002370e8857b6f972834bc43ece"},"breadcrumb":{"@id":"https:\/\/diariodalagoa.pt\/um-regresso-que-se-sauda\/#breadcrumb"},"inLanguage":"fr-FR","potentialAction":[{"@type":"ReadAction","target":["https:\/\/diariodalagoa.pt\/um-regresso-que-se-sauda\/"]}]},{"@type":"BreadcrumbList","@id":"https:\/\/diariodalagoa.pt\/um-regresso-que-se-sauda\/#breadcrumb","itemListElement":[{"@type":"ListItem","position":1,"name":"In\u00edcio","item":"https:\/\/diariodalagoa.pt\/"},{"@type":"ListItem","position":2,"name":"&#8220;Um regresso que se sa\u00fada&#8221;"}]},{"@type":"WebSite","@id":"https:\/\/diariodalagoa.pt\/#website","url":"https:\/\/diariodalagoa.pt\/","name":"Di\u00e1rio da Lagoa","description":"Di\u00e1rio da Lagoa. As not\u00edcias que contam. A partir da Lagoa, nos A\u00e7ores, para o mundo.","potentialAction":[{"@type":"SearchAction","target":{"@type":"EntryPoint","urlTemplate":"https:\/\/diariodalagoa.pt\/?s={search_term_string}"},"query-input":"required name=search_term_string"}],"inLanguage":"fr-FR"},{"@type":"Person","@id":"https:\/\/diariodalagoa.pt\/#\/schema\/person\/1615a002370e8857b6f972834bc43ece","name":"Di\u00e1rio da Lagoa","image":{"@type":"ImageObject","inLanguage":"fr-FR","@id":"https:\/\/diariodalagoa.pt\/#\/schema\/person\/image\/","url":"https:\/\/secure.gravatar.com\/avatar\/2cb5cef90a26f8fbd4d9d930608102c5?s=96&d=mm&r=g","contentUrl":"https:\/\/secure.gravatar.com\/avatar\/2cb5cef90a26f8fbd4d9d930608102c5?s=96&d=mm&r=g","caption":"Di\u00e1rio da Lagoa"},"url":"https:\/\/diariodalagoa.pt\/fr\/author\/diariodalagoa\/"}]}},"_links":{"self":[{"href":"https:\/\/diariodalagoa.pt\/fr\/wp-json\/wp\/v2\/posts\/9514"}],"collection":[{"href":"https:\/\/diariodalagoa.pt\/fr\/wp-json\/wp\/v2\/posts"}],"about":[{"href":"https:\/\/diariodalagoa.pt\/fr\/wp-json\/wp\/v2\/types\/post"}],"author":[{"embeddable":true,"href":"https:\/\/diariodalagoa.pt\/fr\/wp-json\/wp\/v2\/users\/2"}],"replies":[{"embeddable":true,"href":"https:\/\/diariodalagoa.pt\/fr\/wp-json\/wp\/v2\/comments?post=9514"}],"version-history":[{"count":0,"href":"https:\/\/diariodalagoa.pt\/fr\/wp-json\/wp\/v2\/posts\/9514\/revisions"}],"wp:attachment":[{"href":"https:\/\/diariodalagoa.pt\/fr\/wp-json\/wp\/v2\/media?parent=9514"}],"wp:term":[{"taxonomy":"category","embeddable":true,"href":"https:\/\/diariodalagoa.pt\/fr\/wp-json\/wp\/v2\/categories?post=9514"},{"taxonomy":"post_tag","embeddable":true,"href":"https:\/\/diariodalagoa.pt\/fr\/wp-json\/wp\/v2\/tags?post=9514"}],"curies":[{"name":"wp","href":"https:\/\/api.w.org\/{rel}","templated":true}]}}