{"id":9418,"date":"2014-09-24T11:05:29","date_gmt":"2014-09-24T12:05:29","guid":{"rendered":"http:\/\/diariodalagoa.pt\/?p=9418"},"modified":"2014-09-24T11:05:29","modified_gmt":"2014-09-24T12:05:29","slug":"incendio-na-unidade-de-saude-de-ilha-de-s-miguel-foi-circunscrito","status":"publish","type":"post","link":"https:\/\/diariodalagoa.pt\/fr\/incendio-na-unidade-de-saude-de-ilha-de-s-miguel-foi-circunscrito\/","title":{"rendered":"Inc\u00eandio na Unidade de Sa\u00fade de Ilha de S. Miguel foi circunscrito"},"content":{"rendered":"<p style=\"text-align: justify;\"><img decoding=\"async\" class=\"alignnone size-full wp-image-9420\" src=\"http:\/\/diariodalagoa.pt\/wp-content\/uploads\/2014\/09\/Incendio-.jpg\" alt=\"Incendio-\" width=\"720\" height=\"380\" \/><\/p>\n<p style=\"text-align: justify;\"><span style=\"color: #000000;\">O inc\u00eandio que deflagrou ao in\u00edcio da manh\u00e3 de hoje\u00a0no edif\u00edcio da Unidade de Sa\u00fade de Ilha de S. Miguel, na Rua Conselheiro Lu\u00eds Bettencourt, em Ponta Delgada, encontra-se controlado, tendo entrado em fase de rescaldo.<\/span><\/p>\n<p style=\"text-align: justify;\"><span style=\"color: #000000;\">O fogo, que consumiu as instala\u00e7\u00f5es da Unidade de Sa\u00fade de Ilha de S. Miguel, foi circunscrito e n\u00e3o afetou os im\u00f3veis circundantes.<\/span><\/p>\n<p style=\"text-align: justify;\"><span style=\"color: #000000;\">No combate ao inc\u00eandio foram acionados meios das corpora\u00e7\u00f5es de Bombeiros de Ponta Delgada, Ribeira Grande e Vila Franca do Campo, PSP e Policia Municipal.<\/span><\/p>\n<p style=\"text-align: justify;\"><span style=\"color: #000000;\">As causas do inc\u00eandio s\u00e3o ainda desconhecidas, mas tudo aponta para um curto-circuito com origem no primeiro piso.<\/span><\/p>\n<p style=\"text-align: justify;\"><span style=\"color: #000000;\">Na sequ\u00eancia do inc\u00eandio dois bombeiros tiveram queimaduras ligeiras, mas sem necessidade de socorro em meio hospital.<\/span><\/p>\n<p style=\"text-align: justify;\"><span style=\"color: #000000;\"><em>DL\/Foto@Jos\u00e9Borges<\/em><\/span><\/p>","protected":false},"excerpt":{"rendered":"<p>O inc\u00eandio que deflagrou ao in\u00edcio da manh\u00e3 de hoje\u00a0no edif\u00edcio da Unidade de Sa\u00fade de Ilha de S. Miguel, na Rua Conselheiro Lu\u00eds Bettencourt, em Ponta Delgada, encontra-se controlado, tendo entrado em fase de rescaldo. O fogo, que consumiu as instala\u00e7\u00f5es da Unidade de Sa\u00fade de Ilha de S. Miguel, foi circunscrito e n\u00e3o [&hellip;]<\/p>","protected":false},"author":2,"featured_media":121779,"comment_status":"open","ping_status":"open","sticky":false,"template":"","format":"standard","meta":[],"categories":[21],"tags":[],"acf":[],"yoast_head":"<!-- This site is optimized with the Yoast SEO plugin v20.10 - https:\/\/yoast.com\/wordpress\/plugins\/seo\/ -->\n<title>Inc\u00eandio na Unidade de Sa\u00fade de Ilha de S. Miguel foi circunscrito - Di\u00e1rio da Lagoa<\/title>\n<meta name=\"robots\" content=\"index, follow, max-snippet:-1, max-image-preview:large, max-video-preview:-1\" \/>\n<link rel=\"canonical\" href=\"https:\/\/diariodalagoa.pt\/fr\/incendio-na-unidade-de-saude-de-ilha-de-s-miguel-foi-circunscrito\/\" \/>\n<meta property=\"og:locale\" content=\"fr_FR\" \/>\n<meta property=\"og:type\" content=\"article\" \/>\n<meta property=\"og:title\" content=\"Inc\u00eandio na Unidade de Sa\u00fade de Ilha de S. Miguel foi circunscrito - Di\u00e1rio da Lagoa\" \/>\n<meta property=\"og:description\" content=\"O inc\u00eandio que deflagrou ao in\u00edcio da manh\u00e3 de hoje\u00a0no edif\u00edcio da Unidade de Sa\u00fade de Ilha de S. Miguel, na Rua Conselheiro Lu\u00eds Bettencourt, em Ponta Delgada, encontra-se controlado, tendo entrado em fase de rescaldo. O fogo, que consumiu as instala\u00e7\u00f5es da Unidade de Sa\u00fade de Ilha de S. Miguel, foi circunscrito e n\u00e3o [&hellip;]\" \/>\n<meta property=\"og:url\" content=\"https:\/\/diariodalagoa.pt\/fr\/incendio-na-unidade-de-saude-de-ilha-de-s-miguel-foi-circunscrito\/\" \/>\n<meta property=\"og:site_name\" content=\"Di\u00e1rio da Lagoa\" \/>\n<meta property=\"article:published_time\" content=\"2014-09-24T12:05:29+00:00\" \/>\n<meta property=\"og:image\" content=\"https:\/\/diariodalagoa.pt\/wp-content\/uploads\/2014\/09\/incendio-1.jpg\" \/>\n\t<meta property=\"og:image:width\" content=\"720\" \/>\n\t<meta property=\"og:image:height\" content=\"380\" \/>\n\t<meta property=\"og:image:type\" content=\"image\/jpeg\" \/>\n<meta name=\"author\" content=\"Di\u00e1rio da Lagoa\" \/>\n<meta name=\"twitter:card\" content=\"summary_large_image\" \/>\n<meta name=\"twitter:label1\" content=\"\u00c9crit par\" \/>\n\t<meta name=\"twitter:data1\" content=\"Di\u00e1rio da Lagoa\" \/>\n\t<meta name=\"twitter:label2\" content=\"Dur\u00e9e de lecture estim\u00e9e\" \/>\n\t<meta name=\"twitter:data2\" content=\"1 minute\" \/>\n<script type=\"application\/ld+json\" class=\"yoast-schema-graph\">{\"@context\":\"https:\/\/schema.org\",\"@graph\":[{\"@type\":\"WebPage\",\"@id\":\"https:\/\/diariodalagoa.pt\/incendio-na-unidade-de-saude-de-ilha-de-s-miguel-foi-circunscrito\/\",\"url\":\"https:\/\/diariodalagoa.pt\/incendio-na-unidade-de-saude-de-ilha-de-s-miguel-foi-circunscrito\/\",\"name\":\"Inc\u00eandio na Unidade de Sa\u00fade de Ilha de S. Miguel foi circunscrito - Di\u00e1rio da Lagoa\",\"isPartOf\":{\"@id\":\"https:\/\/diariodalagoa.pt\/#website\"},\"datePublished\":\"2014-09-24T12:05:29+00:00\",\"dateModified\":\"2014-09-24T12:05:29+00:00\",\"author\":{\"@id\":\"https:\/\/diariodalagoa.pt\/#\/schema\/person\/1615a002370e8857b6f972834bc43ece\"},\"breadcrumb\":{\"@id\":\"https:\/\/diariodalagoa.pt\/incendio-na-unidade-de-saude-de-ilha-de-s-miguel-foi-circunscrito\/#breadcrumb\"},\"inLanguage\":\"fr-FR\",\"potentialAction\":[{\"@type\":\"ReadAction\",\"target\":[\"https:\/\/diariodalagoa.pt\/incendio-na-unidade-de-saude-de-ilha-de-s-miguel-foi-circunscrito\/\"]}]},{\"@type\":\"BreadcrumbList\",\"@id\":\"https:\/\/diariodalagoa.pt\/incendio-na-unidade-de-saude-de-ilha-de-s-miguel-foi-circunscrito\/#breadcrumb\",\"itemListElement\":[{\"@type\":\"ListItem\",\"position\":1,\"name\":\"In\u00edcio\",\"item\":\"https:\/\/diariodalagoa.pt\/\"},{\"@type\":\"ListItem\",\"position\":2,\"name\":\"Inc\u00eandio na Unidade de Sa\u00fade de Ilha de S. Miguel foi circunscrito\"}]},{\"@type\":\"WebSite\",\"@id\":\"https:\/\/diariodalagoa.pt\/#website\",\"url\":\"https:\/\/diariodalagoa.pt\/\",\"name\":\"Di\u00e1rio da Lagoa\",\"description\":\"Di\u00e1rio da Lagoa. As not\u00edcias que contam. A partir da Lagoa, nos A\u00e7ores, para o mundo.\",\"potentialAction\":[{\"@type\":\"SearchAction\",\"target\":{\"@type\":\"EntryPoint\",\"urlTemplate\":\"https:\/\/diariodalagoa.pt\/?s={search_term_string}\"},\"query-input\":\"required name=search_term_string\"}],\"inLanguage\":\"fr-FR\"},{\"@type\":\"Person\",\"@id\":\"https:\/\/diariodalagoa.pt\/#\/schema\/person\/1615a002370e8857b6f972834bc43ece\",\"name\":\"Di\u00e1rio da Lagoa\",\"image\":{\"@type\":\"ImageObject\",\"inLanguage\":\"fr-FR\",\"@id\":\"https:\/\/diariodalagoa.pt\/#\/schema\/person\/image\/\",\"url\":\"https:\/\/secure.gravatar.com\/avatar\/2cb5cef90a26f8fbd4d9d930608102c5?s=96&d=mm&r=g\",\"contentUrl\":\"https:\/\/secure.gravatar.com\/avatar\/2cb5cef90a26f8fbd4d9d930608102c5?s=96&d=mm&r=g\",\"caption\":\"Di\u00e1rio da Lagoa\"},\"url\":\"https:\/\/diariodalagoa.pt\/fr\/author\/diariodalagoa\/\"}]}<\/script>\n<!-- \/ Yoast SEO plugin. -->","yoast_head_json":{"title":"Inc\u00eandio na Unidade de Sa\u00fade de Ilha de S. Miguel foi circunscrito - Di\u00e1rio da Lagoa","robots":{"index":"index","follow":"follow","max-snippet":"max-snippet:-1","max-image-preview":"max-image-preview:large","max-video-preview":"max-video-preview:-1"},"canonical":"https:\/\/diariodalagoa.pt\/fr\/incendio-na-unidade-de-saude-de-ilha-de-s-miguel-foi-circunscrito\/","og_locale":"fr_FR","og_type":"article","og_title":"Inc\u00eandio na Unidade de Sa\u00fade de Ilha de S. Miguel foi circunscrito - Di\u00e1rio da Lagoa","og_description":"O inc\u00eandio que deflagrou ao in\u00edcio da manh\u00e3 de hoje\u00a0no edif\u00edcio da Unidade de Sa\u00fade de Ilha de S. Miguel, na Rua Conselheiro Lu\u00eds Bettencourt, em Ponta Delgada, encontra-se controlado, tendo entrado em fase de rescaldo. O fogo, que consumiu as instala\u00e7\u00f5es da Unidade de Sa\u00fade de Ilha de S. Miguel, foi circunscrito e n\u00e3o [&hellip;]","og_url":"https:\/\/diariodalagoa.pt\/fr\/incendio-na-unidade-de-saude-de-ilha-de-s-miguel-foi-circunscrito\/","og_site_name":"Di\u00e1rio da Lagoa","article_published_time":"2014-09-24T12:05:29+00:00","og_image":[{"width":720,"height":380,"url":"https:\/\/diariodalagoa.pt\/wp-content\/uploads\/2014\/09\/incendio-1.jpg","type":"image\/jpeg"}],"author":"Di\u00e1rio da Lagoa","twitter_card":"summary_large_image","twitter_misc":{"\u00c9crit par":"Di\u00e1rio da Lagoa","Dur\u00e9e de lecture estim\u00e9e":"1 minute"},"schema":{"@context":"https:\/\/schema.org","@graph":[{"@type":"WebPage","@id":"https:\/\/diariodalagoa.pt\/incendio-na-unidade-de-saude-de-ilha-de-s-miguel-foi-circunscrito\/","url":"https:\/\/diariodalagoa.pt\/incendio-na-unidade-de-saude-de-ilha-de-s-miguel-foi-circunscrito\/","name":"Inc\u00eandio na Unidade de Sa\u00fade de Ilha de S. Miguel foi circunscrito - Di\u00e1rio da Lagoa","isPartOf":{"@id":"https:\/\/diariodalagoa.pt\/#website"},"datePublished":"2014-09-24T12:05:29+00:00","dateModified":"2014-09-24T12:05:29+00:00","author":{"@id":"https:\/\/diariodalagoa.pt\/#\/schema\/person\/1615a002370e8857b6f972834bc43ece"},"breadcrumb":{"@id":"https:\/\/diariodalagoa.pt\/incendio-na-unidade-de-saude-de-ilha-de-s-miguel-foi-circunscrito\/#breadcrumb"},"inLanguage":"fr-FR","potentialAction":[{"@type":"ReadAction","target":["https:\/\/diariodalagoa.pt\/incendio-na-unidade-de-saude-de-ilha-de-s-miguel-foi-circunscrito\/"]}]},{"@type":"BreadcrumbList","@id":"https:\/\/diariodalagoa.pt\/incendio-na-unidade-de-saude-de-ilha-de-s-miguel-foi-circunscrito\/#breadcrumb","itemListElement":[{"@type":"ListItem","position":1,"name":"In\u00edcio","item":"https:\/\/diariodalagoa.pt\/"},{"@type":"ListItem","position":2,"name":"Inc\u00eandio na Unidade de Sa\u00fade de Ilha de S. Miguel foi circunscrito"}]},{"@type":"WebSite","@id":"https:\/\/diariodalagoa.pt\/#website","url":"https:\/\/diariodalagoa.pt\/","name":"Di\u00e1rio da Lagoa","description":"Di\u00e1rio da Lagoa. As not\u00edcias que contam. A partir da Lagoa, nos A\u00e7ores, para o mundo.","potentialAction":[{"@type":"SearchAction","target":{"@type":"EntryPoint","urlTemplate":"https:\/\/diariodalagoa.pt\/?s={search_term_string}"},"query-input":"required name=search_term_string"}],"inLanguage":"fr-FR"},{"@type":"Person","@id":"https:\/\/diariodalagoa.pt\/#\/schema\/person\/1615a002370e8857b6f972834bc43ece","name":"Di\u00e1rio da Lagoa","image":{"@type":"ImageObject","inLanguage":"fr-FR","@id":"https:\/\/diariodalagoa.pt\/#\/schema\/person\/image\/","url":"https:\/\/secure.gravatar.com\/avatar\/2cb5cef90a26f8fbd4d9d930608102c5?s=96&d=mm&r=g","contentUrl":"https:\/\/secure.gravatar.com\/avatar\/2cb5cef90a26f8fbd4d9d930608102c5?s=96&d=mm&r=g","caption":"Di\u00e1rio da Lagoa"},"url":"https:\/\/diariodalagoa.pt\/fr\/author\/diariodalagoa\/"}]}},"_links":{"self":[{"href":"https:\/\/diariodalagoa.pt\/fr\/wp-json\/wp\/v2\/posts\/9418"}],"collection":[{"href":"https:\/\/diariodalagoa.pt\/fr\/wp-json\/wp\/v2\/posts"}],"about":[{"href":"https:\/\/diariodalagoa.pt\/fr\/wp-json\/wp\/v2\/types\/post"}],"author":[{"embeddable":true,"href":"https:\/\/diariodalagoa.pt\/fr\/wp-json\/wp\/v2\/users\/2"}],"replies":[{"embeddable":true,"href":"https:\/\/diariodalagoa.pt\/fr\/wp-json\/wp\/v2\/comments?post=9418"}],"version-history":[{"count":0,"href":"https:\/\/diariodalagoa.pt\/fr\/wp-json\/wp\/v2\/posts\/9418\/revisions"}],"wp:featuredmedia":[{"embeddable":true,"href":"https:\/\/diariodalagoa.pt\/fr\/wp-json\/wp\/v2\/media\/121779"}],"wp:attachment":[{"href":"https:\/\/diariodalagoa.pt\/fr\/wp-json\/wp\/v2\/media?parent=9418"}],"wp:term":[{"taxonomy":"category","embeddable":true,"href":"https:\/\/diariodalagoa.pt\/fr\/wp-json\/wp\/v2\/categories?post=9418"},{"taxonomy":"post_tag","embeddable":true,"href":"https:\/\/diariodalagoa.pt\/fr\/wp-json\/wp\/v2\/tags?post=9418"}],"curies":[{"name":"wp","href":"https:\/\/api.w.org\/{rel}","templated":true}]}}