{"id":9344,"date":"2014-09-23T00:27:30","date_gmt":"2014-09-23T01:27:30","guid":{"rendered":"http:\/\/diariodalagoa.pt\/?p=9344"},"modified":"2014-09-23T00:27:30","modified_gmt":"2014-09-23T01:27:30","slug":"apoio-financeiro-a-protecao-civil-publicado-em-jornal-oficial","status":"publish","type":"post","link":"https:\/\/diariodalagoa.pt\/fr\/apoio-financeiro-a-protecao-civil-publicado-em-jornal-oficial\/","title":{"rendered":"Apoio financeiro \u00e0 prote\u00e7\u00e3o civil publicado em Jornal Oficial"},"content":{"rendered":"<p style=\"text-align: justify;\"><img decoding=\"async\" class=\"alignnone size-full wp-image-9046\" src=\"http:\/\/diariodalagoa.pt\/wp-content\/uploads\/2014\/09\/saude-bombeiros-suporte-basico-vida.jpg\" alt=\"saude-bombeiros-suporte-basico-vida\" width=\"720\" height=\"383\" \/><\/p>\n<p style=\"text-align: justify;\"><span style=\"color: #000000;\">Adelino Dinis Costa Dias cessou fun\u00e7\u00f5es de coordenador regional da \u00e1rea de medicina geral e familiar.\u00a0Segundo o Jornal Oficial da Regi\u00e3o Aut\u00f3noma dos A\u00e7ores (JO), foi substitu\u00eddo por Anabela Pimentel Lopes Cunha Vaz, assistente de medicina geral e familiar.\u00a0<\/span><\/p>\n<p style=\"text-align: justify;\"><span style=\"color: #000000;\">O despacho, assinado pelo Diretor Regional da Sa\u00fade, produz efeitos a 14 de setembro de 2014.\u00a0<\/span><\/p>\n<p style=\"text-align: justify;\"><span style=\"color: #000000;\">Por outro lado, foi autorizado a transfer\u00eancia 10.000,00 \u20ac (dez mil euros) para o Servi\u00e7o Regional de Prote\u00e7\u00e3o Civil e Bombeiros dos A\u00e7ores, destinada ao pagamento de despesas com passagens, alojamento, monitoragem e material did\u00e1tico, no \u00e2mbito da a\u00e7\u00e3o \u201cForma\u00e7\u00e3o Profissionais dos Corpos de Bombeiros\u201d.\u00a0<\/span><\/p>\n<p style=\"text-align: justify;\"><span style=\"color: #000000;\">Ainda neste \u00e2mbito, ser\u00e1 igualmente transferida a import\u00e2ncia de 3.777,73 \u20ac (tr\u00eas mil setecentos e setenta e sete euros e setenta e tr\u00eas c\u00eantimos) para o Servi\u00e7o Regional de Prote\u00e7\u00e3o Civil e Bombeiros dos A\u00e7ores, destinada ao pagamento do Protocolo com a Cruz Vermelha Portuguesa, no \u00e2mbito da a\u00e7\u00e3o \u201cApoios\u201d.\u00a0<\/span><\/p>\n<p style=\"text-align: justify;\"><span style=\"color: #000000;\">Despachos assinados a 6 de agosto pelo Secret\u00e1rio Regional da Sa\u00fade, publicados hoje (dia 23) em JO.<\/span><\/p>\n<p style=\"text-align: justify;\"><span style=\"color: #000000;\">J\u00e1 antes, a 30 de julho, Luis Cabral havia assinado outro despacho, agora publicado, que autoriza a transfer\u00eancia de 34.999,92 \u20ac (trinta e quatro mil novecentos e noventa e nove euros e noventa e dois c\u00eantimos) para o Servi\u00e7o Regional de Prote\u00e7\u00e3o Civil e Bombeiros dos A\u00e7ores, destinada a despesas de investimento, nomeadamente com aquisi\u00e7\u00e3o de fardamento, no \u00e2mbito da a\u00e7\u00e3o \u201cEquipamentos para as AHBV\u2019s\u201d.<\/span><\/p>\n<p style=\"text-align: justify;\"><span style=\"color: #000000;\"><em>DL<\/em><\/span><\/p>","protected":false},"excerpt":{"rendered":"<p>Adelino Dinis Costa Dias cessou fun\u00e7\u00f5es de coordenador regional da \u00e1rea de medicina geral e familiar.\u00a0Segundo o Jornal Oficial da Regi\u00e3o Aut\u00f3noma dos A\u00e7ores (JO), foi substitu\u00eddo por Anabela Pimentel Lopes Cunha Vaz, assistente de medicina geral e familiar.\u00a0 O despacho, assinado pelo Diretor Regional da Sa\u00fade, produz efeitos a 14 de setembro de 2014.\u00a0 [&hellip;]<\/p>","protected":false},"author":2,"featured_media":0,"comment_status":"open","ping_status":"open","sticky":false,"template":"","format":"standard","meta":[],"categories":[21],"tags":[],"acf":[],"yoast_head":"<!-- This site is optimized with the Yoast SEO plugin v20.10 - https:\/\/yoast.com\/wordpress\/plugins\/seo\/ -->\n<title>Apoio financeiro \u00e0 prote\u00e7\u00e3o civil publicado em Jornal Oficial - Di\u00e1rio da Lagoa<\/title>\n<meta name=\"robots\" content=\"index, follow, max-snippet:-1, max-image-preview:large, max-video-preview:-1\" \/>\n<link rel=\"canonical\" href=\"https:\/\/diariodalagoa.pt\/fr\/apoio-financeiro-a-protecao-civil-publicado-em-jornal-oficial\/\" \/>\n<meta property=\"og:locale\" content=\"fr_FR\" \/>\n<meta property=\"og:type\" content=\"article\" \/>\n<meta property=\"og:title\" content=\"Apoio financeiro \u00e0 prote\u00e7\u00e3o civil publicado em Jornal Oficial - Di\u00e1rio da Lagoa\" \/>\n<meta property=\"og:description\" content=\"Adelino Dinis Costa Dias cessou fun\u00e7\u00f5es de coordenador regional da \u00e1rea de medicina geral e familiar.\u00a0Segundo o Jornal Oficial da Regi\u00e3o Aut\u00f3noma dos A\u00e7ores (JO), foi substitu\u00eddo por Anabela Pimentel Lopes Cunha Vaz, assistente de medicina geral e familiar.\u00a0 O despacho, assinado pelo Diretor Regional da Sa\u00fade, produz efeitos a 14 de setembro de 2014.\u00a0 [&hellip;]\" \/>\n<meta property=\"og:url\" content=\"https:\/\/diariodalagoa.pt\/fr\/apoio-financeiro-a-protecao-civil-publicado-em-jornal-oficial\/\" \/>\n<meta property=\"og:site_name\" content=\"Di\u00e1rio da Lagoa\" \/>\n<meta property=\"article:published_time\" content=\"2014-09-23T01:27:30+00:00\" \/>\n<meta property=\"og:image\" content=\"http:\/\/diariodalagoa.pt\/wp-content\/uploads\/2014\/09\/saude-bombeiros-suporte-basico-vida.jpg\" \/>\n<meta name=\"author\" content=\"Di\u00e1rio da Lagoa\" \/>\n<meta name=\"twitter:card\" content=\"summary_large_image\" \/>\n<meta name=\"twitter:label1\" content=\"\u00c9crit par\" \/>\n\t<meta name=\"twitter:data1\" content=\"Di\u00e1rio da Lagoa\" \/>\n\t<meta name=\"twitter:label2\" content=\"Dur\u00e9e de lecture estim\u00e9e\" \/>\n\t<meta name=\"twitter:data2\" content=\"1 minute\" \/>\n<script type=\"application\/ld+json\" class=\"yoast-schema-graph\">{\"@context\":\"https:\/\/schema.org\",\"@graph\":[{\"@type\":\"WebPage\",\"@id\":\"https:\/\/diariodalagoa.pt\/apoio-financeiro-a-protecao-civil-publicado-em-jornal-oficial\/\",\"url\":\"https:\/\/diariodalagoa.pt\/apoio-financeiro-a-protecao-civil-publicado-em-jornal-oficial\/\",\"name\":\"Apoio financeiro \u00e0 prote\u00e7\u00e3o civil publicado em Jornal Oficial - Di\u00e1rio da Lagoa\",\"isPartOf\":{\"@id\":\"https:\/\/diariodalagoa.pt\/#website\"},\"datePublished\":\"2014-09-23T01:27:30+00:00\",\"dateModified\":\"2014-09-23T01:27:30+00:00\",\"author\":{\"@id\":\"https:\/\/diariodalagoa.pt\/#\/schema\/person\/1615a002370e8857b6f972834bc43ece\"},\"breadcrumb\":{\"@id\":\"https:\/\/diariodalagoa.pt\/apoio-financeiro-a-protecao-civil-publicado-em-jornal-oficial\/#breadcrumb\"},\"inLanguage\":\"fr-FR\",\"potentialAction\":[{\"@type\":\"ReadAction\",\"target\":[\"https:\/\/diariodalagoa.pt\/apoio-financeiro-a-protecao-civil-publicado-em-jornal-oficial\/\"]}]},{\"@type\":\"BreadcrumbList\",\"@id\":\"https:\/\/diariodalagoa.pt\/apoio-financeiro-a-protecao-civil-publicado-em-jornal-oficial\/#breadcrumb\",\"itemListElement\":[{\"@type\":\"ListItem\",\"position\":1,\"name\":\"In\u00edcio\",\"item\":\"https:\/\/diariodalagoa.pt\/\"},{\"@type\":\"ListItem\",\"position\":2,\"name\":\"Apoio financeiro \u00e0 prote\u00e7\u00e3o civil publicado em Jornal Oficial\"}]},{\"@type\":\"WebSite\",\"@id\":\"https:\/\/diariodalagoa.pt\/#website\",\"url\":\"https:\/\/diariodalagoa.pt\/\",\"name\":\"Di\u00e1rio da Lagoa\",\"description\":\"Di\u00e1rio da Lagoa. As not\u00edcias que contam. A partir da Lagoa, nos A\u00e7ores, para o mundo.\",\"potentialAction\":[{\"@type\":\"SearchAction\",\"target\":{\"@type\":\"EntryPoint\",\"urlTemplate\":\"https:\/\/diariodalagoa.pt\/?s={search_term_string}\"},\"query-input\":\"required name=search_term_string\"}],\"inLanguage\":\"fr-FR\"},{\"@type\":\"Person\",\"@id\":\"https:\/\/diariodalagoa.pt\/#\/schema\/person\/1615a002370e8857b6f972834bc43ece\",\"name\":\"Di\u00e1rio da Lagoa\",\"image\":{\"@type\":\"ImageObject\",\"inLanguage\":\"fr-FR\",\"@id\":\"https:\/\/diariodalagoa.pt\/#\/schema\/person\/image\/\",\"url\":\"https:\/\/secure.gravatar.com\/avatar\/2cb5cef90a26f8fbd4d9d930608102c5?s=96&d=mm&r=g\",\"contentUrl\":\"https:\/\/secure.gravatar.com\/avatar\/2cb5cef90a26f8fbd4d9d930608102c5?s=96&d=mm&r=g\",\"caption\":\"Di\u00e1rio da Lagoa\"},\"url\":\"https:\/\/diariodalagoa.pt\/fr\/author\/diariodalagoa\/\"}]}<\/script>\n<!-- \/ Yoast SEO plugin. -->","yoast_head_json":{"title":"Apoio financeiro \u00e0 prote\u00e7\u00e3o civil publicado em Jornal Oficial - Di\u00e1rio da Lagoa","robots":{"index":"index","follow":"follow","max-snippet":"max-snippet:-1","max-image-preview":"max-image-preview:large","max-video-preview":"max-video-preview:-1"},"canonical":"https:\/\/diariodalagoa.pt\/fr\/apoio-financeiro-a-protecao-civil-publicado-em-jornal-oficial\/","og_locale":"fr_FR","og_type":"article","og_title":"Apoio financeiro \u00e0 prote\u00e7\u00e3o civil publicado em Jornal Oficial - Di\u00e1rio da Lagoa","og_description":"Adelino Dinis Costa Dias cessou fun\u00e7\u00f5es de coordenador regional da \u00e1rea de medicina geral e familiar.\u00a0Segundo o Jornal Oficial da Regi\u00e3o Aut\u00f3noma dos A\u00e7ores (JO), foi substitu\u00eddo por Anabela Pimentel Lopes Cunha Vaz, assistente de medicina geral e familiar.\u00a0 O despacho, assinado pelo Diretor Regional da Sa\u00fade, produz efeitos a 14 de setembro de 2014.\u00a0 [&hellip;]","og_url":"https:\/\/diariodalagoa.pt\/fr\/apoio-financeiro-a-protecao-civil-publicado-em-jornal-oficial\/","og_site_name":"Di\u00e1rio da Lagoa","article_published_time":"2014-09-23T01:27:30+00:00","og_image":[{"url":"http:\/\/diariodalagoa.pt\/wp-content\/uploads\/2014\/09\/saude-bombeiros-suporte-basico-vida.jpg"}],"author":"Di\u00e1rio da Lagoa","twitter_card":"summary_large_image","twitter_misc":{"\u00c9crit par":"Di\u00e1rio da Lagoa","Dur\u00e9e de lecture estim\u00e9e":"1 minute"},"schema":{"@context":"https:\/\/schema.org","@graph":[{"@type":"WebPage","@id":"https:\/\/diariodalagoa.pt\/apoio-financeiro-a-protecao-civil-publicado-em-jornal-oficial\/","url":"https:\/\/diariodalagoa.pt\/apoio-financeiro-a-protecao-civil-publicado-em-jornal-oficial\/","name":"Apoio financeiro \u00e0 prote\u00e7\u00e3o civil publicado em Jornal Oficial - Di\u00e1rio da Lagoa","isPartOf":{"@id":"https:\/\/diariodalagoa.pt\/#website"},"datePublished":"2014-09-23T01:27:30+00:00","dateModified":"2014-09-23T01:27:30+00:00","author":{"@id":"https:\/\/diariodalagoa.pt\/#\/schema\/person\/1615a002370e8857b6f972834bc43ece"},"breadcrumb":{"@id":"https:\/\/diariodalagoa.pt\/apoio-financeiro-a-protecao-civil-publicado-em-jornal-oficial\/#breadcrumb"},"inLanguage":"fr-FR","potentialAction":[{"@type":"ReadAction","target":["https:\/\/diariodalagoa.pt\/apoio-financeiro-a-protecao-civil-publicado-em-jornal-oficial\/"]}]},{"@type":"BreadcrumbList","@id":"https:\/\/diariodalagoa.pt\/apoio-financeiro-a-protecao-civil-publicado-em-jornal-oficial\/#breadcrumb","itemListElement":[{"@type":"ListItem","position":1,"name":"In\u00edcio","item":"https:\/\/diariodalagoa.pt\/"},{"@type":"ListItem","position":2,"name":"Apoio financeiro \u00e0 prote\u00e7\u00e3o civil publicado em Jornal Oficial"}]},{"@type":"WebSite","@id":"https:\/\/diariodalagoa.pt\/#website","url":"https:\/\/diariodalagoa.pt\/","name":"Di\u00e1rio da Lagoa","description":"Di\u00e1rio da Lagoa. As not\u00edcias que contam. A partir da Lagoa, nos A\u00e7ores, para o mundo.","potentialAction":[{"@type":"SearchAction","target":{"@type":"EntryPoint","urlTemplate":"https:\/\/diariodalagoa.pt\/?s={search_term_string}"},"query-input":"required name=search_term_string"}],"inLanguage":"fr-FR"},{"@type":"Person","@id":"https:\/\/diariodalagoa.pt\/#\/schema\/person\/1615a002370e8857b6f972834bc43ece","name":"Di\u00e1rio da Lagoa","image":{"@type":"ImageObject","inLanguage":"fr-FR","@id":"https:\/\/diariodalagoa.pt\/#\/schema\/person\/image\/","url":"https:\/\/secure.gravatar.com\/avatar\/2cb5cef90a26f8fbd4d9d930608102c5?s=96&d=mm&r=g","contentUrl":"https:\/\/secure.gravatar.com\/avatar\/2cb5cef90a26f8fbd4d9d930608102c5?s=96&d=mm&r=g","caption":"Di\u00e1rio da Lagoa"},"url":"https:\/\/diariodalagoa.pt\/fr\/author\/diariodalagoa\/"}]}},"_links":{"self":[{"href":"https:\/\/diariodalagoa.pt\/fr\/wp-json\/wp\/v2\/posts\/9344"}],"collection":[{"href":"https:\/\/diariodalagoa.pt\/fr\/wp-json\/wp\/v2\/posts"}],"about":[{"href":"https:\/\/diariodalagoa.pt\/fr\/wp-json\/wp\/v2\/types\/post"}],"author":[{"embeddable":true,"href":"https:\/\/diariodalagoa.pt\/fr\/wp-json\/wp\/v2\/users\/2"}],"replies":[{"embeddable":true,"href":"https:\/\/diariodalagoa.pt\/fr\/wp-json\/wp\/v2\/comments?post=9344"}],"version-history":[{"count":0,"href":"https:\/\/diariodalagoa.pt\/fr\/wp-json\/wp\/v2\/posts\/9344\/revisions"}],"wp:attachment":[{"href":"https:\/\/diariodalagoa.pt\/fr\/wp-json\/wp\/v2\/media?parent=9344"}],"wp:term":[{"taxonomy":"category","embeddable":true,"href":"https:\/\/diariodalagoa.pt\/fr\/wp-json\/wp\/v2\/categories?post=9344"},{"taxonomy":"post_tag","embeddable":true,"href":"https:\/\/diariodalagoa.pt\/fr\/wp-json\/wp\/v2\/tags?post=9344"}],"curies":[{"name":"wp","href":"https:\/\/api.w.org\/{rel}","templated":true}]}}