{"id":9130,"date":"2014-09-16T18:46:31","date_gmt":"2014-09-16T19:46:31","guid":{"rendered":"http:\/\/diariodalagoa.pt\/?p=9130"},"modified":"2014-09-16T18:46:31","modified_gmt":"2014-09-16T19:46:31","slug":"vitor-fraga-anuncia-que-legislacao-que-regula-animacao-turistica-sera-revista-ate-ao-final-do-ano","status":"publish","type":"post","link":"https:\/\/diariodalagoa.pt\/fr\/vitor-fraga-anuncia-que-legislacao-que-regula-animacao-turistica-sera-revista-ate-ao-final-do-ano\/","title":{"rendered":"V\u00edtor Fraga anuncia que legisla\u00e7\u00e3o que regula anima\u00e7\u00e3o tur\u00edstica ser\u00e1 revista at\u00e9 ao final do ano"},"content":{"rendered":"<p style=\"text-align: justify;\"><img decoding=\"async\" class=\"alignnone size-full wp-image-9132\" src=\"http:\/\/diariodalagoa.pt\/wp-content\/uploads\/2014\/09\/Vitor-Fraga-turismo.jpg\" alt=\"Vitor Fraga turismo\" width=\"720\" height=\"380\" \/><\/p>\n<p style=\"text-align: justify;\"><span style=\"color: rgb(0, 0, 0);\">O Secret\u00e1rio Regional do Turismo e Transportes anunciou, em Santa Cruz das Flores, que o Governo est\u00e1 a rever a legisla\u00e7\u00e3o que regula a atividade de anima\u00e7\u00e3o tur\u00edstica nos A\u00e7ores.<\/span><\/p>\n<p style=\"text-align: justify;\"><span style=\"color: rgb(0, 0, 0);\">V\u00edtor Fraga, em declara\u00e7\u00f5es aos jornalistas no final de uma visita \u00e0 empresa West Canyon, lembrou que cabe ao Governo \u201ccriar condi\u00e7\u00f5es para que estas atividades possam desenvolver-se de forma regulada\u201d, frisando que, nesse sentido, est\u00e1 a ser preparada uma \u201creforma da legisla\u00e7\u00e3o com vista \u00e0 regulamenta\u00e7\u00e3o dos v\u00e1rios produtos tur\u00edsticos, no sentido de desburocratizar, simplificar, agilizar processos e reduzir os encargos das empresas de anima\u00e7\u00e3o tur\u00edstica\u201d.<\/span><\/p>\n<p style=\"text-align: justify;\"><span style=\"color: rgb(0, 0, 0);\">O titular da pasta do Turismo lembrou que a Regi\u00e3o tem legisla\u00e7\u00e3o pr\u00f3pria para a atividade das empresas de anima\u00e7\u00e3o mar\u00edtimo-tur\u00edstica, mas a atividade das empresas que disponibilizam produtos terrestres \u00e9 regulada atrav\u00e9s de legisla\u00e7\u00e3o nacional.<\/span><\/p>\n<p style=\"text-align: justify;\"><span style=\"color: rgb(0, 0, 0);\">Com a revis\u00e3o em curso, pretende-se, segundo V\u00edtor Fraga, adaptar essa legisla\u00e7\u00e3o \u00e0 realidade dos A\u00e7ores, regulando e qualificando a oferta, de forma a que a Regi\u00e3o apresente \u201cprodutos de excel\u00eancia e diferenciadores, que contribuam para a constru\u00e7\u00e3o de um destino tur\u00edstico verdadeiramente sustent\u00e1vel, que \u00e9 para isso que trabalhamos diariamente\u201d.<\/span><\/p>\n<p style=\"text-align: justify;\"><span style=\"color: rgb(0, 0, 0);\">V\u00edtor Fraga sublinhou ainda o grande incremento registado ao n\u00edvel de empresas de anima\u00e7\u00e3o tur\u00edstica na Regi\u00e3o, o que, por um lado, &#8220;d\u00e1 bem nota das potencialidades&#8221; existentes para o desenvolvimento das mais diversas atividades e, por outro, &#8220;do esp\u00edrito de iniciativa que os nossos empres\u00e1rios revelam, apostando no desenvolvimento de produtos tur\u00edsticos muito espec\u00edficos\u201d.<\/span><\/p>\n<p style=\"text-align: justify;\"><span style=\"color: rgb(0, 0, 0);\"><em>DL\/Gacs<\/em><\/span><\/p>","protected":false},"excerpt":{"rendered":"<p>O Secret\u00e1rio Regional do Turismo e Transportes anunciou, em Santa Cruz das Flores, que o Governo est\u00e1 a rever a legisla\u00e7\u00e3o que regula a atividade de anima\u00e7\u00e3o tur\u00edstica nos A\u00e7ores. V\u00edtor Fraga, em declara\u00e7\u00f5es aos jornalistas no final de uma visita \u00e0 empresa West Canyon, lembrou que cabe ao Governo \u201ccriar condi\u00e7\u00f5es para que estas [&hellip;]<\/p>","protected":false},"author":2,"featured_media":0,"comment_status":"open","ping_status":"open","sticky":false,"template":"","format":"standard","meta":[],"categories":[21],"tags":[],"acf":[],"yoast_head":"<!-- This site is optimized with the Yoast SEO plugin v20.10 - https:\/\/yoast.com\/wordpress\/plugins\/seo\/ -->\n<title>V\u00edtor Fraga anuncia que legisla\u00e7\u00e3o que regula anima\u00e7\u00e3o tur\u00edstica ser\u00e1 revista at\u00e9 ao final do ano - Di\u00e1rio da Lagoa<\/title>\n<meta name=\"robots\" content=\"index, follow, max-snippet:-1, max-image-preview:large, max-video-preview:-1\" \/>\n<link rel=\"canonical\" href=\"https:\/\/diariodalagoa.pt\/fr\/vitor-fraga-anuncia-que-legislacao-que-regula-animacao-turistica-sera-revista-ate-ao-final-do-ano\/\" \/>\n<meta property=\"og:locale\" content=\"fr_FR\" \/>\n<meta property=\"og:type\" content=\"article\" \/>\n<meta property=\"og:title\" content=\"V\u00edtor Fraga anuncia que legisla\u00e7\u00e3o que regula anima\u00e7\u00e3o tur\u00edstica ser\u00e1 revista at\u00e9 ao final do ano - Di\u00e1rio da Lagoa\" \/>\n<meta property=\"og:description\" content=\"O Secret\u00e1rio Regional do Turismo e Transportes anunciou, em Santa Cruz das Flores, que o Governo est\u00e1 a rever a legisla\u00e7\u00e3o que regula a atividade de anima\u00e7\u00e3o tur\u00edstica nos A\u00e7ores. V\u00edtor Fraga, em declara\u00e7\u00f5es aos jornalistas no final de uma visita \u00e0 empresa West Canyon, lembrou que cabe ao Governo \u201ccriar condi\u00e7\u00f5es para que estas [&hellip;]\" \/>\n<meta property=\"og:url\" content=\"https:\/\/diariodalagoa.pt\/fr\/vitor-fraga-anuncia-que-legislacao-que-regula-animacao-turistica-sera-revista-ate-ao-final-do-ano\/\" \/>\n<meta property=\"og:site_name\" content=\"Di\u00e1rio da Lagoa\" \/>\n<meta property=\"article:published_time\" content=\"2014-09-16T19:46:31+00:00\" \/>\n<meta property=\"og:image\" content=\"http:\/\/diariodalagoa.pt\/wp-content\/uploads\/2014\/09\/Vitor-Fraga-turismo.jpg\" \/>\n<meta name=\"author\" content=\"Di\u00e1rio da Lagoa\" \/>\n<meta name=\"twitter:card\" content=\"summary_large_image\" \/>\n<meta name=\"twitter:label1\" content=\"\u00c9crit par\" \/>\n\t<meta name=\"twitter:data1\" content=\"Di\u00e1rio da Lagoa\" \/>\n\t<meta name=\"twitter:label2\" content=\"Dur\u00e9e de lecture estim\u00e9e\" \/>\n\t<meta name=\"twitter:data2\" content=\"1 minute\" \/>\n<script type=\"application\/ld+json\" class=\"yoast-schema-graph\">{\"@context\":\"https:\/\/schema.org\",\"@graph\":[{\"@type\":\"WebPage\",\"@id\":\"https:\/\/diariodalagoa.pt\/vitor-fraga-anuncia-que-legislacao-que-regula-animacao-turistica-sera-revista-ate-ao-final-do-ano\/\",\"url\":\"https:\/\/diariodalagoa.pt\/vitor-fraga-anuncia-que-legislacao-que-regula-animacao-turistica-sera-revista-ate-ao-final-do-ano\/\",\"name\":\"V\u00edtor Fraga anuncia que legisla\u00e7\u00e3o que regula anima\u00e7\u00e3o tur\u00edstica ser\u00e1 revista at\u00e9 ao final do ano - Di\u00e1rio da Lagoa\",\"isPartOf\":{\"@id\":\"https:\/\/diariodalagoa.pt\/#website\"},\"datePublished\":\"2014-09-16T19:46:31+00:00\",\"dateModified\":\"2014-09-16T19:46:31+00:00\",\"author\":{\"@id\":\"https:\/\/diariodalagoa.pt\/#\/schema\/person\/1615a002370e8857b6f972834bc43ece\"},\"breadcrumb\":{\"@id\":\"https:\/\/diariodalagoa.pt\/vitor-fraga-anuncia-que-legislacao-que-regula-animacao-turistica-sera-revista-ate-ao-final-do-ano\/#breadcrumb\"},\"inLanguage\":\"fr-FR\",\"potentialAction\":[{\"@type\":\"ReadAction\",\"target\":[\"https:\/\/diariodalagoa.pt\/vitor-fraga-anuncia-que-legislacao-que-regula-animacao-turistica-sera-revista-ate-ao-final-do-ano\/\"]}]},{\"@type\":\"BreadcrumbList\",\"@id\":\"https:\/\/diariodalagoa.pt\/vitor-fraga-anuncia-que-legislacao-que-regula-animacao-turistica-sera-revista-ate-ao-final-do-ano\/#breadcrumb\",\"itemListElement\":[{\"@type\":\"ListItem\",\"position\":1,\"name\":\"In\u00edcio\",\"item\":\"https:\/\/diariodalagoa.pt\/\"},{\"@type\":\"ListItem\",\"position\":2,\"name\":\"V\u00edtor Fraga anuncia que legisla\u00e7\u00e3o que regula anima\u00e7\u00e3o tur\u00edstica ser\u00e1 revista at\u00e9 ao final do ano\"}]},{\"@type\":\"WebSite\",\"@id\":\"https:\/\/diariodalagoa.pt\/#website\",\"url\":\"https:\/\/diariodalagoa.pt\/\",\"name\":\"Di\u00e1rio da Lagoa\",\"description\":\"Di\u00e1rio da Lagoa. As not\u00edcias que contam. A partir da Lagoa, nos A\u00e7ores, para o mundo.\",\"potentialAction\":[{\"@type\":\"SearchAction\",\"target\":{\"@type\":\"EntryPoint\",\"urlTemplate\":\"https:\/\/diariodalagoa.pt\/?s={search_term_string}\"},\"query-input\":\"required name=search_term_string\"}],\"inLanguage\":\"fr-FR\"},{\"@type\":\"Person\",\"@id\":\"https:\/\/diariodalagoa.pt\/#\/schema\/person\/1615a002370e8857b6f972834bc43ece\",\"name\":\"Di\u00e1rio da Lagoa\",\"image\":{\"@type\":\"ImageObject\",\"inLanguage\":\"fr-FR\",\"@id\":\"https:\/\/diariodalagoa.pt\/#\/schema\/person\/image\/\",\"url\":\"https:\/\/secure.gravatar.com\/avatar\/2cb5cef90a26f8fbd4d9d930608102c5?s=96&d=mm&r=g\",\"contentUrl\":\"https:\/\/secure.gravatar.com\/avatar\/2cb5cef90a26f8fbd4d9d930608102c5?s=96&d=mm&r=g\",\"caption\":\"Di\u00e1rio da Lagoa\"},\"url\":\"https:\/\/diariodalagoa.pt\/fr\/author\/diariodalagoa\/\"}]}<\/script>\n<!-- \/ Yoast SEO plugin. -->","yoast_head_json":{"title":"V\u00edtor Fraga anuncia que legisla\u00e7\u00e3o que regula anima\u00e7\u00e3o tur\u00edstica ser\u00e1 revista at\u00e9 ao final do ano - Di\u00e1rio da Lagoa","robots":{"index":"index","follow":"follow","max-snippet":"max-snippet:-1","max-image-preview":"max-image-preview:large","max-video-preview":"max-video-preview:-1"},"canonical":"https:\/\/diariodalagoa.pt\/fr\/vitor-fraga-anuncia-que-legislacao-que-regula-animacao-turistica-sera-revista-ate-ao-final-do-ano\/","og_locale":"fr_FR","og_type":"article","og_title":"V\u00edtor Fraga anuncia que legisla\u00e7\u00e3o que regula anima\u00e7\u00e3o tur\u00edstica ser\u00e1 revista at\u00e9 ao final do ano - Di\u00e1rio da Lagoa","og_description":"O Secret\u00e1rio Regional do Turismo e Transportes anunciou, em Santa Cruz das Flores, que o Governo est\u00e1 a rever a legisla\u00e7\u00e3o que regula a atividade de anima\u00e7\u00e3o tur\u00edstica nos A\u00e7ores. V\u00edtor Fraga, em declara\u00e7\u00f5es aos jornalistas no final de uma visita \u00e0 empresa West Canyon, lembrou que cabe ao Governo \u201ccriar condi\u00e7\u00f5es para que estas [&hellip;]","og_url":"https:\/\/diariodalagoa.pt\/fr\/vitor-fraga-anuncia-que-legislacao-que-regula-animacao-turistica-sera-revista-ate-ao-final-do-ano\/","og_site_name":"Di\u00e1rio da Lagoa","article_published_time":"2014-09-16T19:46:31+00:00","og_image":[{"url":"http:\/\/diariodalagoa.pt\/wp-content\/uploads\/2014\/09\/Vitor-Fraga-turismo.jpg"}],"author":"Di\u00e1rio da Lagoa","twitter_card":"summary_large_image","twitter_misc":{"\u00c9crit par":"Di\u00e1rio da Lagoa","Dur\u00e9e de lecture estim\u00e9e":"1 minute"},"schema":{"@context":"https:\/\/schema.org","@graph":[{"@type":"WebPage","@id":"https:\/\/diariodalagoa.pt\/vitor-fraga-anuncia-que-legislacao-que-regula-animacao-turistica-sera-revista-ate-ao-final-do-ano\/","url":"https:\/\/diariodalagoa.pt\/vitor-fraga-anuncia-que-legislacao-que-regula-animacao-turistica-sera-revista-ate-ao-final-do-ano\/","name":"V\u00edtor Fraga anuncia que legisla\u00e7\u00e3o que regula anima\u00e7\u00e3o tur\u00edstica ser\u00e1 revista at\u00e9 ao final do ano - Di\u00e1rio da Lagoa","isPartOf":{"@id":"https:\/\/diariodalagoa.pt\/#website"},"datePublished":"2014-09-16T19:46:31+00:00","dateModified":"2014-09-16T19:46:31+00:00","author":{"@id":"https:\/\/diariodalagoa.pt\/#\/schema\/person\/1615a002370e8857b6f972834bc43ece"},"breadcrumb":{"@id":"https:\/\/diariodalagoa.pt\/vitor-fraga-anuncia-que-legislacao-que-regula-animacao-turistica-sera-revista-ate-ao-final-do-ano\/#breadcrumb"},"inLanguage":"fr-FR","potentialAction":[{"@type":"ReadAction","target":["https:\/\/diariodalagoa.pt\/vitor-fraga-anuncia-que-legislacao-que-regula-animacao-turistica-sera-revista-ate-ao-final-do-ano\/"]}]},{"@type":"BreadcrumbList","@id":"https:\/\/diariodalagoa.pt\/vitor-fraga-anuncia-que-legislacao-que-regula-animacao-turistica-sera-revista-ate-ao-final-do-ano\/#breadcrumb","itemListElement":[{"@type":"ListItem","position":1,"name":"In\u00edcio","item":"https:\/\/diariodalagoa.pt\/"},{"@type":"ListItem","position":2,"name":"V\u00edtor Fraga anuncia que legisla\u00e7\u00e3o que regula anima\u00e7\u00e3o tur\u00edstica ser\u00e1 revista at\u00e9 ao final do ano"}]},{"@type":"WebSite","@id":"https:\/\/diariodalagoa.pt\/#website","url":"https:\/\/diariodalagoa.pt\/","name":"Di\u00e1rio da Lagoa","description":"Di\u00e1rio da Lagoa. As not\u00edcias que contam. A partir da Lagoa, nos A\u00e7ores, para o mundo.","potentialAction":[{"@type":"SearchAction","target":{"@type":"EntryPoint","urlTemplate":"https:\/\/diariodalagoa.pt\/?s={search_term_string}"},"query-input":"required name=search_term_string"}],"inLanguage":"fr-FR"},{"@type":"Person","@id":"https:\/\/diariodalagoa.pt\/#\/schema\/person\/1615a002370e8857b6f972834bc43ece","name":"Di\u00e1rio da Lagoa","image":{"@type":"ImageObject","inLanguage":"fr-FR","@id":"https:\/\/diariodalagoa.pt\/#\/schema\/person\/image\/","url":"https:\/\/secure.gravatar.com\/avatar\/2cb5cef90a26f8fbd4d9d930608102c5?s=96&d=mm&r=g","contentUrl":"https:\/\/secure.gravatar.com\/avatar\/2cb5cef90a26f8fbd4d9d930608102c5?s=96&d=mm&r=g","caption":"Di\u00e1rio da Lagoa"},"url":"https:\/\/diariodalagoa.pt\/fr\/author\/diariodalagoa\/"}]}},"_links":{"self":[{"href":"https:\/\/diariodalagoa.pt\/fr\/wp-json\/wp\/v2\/posts\/9130"}],"collection":[{"href":"https:\/\/diariodalagoa.pt\/fr\/wp-json\/wp\/v2\/posts"}],"about":[{"href":"https:\/\/diariodalagoa.pt\/fr\/wp-json\/wp\/v2\/types\/post"}],"author":[{"embeddable":true,"href":"https:\/\/diariodalagoa.pt\/fr\/wp-json\/wp\/v2\/users\/2"}],"replies":[{"embeddable":true,"href":"https:\/\/diariodalagoa.pt\/fr\/wp-json\/wp\/v2\/comments?post=9130"}],"version-history":[{"count":0,"href":"https:\/\/diariodalagoa.pt\/fr\/wp-json\/wp\/v2\/posts\/9130\/revisions"}],"wp:attachment":[{"href":"https:\/\/diariodalagoa.pt\/fr\/wp-json\/wp\/v2\/media?parent=9130"}],"wp:term":[{"taxonomy":"category","embeddable":true,"href":"https:\/\/diariodalagoa.pt\/fr\/wp-json\/wp\/v2\/categories?post=9130"},{"taxonomy":"post_tag","embeddable":true,"href":"https:\/\/diariodalagoa.pt\/fr\/wp-json\/wp\/v2\/tags?post=9130"}],"curies":[{"name":"wp","href":"https:\/\/api.w.org\/{rel}","templated":true}]}}