{"id":8989,"date":"2014-09-12T14:26:46","date_gmt":"2014-09-12T15:26:46","guid":{"rendered":"http:\/\/diariodalagoa.pt\/?p=8989"},"modified":"2014-09-12T14:26:46","modified_gmt":"2014-09-12T15:26:46","slug":"dados-do-ine-revelam-que-crescimento-da-populacao-empregada-nos-acores-foi-o-maior-dos-ultimos-16-anos","status":"publish","type":"post","link":"https:\/\/diariodalagoa.pt\/fr\/dados-do-ine-revelam-que-crescimento-da-populacao-empregada-nos-acores-foi-o-maior-dos-ultimos-16-anos\/","title":{"rendered":"Dados do INE revelam que crescimento da popula\u00e7\u00e3o empregada nos A\u00e7ores foi o maior dos \u00faltimos 16 anos"},"content":{"rendered":"<p style=\"text-align: justify;\"><img decoding=\"async\" class=\"alignnone size-full wp-image-6709\" src=\"http:\/\/diariodalagoa.pt\/wp-content\/uploads\/2014\/07\/Sergio-Avila-governo-a\u00e7ores-ALRA.jpg\" alt=\"Sergio-Avila-governo-a\u00e7ores-ALRA\" width=\"720\" height=\"380\" \/><\/p>\n<p style=\"text-align: justify;\"><span style=\"color: rgb(0, 0, 0);\">O Vice-Presidente do Governo dos A\u00e7ores criticou, na Assembleia Legislativa, na Horta, a dualidade de crit\u00e9rios da oposi\u00e7\u00e3o parlamentar, sublinhando que \u201cquem quer que a realidade seja pior\u201d omite determinados aspetos.\u00a0<\/span><\/p>\n<p style=\"text-align: justify;\"><span style=\"color: rgb(0, 0, 0);\">S\u00e9rgio \u00c1vila apontou, como exemplo, declara\u00e7\u00f5es recentes do Vice-Primeiro-Ministro, segundo as quais o pa\u00eds estaria no bom caminho atendendo a indicadores que evidenciavam a cria\u00e7\u00e3o de duas empresas por cada uma que encerra a atividade no conjunto do pa\u00eds.\u00a0<\/span><\/p>\n<p style=\"text-align: justify;\"><span style=\"color: rgb(0, 0, 0);\">O Vice-Presidente frisou que os mesmos indicadores apontam para a cria\u00e7\u00e3o, nos A\u00e7ores, de quatro empresas por cada uma que fecha, \u201co dobro do que acontece no continente\u201d, circunst\u00e2ncia que a oposi\u00e7\u00e3o parlamentar na Regi\u00e3o n\u00e3o valoriza.\u00a0<\/span><\/p>\n<p style=\"text-align: justify;\"><span style=\"color: rgb(0, 0, 0);\">Outro aspeto referido por S\u00e9rgio \u00c1vila tem a ver com a cria\u00e7\u00e3o de emprego e o combate ao desemprego, que constituem \u201ca principal prioridade\u201d para o Governo Regional. \u00a0<\/span><\/p>\n<p style=\"text-align: justify;\"><span style=\"color: rgb(0, 0, 0);\">O Vice-Presidente do Governo dos A\u00e7ores adiantou tamb\u00e9m que \u201co Instituto Nacional de Estat\u00edstica, que tanto gostam de referir numa parte, mas omitindo na outra, revelou claramente que, no \u00faltimo trimestre com dados conhecidos, o crescimento da popula\u00e7\u00e3o empregada nos A\u00e7ores, face ao trimestre anterior, foi o maior desde 1998, ou seja, o maior nos \u00faltimos 16 anos\u201d.\u00a0<\/span><\/p>\n<p style=\"text-align: justify;\"><span style=\"color: rgb(0, 0, 0);\">S\u00e9rgio \u00c1vila revelou tamb\u00e9m que, \u201cs\u00f3 no m\u00eas de junho, foram apresentados mais de 300 novos projetos de investimento aos sistemas de incentivo&#8221; existentes nos A\u00e7ores, salientando que se trata do &#8220;maior volume de novos investimentos que se registou nos \u00faltimos 10 anos\u201d.\u00a0<\/span><\/p>\n<p style=\"text-align: justify;\"><span style=\"color: rgb(0, 0, 0);\">Para o Vice-Presidente, \u201cos dados n\u00e3o s\u00e3o m\u00e9rito do Governo\u201d, mas sim \u201cdo esfor\u00e7o empenhado dos A\u00e7orianos e das empresas, dos trabalhadores e dos empres\u00e1rios a\u00e7orianos\u201d, tendo o Governo cumprido \u201ca sua obriga\u00e7\u00e3o de criar condi\u00e7\u00f5es\u201d.\u00a0<\/span><\/p>\n<p style=\"text-align: justify;\"><span style=\"color: rgb(0, 0, 0);\">S\u00e9rgio \u00c1vila reafirmou o empenho do Executivo em contribuir, \u201ccom confian\u00e7a, vontade e energia\u201d, para que \u201cos muitos que ainda est\u00e3o desempregados e as muitas empresas que ainda t\u00eam dificuldades possam tamb\u00e9m trilhar o caminho de sucesso, possam ter o futuro que estes resultados indicam que muitos A\u00e7orianos j\u00e1 tiveram\u201d.\u00a0<\/span><\/p>\n<p style=\"text-align: justify;\"><span style=\"color: rgb(0, 0, 0);\">Para o Vice-Presidente, \u201cisso faz-se apoiando, incentivando, n\u00e3o se faz puxando para baixo, n\u00e3o se faz dizendo que est\u00e1 tudo mal\u201d, j\u00e1 que, na sua opini\u00e3o, \u201cnunca est\u00e1 tudo mal\u201d.\u00a0<\/span><\/p>\n<p style=\"text-align: justify;\"><span style=\"color: rgb(0, 0, 0);\"><em>DL\/GaCS<\/em><\/span><\/p>","protected":false},"excerpt":{"rendered":"<p>O Vice-Presidente do Governo dos A\u00e7ores criticou, na Assembleia Legislativa, na Horta, a dualidade de crit\u00e9rios da oposi\u00e7\u00e3o parlamentar, sublinhando que \u201cquem quer que a realidade seja pior\u201d omite determinados aspetos.\u00a0 S\u00e9rgio \u00c1vila apontou, como exemplo, declara\u00e7\u00f5es recentes do Vice-Primeiro-Ministro, segundo as quais o pa\u00eds estaria no bom caminho atendendo a indicadores que evidenciavam a [&hellip;]<\/p>","protected":false},"author":2,"featured_media":121806,"comment_status":"open","ping_status":"open","sticky":false,"template":"","format":"standard","meta":[],"categories":[21],"tags":[],"acf":[],"yoast_head":"<!-- This site is optimized with the Yoast SEO plugin v20.10 - https:\/\/yoast.com\/wordpress\/plugins\/seo\/ -->\n<title>Dados do INE revelam que crescimento da popula\u00e7\u00e3o empregada nos A\u00e7ores foi o maior dos \u00faltimos 16 anos - Di\u00e1rio da Lagoa<\/title>\n<meta name=\"robots\" content=\"index, follow, max-snippet:-1, max-image-preview:large, max-video-preview:-1\" \/>\n<link rel=\"canonical\" href=\"https:\/\/diariodalagoa.pt\/fr\/dados-do-ine-revelam-que-crescimento-da-populacao-empregada-nos-acores-foi-o-maior-dos-ultimos-16-anos\/\" \/>\n<meta property=\"og:locale\" content=\"fr_FR\" \/>\n<meta property=\"og:type\" content=\"article\" \/>\n<meta property=\"og:title\" content=\"Dados do INE revelam que crescimento da popula\u00e7\u00e3o empregada nos A\u00e7ores foi o maior dos \u00faltimos 16 anos - Di\u00e1rio da Lagoa\" \/>\n<meta property=\"og:description\" content=\"O Vice-Presidente do Governo dos A\u00e7ores criticou, na Assembleia Legislativa, na Horta, a dualidade de crit\u00e9rios da oposi\u00e7\u00e3o parlamentar, sublinhando que \u201cquem quer que a realidade seja pior\u201d omite determinados aspetos.\u00a0 S\u00e9rgio \u00c1vila apontou, como exemplo, declara\u00e7\u00f5es recentes do Vice-Primeiro-Ministro, segundo as quais o pa\u00eds estaria no bom caminho atendendo a indicadores que evidenciavam a [&hellip;]\" \/>\n<meta property=\"og:url\" content=\"https:\/\/diariodalagoa.pt\/fr\/dados-do-ine-revelam-que-crescimento-da-populacao-empregada-nos-acores-foi-o-maior-dos-ultimos-16-anos\/\" \/>\n<meta property=\"og:site_name\" content=\"Di\u00e1rio da Lagoa\" \/>\n<meta property=\"article:published_time\" content=\"2014-09-12T15:26:46+00:00\" \/>\n<meta property=\"og:image\" content=\"https:\/\/diariodalagoa.pt\/wp-content\/uploads\/2014\/09\/sergio-avila-assembelia-legislativa.jpg\" \/>\n\t<meta property=\"og:image:width\" content=\"720\" \/>\n\t<meta property=\"og:image:height\" content=\"378\" \/>\n\t<meta property=\"og:image:type\" content=\"image\/jpeg\" \/>\n<meta name=\"author\" content=\"Di\u00e1rio da Lagoa\" \/>\n<meta name=\"twitter:card\" content=\"summary_large_image\" \/>\n<meta name=\"twitter:label1\" content=\"\u00c9crit par\" \/>\n\t<meta name=\"twitter:data1\" content=\"Di\u00e1rio da Lagoa\" \/>\n\t<meta name=\"twitter:label2\" content=\"Dur\u00e9e de lecture estim\u00e9e\" \/>\n\t<meta name=\"twitter:data2\" content=\"2 minutes\" \/>\n<script type=\"application\/ld+json\" class=\"yoast-schema-graph\">{\"@context\":\"https:\/\/schema.org\",\"@graph\":[{\"@type\":\"WebPage\",\"@id\":\"https:\/\/diariodalagoa.pt\/dados-do-ine-revelam-que-crescimento-da-populacao-empregada-nos-acores-foi-o-maior-dos-ultimos-16-anos\/\",\"url\":\"https:\/\/diariodalagoa.pt\/dados-do-ine-revelam-que-crescimento-da-populacao-empregada-nos-acores-foi-o-maior-dos-ultimos-16-anos\/\",\"name\":\"Dados do INE revelam que crescimento da popula\u00e7\u00e3o empregada nos A\u00e7ores foi o maior dos \u00faltimos 16 anos - Di\u00e1rio da Lagoa\",\"isPartOf\":{\"@id\":\"https:\/\/diariodalagoa.pt\/#website\"},\"datePublished\":\"2014-09-12T15:26:46+00:00\",\"dateModified\":\"2014-09-12T15:26:46+00:00\",\"author\":{\"@id\":\"https:\/\/diariodalagoa.pt\/#\/schema\/person\/1615a002370e8857b6f972834bc43ece\"},\"breadcrumb\":{\"@id\":\"https:\/\/diariodalagoa.pt\/dados-do-ine-revelam-que-crescimento-da-populacao-empregada-nos-acores-foi-o-maior-dos-ultimos-16-anos\/#breadcrumb\"},\"inLanguage\":\"fr-FR\",\"potentialAction\":[{\"@type\":\"ReadAction\",\"target\":[\"https:\/\/diariodalagoa.pt\/dados-do-ine-revelam-que-crescimento-da-populacao-empregada-nos-acores-foi-o-maior-dos-ultimos-16-anos\/\"]}]},{\"@type\":\"BreadcrumbList\",\"@id\":\"https:\/\/diariodalagoa.pt\/dados-do-ine-revelam-que-crescimento-da-populacao-empregada-nos-acores-foi-o-maior-dos-ultimos-16-anos\/#breadcrumb\",\"itemListElement\":[{\"@type\":\"ListItem\",\"position\":1,\"name\":\"In\u00edcio\",\"item\":\"https:\/\/diariodalagoa.pt\/\"},{\"@type\":\"ListItem\",\"position\":2,\"name\":\"Dados do INE revelam que crescimento da popula\u00e7\u00e3o empregada nos A\u00e7ores foi o maior dos \u00faltimos 16 anos\"}]},{\"@type\":\"WebSite\",\"@id\":\"https:\/\/diariodalagoa.pt\/#website\",\"url\":\"https:\/\/diariodalagoa.pt\/\",\"name\":\"Di\u00e1rio da Lagoa\",\"description\":\"Di\u00e1rio da Lagoa. As not\u00edcias que contam. A partir da Lagoa, nos A\u00e7ores, para o mundo.\",\"potentialAction\":[{\"@type\":\"SearchAction\",\"target\":{\"@type\":\"EntryPoint\",\"urlTemplate\":\"https:\/\/diariodalagoa.pt\/?s={search_term_string}\"},\"query-input\":\"required name=search_term_string\"}],\"inLanguage\":\"fr-FR\"},{\"@type\":\"Person\",\"@id\":\"https:\/\/diariodalagoa.pt\/#\/schema\/person\/1615a002370e8857b6f972834bc43ece\",\"name\":\"Di\u00e1rio da Lagoa\",\"image\":{\"@type\":\"ImageObject\",\"inLanguage\":\"fr-FR\",\"@id\":\"https:\/\/diariodalagoa.pt\/#\/schema\/person\/image\/\",\"url\":\"https:\/\/secure.gravatar.com\/avatar\/2cb5cef90a26f8fbd4d9d930608102c5?s=96&d=mm&r=g\",\"contentUrl\":\"https:\/\/secure.gravatar.com\/avatar\/2cb5cef90a26f8fbd4d9d930608102c5?s=96&d=mm&r=g\",\"caption\":\"Di\u00e1rio da Lagoa\"},\"url\":\"https:\/\/diariodalagoa.pt\/fr\/author\/diariodalagoa\/\"}]}<\/script>\n<!-- \/ Yoast SEO plugin. -->","yoast_head_json":{"title":"Dados do INE revelam que crescimento da popula\u00e7\u00e3o empregada nos A\u00e7ores foi o maior dos \u00faltimos 16 anos - Di\u00e1rio da Lagoa","robots":{"index":"index","follow":"follow","max-snippet":"max-snippet:-1","max-image-preview":"max-image-preview:large","max-video-preview":"max-video-preview:-1"},"canonical":"https:\/\/diariodalagoa.pt\/fr\/dados-do-ine-revelam-que-crescimento-da-populacao-empregada-nos-acores-foi-o-maior-dos-ultimos-16-anos\/","og_locale":"fr_FR","og_type":"article","og_title":"Dados do INE revelam que crescimento da popula\u00e7\u00e3o empregada nos A\u00e7ores foi o maior dos \u00faltimos 16 anos - Di\u00e1rio da Lagoa","og_description":"O Vice-Presidente do Governo dos A\u00e7ores criticou, na Assembleia Legislativa, na Horta, a dualidade de crit\u00e9rios da oposi\u00e7\u00e3o parlamentar, sublinhando que \u201cquem quer que a realidade seja pior\u201d omite determinados aspetos.\u00a0 S\u00e9rgio \u00c1vila apontou, como exemplo, declara\u00e7\u00f5es recentes do Vice-Primeiro-Ministro, segundo as quais o pa\u00eds estaria no bom caminho atendendo a indicadores que evidenciavam a [&hellip;]","og_url":"https:\/\/diariodalagoa.pt\/fr\/dados-do-ine-revelam-que-crescimento-da-populacao-empregada-nos-acores-foi-o-maior-dos-ultimos-16-anos\/","og_site_name":"Di\u00e1rio da Lagoa","article_published_time":"2014-09-12T15:26:46+00:00","og_image":[{"width":720,"height":378,"url":"https:\/\/diariodalagoa.pt\/wp-content\/uploads\/2014\/09\/sergio-avila-assembelia-legislativa.jpg","type":"image\/jpeg"}],"author":"Di\u00e1rio da Lagoa","twitter_card":"summary_large_image","twitter_misc":{"\u00c9crit par":"Di\u00e1rio da Lagoa","Dur\u00e9e de lecture estim\u00e9e":"2 minutes"},"schema":{"@context":"https:\/\/schema.org","@graph":[{"@type":"WebPage","@id":"https:\/\/diariodalagoa.pt\/dados-do-ine-revelam-que-crescimento-da-populacao-empregada-nos-acores-foi-o-maior-dos-ultimos-16-anos\/","url":"https:\/\/diariodalagoa.pt\/dados-do-ine-revelam-que-crescimento-da-populacao-empregada-nos-acores-foi-o-maior-dos-ultimos-16-anos\/","name":"Dados do INE revelam que crescimento da popula\u00e7\u00e3o empregada nos A\u00e7ores foi o maior dos \u00faltimos 16 anos - Di\u00e1rio da Lagoa","isPartOf":{"@id":"https:\/\/diariodalagoa.pt\/#website"},"datePublished":"2014-09-12T15:26:46+00:00","dateModified":"2014-09-12T15:26:46+00:00","author":{"@id":"https:\/\/diariodalagoa.pt\/#\/schema\/person\/1615a002370e8857b6f972834bc43ece"},"breadcrumb":{"@id":"https:\/\/diariodalagoa.pt\/dados-do-ine-revelam-que-crescimento-da-populacao-empregada-nos-acores-foi-o-maior-dos-ultimos-16-anos\/#breadcrumb"},"inLanguage":"fr-FR","potentialAction":[{"@type":"ReadAction","target":["https:\/\/diariodalagoa.pt\/dados-do-ine-revelam-que-crescimento-da-populacao-empregada-nos-acores-foi-o-maior-dos-ultimos-16-anos\/"]}]},{"@type":"BreadcrumbList","@id":"https:\/\/diariodalagoa.pt\/dados-do-ine-revelam-que-crescimento-da-populacao-empregada-nos-acores-foi-o-maior-dos-ultimos-16-anos\/#breadcrumb","itemListElement":[{"@type":"ListItem","position":1,"name":"In\u00edcio","item":"https:\/\/diariodalagoa.pt\/"},{"@type":"ListItem","position":2,"name":"Dados do INE revelam que crescimento da popula\u00e7\u00e3o empregada nos A\u00e7ores foi o maior dos \u00faltimos 16 anos"}]},{"@type":"WebSite","@id":"https:\/\/diariodalagoa.pt\/#website","url":"https:\/\/diariodalagoa.pt\/","name":"Di\u00e1rio da Lagoa","description":"Di\u00e1rio da Lagoa. As not\u00edcias que contam. A partir da Lagoa, nos A\u00e7ores, para o mundo.","potentialAction":[{"@type":"SearchAction","target":{"@type":"EntryPoint","urlTemplate":"https:\/\/diariodalagoa.pt\/?s={search_term_string}"},"query-input":"required name=search_term_string"}],"inLanguage":"fr-FR"},{"@type":"Person","@id":"https:\/\/diariodalagoa.pt\/#\/schema\/person\/1615a002370e8857b6f972834bc43ece","name":"Di\u00e1rio da Lagoa","image":{"@type":"ImageObject","inLanguage":"fr-FR","@id":"https:\/\/diariodalagoa.pt\/#\/schema\/person\/image\/","url":"https:\/\/secure.gravatar.com\/avatar\/2cb5cef90a26f8fbd4d9d930608102c5?s=96&d=mm&r=g","contentUrl":"https:\/\/secure.gravatar.com\/avatar\/2cb5cef90a26f8fbd4d9d930608102c5?s=96&d=mm&r=g","caption":"Di\u00e1rio da Lagoa"},"url":"https:\/\/diariodalagoa.pt\/fr\/author\/diariodalagoa\/"}]}},"_links":{"self":[{"href":"https:\/\/diariodalagoa.pt\/fr\/wp-json\/wp\/v2\/posts\/8989"}],"collection":[{"href":"https:\/\/diariodalagoa.pt\/fr\/wp-json\/wp\/v2\/posts"}],"about":[{"href":"https:\/\/diariodalagoa.pt\/fr\/wp-json\/wp\/v2\/types\/post"}],"author":[{"embeddable":true,"href":"https:\/\/diariodalagoa.pt\/fr\/wp-json\/wp\/v2\/users\/2"}],"replies":[{"embeddable":true,"href":"https:\/\/diariodalagoa.pt\/fr\/wp-json\/wp\/v2\/comments?post=8989"}],"version-history":[{"count":0,"href":"https:\/\/diariodalagoa.pt\/fr\/wp-json\/wp\/v2\/posts\/8989\/revisions"}],"wp:featuredmedia":[{"embeddable":true,"href":"https:\/\/diariodalagoa.pt\/fr\/wp-json\/wp\/v2\/media\/121806"}],"wp:attachment":[{"href":"https:\/\/diariodalagoa.pt\/fr\/wp-json\/wp\/v2\/media?parent=8989"}],"wp:term":[{"taxonomy":"category","embeddable":true,"href":"https:\/\/diariodalagoa.pt\/fr\/wp-json\/wp\/v2\/categories?post=8989"},{"taxonomy":"post_tag","embeddable":true,"href":"https:\/\/diariodalagoa.pt\/fr\/wp-json\/wp\/v2\/tags?post=8989"}],"curies":[{"name":"wp","href":"https:\/\/api.w.org\/{rel}","templated":true}]}}