{"id":8929,"date":"2014-09-11T11:28:36","date_gmt":"2014-09-11T12:28:36","guid":{"rendered":"http:\/\/diariodalagoa.pt\/?p=8929"},"modified":"2014-09-11T11:28:36","modified_gmt":"2014-09-11T12:28:36","slug":"comissao-suspende-medidas-de-emergencia-para-frutas-e-produtos-horticolas-pereciveis-e-apresenta-um-regime-mais-direcionado","status":"publish","type":"post","link":"https:\/\/diariodalagoa.pt\/fr\/comissao-suspende-medidas-de-emergencia-para-frutas-e-produtos-horticolas-pereciveis-e-apresenta-um-regime-mais-direcionado\/","title":{"rendered":"Comiss\u00e3o suspende medidas de emerg\u00eancia para frutas e produtos hort\u00edcolas perec\u00edveis e apresenta um regime mais direcionado"},"content":{"rendered":"<div id=\"attachment_2635\" style=\"width: 730px\" class=\"wp-caption alignnone\"><img aria-describedby=\"caption-attachment-2635\" decoding=\"async\" class=\"size-full wp-image-2635\" src=\"http:\/\/diariodalagoa.pt\/wp-content\/uploads\/2014\/04\/Bruxelas-Parlamento-Europeu.jpg\" alt=\"(c) direitos reservados\" width=\"720\" height=\"384\" \/><p id=\"caption-attachment-2635\" class=\"wp-caption-text\">(c) direitos reservados<\/p><\/div>\n<p style=\"text-align: justify;\"><span style=\"color: #000000;\">A Comiss\u00e3o Europeia suspendeu as medidas de emerg\u00eancia de apoio ao mercado de frutas e produtos hort\u00edcolas perec\u00edveis (no valor de 125\u00a0milh\u00f5es de euros), anunciadas em 18 de agosto na sequ\u00eancia da ado\u00e7\u00e3o das medidas russas de proibi\u00e7\u00e3o de importa\u00e7\u00e3o de certos produtos agr\u00edcolas da UE. <\/span><\/p>\n<p style=\"text-align: justify;\"><span style=\"color: #000000;\">Segundo a CE, tem-se verificado um grande interesse dos setores em causa, mas o regime tem de ser suspenso devido a um aumento desproporcionado de pedidos \u2014 por exemplo, quando os valores apresentados para alguns produtos s\u00e3o v\u00e1rias vezes superiores \u00e0 m\u00e9dia anual das exporta\u00e7\u00f5es totais da UE para a R\u00fassia. <\/span><\/p>\n<p style=\"text-align: justify;\"><span style=\"color: #000000;\">A fim de prolongar a efic\u00e1cia das medidas de emerg\u00eancia e ainda assim atingir o objetivo de estabilizar os mercados destes produtos em todos os Estados-Membros afetados pelo embargo russo, a Comiss\u00e3o Europeia apresentar\u00e1 um regime mais orientado num futuro pr\u00f3ximo, tendo em conta a experi\u00eancia das \u00faltimas semanas.<\/span><\/p>\n<p style=\"text-align: justify;\"><span style=\"color: #000000;\"><em>DL\/RCEP<\/em><\/span><\/p>","protected":false},"excerpt":{"rendered":"<p>A Comiss\u00e3o Europeia suspendeu as medidas de emerg\u00eancia de apoio ao mercado de frutas e produtos hort\u00edcolas perec\u00edveis (no valor de 125\u00a0milh\u00f5es de euros), anunciadas em 18 de agosto na sequ\u00eancia da ado\u00e7\u00e3o das medidas russas de proibi\u00e7\u00e3o de importa\u00e7\u00e3o de certos produtos agr\u00edcolas da UE. Segundo a CE, tem-se verificado um grande interesse dos [&hellip;]<\/p>","protected":false},"author":2,"featured_media":121813,"comment_status":"open","ping_status":"open","sticky":false,"template":"","format":"standard","meta":[],"categories":[21],"tags":[],"acf":[],"yoast_head":"<!-- This site is optimized with the Yoast SEO plugin v20.10 - https:\/\/yoast.com\/wordpress\/plugins\/seo\/ -->\n<title>Comiss\u00e3o suspende medidas de emerg\u00eancia para frutas e produtos hort\u00edcolas perec\u00edveis e apresenta um regime mais direcionado - Di\u00e1rio da Lagoa<\/title>\n<meta name=\"robots\" content=\"index, follow, max-snippet:-1, max-image-preview:large, max-video-preview:-1\" \/>\n<link rel=\"canonical\" href=\"https:\/\/diariodalagoa.pt\/fr\/comissao-suspende-medidas-de-emergencia-para-frutas-e-produtos-horticolas-pereciveis-e-apresenta-um-regime-mais-direcionado\/\" \/>\n<meta property=\"og:locale\" content=\"fr_FR\" \/>\n<meta property=\"og:type\" content=\"article\" \/>\n<meta property=\"og:title\" content=\"Comiss\u00e3o suspende medidas de emerg\u00eancia para frutas e produtos hort\u00edcolas perec\u00edveis e apresenta um regime mais direcionado - Di\u00e1rio da Lagoa\" \/>\n<meta property=\"og:description\" content=\"A Comiss\u00e3o Europeia suspendeu as medidas de emerg\u00eancia de apoio ao mercado de frutas e produtos hort\u00edcolas perec\u00edveis (no valor de 125\u00a0milh\u00f5es de euros), anunciadas em 18 de agosto na sequ\u00eancia da ado\u00e7\u00e3o das medidas russas de proibi\u00e7\u00e3o de importa\u00e7\u00e3o de certos produtos agr\u00edcolas da UE. Segundo a CE, tem-se verificado um grande interesse dos [&hellip;]\" \/>\n<meta property=\"og:url\" content=\"https:\/\/diariodalagoa.pt\/fr\/comissao-suspende-medidas-de-emergencia-para-frutas-e-produtos-horticolas-pereciveis-e-apresenta-um-regime-mais-direcionado\/\" \/>\n<meta property=\"og:site_name\" content=\"Di\u00e1rio da Lagoa\" \/>\n<meta property=\"article:published_time\" content=\"2014-09-11T12:28:36+00:00\" \/>\n<meta property=\"og:image\" content=\"https:\/\/diariodalagoa.pt\/wp-content\/uploads\/2014\/09\/bruxelas-parlamento-europeu.jpg\" \/>\n\t<meta property=\"og:image:width\" content=\"720\" \/>\n\t<meta property=\"og:image:height\" content=\"384\" \/>\n\t<meta property=\"og:image:type\" content=\"image\/jpeg\" \/>\n<meta name=\"author\" content=\"Di\u00e1rio da Lagoa\" \/>\n<meta name=\"twitter:card\" content=\"summary_large_image\" \/>\n<meta name=\"twitter:label1\" content=\"\u00c9crit par\" \/>\n\t<meta name=\"twitter:data1\" content=\"Di\u00e1rio da Lagoa\" \/>\n\t<meta name=\"twitter:label2\" content=\"Dur\u00e9e de lecture estim\u00e9e\" \/>\n\t<meta name=\"twitter:data2\" content=\"1 minute\" \/>\n<script type=\"application\/ld+json\" class=\"yoast-schema-graph\">{\"@context\":\"https:\/\/schema.org\",\"@graph\":[{\"@type\":\"WebPage\",\"@id\":\"https:\/\/diariodalagoa.pt\/comissao-suspende-medidas-de-emergencia-para-frutas-e-produtos-horticolas-pereciveis-e-apresenta-um-regime-mais-direcionado\/\",\"url\":\"https:\/\/diariodalagoa.pt\/comissao-suspende-medidas-de-emergencia-para-frutas-e-produtos-horticolas-pereciveis-e-apresenta-um-regime-mais-direcionado\/\",\"name\":\"Comiss\u00e3o suspende medidas de emerg\u00eancia para frutas e produtos hort\u00edcolas perec\u00edveis e apresenta um regime mais direcionado - Di\u00e1rio da Lagoa\",\"isPartOf\":{\"@id\":\"https:\/\/diariodalagoa.pt\/#website\"},\"datePublished\":\"2014-09-11T12:28:36+00:00\",\"dateModified\":\"2014-09-11T12:28:36+00:00\",\"author\":{\"@id\":\"https:\/\/diariodalagoa.pt\/#\/schema\/person\/1615a002370e8857b6f972834bc43ece\"},\"breadcrumb\":{\"@id\":\"https:\/\/diariodalagoa.pt\/comissao-suspende-medidas-de-emergencia-para-frutas-e-produtos-horticolas-pereciveis-e-apresenta-um-regime-mais-direcionado\/#breadcrumb\"},\"inLanguage\":\"fr-FR\",\"potentialAction\":[{\"@type\":\"ReadAction\",\"target\":[\"https:\/\/diariodalagoa.pt\/comissao-suspende-medidas-de-emergencia-para-frutas-e-produtos-horticolas-pereciveis-e-apresenta-um-regime-mais-direcionado\/\"]}]},{\"@type\":\"BreadcrumbList\",\"@id\":\"https:\/\/diariodalagoa.pt\/comissao-suspende-medidas-de-emergencia-para-frutas-e-produtos-horticolas-pereciveis-e-apresenta-um-regime-mais-direcionado\/#breadcrumb\",\"itemListElement\":[{\"@type\":\"ListItem\",\"position\":1,\"name\":\"In\u00edcio\",\"item\":\"https:\/\/diariodalagoa.pt\/\"},{\"@type\":\"ListItem\",\"position\":2,\"name\":\"Comiss\u00e3o suspende medidas de emerg\u00eancia para frutas e produtos hort\u00edcolas perec\u00edveis e apresenta um regime mais direcionado\"}]},{\"@type\":\"WebSite\",\"@id\":\"https:\/\/diariodalagoa.pt\/#website\",\"url\":\"https:\/\/diariodalagoa.pt\/\",\"name\":\"Di\u00e1rio da Lagoa\",\"description\":\"Di\u00e1rio da Lagoa. As not\u00edcias que contam. A partir da Lagoa, nos A\u00e7ores, para o mundo.\",\"potentialAction\":[{\"@type\":\"SearchAction\",\"target\":{\"@type\":\"EntryPoint\",\"urlTemplate\":\"https:\/\/diariodalagoa.pt\/?s={search_term_string}\"},\"query-input\":\"required name=search_term_string\"}],\"inLanguage\":\"fr-FR\"},{\"@type\":\"Person\",\"@id\":\"https:\/\/diariodalagoa.pt\/#\/schema\/person\/1615a002370e8857b6f972834bc43ece\",\"name\":\"Di\u00e1rio da Lagoa\",\"image\":{\"@type\":\"ImageObject\",\"inLanguage\":\"fr-FR\",\"@id\":\"https:\/\/diariodalagoa.pt\/#\/schema\/person\/image\/\",\"url\":\"https:\/\/secure.gravatar.com\/avatar\/2cb5cef90a26f8fbd4d9d930608102c5?s=96&d=mm&r=g\",\"contentUrl\":\"https:\/\/secure.gravatar.com\/avatar\/2cb5cef90a26f8fbd4d9d930608102c5?s=96&d=mm&r=g\",\"caption\":\"Di\u00e1rio da Lagoa\"},\"url\":\"https:\/\/diariodalagoa.pt\/fr\/author\/diariodalagoa\/\"}]}<\/script>\n<!-- \/ Yoast SEO plugin. -->","yoast_head_json":{"title":"Comiss\u00e3o suspende medidas de emerg\u00eancia para frutas e produtos hort\u00edcolas perec\u00edveis e apresenta um regime mais direcionado - Di\u00e1rio da Lagoa","robots":{"index":"index","follow":"follow","max-snippet":"max-snippet:-1","max-image-preview":"max-image-preview:large","max-video-preview":"max-video-preview:-1"},"canonical":"https:\/\/diariodalagoa.pt\/fr\/comissao-suspende-medidas-de-emergencia-para-frutas-e-produtos-horticolas-pereciveis-e-apresenta-um-regime-mais-direcionado\/","og_locale":"fr_FR","og_type":"article","og_title":"Comiss\u00e3o suspende medidas de emerg\u00eancia para frutas e produtos hort\u00edcolas perec\u00edveis e apresenta um regime mais direcionado - Di\u00e1rio da Lagoa","og_description":"A Comiss\u00e3o Europeia suspendeu as medidas de emerg\u00eancia de apoio ao mercado de frutas e produtos hort\u00edcolas perec\u00edveis (no valor de 125\u00a0milh\u00f5es de euros), anunciadas em 18 de agosto na sequ\u00eancia da ado\u00e7\u00e3o das medidas russas de proibi\u00e7\u00e3o de importa\u00e7\u00e3o de certos produtos agr\u00edcolas da UE. Segundo a CE, tem-se verificado um grande interesse dos [&hellip;]","og_url":"https:\/\/diariodalagoa.pt\/fr\/comissao-suspende-medidas-de-emergencia-para-frutas-e-produtos-horticolas-pereciveis-e-apresenta-um-regime-mais-direcionado\/","og_site_name":"Di\u00e1rio da Lagoa","article_published_time":"2014-09-11T12:28:36+00:00","og_image":[{"width":720,"height":384,"url":"https:\/\/diariodalagoa.pt\/wp-content\/uploads\/2014\/09\/bruxelas-parlamento-europeu.jpg","type":"image\/jpeg"}],"author":"Di\u00e1rio da Lagoa","twitter_card":"summary_large_image","twitter_misc":{"\u00c9crit par":"Di\u00e1rio da Lagoa","Dur\u00e9e de lecture estim\u00e9e":"1 minute"},"schema":{"@context":"https:\/\/schema.org","@graph":[{"@type":"WebPage","@id":"https:\/\/diariodalagoa.pt\/comissao-suspende-medidas-de-emergencia-para-frutas-e-produtos-horticolas-pereciveis-e-apresenta-um-regime-mais-direcionado\/","url":"https:\/\/diariodalagoa.pt\/comissao-suspende-medidas-de-emergencia-para-frutas-e-produtos-horticolas-pereciveis-e-apresenta-um-regime-mais-direcionado\/","name":"Comiss\u00e3o suspende medidas de emerg\u00eancia para frutas e produtos hort\u00edcolas perec\u00edveis e apresenta um regime mais direcionado - Di\u00e1rio da Lagoa","isPartOf":{"@id":"https:\/\/diariodalagoa.pt\/#website"},"datePublished":"2014-09-11T12:28:36+00:00","dateModified":"2014-09-11T12:28:36+00:00","author":{"@id":"https:\/\/diariodalagoa.pt\/#\/schema\/person\/1615a002370e8857b6f972834bc43ece"},"breadcrumb":{"@id":"https:\/\/diariodalagoa.pt\/comissao-suspende-medidas-de-emergencia-para-frutas-e-produtos-horticolas-pereciveis-e-apresenta-um-regime-mais-direcionado\/#breadcrumb"},"inLanguage":"fr-FR","potentialAction":[{"@type":"ReadAction","target":["https:\/\/diariodalagoa.pt\/comissao-suspende-medidas-de-emergencia-para-frutas-e-produtos-horticolas-pereciveis-e-apresenta-um-regime-mais-direcionado\/"]}]},{"@type":"BreadcrumbList","@id":"https:\/\/diariodalagoa.pt\/comissao-suspende-medidas-de-emergencia-para-frutas-e-produtos-horticolas-pereciveis-e-apresenta-um-regime-mais-direcionado\/#breadcrumb","itemListElement":[{"@type":"ListItem","position":1,"name":"In\u00edcio","item":"https:\/\/diariodalagoa.pt\/"},{"@type":"ListItem","position":2,"name":"Comiss\u00e3o suspende medidas de emerg\u00eancia para frutas e produtos hort\u00edcolas perec\u00edveis e apresenta um regime mais direcionado"}]},{"@type":"WebSite","@id":"https:\/\/diariodalagoa.pt\/#website","url":"https:\/\/diariodalagoa.pt\/","name":"Di\u00e1rio da Lagoa","description":"Di\u00e1rio da Lagoa. As not\u00edcias que contam. A partir da Lagoa, nos A\u00e7ores, para o mundo.","potentialAction":[{"@type":"SearchAction","target":{"@type":"EntryPoint","urlTemplate":"https:\/\/diariodalagoa.pt\/?s={search_term_string}"},"query-input":"required name=search_term_string"}],"inLanguage":"fr-FR"},{"@type":"Person","@id":"https:\/\/diariodalagoa.pt\/#\/schema\/person\/1615a002370e8857b6f972834bc43ece","name":"Di\u00e1rio da Lagoa","image":{"@type":"ImageObject","inLanguage":"fr-FR","@id":"https:\/\/diariodalagoa.pt\/#\/schema\/person\/image\/","url":"https:\/\/secure.gravatar.com\/avatar\/2cb5cef90a26f8fbd4d9d930608102c5?s=96&d=mm&r=g","contentUrl":"https:\/\/secure.gravatar.com\/avatar\/2cb5cef90a26f8fbd4d9d930608102c5?s=96&d=mm&r=g","caption":"Di\u00e1rio da Lagoa"},"url":"https:\/\/diariodalagoa.pt\/fr\/author\/diariodalagoa\/"}]}},"_links":{"self":[{"href":"https:\/\/diariodalagoa.pt\/fr\/wp-json\/wp\/v2\/posts\/8929"}],"collection":[{"href":"https:\/\/diariodalagoa.pt\/fr\/wp-json\/wp\/v2\/posts"}],"about":[{"href":"https:\/\/diariodalagoa.pt\/fr\/wp-json\/wp\/v2\/types\/post"}],"author":[{"embeddable":true,"href":"https:\/\/diariodalagoa.pt\/fr\/wp-json\/wp\/v2\/users\/2"}],"replies":[{"embeddable":true,"href":"https:\/\/diariodalagoa.pt\/fr\/wp-json\/wp\/v2\/comments?post=8929"}],"version-history":[{"count":0,"href":"https:\/\/diariodalagoa.pt\/fr\/wp-json\/wp\/v2\/posts\/8929\/revisions"}],"wp:featuredmedia":[{"embeddable":true,"href":"https:\/\/diariodalagoa.pt\/fr\/wp-json\/wp\/v2\/media\/121813"}],"wp:attachment":[{"href":"https:\/\/diariodalagoa.pt\/fr\/wp-json\/wp\/v2\/media?parent=8929"}],"wp:term":[{"taxonomy":"category","embeddable":true,"href":"https:\/\/diariodalagoa.pt\/fr\/wp-json\/wp\/v2\/categories?post=8929"},{"taxonomy":"post_tag","embeddable":true,"href":"https:\/\/diariodalagoa.pt\/fr\/wp-json\/wp\/v2\/tags?post=8929"}],"curies":[{"name":"wp","href":"https:\/\/api.w.org\/{rel}","templated":true}]}}