{"id":8836,"date":"2014-09-09T13:58:45","date_gmt":"2014-09-09T14:58:45","guid":{"rendered":"http:\/\/diariodalagoa.pt\/?p=8836"},"modified":"2014-09-09T13:58:45","modified_gmt":"2014-09-09T14:58:45","slug":"vitor-fraga-apela-ao-governo-da-republica-para-que-cumpra-calendarizacao-da-revisao-das-osp","status":"publish","type":"post","link":"https:\/\/diariodalagoa.pt\/fr\/vitor-fraga-apela-ao-governo-da-republica-para-que-cumpra-calendarizacao-da-revisao-das-osp\/","title":{"rendered":"V\u00edtor Fraga apela ao Governo da Rep\u00fablica para que cumpra calendariza\u00e7\u00e3o da revis\u00e3o das OSP"},"content":{"rendered":"<p style=\"text-align: justify;\"><img decoding=\"async\" class=\"alignnone size-full wp-image-8838\" src=\"http:\/\/diariodalagoa.pt\/wp-content\/uploads\/2014\/09\/Vitor-Fraga-ALRA-turismo.jpg\" alt=\"Vitor-Fraga-ALRA-turismo\" width=\"720\" height=\"380\" \/><\/p>\n<p style=\"text-align: justify;\"><span style=\"color: rgb(0, 0, 0);\">O Secret\u00e1rio Regional do Turismo e Transportes apelou ao Governo da Rep\u00fablica para que seja cumprida a calendariza\u00e7\u00e3o prevista no processo de revis\u00e3o das Obriga\u00e7\u00f5es de Servi\u00e7o P\u00fablico de transporte a\u00e9reo de e para os A\u00e7ores.<\/span><\/p>\n<p style=\"text-align: justify;\"><span style=\"color: rgb(0, 0, 0);\">Numa comunica\u00e7\u00e3o do Governo \u00e0 Assembleia Legislativa da Regi\u00e3o Aut\u00f3noma dos A\u00e7ores, V\u00edtor Fraga lembrou que o Governo Regional fez chegar a vers\u00e3o oficial e final da proposta consensualizada ao Governo da Rep\u00fablica, tendo este informado que esta seria submetida \u00e0 aprova\u00e7\u00e3o do Conselho de Ministros durante o m\u00eas de setembro.<\/span><\/p>\n<p style=\"text-align: justify;\"><span style=\"color: rgb(0, 0, 0);\">O titular da pasta dos Transportes apelou, por isso, \u201cpara que se cumpra esta calendariza\u00e7\u00e3o, para que o novo modelo de transporte a\u00e9reo da Regi\u00e3o esteja em vigor no pr\u00f3ximo ver\u00e3o IATA, ou seja, no final de mar\u00e7o do pr\u00f3ximo ano\u201d.<\/span><\/p>\n<p style=\"text-align: justify;\"><span style=\"color: rgb(0, 0, 0);\">V\u00edtor Fraga recordou o caminho percorrido neste processo, que teve in\u00edcio a 18 de agosto de 2011, quando o ent\u00e3o Secret\u00e1rio Regional da Economia, em reuni\u00e3o mantida com o Ministro da Economia e do Emprego, manifestou a inten\u00e7\u00e3o do Governo dos A\u00e7ores em rever as Obriga\u00e7\u00f5es de Servi\u00e7o P\u00fablico de transporte a\u00e9reo entre os A\u00e7ores e o continente.<\/span><\/p>\n<p style=\"text-align: justify;\"><span style=\"color: rgb(0, 0, 0);\">Perante o sil\u00eancio do Governo da Rep\u00fablica, o Executivo a\u00e7oriano tomou a iniciativa de enviar, a 11 de maio de 2012, uma proposta de revis\u00e3o das Obriga\u00e7\u00f5es de Servi\u00e7o P\u00fablico ao Gabinete do Ministro da Economia e Emprego.<\/span><\/p>\n<p style=\"text-align: justify;\"><span style=\"color: rgb(0, 0, 0);\">Cerca de um ano e meio depois da apresenta\u00e7\u00e3o da proposta, segundo V\u00edtor Fraga, \u201cconstatou-se a exist\u00eancia de v\u00e1rios erros de interpreta\u00e7\u00e3o da mesma por parte do Governo da Rep\u00fablica\u201d, tendo-se decidido \u201cconstituir um grupo de trabalho tripartido (Governo da Rep\u00fablica, Governo dos A\u00e7ores e INAC) com a miss\u00e3o de analisar e estudar alguns aspetos da proposta\u201d.<\/span><\/p>\n<p style=\"text-align: justify;\"><span style=\"color: rgb(0, 0, 0);\">O Secret\u00e1rio Regional salientou que este longo processo culminou na proposta consensualizada que deve agora ir a Conselho de Ministros, manifestando a satisfa\u00e7\u00e3o do Governo dos A\u00e7ores \u201cpelos resultados obtidos, nomeadamente na defini\u00e7\u00e3o deste novo modelo, que tem como base a proposta inicialmente entregue ao Governo da Rep\u00fablica, em maio de 2012\u201d.<\/span><\/p>\n<p style=\"text-align: justify;\"><span style=\"color: rgb(0, 0, 0);\">V\u00edtor Fraga informou ainda que o Governo dos A\u00e7ores est\u00e1 a trabalhar com a SATA, para que, \u201cdentro das regras do novo modelo, esta possa ser fortemente competitiva, sustent\u00e1vel e contribua de forma ativa para a cria\u00e7\u00e3o de riqueza na Regi\u00e3o, continuando a ser uma refer\u00eancia na presta\u00e7\u00e3o do servi\u00e7o de qualidade para todos os A\u00e7orianos\u201d.<\/span><\/p>\n<p style=\"text-align: justify;\"><span style=\"color: rgb(0, 0, 0);\">O Secret\u00e1rio Regional garantiu no entanto que o Governo dos A\u00e7ores n\u00e3o se ficar\u00e1 por aqui, estando j\u00e1 a trabalhar num novo regime de Obriga\u00e7\u00f5es de Servi\u00e7o P\u00fablico para as liga\u00e7\u00f5es inter-ilhas, \u201ccom vista a aumentar a capacidade de mobilidade dos A\u00e7orianos e de todos os que visitam\u201d o arquip\u00e9lago, \u201cprocurando simultaneamente a redu\u00e7\u00e3o do custo associado\u201d.<\/span><\/p>\n<p style=\"text-align: justify;\"><span style=\"color: rgb(0, 0, 0);\">A inten\u00e7\u00e3o \u00e9 fazer com que \u201ca partir do pr\u00f3ximo ver\u00e3o IATA, a Regi\u00e3o possua uma nova realidade ao n\u00edvel do transporte a\u00e9reo que continue a contribuir para potenciar o desenvolvimento de cada uma das ilhas\u201d, frisou Secret\u00e1rio Regional.<\/span><\/p>\n<p style=\"text-align: justify;\"><span style=\"color: rgb(0, 0, 0);\">V\u00edtor Fraga assegurou ainda que \u201co Governo dos A\u00e7ores continuar\u00e1 a trabalhar, sem falsos protagonismos, sem tentar usurpar o m\u00e9rito do trabalho de quem quer que seja, tendo sempre como \u00fanico objetivo alcan\u00e7ar as melhores solu\u00e7\u00f5es n\u00e3o s\u00f3 para o presente mas tamb\u00e9m para o futuro\u201d.<\/span><\/p>\n<p style=\"text-align: justify;\"><span style=\"color: rgb(0, 0, 0);\"><em>DL\/GaCS<\/em><\/span><\/p>","protected":false},"excerpt":{"rendered":"<p>O Secret\u00e1rio Regional do Turismo e Transportes apelou ao Governo da Rep\u00fablica para que seja cumprida a calendariza\u00e7\u00e3o prevista no processo de revis\u00e3o das Obriga\u00e7\u00f5es de Servi\u00e7o P\u00fablico de transporte a\u00e9reo de e para os A\u00e7ores. Numa comunica\u00e7\u00e3o do Governo \u00e0 Assembleia Legislativa da Regi\u00e3o Aut\u00f3noma dos A\u00e7ores, V\u00edtor Fraga lembrou que o Governo Regional [&hellip;]<\/p>","protected":false},"author":2,"featured_media":121820,"comment_status":"open","ping_status":"open","sticky":false,"template":"","format":"standard","meta":[],"categories":[21],"tags":[],"acf":[],"yoast_head":"<!-- This site is optimized with the Yoast SEO plugin v20.10 - https:\/\/yoast.com\/wordpress\/plugins\/seo\/ -->\n<title>V\u00edtor Fraga apela ao Governo da Rep\u00fablica para que cumpra calendariza\u00e7\u00e3o da revis\u00e3o das OSP - Di\u00e1rio da Lagoa<\/title>\n<meta name=\"robots\" content=\"index, follow, max-snippet:-1, max-image-preview:large, max-video-preview:-1\" \/>\n<link rel=\"canonical\" href=\"https:\/\/diariodalagoa.pt\/fr\/vitor-fraga-apela-ao-governo-da-republica-para-que-cumpra-calendarizacao-da-revisao-das-osp\/\" \/>\n<meta property=\"og:locale\" content=\"fr_FR\" \/>\n<meta property=\"og:type\" content=\"article\" \/>\n<meta property=\"og:title\" content=\"V\u00edtor Fraga apela ao Governo da Rep\u00fablica para que cumpra calendariza\u00e7\u00e3o da revis\u00e3o das OSP - Di\u00e1rio da Lagoa\" \/>\n<meta property=\"og:description\" content=\"O Secret\u00e1rio Regional do Turismo e Transportes apelou ao Governo da Rep\u00fablica para que seja cumprida a calendariza\u00e7\u00e3o prevista no processo de revis\u00e3o das Obriga\u00e7\u00f5es de Servi\u00e7o P\u00fablico de transporte a\u00e9reo de e para os A\u00e7ores. Numa comunica\u00e7\u00e3o do Governo \u00e0 Assembleia Legislativa da Regi\u00e3o Aut\u00f3noma dos A\u00e7ores, V\u00edtor Fraga lembrou que o Governo Regional [&hellip;]\" \/>\n<meta property=\"og:url\" content=\"https:\/\/diariodalagoa.pt\/fr\/vitor-fraga-apela-ao-governo-da-republica-para-que-cumpra-calendarizacao-da-revisao-das-osp\/\" \/>\n<meta property=\"og:site_name\" content=\"Di\u00e1rio da Lagoa\" \/>\n<meta property=\"article:published_time\" content=\"2014-09-09T14:58:45+00:00\" \/>\n<meta property=\"og:image\" content=\"https:\/\/diariodalagoa.pt\/wp-content\/uploads\/2014\/09\/vitor-fraga-alra-turismo-1.jpg\" \/>\n\t<meta property=\"og:image:width\" content=\"720\" \/>\n\t<meta property=\"og:image:height\" content=\"380\" \/>\n\t<meta property=\"og:image:type\" content=\"image\/jpeg\" \/>\n<meta name=\"author\" content=\"Di\u00e1rio da Lagoa\" \/>\n<meta name=\"twitter:card\" content=\"summary_large_image\" \/>\n<meta name=\"twitter:label1\" content=\"\u00c9crit par\" \/>\n\t<meta name=\"twitter:data1\" content=\"Di\u00e1rio da Lagoa\" \/>\n\t<meta name=\"twitter:label2\" content=\"Dur\u00e9e de lecture estim\u00e9e\" \/>\n\t<meta name=\"twitter:data2\" content=\"3 minutes\" \/>\n<script type=\"application\/ld+json\" class=\"yoast-schema-graph\">{\"@context\":\"https:\/\/schema.org\",\"@graph\":[{\"@type\":\"WebPage\",\"@id\":\"https:\/\/diariodalagoa.pt\/vitor-fraga-apela-ao-governo-da-republica-para-que-cumpra-calendarizacao-da-revisao-das-osp\/\",\"url\":\"https:\/\/diariodalagoa.pt\/vitor-fraga-apela-ao-governo-da-republica-para-que-cumpra-calendarizacao-da-revisao-das-osp\/\",\"name\":\"V\u00edtor Fraga apela ao Governo da Rep\u00fablica para que cumpra calendariza\u00e7\u00e3o da revis\u00e3o das OSP - Di\u00e1rio da Lagoa\",\"isPartOf\":{\"@id\":\"https:\/\/diariodalagoa.pt\/#website\"},\"datePublished\":\"2014-09-09T14:58:45+00:00\",\"dateModified\":\"2014-09-09T14:58:45+00:00\",\"author\":{\"@id\":\"https:\/\/diariodalagoa.pt\/#\/schema\/person\/1615a002370e8857b6f972834bc43ece\"},\"breadcrumb\":{\"@id\":\"https:\/\/diariodalagoa.pt\/vitor-fraga-apela-ao-governo-da-republica-para-que-cumpra-calendarizacao-da-revisao-das-osp\/#breadcrumb\"},\"inLanguage\":\"fr-FR\",\"potentialAction\":[{\"@type\":\"ReadAction\",\"target\":[\"https:\/\/diariodalagoa.pt\/vitor-fraga-apela-ao-governo-da-republica-para-que-cumpra-calendarizacao-da-revisao-das-osp\/\"]}]},{\"@type\":\"BreadcrumbList\",\"@id\":\"https:\/\/diariodalagoa.pt\/vitor-fraga-apela-ao-governo-da-republica-para-que-cumpra-calendarizacao-da-revisao-das-osp\/#breadcrumb\",\"itemListElement\":[{\"@type\":\"ListItem\",\"position\":1,\"name\":\"In\u00edcio\",\"item\":\"https:\/\/diariodalagoa.pt\/\"},{\"@type\":\"ListItem\",\"position\":2,\"name\":\"V\u00edtor Fraga apela ao Governo da Rep\u00fablica para que cumpra calendariza\u00e7\u00e3o da revis\u00e3o das OSP\"}]},{\"@type\":\"WebSite\",\"@id\":\"https:\/\/diariodalagoa.pt\/#website\",\"url\":\"https:\/\/diariodalagoa.pt\/\",\"name\":\"Di\u00e1rio da Lagoa\",\"description\":\"Di\u00e1rio da Lagoa. As not\u00edcias que contam. A partir da Lagoa, nos A\u00e7ores, para o mundo.\",\"potentialAction\":[{\"@type\":\"SearchAction\",\"target\":{\"@type\":\"EntryPoint\",\"urlTemplate\":\"https:\/\/diariodalagoa.pt\/?s={search_term_string}\"},\"query-input\":\"required name=search_term_string\"}],\"inLanguage\":\"fr-FR\"},{\"@type\":\"Person\",\"@id\":\"https:\/\/diariodalagoa.pt\/#\/schema\/person\/1615a002370e8857b6f972834bc43ece\",\"name\":\"Di\u00e1rio da Lagoa\",\"image\":{\"@type\":\"ImageObject\",\"inLanguage\":\"fr-FR\",\"@id\":\"https:\/\/diariodalagoa.pt\/#\/schema\/person\/image\/\",\"url\":\"https:\/\/secure.gravatar.com\/avatar\/2cb5cef90a26f8fbd4d9d930608102c5?s=96&d=mm&r=g\",\"contentUrl\":\"https:\/\/secure.gravatar.com\/avatar\/2cb5cef90a26f8fbd4d9d930608102c5?s=96&d=mm&r=g\",\"caption\":\"Di\u00e1rio da Lagoa\"},\"url\":\"https:\/\/diariodalagoa.pt\/fr\/author\/diariodalagoa\/\"}]}<\/script>\n<!-- \/ Yoast SEO plugin. -->","yoast_head_json":{"title":"V\u00edtor Fraga apela ao Governo da Rep\u00fablica para que cumpra calendariza\u00e7\u00e3o da revis\u00e3o das OSP - Di\u00e1rio da Lagoa","robots":{"index":"index","follow":"follow","max-snippet":"max-snippet:-1","max-image-preview":"max-image-preview:large","max-video-preview":"max-video-preview:-1"},"canonical":"https:\/\/diariodalagoa.pt\/fr\/vitor-fraga-apela-ao-governo-da-republica-para-que-cumpra-calendarizacao-da-revisao-das-osp\/","og_locale":"fr_FR","og_type":"article","og_title":"V\u00edtor Fraga apela ao Governo da Rep\u00fablica para que cumpra calendariza\u00e7\u00e3o da revis\u00e3o das OSP - Di\u00e1rio da Lagoa","og_description":"O Secret\u00e1rio Regional do Turismo e Transportes apelou ao Governo da Rep\u00fablica para que seja cumprida a calendariza\u00e7\u00e3o prevista no processo de revis\u00e3o das Obriga\u00e7\u00f5es de Servi\u00e7o P\u00fablico de transporte a\u00e9reo de e para os A\u00e7ores. Numa comunica\u00e7\u00e3o do Governo \u00e0 Assembleia Legislativa da Regi\u00e3o Aut\u00f3noma dos A\u00e7ores, V\u00edtor Fraga lembrou que o Governo Regional [&hellip;]","og_url":"https:\/\/diariodalagoa.pt\/fr\/vitor-fraga-apela-ao-governo-da-republica-para-que-cumpra-calendarizacao-da-revisao-das-osp\/","og_site_name":"Di\u00e1rio da Lagoa","article_published_time":"2014-09-09T14:58:45+00:00","og_image":[{"width":720,"height":380,"url":"https:\/\/diariodalagoa.pt\/wp-content\/uploads\/2014\/09\/vitor-fraga-alra-turismo-1.jpg","type":"image\/jpeg"}],"author":"Di\u00e1rio da Lagoa","twitter_card":"summary_large_image","twitter_misc":{"\u00c9crit par":"Di\u00e1rio da Lagoa","Dur\u00e9e de lecture estim\u00e9e":"3 minutes"},"schema":{"@context":"https:\/\/schema.org","@graph":[{"@type":"WebPage","@id":"https:\/\/diariodalagoa.pt\/vitor-fraga-apela-ao-governo-da-republica-para-que-cumpra-calendarizacao-da-revisao-das-osp\/","url":"https:\/\/diariodalagoa.pt\/vitor-fraga-apela-ao-governo-da-republica-para-que-cumpra-calendarizacao-da-revisao-das-osp\/","name":"V\u00edtor Fraga apela ao Governo da Rep\u00fablica para que cumpra calendariza\u00e7\u00e3o da revis\u00e3o das OSP - Di\u00e1rio da Lagoa","isPartOf":{"@id":"https:\/\/diariodalagoa.pt\/#website"},"datePublished":"2014-09-09T14:58:45+00:00","dateModified":"2014-09-09T14:58:45+00:00","author":{"@id":"https:\/\/diariodalagoa.pt\/#\/schema\/person\/1615a002370e8857b6f972834bc43ece"},"breadcrumb":{"@id":"https:\/\/diariodalagoa.pt\/vitor-fraga-apela-ao-governo-da-republica-para-que-cumpra-calendarizacao-da-revisao-das-osp\/#breadcrumb"},"inLanguage":"fr-FR","potentialAction":[{"@type":"ReadAction","target":["https:\/\/diariodalagoa.pt\/vitor-fraga-apela-ao-governo-da-republica-para-que-cumpra-calendarizacao-da-revisao-das-osp\/"]}]},{"@type":"BreadcrumbList","@id":"https:\/\/diariodalagoa.pt\/vitor-fraga-apela-ao-governo-da-republica-para-que-cumpra-calendarizacao-da-revisao-das-osp\/#breadcrumb","itemListElement":[{"@type":"ListItem","position":1,"name":"In\u00edcio","item":"https:\/\/diariodalagoa.pt\/"},{"@type":"ListItem","position":2,"name":"V\u00edtor Fraga apela ao Governo da Rep\u00fablica para que cumpra calendariza\u00e7\u00e3o da revis\u00e3o das OSP"}]},{"@type":"WebSite","@id":"https:\/\/diariodalagoa.pt\/#website","url":"https:\/\/diariodalagoa.pt\/","name":"Di\u00e1rio da Lagoa","description":"Di\u00e1rio da Lagoa. As not\u00edcias que contam. A partir da Lagoa, nos A\u00e7ores, para o mundo.","potentialAction":[{"@type":"SearchAction","target":{"@type":"EntryPoint","urlTemplate":"https:\/\/diariodalagoa.pt\/?s={search_term_string}"},"query-input":"required name=search_term_string"}],"inLanguage":"fr-FR"},{"@type":"Person","@id":"https:\/\/diariodalagoa.pt\/#\/schema\/person\/1615a002370e8857b6f972834bc43ece","name":"Di\u00e1rio da Lagoa","image":{"@type":"ImageObject","inLanguage":"fr-FR","@id":"https:\/\/diariodalagoa.pt\/#\/schema\/person\/image\/","url":"https:\/\/secure.gravatar.com\/avatar\/2cb5cef90a26f8fbd4d9d930608102c5?s=96&d=mm&r=g","contentUrl":"https:\/\/secure.gravatar.com\/avatar\/2cb5cef90a26f8fbd4d9d930608102c5?s=96&d=mm&r=g","caption":"Di\u00e1rio da Lagoa"},"url":"https:\/\/diariodalagoa.pt\/fr\/author\/diariodalagoa\/"}]}},"_links":{"self":[{"href":"https:\/\/diariodalagoa.pt\/fr\/wp-json\/wp\/v2\/posts\/8836"}],"collection":[{"href":"https:\/\/diariodalagoa.pt\/fr\/wp-json\/wp\/v2\/posts"}],"about":[{"href":"https:\/\/diariodalagoa.pt\/fr\/wp-json\/wp\/v2\/types\/post"}],"author":[{"embeddable":true,"href":"https:\/\/diariodalagoa.pt\/fr\/wp-json\/wp\/v2\/users\/2"}],"replies":[{"embeddable":true,"href":"https:\/\/diariodalagoa.pt\/fr\/wp-json\/wp\/v2\/comments?post=8836"}],"version-history":[{"count":0,"href":"https:\/\/diariodalagoa.pt\/fr\/wp-json\/wp\/v2\/posts\/8836\/revisions"}],"wp:featuredmedia":[{"embeddable":true,"href":"https:\/\/diariodalagoa.pt\/fr\/wp-json\/wp\/v2\/media\/121820"}],"wp:attachment":[{"href":"https:\/\/diariodalagoa.pt\/fr\/wp-json\/wp\/v2\/media?parent=8836"}],"wp:term":[{"taxonomy":"category","embeddable":true,"href":"https:\/\/diariodalagoa.pt\/fr\/wp-json\/wp\/v2\/categories?post=8836"},{"taxonomy":"post_tag","embeddable":true,"href":"https:\/\/diariodalagoa.pt\/fr\/wp-json\/wp\/v2\/tags?post=8836"}],"curies":[{"name":"wp","href":"https:\/\/api.w.org\/{rel}","templated":true}]}}