{"id":8773,"date":"2014-09-08T11:04:31","date_gmt":"2014-09-08T12:04:31","guid":{"rendered":"http:\/\/diariodalagoa.pt\/?p=8773"},"modified":"2014-09-08T11:04:31","modified_gmt":"2014-09-08T12:04:31","slug":"cooperacao-territorial-acores-madeira-canarias-vai-ser-estendida-a-mauritania-e-ao-senegal","status":"publish","type":"post","link":"https:\/\/diariodalagoa.pt\/fr\/cooperacao-territorial-acores-madeira-canarias-vai-ser-estendida-a-mauritania-e-ao-senegal\/","title":{"rendered":"Coopera\u00e7\u00e3o territorial A\u00e7ores-Madeira-Can\u00e1rias vai ser estendida \u00e0 Maurit\u00e2nia e ao Senegal"},"content":{"rendered":"<p style=\"text-align: justify;\"><img decoding=\"async\" class=\"alignnone size-full wp-image-8180\" src=\"http:\/\/diariodalagoa.pt\/wp-content\/uploads\/2014\/08\/Lagoa-fogo-turismo-A\u00e7ores.jpg\" alt=\"Lagoa-fogo-turismo-A\u00e7ores\" width=\"720\" height=\"379\" \/><\/p>\n<p style=\"text-align: justify;\"><span style=\"color: #000000;\">O novo Programa de Coopera\u00e7\u00e3o Territorial Madeira-A\u00e7ores-Can\u00e1rias para o per\u00edodo de programa\u00e7\u00e3o comunit\u00e1rio 2014-2020 vai ser submetido \u00e0 aprova\u00e7\u00e3o da Comiss\u00e3o Europeia\u00a0a 22 de setembro.\u00a0<\/span><\/p>\n<p style=\"text-align: justify;\"><span style=\"color: #000000;\">O documento esteve a ser objeto de acerto dos \u00faltimos detalhes sobre conte\u00fados e \u00e2mbito do novo programa num\u00a0reuni\u00e3o realizada em Madrid, com a participa\u00e7\u00e3o de uma representa\u00e7\u00e3o do Governo dos A\u00e7ores liderada por Rui Amman, Diretor Regional do Planeamento e Fundos Estruturais, um departamento da Vice-Presid\u00eancia.\u00a0<\/span><\/p>\n<p style=\"text-align: justify;\"><span style=\"color: #000000;\">No encontro esteve em particular destaque a an\u00e1lise dos contributos obtidos de entidades regionais, decorrentes do processo de consulta p\u00fablica efetuado \u00e0 vers\u00e3o preliminar do Programa, os quais foram tidos em conta na reavalia\u00e7\u00e3o das propostas.\u00a0<\/span><\/p>\n<p style=\"text-align: justify;\"><span style=\"color: #000000;\">Neste novo per\u00edodo, para al\u00e9m da participa\u00e7\u00e3o das Regi\u00f5es Ultraperif\u00e9ricas da Madeira, dos A\u00e7ores e das Can\u00e1rias, o espa\u00e7o de coopera\u00e7\u00e3o foi alargado a pa\u00edses terceiros, designadamente Cabo Verde, Maurit\u00e2nia e Senegal, tendo como objetivo aumentar o espa\u00e7o natural de influ\u00eancia socioecon\u00f3mica e cultural e as possibilidades de coopera\u00e7\u00e3o efetivas entre as regi\u00f5es.\u00a0<\/span><\/p>\n<p style=\"text-align: justify;\"><span style=\"color: #000000;\">Com estas altera\u00e7\u00f5es, os promotores de projetos dos A\u00e7ores, desde que em parceria com parceiros das Can\u00e1rias e\/ou daqueles pa\u00edses, poder\u00e3o desenvolver a\u00e7\u00f5es e projetos de coopera\u00e7\u00e3o que ultrapassem as fronteiras europeias, abarcando qualquer espa\u00e7o a n\u00edvel mundial, o que projeta o interesse desta possibilidade, designadamente na \u00e1rea da internacionaliza\u00e7\u00e3o.\u00a0<\/span><\/p>\n<p style=\"text-align: justify;\"><span style=\"color: #000000;\">Este novo programa, financiado pelo fundo estrutural comunit\u00e1rio FEDER com uma dota\u00e7\u00e3o para os A\u00e7ores de mais de 11 milh\u00f5es de euros, tamb\u00e9m prev\u00ea interven\u00e7\u00f5es nas tem\u00e1ticas relacionadas com a valoriza\u00e7\u00e3o do conhecimento, atrav\u00e9s da investiga\u00e7\u00e3o e inova\u00e7\u00e3o.\u00a0<\/span><\/p>\n<p style=\"text-align: justify;\"><span style=\"color: #000000;\">Est\u00e1 igualmente prevista a sua capacidade de integra\u00e7\u00e3o em redes de conhecimento, com a melhoria da competitividade das PME em mat\u00e9ria de adapta\u00e7\u00e3o \u00e0s altera\u00e7\u00f5es clim\u00e1ticas e preven\u00e7\u00e3o e gest\u00e3o de riscos, com a prote\u00e7\u00e3o do meio ambiente e a efici\u00eancia dos recursos e com a capacidade institucional e efici\u00eancia da administra\u00e7\u00e3o p\u00fablica, abrindo-se novas oportunidades aos promotores a\u00e7orianos.<\/span><\/p>\n<p style=\"text-align: justify;\"><span style=\"color: #000000;\"><em>DL\/GaCs<\/em><\/span><\/p>","protected":false},"excerpt":{"rendered":"<p>O novo Programa de Coopera\u00e7\u00e3o Territorial Madeira-A\u00e7ores-Can\u00e1rias para o per\u00edodo de programa\u00e7\u00e3o comunit\u00e1rio 2014-2020 vai ser submetido \u00e0 aprova\u00e7\u00e3o da Comiss\u00e3o Europeia\u00a0a 22 de setembro.\u00a0 O documento esteve a ser objeto de acerto dos \u00faltimos detalhes sobre conte\u00fados e \u00e2mbito do novo programa num\u00a0reuni\u00e3o realizada em Madrid, com a participa\u00e7\u00e3o de uma representa\u00e7\u00e3o do Governo [&hellip;]<\/p>","protected":false},"author":2,"featured_media":0,"comment_status":"open","ping_status":"open","sticky":false,"template":"","format":"standard","meta":[],"categories":[21],"tags":[],"acf":[],"yoast_head":"<!-- This site is optimized with the Yoast SEO plugin v20.10 - https:\/\/yoast.com\/wordpress\/plugins\/seo\/ -->\n<title>Coopera\u00e7\u00e3o territorial A\u00e7ores-Madeira-Can\u00e1rias vai ser estendida \u00e0 Maurit\u00e2nia e ao Senegal - Di\u00e1rio da Lagoa<\/title>\n<meta name=\"robots\" content=\"index, follow, max-snippet:-1, max-image-preview:large, max-video-preview:-1\" \/>\n<link rel=\"canonical\" href=\"https:\/\/diariodalagoa.pt\/fr\/cooperacao-territorial-acores-madeira-canarias-vai-ser-estendida-a-mauritania-e-ao-senegal\/\" \/>\n<meta property=\"og:locale\" content=\"fr_FR\" \/>\n<meta property=\"og:type\" content=\"article\" \/>\n<meta property=\"og:title\" content=\"Coopera\u00e7\u00e3o territorial A\u00e7ores-Madeira-Can\u00e1rias vai ser estendida \u00e0 Maurit\u00e2nia e ao Senegal - Di\u00e1rio da Lagoa\" \/>\n<meta property=\"og:description\" content=\"O novo Programa de Coopera\u00e7\u00e3o Territorial Madeira-A\u00e7ores-Can\u00e1rias para o per\u00edodo de programa\u00e7\u00e3o comunit\u00e1rio 2014-2020 vai ser submetido \u00e0 aprova\u00e7\u00e3o da Comiss\u00e3o Europeia\u00a0a 22 de setembro.\u00a0 O documento esteve a ser objeto de acerto dos \u00faltimos detalhes sobre conte\u00fados e \u00e2mbito do novo programa num\u00a0reuni\u00e3o realizada em Madrid, com a participa\u00e7\u00e3o de uma representa\u00e7\u00e3o do Governo [&hellip;]\" \/>\n<meta property=\"og:url\" content=\"https:\/\/diariodalagoa.pt\/fr\/cooperacao-territorial-acores-madeira-canarias-vai-ser-estendida-a-mauritania-e-ao-senegal\/\" \/>\n<meta property=\"og:site_name\" content=\"Di\u00e1rio da Lagoa\" \/>\n<meta property=\"article:published_time\" content=\"2014-09-08T12:04:31+00:00\" \/>\n<meta name=\"author\" content=\"Di\u00e1rio da Lagoa\" \/>\n<meta name=\"twitter:card\" content=\"summary_large_image\" \/>\n<meta name=\"twitter:label1\" content=\"\u00c9crit par\" \/>\n\t<meta name=\"twitter:data1\" content=\"Di\u00e1rio da Lagoa\" \/>\n\t<meta name=\"twitter:label2\" content=\"Dur\u00e9e de lecture estim\u00e9e\" \/>\n\t<meta name=\"twitter:data2\" content=\"2 minutes\" \/>\n<script type=\"application\/ld+json\" class=\"yoast-schema-graph\">{\"@context\":\"https:\/\/schema.org\",\"@graph\":[{\"@type\":\"WebPage\",\"@id\":\"https:\/\/diariodalagoa.pt\/cooperacao-territorial-acores-madeira-canarias-vai-ser-estendida-a-mauritania-e-ao-senegal\/\",\"url\":\"https:\/\/diariodalagoa.pt\/cooperacao-territorial-acores-madeira-canarias-vai-ser-estendida-a-mauritania-e-ao-senegal\/\",\"name\":\"Coopera\u00e7\u00e3o territorial A\u00e7ores-Madeira-Can\u00e1rias vai ser estendida \u00e0 Maurit\u00e2nia e ao Senegal - Di\u00e1rio da Lagoa\",\"isPartOf\":{\"@id\":\"https:\/\/diariodalagoa.pt\/#website\"},\"datePublished\":\"2014-09-08T12:04:31+00:00\",\"dateModified\":\"2014-09-08T12:04:31+00:00\",\"author\":{\"@id\":\"https:\/\/diariodalagoa.pt\/#\/schema\/person\/1615a002370e8857b6f972834bc43ece\"},\"breadcrumb\":{\"@id\":\"https:\/\/diariodalagoa.pt\/cooperacao-territorial-acores-madeira-canarias-vai-ser-estendida-a-mauritania-e-ao-senegal\/#breadcrumb\"},\"inLanguage\":\"fr-FR\",\"potentialAction\":[{\"@type\":\"ReadAction\",\"target\":[\"https:\/\/diariodalagoa.pt\/cooperacao-territorial-acores-madeira-canarias-vai-ser-estendida-a-mauritania-e-ao-senegal\/\"]}]},{\"@type\":\"BreadcrumbList\",\"@id\":\"https:\/\/diariodalagoa.pt\/cooperacao-territorial-acores-madeira-canarias-vai-ser-estendida-a-mauritania-e-ao-senegal\/#breadcrumb\",\"itemListElement\":[{\"@type\":\"ListItem\",\"position\":1,\"name\":\"In\u00edcio\",\"item\":\"https:\/\/diariodalagoa.pt\/\"},{\"@type\":\"ListItem\",\"position\":2,\"name\":\"Coopera\u00e7\u00e3o territorial A\u00e7ores-Madeira-Can\u00e1rias vai ser estendida \u00e0 Maurit\u00e2nia e ao Senegal\"}]},{\"@type\":\"WebSite\",\"@id\":\"https:\/\/diariodalagoa.pt\/#website\",\"url\":\"https:\/\/diariodalagoa.pt\/\",\"name\":\"Di\u00e1rio da Lagoa\",\"description\":\"Di\u00e1rio da Lagoa. As not\u00edcias que contam. A partir da Lagoa, nos A\u00e7ores, para o mundo.\",\"potentialAction\":[{\"@type\":\"SearchAction\",\"target\":{\"@type\":\"EntryPoint\",\"urlTemplate\":\"https:\/\/diariodalagoa.pt\/?s={search_term_string}\"},\"query-input\":\"required name=search_term_string\"}],\"inLanguage\":\"fr-FR\"},{\"@type\":\"Person\",\"@id\":\"https:\/\/diariodalagoa.pt\/#\/schema\/person\/1615a002370e8857b6f972834bc43ece\",\"name\":\"Di\u00e1rio da Lagoa\",\"image\":{\"@type\":\"ImageObject\",\"inLanguage\":\"fr-FR\",\"@id\":\"https:\/\/diariodalagoa.pt\/#\/schema\/person\/image\/\",\"url\":\"https:\/\/secure.gravatar.com\/avatar\/2cb5cef90a26f8fbd4d9d930608102c5?s=96&d=mm&r=g\",\"contentUrl\":\"https:\/\/secure.gravatar.com\/avatar\/2cb5cef90a26f8fbd4d9d930608102c5?s=96&d=mm&r=g\",\"caption\":\"Di\u00e1rio da Lagoa\"},\"url\":\"https:\/\/diariodalagoa.pt\/fr\/author\/diariodalagoa\/\"}]}<\/script>\n<!-- \/ Yoast SEO plugin. -->","yoast_head_json":{"title":"Coopera\u00e7\u00e3o territorial A\u00e7ores-Madeira-Can\u00e1rias vai ser estendida \u00e0 Maurit\u00e2nia e ao Senegal - Di\u00e1rio da Lagoa","robots":{"index":"index","follow":"follow","max-snippet":"max-snippet:-1","max-image-preview":"max-image-preview:large","max-video-preview":"max-video-preview:-1"},"canonical":"https:\/\/diariodalagoa.pt\/fr\/cooperacao-territorial-acores-madeira-canarias-vai-ser-estendida-a-mauritania-e-ao-senegal\/","og_locale":"fr_FR","og_type":"article","og_title":"Coopera\u00e7\u00e3o territorial A\u00e7ores-Madeira-Can\u00e1rias vai ser estendida \u00e0 Maurit\u00e2nia e ao Senegal - Di\u00e1rio da Lagoa","og_description":"O novo Programa de Coopera\u00e7\u00e3o Territorial Madeira-A\u00e7ores-Can\u00e1rias para o per\u00edodo de programa\u00e7\u00e3o comunit\u00e1rio 2014-2020 vai ser submetido \u00e0 aprova\u00e7\u00e3o da Comiss\u00e3o Europeia\u00a0a 22 de setembro.\u00a0 O documento esteve a ser objeto de acerto dos \u00faltimos detalhes sobre conte\u00fados e \u00e2mbito do novo programa num\u00a0reuni\u00e3o realizada em Madrid, com a participa\u00e7\u00e3o de uma representa\u00e7\u00e3o do Governo [&hellip;]","og_url":"https:\/\/diariodalagoa.pt\/fr\/cooperacao-territorial-acores-madeira-canarias-vai-ser-estendida-a-mauritania-e-ao-senegal\/","og_site_name":"Di\u00e1rio da Lagoa","article_published_time":"2014-09-08T12:04:31+00:00","author":"Di\u00e1rio da Lagoa","twitter_card":"summary_large_image","twitter_misc":{"\u00c9crit par":"Di\u00e1rio da Lagoa","Dur\u00e9e de lecture estim\u00e9e":"2 minutes"},"schema":{"@context":"https:\/\/schema.org","@graph":[{"@type":"WebPage","@id":"https:\/\/diariodalagoa.pt\/cooperacao-territorial-acores-madeira-canarias-vai-ser-estendida-a-mauritania-e-ao-senegal\/","url":"https:\/\/diariodalagoa.pt\/cooperacao-territorial-acores-madeira-canarias-vai-ser-estendida-a-mauritania-e-ao-senegal\/","name":"Coopera\u00e7\u00e3o territorial A\u00e7ores-Madeira-Can\u00e1rias vai ser estendida \u00e0 Maurit\u00e2nia e ao Senegal - Di\u00e1rio da Lagoa","isPartOf":{"@id":"https:\/\/diariodalagoa.pt\/#website"},"datePublished":"2014-09-08T12:04:31+00:00","dateModified":"2014-09-08T12:04:31+00:00","author":{"@id":"https:\/\/diariodalagoa.pt\/#\/schema\/person\/1615a002370e8857b6f972834bc43ece"},"breadcrumb":{"@id":"https:\/\/diariodalagoa.pt\/cooperacao-territorial-acores-madeira-canarias-vai-ser-estendida-a-mauritania-e-ao-senegal\/#breadcrumb"},"inLanguage":"fr-FR","potentialAction":[{"@type":"ReadAction","target":["https:\/\/diariodalagoa.pt\/cooperacao-territorial-acores-madeira-canarias-vai-ser-estendida-a-mauritania-e-ao-senegal\/"]}]},{"@type":"BreadcrumbList","@id":"https:\/\/diariodalagoa.pt\/cooperacao-territorial-acores-madeira-canarias-vai-ser-estendida-a-mauritania-e-ao-senegal\/#breadcrumb","itemListElement":[{"@type":"ListItem","position":1,"name":"In\u00edcio","item":"https:\/\/diariodalagoa.pt\/"},{"@type":"ListItem","position":2,"name":"Coopera\u00e7\u00e3o territorial A\u00e7ores-Madeira-Can\u00e1rias vai ser estendida \u00e0 Maurit\u00e2nia e ao Senegal"}]},{"@type":"WebSite","@id":"https:\/\/diariodalagoa.pt\/#website","url":"https:\/\/diariodalagoa.pt\/","name":"Di\u00e1rio da Lagoa","description":"Di\u00e1rio da Lagoa. As not\u00edcias que contam. A partir da Lagoa, nos A\u00e7ores, para o mundo.","potentialAction":[{"@type":"SearchAction","target":{"@type":"EntryPoint","urlTemplate":"https:\/\/diariodalagoa.pt\/?s={search_term_string}"},"query-input":"required name=search_term_string"}],"inLanguage":"fr-FR"},{"@type":"Person","@id":"https:\/\/diariodalagoa.pt\/#\/schema\/person\/1615a002370e8857b6f972834bc43ece","name":"Di\u00e1rio da Lagoa","image":{"@type":"ImageObject","inLanguage":"fr-FR","@id":"https:\/\/diariodalagoa.pt\/#\/schema\/person\/image\/","url":"https:\/\/secure.gravatar.com\/avatar\/2cb5cef90a26f8fbd4d9d930608102c5?s=96&d=mm&r=g","contentUrl":"https:\/\/secure.gravatar.com\/avatar\/2cb5cef90a26f8fbd4d9d930608102c5?s=96&d=mm&r=g","caption":"Di\u00e1rio da Lagoa"},"url":"https:\/\/diariodalagoa.pt\/fr\/author\/diariodalagoa\/"}]}},"_links":{"self":[{"href":"https:\/\/diariodalagoa.pt\/fr\/wp-json\/wp\/v2\/posts\/8773"}],"collection":[{"href":"https:\/\/diariodalagoa.pt\/fr\/wp-json\/wp\/v2\/posts"}],"about":[{"href":"https:\/\/diariodalagoa.pt\/fr\/wp-json\/wp\/v2\/types\/post"}],"author":[{"embeddable":true,"href":"https:\/\/diariodalagoa.pt\/fr\/wp-json\/wp\/v2\/users\/2"}],"replies":[{"embeddable":true,"href":"https:\/\/diariodalagoa.pt\/fr\/wp-json\/wp\/v2\/comments?post=8773"}],"version-history":[{"count":0,"href":"https:\/\/diariodalagoa.pt\/fr\/wp-json\/wp\/v2\/posts\/8773\/revisions"}],"wp:attachment":[{"href":"https:\/\/diariodalagoa.pt\/fr\/wp-json\/wp\/v2\/media?parent=8773"}],"wp:term":[{"taxonomy":"category","embeddable":true,"href":"https:\/\/diariodalagoa.pt\/fr\/wp-json\/wp\/v2\/categories?post=8773"},{"taxonomy":"post_tag","embeddable":true,"href":"https:\/\/diariodalagoa.pt\/fr\/wp-json\/wp\/v2\/tags?post=8773"}],"curies":[{"name":"wp","href":"https:\/\/api.w.org\/{rel}","templated":true}]}}