{"id":8719,"date":"2014-09-05T17:41:55","date_gmt":"2014-09-05T18:41:55","guid":{"rendered":"http:\/\/diariodalagoa.pt\/?p=8719"},"modified":"2014-09-05T17:41:55","modified_gmt":"2014-09-05T18:41:55","slug":"fausto-brito-e-abreu-salienta-importancia-da-dignificacao-do-trabalho-das-mulheres-na-pesca","status":"publish","type":"post","link":"https:\/\/diariodalagoa.pt\/fr\/fausto-brito-e-abreu-salienta-importancia-da-dignificacao-do-trabalho-das-mulheres-na-pesca\/","title":{"rendered":"Fausto Brito e Abreu salienta import\u00e2ncia da dignifica\u00e7\u00e3o do trabalho das mulheres na pesca\u00a0"},"content":{"rendered":"<p style=\"text-align: justify;\"><img decoding=\"async\" class=\"alignnone size-full wp-image-8721\" src=\"http:\/\/diariodalagoa.pt\/wp-content\/uploads\/2014\/09\/Fausto-Brito-Abreu-Mar-pescas-rede-.jpg\" alt=\"Fausto-Brito-Abreu-Mar-pescas-rede-\" width=\"720\" height=\"380\" \/><\/p>\n<p style=\"text-align: justify;\"><span style=\"color: #000000;\">O Secretario Regional do Mar, Ci\u00eancia e Tecnologia esteve reunido com a Associa\u00e7\u00e3o\u00a0Ilhas em Rede num encontro em que foram analisadas algumas das preocupa\u00e7\u00f5es da institui\u00e7\u00e3o relacionadas com a atividade da pesca nos A\u00e7ores, a promo\u00e7\u00e3o das mulheres na pesca e a igualdade.\u00a0<\/span><\/p>\n<p style=\"text-align: justify;\"><span style=\"color: #000000;\">Fausto Brito e Abreu, em declara\u00e7\u00f5es aos jornalistas,\u00a0frisou que o Governo do A\u00e7ores considera importante a atividade desta associa\u00e7\u00e3o, que tem vindo apoiar financeiramente,\u00a0salientando o facto de \u201cdivulgar e partilhar algumas experi\u00eancias de sucesso entre ilhas\u201d.\u00a0<\/span><\/p>\n<p style=\"text-align: justify;\"><span style=\"color: #000000;\">A Associa\u00e7\u00e3o Ilhas em Rede, criada h\u00e1\u00a0seis anos, integra cerca de\u00a0meia centena\u00a0de mulheres do setor das pescas de todas as ilhas dos A\u00e7ores.\u00a0<\/span><\/p>\n<p style=\"text-align: justify;\"><span style=\"color: #000000;\">O objetivo desta associa\u00e7\u00e3o sem fins lucrativos \u00e9 valorizar a profiss\u00e3o, apoiar e promover a realiza\u00e7\u00e3o de estudos, publica\u00e7\u00f5es, semin\u00e1rios, debates e outras a\u00e7\u00f5es que contribuam para a igualdade do g\u00e9nero no setor das pescas.<\/span><\/p>\n<p style=\"text-align: justify;\"><span style=\"color: #000000;\"><em>DL\/GaCS<\/em><\/span><\/p>","protected":false},"excerpt":{"rendered":"<p>O Secretario Regional do Mar, Ci\u00eancia e Tecnologia esteve reunido com a Associa\u00e7\u00e3o\u00a0Ilhas em Rede num encontro em que foram analisadas algumas das preocupa\u00e7\u00f5es da institui\u00e7\u00e3o relacionadas com a atividade da pesca nos A\u00e7ores, a promo\u00e7\u00e3o das mulheres na pesca e a igualdade.\u00a0 Fausto Brito e Abreu, em declara\u00e7\u00f5es aos jornalistas,\u00a0frisou que o Governo do [&hellip;]<\/p>","protected":false},"author":2,"featured_media":121824,"comment_status":"open","ping_status":"open","sticky":false,"template":"","format":"standard","meta":[],"categories":[21],"tags":[],"acf":[],"yoast_head":"<!-- This site is optimized with the Yoast SEO plugin v20.10 - https:\/\/yoast.com\/wordpress\/plugins\/seo\/ -->\n<title>Fausto Brito e Abreu salienta import\u00e2ncia da dignifica\u00e7\u00e3o do trabalho das mulheres na pesca\u00a0 - Di\u00e1rio da Lagoa<\/title>\n<meta name=\"robots\" content=\"index, follow, max-snippet:-1, max-image-preview:large, max-video-preview:-1\" \/>\n<link rel=\"canonical\" href=\"https:\/\/diariodalagoa.pt\/fr\/fausto-brito-e-abreu-salienta-importancia-da-dignificacao-do-trabalho-das-mulheres-na-pesca\/\" \/>\n<meta property=\"og:locale\" content=\"fr_FR\" \/>\n<meta property=\"og:type\" content=\"article\" \/>\n<meta property=\"og:title\" content=\"Fausto Brito e Abreu salienta import\u00e2ncia da dignifica\u00e7\u00e3o do trabalho das mulheres na pesca\u00a0 - Di\u00e1rio da Lagoa\" \/>\n<meta property=\"og:description\" content=\"O Secretario Regional do Mar, Ci\u00eancia e Tecnologia esteve reunido com a Associa\u00e7\u00e3o\u00a0Ilhas em Rede num encontro em que foram analisadas algumas das preocupa\u00e7\u00f5es da institui\u00e7\u00e3o relacionadas com a atividade da pesca nos A\u00e7ores, a promo\u00e7\u00e3o das mulheres na pesca e a igualdade.\u00a0 Fausto Brito e Abreu, em declara\u00e7\u00f5es aos jornalistas,\u00a0frisou que o Governo do [&hellip;]\" \/>\n<meta property=\"og:url\" content=\"https:\/\/diariodalagoa.pt\/fr\/fausto-brito-e-abreu-salienta-importancia-da-dignificacao-do-trabalho-das-mulheres-na-pesca\/\" \/>\n<meta property=\"og:site_name\" content=\"Di\u00e1rio da Lagoa\" \/>\n<meta property=\"article:published_time\" content=\"2014-09-05T18:41:55+00:00\" \/>\n<meta property=\"og:image\" content=\"https:\/\/diariodalagoa.pt\/wp-content\/uploads\/2014\/09\/fausto-brito-abreu-mar-pescas-rede-1.jpg\" \/>\n\t<meta property=\"og:image:width\" content=\"720\" \/>\n\t<meta property=\"og:image:height\" content=\"380\" \/>\n\t<meta property=\"og:image:type\" content=\"image\/jpeg\" \/>\n<meta name=\"author\" content=\"Di\u00e1rio da Lagoa\" \/>\n<meta name=\"twitter:card\" content=\"summary_large_image\" \/>\n<meta name=\"twitter:label1\" content=\"\u00c9crit par\" \/>\n\t<meta name=\"twitter:data1\" content=\"Di\u00e1rio da Lagoa\" \/>\n\t<meta name=\"twitter:label2\" content=\"Dur\u00e9e de lecture estim\u00e9e\" \/>\n\t<meta name=\"twitter:data2\" content=\"1 minute\" \/>\n<script type=\"application\/ld+json\" class=\"yoast-schema-graph\">{\"@context\":\"https:\/\/schema.org\",\"@graph\":[{\"@type\":\"WebPage\",\"@id\":\"https:\/\/diariodalagoa.pt\/fausto-brito-e-abreu-salienta-importancia-da-dignificacao-do-trabalho-das-mulheres-na-pesca\/\",\"url\":\"https:\/\/diariodalagoa.pt\/fausto-brito-e-abreu-salienta-importancia-da-dignificacao-do-trabalho-das-mulheres-na-pesca\/\",\"name\":\"Fausto Brito e Abreu salienta import\u00e2ncia da dignifica\u00e7\u00e3o do trabalho das mulheres na pesca\u00a0 - Di\u00e1rio da Lagoa\",\"isPartOf\":{\"@id\":\"https:\/\/diariodalagoa.pt\/#website\"},\"datePublished\":\"2014-09-05T18:41:55+00:00\",\"dateModified\":\"2014-09-05T18:41:55+00:00\",\"author\":{\"@id\":\"https:\/\/diariodalagoa.pt\/#\/schema\/person\/1615a002370e8857b6f972834bc43ece\"},\"breadcrumb\":{\"@id\":\"https:\/\/diariodalagoa.pt\/fausto-brito-e-abreu-salienta-importancia-da-dignificacao-do-trabalho-das-mulheres-na-pesca\/#breadcrumb\"},\"inLanguage\":\"fr-FR\",\"potentialAction\":[{\"@type\":\"ReadAction\",\"target\":[\"https:\/\/diariodalagoa.pt\/fausto-brito-e-abreu-salienta-importancia-da-dignificacao-do-trabalho-das-mulheres-na-pesca\/\"]}]},{\"@type\":\"BreadcrumbList\",\"@id\":\"https:\/\/diariodalagoa.pt\/fausto-brito-e-abreu-salienta-importancia-da-dignificacao-do-trabalho-das-mulheres-na-pesca\/#breadcrumb\",\"itemListElement\":[{\"@type\":\"ListItem\",\"position\":1,\"name\":\"In\u00edcio\",\"item\":\"https:\/\/diariodalagoa.pt\/\"},{\"@type\":\"ListItem\",\"position\":2,\"name\":\"Fausto Brito e Abreu salienta import\u00e2ncia da dignifica\u00e7\u00e3o do trabalho das mulheres na pesca\u00a0\"}]},{\"@type\":\"WebSite\",\"@id\":\"https:\/\/diariodalagoa.pt\/#website\",\"url\":\"https:\/\/diariodalagoa.pt\/\",\"name\":\"Di\u00e1rio da Lagoa\",\"description\":\"Di\u00e1rio da Lagoa. As not\u00edcias que contam. A partir da Lagoa, nos A\u00e7ores, para o mundo.\",\"potentialAction\":[{\"@type\":\"SearchAction\",\"target\":{\"@type\":\"EntryPoint\",\"urlTemplate\":\"https:\/\/diariodalagoa.pt\/?s={search_term_string}\"},\"query-input\":\"required name=search_term_string\"}],\"inLanguage\":\"fr-FR\"},{\"@type\":\"Person\",\"@id\":\"https:\/\/diariodalagoa.pt\/#\/schema\/person\/1615a002370e8857b6f972834bc43ece\",\"name\":\"Di\u00e1rio da Lagoa\",\"image\":{\"@type\":\"ImageObject\",\"inLanguage\":\"fr-FR\",\"@id\":\"https:\/\/diariodalagoa.pt\/#\/schema\/person\/image\/\",\"url\":\"https:\/\/secure.gravatar.com\/avatar\/2cb5cef90a26f8fbd4d9d930608102c5?s=96&d=mm&r=g\",\"contentUrl\":\"https:\/\/secure.gravatar.com\/avatar\/2cb5cef90a26f8fbd4d9d930608102c5?s=96&d=mm&r=g\",\"caption\":\"Di\u00e1rio da Lagoa\"},\"url\":\"https:\/\/diariodalagoa.pt\/fr\/author\/diariodalagoa\/\"}]}<\/script>\n<!-- \/ Yoast SEO plugin. -->","yoast_head_json":{"title":"Fausto Brito e Abreu salienta import\u00e2ncia da dignifica\u00e7\u00e3o do trabalho das mulheres na pesca\u00a0 - Di\u00e1rio da Lagoa","robots":{"index":"index","follow":"follow","max-snippet":"max-snippet:-1","max-image-preview":"max-image-preview:large","max-video-preview":"max-video-preview:-1"},"canonical":"https:\/\/diariodalagoa.pt\/fr\/fausto-brito-e-abreu-salienta-importancia-da-dignificacao-do-trabalho-das-mulheres-na-pesca\/","og_locale":"fr_FR","og_type":"article","og_title":"Fausto Brito e Abreu salienta import\u00e2ncia da dignifica\u00e7\u00e3o do trabalho das mulheres na pesca\u00a0 - Di\u00e1rio da Lagoa","og_description":"O Secretario Regional do Mar, Ci\u00eancia e Tecnologia esteve reunido com a Associa\u00e7\u00e3o\u00a0Ilhas em Rede num encontro em que foram analisadas algumas das preocupa\u00e7\u00f5es da institui\u00e7\u00e3o relacionadas com a atividade da pesca nos A\u00e7ores, a promo\u00e7\u00e3o das mulheres na pesca e a igualdade.\u00a0 Fausto Brito e Abreu, em declara\u00e7\u00f5es aos jornalistas,\u00a0frisou que o Governo do [&hellip;]","og_url":"https:\/\/diariodalagoa.pt\/fr\/fausto-brito-e-abreu-salienta-importancia-da-dignificacao-do-trabalho-das-mulheres-na-pesca\/","og_site_name":"Di\u00e1rio da Lagoa","article_published_time":"2014-09-05T18:41:55+00:00","og_image":[{"width":720,"height":380,"url":"https:\/\/diariodalagoa.pt\/wp-content\/uploads\/2014\/09\/fausto-brito-abreu-mar-pescas-rede-1.jpg","type":"image\/jpeg"}],"author":"Di\u00e1rio da Lagoa","twitter_card":"summary_large_image","twitter_misc":{"\u00c9crit par":"Di\u00e1rio da Lagoa","Dur\u00e9e de lecture estim\u00e9e":"1 minute"},"schema":{"@context":"https:\/\/schema.org","@graph":[{"@type":"WebPage","@id":"https:\/\/diariodalagoa.pt\/fausto-brito-e-abreu-salienta-importancia-da-dignificacao-do-trabalho-das-mulheres-na-pesca\/","url":"https:\/\/diariodalagoa.pt\/fausto-brito-e-abreu-salienta-importancia-da-dignificacao-do-trabalho-das-mulheres-na-pesca\/","name":"Fausto Brito e Abreu salienta import\u00e2ncia da dignifica\u00e7\u00e3o do trabalho das mulheres na pesca\u00a0 - Di\u00e1rio da Lagoa","isPartOf":{"@id":"https:\/\/diariodalagoa.pt\/#website"},"datePublished":"2014-09-05T18:41:55+00:00","dateModified":"2014-09-05T18:41:55+00:00","author":{"@id":"https:\/\/diariodalagoa.pt\/#\/schema\/person\/1615a002370e8857b6f972834bc43ece"},"breadcrumb":{"@id":"https:\/\/diariodalagoa.pt\/fausto-brito-e-abreu-salienta-importancia-da-dignificacao-do-trabalho-das-mulheres-na-pesca\/#breadcrumb"},"inLanguage":"fr-FR","potentialAction":[{"@type":"ReadAction","target":["https:\/\/diariodalagoa.pt\/fausto-brito-e-abreu-salienta-importancia-da-dignificacao-do-trabalho-das-mulheres-na-pesca\/"]}]},{"@type":"BreadcrumbList","@id":"https:\/\/diariodalagoa.pt\/fausto-brito-e-abreu-salienta-importancia-da-dignificacao-do-trabalho-das-mulheres-na-pesca\/#breadcrumb","itemListElement":[{"@type":"ListItem","position":1,"name":"In\u00edcio","item":"https:\/\/diariodalagoa.pt\/"},{"@type":"ListItem","position":2,"name":"Fausto Brito e Abreu salienta import\u00e2ncia da dignifica\u00e7\u00e3o do trabalho das mulheres na pesca\u00a0"}]},{"@type":"WebSite","@id":"https:\/\/diariodalagoa.pt\/#website","url":"https:\/\/diariodalagoa.pt\/","name":"Di\u00e1rio da Lagoa","description":"Di\u00e1rio da Lagoa. As not\u00edcias que contam. A partir da Lagoa, nos A\u00e7ores, para o mundo.","potentialAction":[{"@type":"SearchAction","target":{"@type":"EntryPoint","urlTemplate":"https:\/\/diariodalagoa.pt\/?s={search_term_string}"},"query-input":"required name=search_term_string"}],"inLanguage":"fr-FR"},{"@type":"Person","@id":"https:\/\/diariodalagoa.pt\/#\/schema\/person\/1615a002370e8857b6f972834bc43ece","name":"Di\u00e1rio da Lagoa","image":{"@type":"ImageObject","inLanguage":"fr-FR","@id":"https:\/\/diariodalagoa.pt\/#\/schema\/person\/image\/","url":"https:\/\/secure.gravatar.com\/avatar\/2cb5cef90a26f8fbd4d9d930608102c5?s=96&d=mm&r=g","contentUrl":"https:\/\/secure.gravatar.com\/avatar\/2cb5cef90a26f8fbd4d9d930608102c5?s=96&d=mm&r=g","caption":"Di\u00e1rio da Lagoa"},"url":"https:\/\/diariodalagoa.pt\/fr\/author\/diariodalagoa\/"}]}},"_links":{"self":[{"href":"https:\/\/diariodalagoa.pt\/fr\/wp-json\/wp\/v2\/posts\/8719"}],"collection":[{"href":"https:\/\/diariodalagoa.pt\/fr\/wp-json\/wp\/v2\/posts"}],"about":[{"href":"https:\/\/diariodalagoa.pt\/fr\/wp-json\/wp\/v2\/types\/post"}],"author":[{"embeddable":true,"href":"https:\/\/diariodalagoa.pt\/fr\/wp-json\/wp\/v2\/users\/2"}],"replies":[{"embeddable":true,"href":"https:\/\/diariodalagoa.pt\/fr\/wp-json\/wp\/v2\/comments?post=8719"}],"version-history":[{"count":0,"href":"https:\/\/diariodalagoa.pt\/fr\/wp-json\/wp\/v2\/posts\/8719\/revisions"}],"wp:featuredmedia":[{"embeddable":true,"href":"https:\/\/diariodalagoa.pt\/fr\/wp-json\/wp\/v2\/media\/121824"}],"wp:attachment":[{"href":"https:\/\/diariodalagoa.pt\/fr\/wp-json\/wp\/v2\/media?parent=8719"}],"wp:term":[{"taxonomy":"category","embeddable":true,"href":"https:\/\/diariodalagoa.pt\/fr\/wp-json\/wp\/v2\/categories?post=8719"},{"taxonomy":"post_tag","embeddable":true,"href":"https:\/\/diariodalagoa.pt\/fr\/wp-json\/wp\/v2\/tags?post=8719"}],"curies":[{"name":"wp","href":"https:\/\/api.w.org\/{rel}","templated":true}]}}