{"id":8636,"date":"2014-09-04T10:48:48","date_gmt":"2014-09-04T11:48:48","guid":{"rendered":"http:\/\/diariodalagoa.pt\/?p=8636"},"modified":"2014-09-04T10:48:48","modified_gmt":"2014-09-04T11:48:48","slug":"detido-homem-por-abusar-sexualmente-de-uma-menor-de-13-anos","status":"publish","type":"post","link":"https:\/\/diariodalagoa.pt\/fr\/detido-homem-por-abusar-sexualmente-de-uma-menor-de-13-anos\/","title":{"rendered":"Detido homem por abusar sexualmente de uma menor de 13 anos"},"content":{"rendered":"<p style=\"text-align: justify;\"><img decoding=\"async\" class=\"alignnone size-full wp-image-6569\" src=\"http:\/\/diariodalagoa.pt\/wp-content\/uploads\/2014\/07\/abuso-sexual-menores.jpg\" alt=\"abuso-sexual-menores\" width=\"720\" height=\"379\" \/><\/p>\n<p style=\"text-align: justify;\"><span style=\"color: rgb(0, 0, 0);\">A Pol\u00edcia Judici\u00e1ria (PJ), atrav\u00e9s do Departamento de Investiga\u00e7\u00e3o Criminal de Ponta Delgada, identificou e deteve um homem, de 22 anos de idade, pela presum\u00edvel\u00a0 pr\u00e1tica de crime de abuso sexual de crian\u00e7a, de que foi v\u00edtima uma menina \u00a0com 13 anos de idade.\u00a0<\/span><\/p>\n<p style=\"text-align: justify;\"><span style=\"color: rgb(0, 0, 0);\">Segundo um comunicado, hoje emitido, a PJ refere que os factos ocorreram no final do ano transato, tendo o presum\u00edvel autor \u00a0tirado partido da rela\u00e7\u00e3o de vizinhan\u00e7a e proximidade familiar que tinha com a crian\u00e7a para dela abusar sexualmente.\u00a0<\/span><\/p>\n<p style=\"text-align: justify;\"><span style=\"color: rgb(0, 0, 0);\">O detido, agricultor, \u00a0foi \u00a0presente a \u00a0primeiro interrogat\u00f3rio judicial para aplica\u00e7\u00e3o de medidas de coac\u00e7\u00e3o tidas por adequadas, refere o comunicado.<\/span><\/p>\n<p style=\"text-align: justify;\"><span style=\"color: rgb(0, 0, 0);\"><em>DL\/PJ<\/em><\/span><\/p>","protected":false},"excerpt":{"rendered":"<p>A Pol\u00edcia Judici\u00e1ria (PJ), atrav\u00e9s do Departamento de Investiga\u00e7\u00e3o Criminal de Ponta Delgada, identificou e deteve um homem, de 22 anos de idade, pela presum\u00edvel\u00a0 pr\u00e1tica de crime de abuso sexual de crian\u00e7a, de que foi v\u00edtima uma menina \u00a0com 13 anos de idade.\u00a0 Segundo um comunicado, hoje emitido, a PJ refere que os factos [&hellip;]<\/p>","protected":false},"author":2,"featured_media":121831,"comment_status":"open","ping_status":"open","sticky":false,"template":"","format":"standard","meta":[],"categories":[21],"tags":[],"acf":[],"yoast_head":"<!-- This site is optimized with the Yoast SEO plugin v20.10 - https:\/\/yoast.com\/wordpress\/plugins\/seo\/ -->\n<title>Detido homem por abusar sexualmente de uma menor de 13 anos - Di\u00e1rio da Lagoa<\/title>\n<meta name=\"robots\" content=\"index, follow, max-snippet:-1, max-image-preview:large, max-video-preview:-1\" \/>\n<link rel=\"canonical\" href=\"https:\/\/diariodalagoa.pt\/fr\/detido-homem-por-abusar-sexualmente-de-uma-menor-de-13-anos\/\" \/>\n<meta property=\"og:locale\" content=\"fr_FR\" \/>\n<meta property=\"og:type\" content=\"article\" \/>\n<meta property=\"og:title\" content=\"Detido homem por abusar sexualmente de uma menor de 13 anos - Di\u00e1rio da Lagoa\" \/>\n<meta property=\"og:description\" content=\"A Pol\u00edcia Judici\u00e1ria (PJ), atrav\u00e9s do Departamento de Investiga\u00e7\u00e3o Criminal de Ponta Delgada, identificou e deteve um homem, de 22 anos de idade, pela presum\u00edvel\u00a0 pr\u00e1tica de crime de abuso sexual de crian\u00e7a, de que foi v\u00edtima uma menina \u00a0com 13 anos de idade.\u00a0 Segundo um comunicado, hoje emitido, a PJ refere que os factos [&hellip;]\" \/>\n<meta property=\"og:url\" content=\"https:\/\/diariodalagoa.pt\/fr\/detido-homem-por-abusar-sexualmente-de-uma-menor-de-13-anos\/\" \/>\n<meta property=\"og:site_name\" content=\"Di\u00e1rio da Lagoa\" \/>\n<meta property=\"article:published_time\" content=\"2014-09-04T11:48:48+00:00\" \/>\n<meta property=\"og:image\" content=\"https:\/\/diariodalagoa.pt\/wp-content\/uploads\/2014\/09\/abuso-sexual-menor.jpg\" \/>\n\t<meta property=\"og:image:width\" content=\"720\" \/>\n\t<meta property=\"og:image:height\" content=\"380\" \/>\n\t<meta property=\"og:image:type\" content=\"image\/jpeg\" \/>\n<meta name=\"author\" content=\"Di\u00e1rio da Lagoa\" \/>\n<meta name=\"twitter:card\" content=\"summary_large_image\" \/>\n<meta name=\"twitter:label1\" content=\"\u00c9crit par\" \/>\n\t<meta name=\"twitter:data1\" content=\"Di\u00e1rio da Lagoa\" \/>\n\t<meta name=\"twitter:label2\" content=\"Dur\u00e9e de lecture estim\u00e9e\" \/>\n\t<meta name=\"twitter:data2\" content=\"1 minute\" \/>\n<script type=\"application\/ld+json\" class=\"yoast-schema-graph\">{\"@context\":\"https:\/\/schema.org\",\"@graph\":[{\"@type\":\"WebPage\",\"@id\":\"https:\/\/diariodalagoa.pt\/detido-homem-por-abusar-sexualmente-de-uma-menor-de-13-anos\/\",\"url\":\"https:\/\/diariodalagoa.pt\/detido-homem-por-abusar-sexualmente-de-uma-menor-de-13-anos\/\",\"name\":\"Detido homem por abusar sexualmente de uma menor de 13 anos - Di\u00e1rio da Lagoa\",\"isPartOf\":{\"@id\":\"https:\/\/diariodalagoa.pt\/#website\"},\"datePublished\":\"2014-09-04T11:48:48+00:00\",\"dateModified\":\"2014-09-04T11:48:48+00:00\",\"author\":{\"@id\":\"https:\/\/diariodalagoa.pt\/#\/schema\/person\/1615a002370e8857b6f972834bc43ece\"},\"breadcrumb\":{\"@id\":\"https:\/\/diariodalagoa.pt\/detido-homem-por-abusar-sexualmente-de-uma-menor-de-13-anos\/#breadcrumb\"},\"inLanguage\":\"fr-FR\",\"potentialAction\":[{\"@type\":\"ReadAction\",\"target\":[\"https:\/\/diariodalagoa.pt\/detido-homem-por-abusar-sexualmente-de-uma-menor-de-13-anos\/\"]}]},{\"@type\":\"BreadcrumbList\",\"@id\":\"https:\/\/diariodalagoa.pt\/detido-homem-por-abusar-sexualmente-de-uma-menor-de-13-anos\/#breadcrumb\",\"itemListElement\":[{\"@type\":\"ListItem\",\"position\":1,\"name\":\"In\u00edcio\",\"item\":\"https:\/\/diariodalagoa.pt\/\"},{\"@type\":\"ListItem\",\"position\":2,\"name\":\"Detido homem por abusar sexualmente de uma menor de 13 anos\"}]},{\"@type\":\"WebSite\",\"@id\":\"https:\/\/diariodalagoa.pt\/#website\",\"url\":\"https:\/\/diariodalagoa.pt\/\",\"name\":\"Di\u00e1rio da Lagoa\",\"description\":\"Di\u00e1rio da Lagoa. As not\u00edcias que contam. A partir da Lagoa, nos A\u00e7ores, para o mundo.\",\"potentialAction\":[{\"@type\":\"SearchAction\",\"target\":{\"@type\":\"EntryPoint\",\"urlTemplate\":\"https:\/\/diariodalagoa.pt\/?s={search_term_string}\"},\"query-input\":\"required name=search_term_string\"}],\"inLanguage\":\"fr-FR\"},{\"@type\":\"Person\",\"@id\":\"https:\/\/diariodalagoa.pt\/#\/schema\/person\/1615a002370e8857b6f972834bc43ece\",\"name\":\"Di\u00e1rio da Lagoa\",\"image\":{\"@type\":\"ImageObject\",\"inLanguage\":\"fr-FR\",\"@id\":\"https:\/\/diariodalagoa.pt\/#\/schema\/person\/image\/\",\"url\":\"https:\/\/secure.gravatar.com\/avatar\/2cb5cef90a26f8fbd4d9d930608102c5?s=96&d=mm&r=g\",\"contentUrl\":\"https:\/\/secure.gravatar.com\/avatar\/2cb5cef90a26f8fbd4d9d930608102c5?s=96&d=mm&r=g\",\"caption\":\"Di\u00e1rio da Lagoa\"},\"url\":\"https:\/\/diariodalagoa.pt\/fr\/author\/diariodalagoa\/\"}]}<\/script>\n<!-- \/ Yoast SEO plugin. -->","yoast_head_json":{"title":"Detido homem por abusar sexualmente de uma menor de 13 anos - Di\u00e1rio da Lagoa","robots":{"index":"index","follow":"follow","max-snippet":"max-snippet:-1","max-image-preview":"max-image-preview:large","max-video-preview":"max-video-preview:-1"},"canonical":"https:\/\/diariodalagoa.pt\/fr\/detido-homem-por-abusar-sexualmente-de-uma-menor-de-13-anos\/","og_locale":"fr_FR","og_type":"article","og_title":"Detido homem por abusar sexualmente de uma menor de 13 anos - Di\u00e1rio da Lagoa","og_description":"A Pol\u00edcia Judici\u00e1ria (PJ), atrav\u00e9s do Departamento de Investiga\u00e7\u00e3o Criminal de Ponta Delgada, identificou e deteve um homem, de 22 anos de idade, pela presum\u00edvel\u00a0 pr\u00e1tica de crime de abuso sexual de crian\u00e7a, de que foi v\u00edtima uma menina \u00a0com 13 anos de idade.\u00a0 Segundo um comunicado, hoje emitido, a PJ refere que os factos [&hellip;]","og_url":"https:\/\/diariodalagoa.pt\/fr\/detido-homem-por-abusar-sexualmente-de-uma-menor-de-13-anos\/","og_site_name":"Di\u00e1rio da Lagoa","article_published_time":"2014-09-04T11:48:48+00:00","og_image":[{"width":720,"height":380,"url":"https:\/\/diariodalagoa.pt\/wp-content\/uploads\/2014\/09\/abuso-sexual-menor.jpg","type":"image\/jpeg"}],"author":"Di\u00e1rio da Lagoa","twitter_card":"summary_large_image","twitter_misc":{"\u00c9crit par":"Di\u00e1rio da Lagoa","Dur\u00e9e de lecture estim\u00e9e":"1 minute"},"schema":{"@context":"https:\/\/schema.org","@graph":[{"@type":"WebPage","@id":"https:\/\/diariodalagoa.pt\/detido-homem-por-abusar-sexualmente-de-uma-menor-de-13-anos\/","url":"https:\/\/diariodalagoa.pt\/detido-homem-por-abusar-sexualmente-de-uma-menor-de-13-anos\/","name":"Detido homem por abusar sexualmente de uma menor de 13 anos - Di\u00e1rio da Lagoa","isPartOf":{"@id":"https:\/\/diariodalagoa.pt\/#website"},"datePublished":"2014-09-04T11:48:48+00:00","dateModified":"2014-09-04T11:48:48+00:00","author":{"@id":"https:\/\/diariodalagoa.pt\/#\/schema\/person\/1615a002370e8857b6f972834bc43ece"},"breadcrumb":{"@id":"https:\/\/diariodalagoa.pt\/detido-homem-por-abusar-sexualmente-de-uma-menor-de-13-anos\/#breadcrumb"},"inLanguage":"fr-FR","potentialAction":[{"@type":"ReadAction","target":["https:\/\/diariodalagoa.pt\/detido-homem-por-abusar-sexualmente-de-uma-menor-de-13-anos\/"]}]},{"@type":"BreadcrumbList","@id":"https:\/\/diariodalagoa.pt\/detido-homem-por-abusar-sexualmente-de-uma-menor-de-13-anos\/#breadcrumb","itemListElement":[{"@type":"ListItem","position":1,"name":"In\u00edcio","item":"https:\/\/diariodalagoa.pt\/"},{"@type":"ListItem","position":2,"name":"Detido homem por abusar sexualmente de uma menor de 13 anos"}]},{"@type":"WebSite","@id":"https:\/\/diariodalagoa.pt\/#website","url":"https:\/\/diariodalagoa.pt\/","name":"Di\u00e1rio da Lagoa","description":"Di\u00e1rio da Lagoa. As not\u00edcias que contam. A partir da Lagoa, nos A\u00e7ores, para o mundo.","potentialAction":[{"@type":"SearchAction","target":{"@type":"EntryPoint","urlTemplate":"https:\/\/diariodalagoa.pt\/?s={search_term_string}"},"query-input":"required name=search_term_string"}],"inLanguage":"fr-FR"},{"@type":"Person","@id":"https:\/\/diariodalagoa.pt\/#\/schema\/person\/1615a002370e8857b6f972834bc43ece","name":"Di\u00e1rio da Lagoa","image":{"@type":"ImageObject","inLanguage":"fr-FR","@id":"https:\/\/diariodalagoa.pt\/#\/schema\/person\/image\/","url":"https:\/\/secure.gravatar.com\/avatar\/2cb5cef90a26f8fbd4d9d930608102c5?s=96&d=mm&r=g","contentUrl":"https:\/\/secure.gravatar.com\/avatar\/2cb5cef90a26f8fbd4d9d930608102c5?s=96&d=mm&r=g","caption":"Di\u00e1rio da Lagoa"},"url":"https:\/\/diariodalagoa.pt\/fr\/author\/diariodalagoa\/"}]}},"_links":{"self":[{"href":"https:\/\/diariodalagoa.pt\/fr\/wp-json\/wp\/v2\/posts\/8636"}],"collection":[{"href":"https:\/\/diariodalagoa.pt\/fr\/wp-json\/wp\/v2\/posts"}],"about":[{"href":"https:\/\/diariodalagoa.pt\/fr\/wp-json\/wp\/v2\/types\/post"}],"author":[{"embeddable":true,"href":"https:\/\/diariodalagoa.pt\/fr\/wp-json\/wp\/v2\/users\/2"}],"replies":[{"embeddable":true,"href":"https:\/\/diariodalagoa.pt\/fr\/wp-json\/wp\/v2\/comments?post=8636"}],"version-history":[{"count":0,"href":"https:\/\/diariodalagoa.pt\/fr\/wp-json\/wp\/v2\/posts\/8636\/revisions"}],"wp:featuredmedia":[{"embeddable":true,"href":"https:\/\/diariodalagoa.pt\/fr\/wp-json\/wp\/v2\/media\/121831"}],"wp:attachment":[{"href":"https:\/\/diariodalagoa.pt\/fr\/wp-json\/wp\/v2\/media?parent=8636"}],"wp:term":[{"taxonomy":"category","embeddable":true,"href":"https:\/\/diariodalagoa.pt\/fr\/wp-json\/wp\/v2\/categories?post=8636"},{"taxonomy":"post_tag","embeddable":true,"href":"https:\/\/diariodalagoa.pt\/fr\/wp-json\/wp\/v2\/tags?post=8636"}],"curies":[{"name":"wp","href":"https:\/\/api.w.org\/{rel}","templated":true}]}}