{"id":8508,"date":"2014-09-01T17:32:07","date_gmt":"2014-09-01T17:32:07","guid":{"rendered":"http:\/\/diariodalagoa.pt\/?p=8508"},"modified":"2014-09-01T17:32:07","modified_gmt":"2014-09-01T17:32:07","slug":"presidente-do-governo-anuncia-contratacao-de-mais-105-enfermeiros","status":"publish","type":"post","link":"https:\/\/diariodalagoa.pt\/fr\/presidente-do-governo-anuncia-contratacao-de-mais-105-enfermeiros\/","title":{"rendered":"Presidente do Governo anuncia contrata\u00e7\u00e3o de mais 105 enfermeiros"},"content":{"rendered":"<p style=\"text-align: justify;\"><img decoding=\"async\" class=\"alignnone size-full wp-image-8509\" src=\"http:\/\/diariodalagoa.pt\/wp-content\/uploads\/2014\/09\/Vasco-Cordeiro-audiencia-enfermeiros.jpg\" alt=\"Vasco-Cordeiro-audiencia-enfermeiros\" width=\"720\" height=\"380\" \/><\/p>\n<p style=\"text-align: justify;\"><span style=\"color: #000000;\">O Presidente do Governo dos A\u00e7ores, Vasco Cordeiro, anunciou, em Ponta Delgada,\u00a0a contrata\u00e7\u00e3o de 105 enfermeiros para satisfazer necessidades dos centros de sa\u00fade e dos tr\u00eas hospitais da Regi\u00e3o.\u00a0<\/span><\/p>\n<p style=\"text-align: justify;\"><span style=\"color: #000000;\">\u201cA decis\u00e3o est\u00e1 tomada e segue-se agora a fase de lan\u00e7amento dos procedimentos administrativos por parte das entidades que t\u00eam essa responsabilidade\u201d, afirmou Vasco Cordeiro, ap\u00f3s ter recebido, em audi\u00eancia, o Sindicato dos Enfermeiros Portugueses e o Conselho Diretivo Regional dos A\u00e7ores da Ordem dos Enfermeiros.\u00a0<\/span><\/p>\n<p style=\"text-align: justify;\"><span style=\"color: #000000;\">No final do encontro, o\u00a0Presidente do Governo salientou que esta decis\u00e3o de contratar mais de uma centena de enfermeiros constitui um \u201cfator valorizador da forma como os cuidados de sa\u00fade s\u00e3o prestados na Regi\u00e3o, assim como o refor\u00e7o das condi\u00e7\u00f5es do Servi\u00e7o Regional de Sa\u00fade para prestar um servi\u00e7o com qualidade e com profissionais empenhados e dedicados\u201d.\u00a0<\/span><\/p>\n<p style=\"text-align: justify;\"><span style=\"color: #000000;\">Vasco Cordeiro anunciou, al\u00e9m da contrata\u00e7\u00e3o de 105 enfermeiros,\u00a0que, no \u00e2mbito do Programa Estagiar L, outros 55 enfermeiros v\u00e3o poder ter um primeiro contacto pr\u00e1tico com a profiss\u00e3o, refor\u00e7ando, tamb\u00e9m por essa via, a sua qualifica\u00e7\u00e3o.<\/span><\/p>\n<p style=\"text-align: justify;\"><span style=\"color: #000000;\"><em>DL\/GaCS<\/em><\/span><\/p>","protected":false},"excerpt":{"rendered":"<p>O Presidente do Governo dos A\u00e7ores, Vasco Cordeiro, anunciou, em Ponta Delgada,\u00a0a contrata\u00e7\u00e3o de 105 enfermeiros para satisfazer necessidades dos centros de sa\u00fade e dos tr\u00eas hospitais da Regi\u00e3o.\u00a0 \u201cA decis\u00e3o est\u00e1 tomada e segue-se agora a fase de lan\u00e7amento dos procedimentos administrativos por parte das entidades que t\u00eam essa responsabilidade\u201d, afirmou Vasco Cordeiro, ap\u00f3s [&hellip;]<\/p>","protected":false},"author":2,"featured_media":121836,"comment_status":"open","ping_status":"open","sticky":false,"template":"","format":"standard","meta":[],"categories":[21],"tags":[],"acf":[],"yoast_head":"<!-- This site is optimized with the Yoast SEO plugin v20.10 - https:\/\/yoast.com\/wordpress\/plugins\/seo\/ -->\n<title>Presidente do Governo anuncia contrata\u00e7\u00e3o de mais 105 enfermeiros - Di\u00e1rio da Lagoa<\/title>\n<meta name=\"robots\" content=\"index, follow, max-snippet:-1, max-image-preview:large, max-video-preview:-1\" \/>\n<link rel=\"canonical\" href=\"https:\/\/diariodalagoa.pt\/fr\/presidente-do-governo-anuncia-contratacao-de-mais-105-enfermeiros\/\" \/>\n<meta property=\"og:locale\" content=\"fr_FR\" \/>\n<meta property=\"og:type\" content=\"article\" \/>\n<meta property=\"og:title\" content=\"Presidente do Governo anuncia contrata\u00e7\u00e3o de mais 105 enfermeiros - Di\u00e1rio da Lagoa\" \/>\n<meta property=\"og:description\" content=\"O Presidente do Governo dos A\u00e7ores, Vasco Cordeiro, anunciou, em Ponta Delgada,\u00a0a contrata\u00e7\u00e3o de 105 enfermeiros para satisfazer necessidades dos centros de sa\u00fade e dos tr\u00eas hospitais da Regi\u00e3o.\u00a0 \u201cA decis\u00e3o est\u00e1 tomada e segue-se agora a fase de lan\u00e7amento dos procedimentos administrativos por parte das entidades que t\u00eam essa responsabilidade\u201d, afirmou Vasco Cordeiro, ap\u00f3s [&hellip;]\" \/>\n<meta property=\"og:url\" content=\"https:\/\/diariodalagoa.pt\/fr\/presidente-do-governo-anuncia-contratacao-de-mais-105-enfermeiros\/\" \/>\n<meta property=\"og:site_name\" content=\"Di\u00e1rio da Lagoa\" \/>\n<meta property=\"article:published_time\" content=\"2014-09-01T17:32:07+00:00\" \/>\n<meta property=\"og:image\" content=\"https:\/\/diariodalagoa.pt\/wp-content\/uploads\/2014\/09\/vasco-cordeiro-audiencia-enfermeiros.jpg\" \/>\n\t<meta property=\"og:image:width\" content=\"720\" \/>\n\t<meta property=\"og:image:height\" content=\"380\" \/>\n\t<meta property=\"og:image:type\" content=\"image\/jpeg\" \/>\n<meta name=\"author\" content=\"Di\u00e1rio da Lagoa\" \/>\n<meta name=\"twitter:card\" content=\"summary_large_image\" \/>\n<meta name=\"twitter:label1\" content=\"\u00c9crit par\" \/>\n\t<meta name=\"twitter:data1\" content=\"Di\u00e1rio da Lagoa\" \/>\n\t<meta name=\"twitter:label2\" content=\"Dur\u00e9e de lecture estim\u00e9e\" \/>\n\t<meta name=\"twitter:data2\" content=\"1 minute\" \/>\n<script type=\"application\/ld+json\" class=\"yoast-schema-graph\">{\"@context\":\"https:\/\/schema.org\",\"@graph\":[{\"@type\":\"WebPage\",\"@id\":\"https:\/\/diariodalagoa.pt\/presidente-do-governo-anuncia-contratacao-de-mais-105-enfermeiros\/\",\"url\":\"https:\/\/diariodalagoa.pt\/presidente-do-governo-anuncia-contratacao-de-mais-105-enfermeiros\/\",\"name\":\"Presidente do Governo anuncia contrata\u00e7\u00e3o de mais 105 enfermeiros - Di\u00e1rio da Lagoa\",\"isPartOf\":{\"@id\":\"https:\/\/diariodalagoa.pt\/#website\"},\"datePublished\":\"2014-09-01T17:32:07+00:00\",\"dateModified\":\"2014-09-01T17:32:07+00:00\",\"author\":{\"@id\":\"https:\/\/diariodalagoa.pt\/#\/schema\/person\/1615a002370e8857b6f972834bc43ece\"},\"breadcrumb\":{\"@id\":\"https:\/\/diariodalagoa.pt\/presidente-do-governo-anuncia-contratacao-de-mais-105-enfermeiros\/#breadcrumb\"},\"inLanguage\":\"fr-FR\",\"potentialAction\":[{\"@type\":\"ReadAction\",\"target\":[\"https:\/\/diariodalagoa.pt\/presidente-do-governo-anuncia-contratacao-de-mais-105-enfermeiros\/\"]}]},{\"@type\":\"BreadcrumbList\",\"@id\":\"https:\/\/diariodalagoa.pt\/presidente-do-governo-anuncia-contratacao-de-mais-105-enfermeiros\/#breadcrumb\",\"itemListElement\":[{\"@type\":\"ListItem\",\"position\":1,\"name\":\"In\u00edcio\",\"item\":\"https:\/\/diariodalagoa.pt\/\"},{\"@type\":\"ListItem\",\"position\":2,\"name\":\"Presidente do Governo anuncia contrata\u00e7\u00e3o de mais 105 enfermeiros\"}]},{\"@type\":\"WebSite\",\"@id\":\"https:\/\/diariodalagoa.pt\/#website\",\"url\":\"https:\/\/diariodalagoa.pt\/\",\"name\":\"Di\u00e1rio da Lagoa\",\"description\":\"Di\u00e1rio da Lagoa. As not\u00edcias que contam. A partir da Lagoa, nos A\u00e7ores, para o mundo.\",\"potentialAction\":[{\"@type\":\"SearchAction\",\"target\":{\"@type\":\"EntryPoint\",\"urlTemplate\":\"https:\/\/diariodalagoa.pt\/?s={search_term_string}\"},\"query-input\":\"required name=search_term_string\"}],\"inLanguage\":\"fr-FR\"},{\"@type\":\"Person\",\"@id\":\"https:\/\/diariodalagoa.pt\/#\/schema\/person\/1615a002370e8857b6f972834bc43ece\",\"name\":\"Di\u00e1rio da Lagoa\",\"image\":{\"@type\":\"ImageObject\",\"inLanguage\":\"fr-FR\",\"@id\":\"https:\/\/diariodalagoa.pt\/#\/schema\/person\/image\/\",\"url\":\"https:\/\/secure.gravatar.com\/avatar\/2cb5cef90a26f8fbd4d9d930608102c5?s=96&d=mm&r=g\",\"contentUrl\":\"https:\/\/secure.gravatar.com\/avatar\/2cb5cef90a26f8fbd4d9d930608102c5?s=96&d=mm&r=g\",\"caption\":\"Di\u00e1rio da Lagoa\"},\"url\":\"https:\/\/diariodalagoa.pt\/fr\/author\/diariodalagoa\/\"}]}<\/script>\n<!-- \/ Yoast SEO plugin. -->","yoast_head_json":{"title":"Presidente do Governo anuncia contrata\u00e7\u00e3o de mais 105 enfermeiros - Di\u00e1rio da Lagoa","robots":{"index":"index","follow":"follow","max-snippet":"max-snippet:-1","max-image-preview":"max-image-preview:large","max-video-preview":"max-video-preview:-1"},"canonical":"https:\/\/diariodalagoa.pt\/fr\/presidente-do-governo-anuncia-contratacao-de-mais-105-enfermeiros\/","og_locale":"fr_FR","og_type":"article","og_title":"Presidente do Governo anuncia contrata\u00e7\u00e3o de mais 105 enfermeiros - Di\u00e1rio da Lagoa","og_description":"O Presidente do Governo dos A\u00e7ores, Vasco Cordeiro, anunciou, em Ponta Delgada,\u00a0a contrata\u00e7\u00e3o de 105 enfermeiros para satisfazer necessidades dos centros de sa\u00fade e dos tr\u00eas hospitais da Regi\u00e3o.\u00a0 \u201cA decis\u00e3o est\u00e1 tomada e segue-se agora a fase de lan\u00e7amento dos procedimentos administrativos por parte das entidades que t\u00eam essa responsabilidade\u201d, afirmou Vasco Cordeiro, ap\u00f3s [&hellip;]","og_url":"https:\/\/diariodalagoa.pt\/fr\/presidente-do-governo-anuncia-contratacao-de-mais-105-enfermeiros\/","og_site_name":"Di\u00e1rio da Lagoa","article_published_time":"2014-09-01T17:32:07+00:00","og_image":[{"width":720,"height":380,"url":"https:\/\/diariodalagoa.pt\/wp-content\/uploads\/2014\/09\/vasco-cordeiro-audiencia-enfermeiros.jpg","type":"image\/jpeg"}],"author":"Di\u00e1rio da Lagoa","twitter_card":"summary_large_image","twitter_misc":{"\u00c9crit par":"Di\u00e1rio da Lagoa","Dur\u00e9e de lecture estim\u00e9e":"1 minute"},"schema":{"@context":"https:\/\/schema.org","@graph":[{"@type":"WebPage","@id":"https:\/\/diariodalagoa.pt\/presidente-do-governo-anuncia-contratacao-de-mais-105-enfermeiros\/","url":"https:\/\/diariodalagoa.pt\/presidente-do-governo-anuncia-contratacao-de-mais-105-enfermeiros\/","name":"Presidente do Governo anuncia contrata\u00e7\u00e3o de mais 105 enfermeiros - Di\u00e1rio da Lagoa","isPartOf":{"@id":"https:\/\/diariodalagoa.pt\/#website"},"datePublished":"2014-09-01T17:32:07+00:00","dateModified":"2014-09-01T17:32:07+00:00","author":{"@id":"https:\/\/diariodalagoa.pt\/#\/schema\/person\/1615a002370e8857b6f972834bc43ece"},"breadcrumb":{"@id":"https:\/\/diariodalagoa.pt\/presidente-do-governo-anuncia-contratacao-de-mais-105-enfermeiros\/#breadcrumb"},"inLanguage":"fr-FR","potentialAction":[{"@type":"ReadAction","target":["https:\/\/diariodalagoa.pt\/presidente-do-governo-anuncia-contratacao-de-mais-105-enfermeiros\/"]}]},{"@type":"BreadcrumbList","@id":"https:\/\/diariodalagoa.pt\/presidente-do-governo-anuncia-contratacao-de-mais-105-enfermeiros\/#breadcrumb","itemListElement":[{"@type":"ListItem","position":1,"name":"In\u00edcio","item":"https:\/\/diariodalagoa.pt\/"},{"@type":"ListItem","position":2,"name":"Presidente do Governo anuncia contrata\u00e7\u00e3o de mais 105 enfermeiros"}]},{"@type":"WebSite","@id":"https:\/\/diariodalagoa.pt\/#website","url":"https:\/\/diariodalagoa.pt\/","name":"Di\u00e1rio da Lagoa","description":"Di\u00e1rio da Lagoa. As not\u00edcias que contam. A partir da Lagoa, nos A\u00e7ores, para o mundo.","potentialAction":[{"@type":"SearchAction","target":{"@type":"EntryPoint","urlTemplate":"https:\/\/diariodalagoa.pt\/?s={search_term_string}"},"query-input":"required name=search_term_string"}],"inLanguage":"fr-FR"},{"@type":"Person","@id":"https:\/\/diariodalagoa.pt\/#\/schema\/person\/1615a002370e8857b6f972834bc43ece","name":"Di\u00e1rio da Lagoa","image":{"@type":"ImageObject","inLanguage":"fr-FR","@id":"https:\/\/diariodalagoa.pt\/#\/schema\/person\/image\/","url":"https:\/\/secure.gravatar.com\/avatar\/2cb5cef90a26f8fbd4d9d930608102c5?s=96&d=mm&r=g","contentUrl":"https:\/\/secure.gravatar.com\/avatar\/2cb5cef90a26f8fbd4d9d930608102c5?s=96&d=mm&r=g","caption":"Di\u00e1rio da Lagoa"},"url":"https:\/\/diariodalagoa.pt\/fr\/author\/diariodalagoa\/"}]}},"_links":{"self":[{"href":"https:\/\/diariodalagoa.pt\/fr\/wp-json\/wp\/v2\/posts\/8508"}],"collection":[{"href":"https:\/\/diariodalagoa.pt\/fr\/wp-json\/wp\/v2\/posts"}],"about":[{"href":"https:\/\/diariodalagoa.pt\/fr\/wp-json\/wp\/v2\/types\/post"}],"author":[{"embeddable":true,"href":"https:\/\/diariodalagoa.pt\/fr\/wp-json\/wp\/v2\/users\/2"}],"replies":[{"embeddable":true,"href":"https:\/\/diariodalagoa.pt\/fr\/wp-json\/wp\/v2\/comments?post=8508"}],"version-history":[{"count":0,"href":"https:\/\/diariodalagoa.pt\/fr\/wp-json\/wp\/v2\/posts\/8508\/revisions"}],"wp:featuredmedia":[{"embeddable":true,"href":"https:\/\/diariodalagoa.pt\/fr\/wp-json\/wp\/v2\/media\/121836"}],"wp:attachment":[{"href":"https:\/\/diariodalagoa.pt\/fr\/wp-json\/wp\/v2\/media?parent=8508"}],"wp:term":[{"taxonomy":"category","embeddable":true,"href":"https:\/\/diariodalagoa.pt\/fr\/wp-json\/wp\/v2\/categories?post=8508"},{"taxonomy":"post_tag","embeddable":true,"href":"https:\/\/diariodalagoa.pt\/fr\/wp-json\/wp\/v2\/tags?post=8508"}],"curies":[{"name":"wp","href":"https:\/\/api.w.org\/{rel}","templated":true}]}}