{"id":8151,"date":"2014-08-23T14:32:49","date_gmt":"2014-08-23T15:32:49","guid":{"rendered":"http:\/\/diariodalagoa.pt\/?p=8151"},"modified":"2014-08-23T14:32:49","modified_gmt":"2014-08-23T15:32:49","slug":"vitor-fraga-reafirma-empenho-do-governo-dos-acores-na-instalacao-do-museu-dos-cabos-submarinos-no-faial","status":"publish","type":"post","link":"https:\/\/diariodalagoa.pt\/fr\/vitor-fraga-reafirma-empenho-do-governo-dos-acores-na-instalacao-do-museu-dos-cabos-submarinos-no-faial\/","title":{"rendered":"V\u00edtor Fraga reafirma &#8220;empenho&#8221; do Governo dos A\u00e7ores na instala\u00e7\u00e3o do Museu dos Cabos Submarinos no Faial"},"content":{"rendered":"<p style=\"color: #222222; text-align: justify;\"><img decoding=\"async\" class=\"alignnone size-full wp-image-8152\" src=\"http:\/\/diariodalagoa.pt\/wp-content\/uploads\/2014\/08\/Vitor-Fraga-musue-submarinos-faial.jpg\" alt=\"Vitor-Fraga-musue-submarinos-faial\" width=\"720\" height=\"379\" \/><\/p>\n<p style=\"color: #222222; text-align: justify;\"><span style=\"color: #000000;\">O Secret\u00e1rio Regional do Turismo e Transportes reafirmou, na cidade da Horta, o &#8220;empenho&#8221; do Governo dos A\u00e7ores na instala\u00e7\u00e3o do Museu dos Cabos Submarinos na ilha do Faial, o primeiro do g\u00e9nero em Portugal.<\/span><\/p>\n<p style=\"color: #222222; text-align: justify;\"><span style=\"color: #000000;\">V\u00edtor Fraga, que falava sexta-feira, em representa\u00e7\u00e3o do Presidente do Governo, no encerramento do 6.\u00ba Col\u00f3quio Patrim\u00f3nio do Cabo Submarino, frisou que o Executivo abra\u00e7ou este projeto &#8220;ciente da sua import\u00e2ncia para a preserva\u00e7\u00e3o do patrim\u00f3nio&#8221; e da &#8220;mais-valia que trar\u00e1 ao n\u00edvel da valoriza\u00e7\u00e3o da oferta tur\u00edstica&#8221;.<\/span><\/p>\n<p style=\"color: #222222; text-align: justify;\"><span style=\"color: #000000;\">&#8220;\u00c9, por isso, com grande satisfa\u00e7\u00e3o que verificamos que esta vis\u00e3o \u00e9 partilhada de uma forma transversal, quer ao n\u00edvel pol\u00edtico, quer ao n\u00edvel da sociedade civil&#8221;, acrescentou o Secret\u00e1rio Regional, salientando que as dire\u00e7\u00f5es regionais da Cultura, do Turismo e dos Assuntos do Mar, em parceria com a C\u00e2mara Municipal da Horta e com os Amigos dos Cabos Submarinos, est\u00e3o a desenvolver um trabalho conjunto &#8220;com vista \u00e0 defini\u00e7\u00e3o de uma estrat\u00e9gia que possibilite a concretiza\u00e7\u00e3o do n\u00facleo dos cabos submarinos&#8221;, a instalar no Faial.<\/span><\/p>\n<p style=\"color: #222222; text-align: justify;\"><span style=\"color: #000000;\">Para al\u00e9m dos &#8220;diversos recursos&#8221; que ser\u00e1 necess\u00e1rio afetar a este projeto, V\u00edtor Fraga lembrou ser imperioso, ao n\u00edvel da interven\u00e7\u00e3o na Trinity House, &#8220;planear com outras institui\u00e7\u00f5es, designadamente com a Escola B\u00e1sica Integrada da Horta e o Castelinho, a utiliza\u00e7\u00e3o de espa\u00e7os neste momento comuns&#8221;.<\/span><\/p>\n<p style=\"color: #222222; text-align: justify;\"><span style=\"color: #000000;\">Segundo V\u00edtor Fraga, &#8220;a mobiliza\u00e7\u00e3o de interesses em defesa da eleva\u00e7\u00e3o a patrim\u00f3nio mundial dos legados da \u00e9poca dos cabos submarinos est\u00e1 numa fase de defini\u00e7\u00e3o de estrat\u00e9gias, a dois n\u00edveis, nomeadamente local e internacional&#8221;.<\/span><\/p>\n<p style=\"color: #222222; text-align: justify;\"><span style=\"color: #000000;\">Na sua interven\u00e7\u00e3o, o Secret\u00e1rio Regional do Turismo e Transportes reafirmou o compromisso, assumido h\u00e1 um ano, de construir o memorial dos cabos submarinos, adiantando que o atraso na implementa\u00e7\u00e3o do projeto se deveu a uma solicita\u00e7\u00e3o de altera\u00e7\u00e3o da respetiva localiza\u00e7\u00e3o, o que provocou um &#8220;incremento expressivo&#8221; do custo em rela\u00e7\u00e3o ao or\u00e7amento inicial.<\/span><\/p>\n<p style=\"text-align: justify;\"><span style=\"color: #000000;\"><em>DL\/GaCS<\/em><\/span><\/p>","protected":false},"excerpt":{"rendered":"<p>O Secret\u00e1rio Regional do Turismo e Transportes reafirmou, na cidade da Horta, o &#8220;empenho&#8221; do Governo dos A\u00e7ores na instala\u00e7\u00e3o do Museu dos Cabos Submarinos na ilha do Faial, o primeiro do g\u00e9nero em Portugal. V\u00edtor Fraga, que falava sexta-feira, em representa\u00e7\u00e3o do Presidente do Governo, no encerramento do 6.\u00ba Col\u00f3quio Patrim\u00f3nio do Cabo Submarino, [&hellip;]<\/p>","protected":false},"author":2,"featured_media":121849,"comment_status":"open","ping_status":"open","sticky":false,"template":"","format":"standard","meta":[],"categories":[21],"tags":[],"acf":[],"yoast_head":"<!-- This site is optimized with the Yoast SEO plugin v20.10 - https:\/\/yoast.com\/wordpress\/plugins\/seo\/ -->\n<title>V\u00edtor Fraga reafirma &quot;empenho&quot; do Governo dos A\u00e7ores na instala\u00e7\u00e3o do Museu dos Cabos Submarinos no Faial - Di\u00e1rio da Lagoa<\/title>\n<meta name=\"robots\" content=\"index, follow, max-snippet:-1, max-image-preview:large, max-video-preview:-1\" \/>\n<link rel=\"canonical\" href=\"https:\/\/diariodalagoa.pt\/fr\/vitor-fraga-reafirma-empenho-do-governo-dos-acores-na-instalacao-do-museu-dos-cabos-submarinos-no-faial\/\" \/>\n<meta property=\"og:locale\" content=\"fr_FR\" \/>\n<meta property=\"og:type\" content=\"article\" \/>\n<meta property=\"og:title\" content=\"V\u00edtor Fraga reafirma &quot;empenho&quot; do Governo dos A\u00e7ores na instala\u00e7\u00e3o do Museu dos Cabos Submarinos no Faial - Di\u00e1rio da Lagoa\" \/>\n<meta property=\"og:description\" content=\"O Secret\u00e1rio Regional do Turismo e Transportes reafirmou, na cidade da Horta, o &#8220;empenho&#8221; do Governo dos A\u00e7ores na instala\u00e7\u00e3o do Museu dos Cabos Submarinos na ilha do Faial, o primeiro do g\u00e9nero em Portugal. V\u00edtor Fraga, que falava sexta-feira, em representa\u00e7\u00e3o do Presidente do Governo, no encerramento do 6.\u00ba Col\u00f3quio Patrim\u00f3nio do Cabo Submarino, [&hellip;]\" \/>\n<meta property=\"og:url\" content=\"https:\/\/diariodalagoa.pt\/fr\/vitor-fraga-reafirma-empenho-do-governo-dos-acores-na-instalacao-do-museu-dos-cabos-submarinos-no-faial\/\" \/>\n<meta property=\"og:site_name\" content=\"Di\u00e1rio da Lagoa\" \/>\n<meta property=\"article:published_time\" content=\"2014-08-23T15:32:49+00:00\" \/>\n<meta property=\"og:image\" content=\"https:\/\/diariodalagoa.pt\/wp-content\/uploads\/2014\/08\/vitor-fraga-musue-submarinos-faial.jpg\" \/>\n\t<meta property=\"og:image:width\" content=\"720\" \/>\n\t<meta property=\"og:image:height\" content=\"379\" \/>\n\t<meta property=\"og:image:type\" content=\"image\/jpeg\" \/>\n<meta name=\"author\" content=\"Di\u00e1rio da Lagoa\" \/>\n<meta name=\"twitter:card\" content=\"summary_large_image\" \/>\n<meta name=\"twitter:label1\" content=\"\u00c9crit par\" \/>\n\t<meta name=\"twitter:data1\" content=\"Di\u00e1rio da Lagoa\" \/>\n\t<meta name=\"twitter:label2\" content=\"Dur\u00e9e de lecture estim\u00e9e\" \/>\n\t<meta name=\"twitter:data2\" content=\"2 minutes\" \/>\n<script type=\"application\/ld+json\" class=\"yoast-schema-graph\">{\"@context\":\"https:\/\/schema.org\",\"@graph\":[{\"@type\":\"WebPage\",\"@id\":\"https:\/\/diariodalagoa.pt\/vitor-fraga-reafirma-empenho-do-governo-dos-acores-na-instalacao-do-museu-dos-cabos-submarinos-no-faial\/\",\"url\":\"https:\/\/diariodalagoa.pt\/vitor-fraga-reafirma-empenho-do-governo-dos-acores-na-instalacao-do-museu-dos-cabos-submarinos-no-faial\/\",\"name\":\"V\u00edtor Fraga reafirma \\\"empenho\\\" do Governo dos A\u00e7ores na instala\u00e7\u00e3o do Museu dos Cabos Submarinos no Faial - Di\u00e1rio da Lagoa\",\"isPartOf\":{\"@id\":\"https:\/\/diariodalagoa.pt\/#website\"},\"datePublished\":\"2014-08-23T15:32:49+00:00\",\"dateModified\":\"2014-08-23T15:32:49+00:00\",\"author\":{\"@id\":\"https:\/\/diariodalagoa.pt\/#\/schema\/person\/1615a002370e8857b6f972834bc43ece\"},\"breadcrumb\":{\"@id\":\"https:\/\/diariodalagoa.pt\/vitor-fraga-reafirma-empenho-do-governo-dos-acores-na-instalacao-do-museu-dos-cabos-submarinos-no-faial\/#breadcrumb\"},\"inLanguage\":\"fr-FR\",\"potentialAction\":[{\"@type\":\"ReadAction\",\"target\":[\"https:\/\/diariodalagoa.pt\/vitor-fraga-reafirma-empenho-do-governo-dos-acores-na-instalacao-do-museu-dos-cabos-submarinos-no-faial\/\"]}]},{\"@type\":\"BreadcrumbList\",\"@id\":\"https:\/\/diariodalagoa.pt\/vitor-fraga-reafirma-empenho-do-governo-dos-acores-na-instalacao-do-museu-dos-cabos-submarinos-no-faial\/#breadcrumb\",\"itemListElement\":[{\"@type\":\"ListItem\",\"position\":1,\"name\":\"In\u00edcio\",\"item\":\"https:\/\/diariodalagoa.pt\/\"},{\"@type\":\"ListItem\",\"position\":2,\"name\":\"V\u00edtor Fraga reafirma &#8220;empenho&#8221; do Governo dos A\u00e7ores na instala\u00e7\u00e3o do Museu dos Cabos Submarinos no Faial\"}]},{\"@type\":\"WebSite\",\"@id\":\"https:\/\/diariodalagoa.pt\/#website\",\"url\":\"https:\/\/diariodalagoa.pt\/\",\"name\":\"Di\u00e1rio da Lagoa\",\"description\":\"Di\u00e1rio da Lagoa. As not\u00edcias que contam. A partir da Lagoa, nos A\u00e7ores, para o mundo.\",\"potentialAction\":[{\"@type\":\"SearchAction\",\"target\":{\"@type\":\"EntryPoint\",\"urlTemplate\":\"https:\/\/diariodalagoa.pt\/?s={search_term_string}\"},\"query-input\":\"required name=search_term_string\"}],\"inLanguage\":\"fr-FR\"},{\"@type\":\"Person\",\"@id\":\"https:\/\/diariodalagoa.pt\/#\/schema\/person\/1615a002370e8857b6f972834bc43ece\",\"name\":\"Di\u00e1rio da Lagoa\",\"image\":{\"@type\":\"ImageObject\",\"inLanguage\":\"fr-FR\",\"@id\":\"https:\/\/diariodalagoa.pt\/#\/schema\/person\/image\/\",\"url\":\"https:\/\/secure.gravatar.com\/avatar\/2cb5cef90a26f8fbd4d9d930608102c5?s=96&d=mm&r=g\",\"contentUrl\":\"https:\/\/secure.gravatar.com\/avatar\/2cb5cef90a26f8fbd4d9d930608102c5?s=96&d=mm&r=g\",\"caption\":\"Di\u00e1rio da Lagoa\"},\"url\":\"https:\/\/diariodalagoa.pt\/fr\/author\/diariodalagoa\/\"}]}<\/script>\n<!-- \/ Yoast SEO plugin. -->","yoast_head_json":{"title":"V\u00edtor Fraga reafirma \"empenho\" do Governo dos A\u00e7ores na instala\u00e7\u00e3o do Museu dos Cabos Submarinos no Faial - Di\u00e1rio da Lagoa","robots":{"index":"index","follow":"follow","max-snippet":"max-snippet:-1","max-image-preview":"max-image-preview:large","max-video-preview":"max-video-preview:-1"},"canonical":"https:\/\/diariodalagoa.pt\/fr\/vitor-fraga-reafirma-empenho-do-governo-dos-acores-na-instalacao-do-museu-dos-cabos-submarinos-no-faial\/","og_locale":"fr_FR","og_type":"article","og_title":"V\u00edtor Fraga reafirma \"empenho\" do Governo dos A\u00e7ores na instala\u00e7\u00e3o do Museu dos Cabos Submarinos no Faial - Di\u00e1rio da Lagoa","og_description":"O Secret\u00e1rio Regional do Turismo e Transportes reafirmou, na cidade da Horta, o &#8220;empenho&#8221; do Governo dos A\u00e7ores na instala\u00e7\u00e3o do Museu dos Cabos Submarinos na ilha do Faial, o primeiro do g\u00e9nero em Portugal. V\u00edtor Fraga, que falava sexta-feira, em representa\u00e7\u00e3o do Presidente do Governo, no encerramento do 6.\u00ba Col\u00f3quio Patrim\u00f3nio do Cabo Submarino, [&hellip;]","og_url":"https:\/\/diariodalagoa.pt\/fr\/vitor-fraga-reafirma-empenho-do-governo-dos-acores-na-instalacao-do-museu-dos-cabos-submarinos-no-faial\/","og_site_name":"Di\u00e1rio da Lagoa","article_published_time":"2014-08-23T15:32:49+00:00","og_image":[{"width":720,"height":379,"url":"https:\/\/diariodalagoa.pt\/wp-content\/uploads\/2014\/08\/vitor-fraga-musue-submarinos-faial.jpg","type":"image\/jpeg"}],"author":"Di\u00e1rio da Lagoa","twitter_card":"summary_large_image","twitter_misc":{"\u00c9crit par":"Di\u00e1rio da Lagoa","Dur\u00e9e de lecture estim\u00e9e":"2 minutes"},"schema":{"@context":"https:\/\/schema.org","@graph":[{"@type":"WebPage","@id":"https:\/\/diariodalagoa.pt\/vitor-fraga-reafirma-empenho-do-governo-dos-acores-na-instalacao-do-museu-dos-cabos-submarinos-no-faial\/","url":"https:\/\/diariodalagoa.pt\/vitor-fraga-reafirma-empenho-do-governo-dos-acores-na-instalacao-do-museu-dos-cabos-submarinos-no-faial\/","name":"V\u00edtor Fraga reafirma \"empenho\" do Governo dos A\u00e7ores na instala\u00e7\u00e3o do Museu dos Cabos Submarinos no Faial - Di\u00e1rio da Lagoa","isPartOf":{"@id":"https:\/\/diariodalagoa.pt\/#website"},"datePublished":"2014-08-23T15:32:49+00:00","dateModified":"2014-08-23T15:32:49+00:00","author":{"@id":"https:\/\/diariodalagoa.pt\/#\/schema\/person\/1615a002370e8857b6f972834bc43ece"},"breadcrumb":{"@id":"https:\/\/diariodalagoa.pt\/vitor-fraga-reafirma-empenho-do-governo-dos-acores-na-instalacao-do-museu-dos-cabos-submarinos-no-faial\/#breadcrumb"},"inLanguage":"fr-FR","potentialAction":[{"@type":"ReadAction","target":["https:\/\/diariodalagoa.pt\/vitor-fraga-reafirma-empenho-do-governo-dos-acores-na-instalacao-do-museu-dos-cabos-submarinos-no-faial\/"]}]},{"@type":"BreadcrumbList","@id":"https:\/\/diariodalagoa.pt\/vitor-fraga-reafirma-empenho-do-governo-dos-acores-na-instalacao-do-museu-dos-cabos-submarinos-no-faial\/#breadcrumb","itemListElement":[{"@type":"ListItem","position":1,"name":"In\u00edcio","item":"https:\/\/diariodalagoa.pt\/"},{"@type":"ListItem","position":2,"name":"V\u00edtor Fraga reafirma &#8220;empenho&#8221; do Governo dos A\u00e7ores na instala\u00e7\u00e3o do Museu dos Cabos Submarinos no Faial"}]},{"@type":"WebSite","@id":"https:\/\/diariodalagoa.pt\/#website","url":"https:\/\/diariodalagoa.pt\/","name":"Di\u00e1rio da Lagoa","description":"Di\u00e1rio da Lagoa. As not\u00edcias que contam. A partir da Lagoa, nos A\u00e7ores, para o mundo.","potentialAction":[{"@type":"SearchAction","target":{"@type":"EntryPoint","urlTemplate":"https:\/\/diariodalagoa.pt\/?s={search_term_string}"},"query-input":"required name=search_term_string"}],"inLanguage":"fr-FR"},{"@type":"Person","@id":"https:\/\/diariodalagoa.pt\/#\/schema\/person\/1615a002370e8857b6f972834bc43ece","name":"Di\u00e1rio da Lagoa","image":{"@type":"ImageObject","inLanguage":"fr-FR","@id":"https:\/\/diariodalagoa.pt\/#\/schema\/person\/image\/","url":"https:\/\/secure.gravatar.com\/avatar\/2cb5cef90a26f8fbd4d9d930608102c5?s=96&d=mm&r=g","contentUrl":"https:\/\/secure.gravatar.com\/avatar\/2cb5cef90a26f8fbd4d9d930608102c5?s=96&d=mm&r=g","caption":"Di\u00e1rio da Lagoa"},"url":"https:\/\/diariodalagoa.pt\/fr\/author\/diariodalagoa\/"}]}},"_links":{"self":[{"href":"https:\/\/diariodalagoa.pt\/fr\/wp-json\/wp\/v2\/posts\/8151"}],"collection":[{"href":"https:\/\/diariodalagoa.pt\/fr\/wp-json\/wp\/v2\/posts"}],"about":[{"href":"https:\/\/diariodalagoa.pt\/fr\/wp-json\/wp\/v2\/types\/post"}],"author":[{"embeddable":true,"href":"https:\/\/diariodalagoa.pt\/fr\/wp-json\/wp\/v2\/users\/2"}],"replies":[{"embeddable":true,"href":"https:\/\/diariodalagoa.pt\/fr\/wp-json\/wp\/v2\/comments?post=8151"}],"version-history":[{"count":0,"href":"https:\/\/diariodalagoa.pt\/fr\/wp-json\/wp\/v2\/posts\/8151\/revisions"}],"wp:featuredmedia":[{"embeddable":true,"href":"https:\/\/diariodalagoa.pt\/fr\/wp-json\/wp\/v2\/media\/121849"}],"wp:attachment":[{"href":"https:\/\/diariodalagoa.pt\/fr\/wp-json\/wp\/v2\/media?parent=8151"}],"wp:term":[{"taxonomy":"category","embeddable":true,"href":"https:\/\/diariodalagoa.pt\/fr\/wp-json\/wp\/v2\/categories?post=8151"},{"taxonomy":"post_tag","embeddable":true,"href":"https:\/\/diariodalagoa.pt\/fr\/wp-json\/wp\/v2\/tags?post=8151"}],"curies":[{"name":"wp","href":"https:\/\/api.w.org\/{rel}","templated":true}]}}