{"id":8128,"date":"2014-08-22T13:10:06","date_gmt":"2014-08-22T14:10:06","guid":{"rendered":"http:\/\/diariodalagoa.pt\/?p=8128"},"modified":"2014-08-22T13:10:06","modified_gmt":"2014-08-22T14:10:06","slug":"na-vila-reutilizar-e-chique","status":"publish","type":"post","link":"https:\/\/diariodalagoa.pt\/fr\/na-vila-reutilizar-e-chique\/","title":{"rendered":"&#8220;Na Vila, reutilizar \u00e9 chique&#8221;"},"content":{"rendered":"<p style=\"text-align: justify;\"><span style=\"color: #000000;\"><img decoding=\"async\" class=\"alignnone size-full wp-image-8129\" src=\"http:\/\/diariodalagoa.pt\/wp-content\/uploads\/2014\/08\/MUSAMI-reutilizar-campanha-e-chique.jpg\" alt=\"MUSAMI-reutilizar-campanha-e-chique\" width=\"720\" height=\"380\" \/><\/span><\/p>\n<p style=\"text-align: justify;\"><span style=\"color: #000000;\">A C\u00e2mara Municipal de Vila Franca do Campo, ilha de S\u00e3o Miguel, com o apoio da MUSAMI, ir\u00e1 dar in\u00edcio, no pr\u00f3ximo dia 26 de agosto, a uma campanha de educa\u00e7\u00e3o e sensibiliza\u00e7\u00e3o ambiental que tem como tema \u201cNa Vila, Reutilizar \u00e9 Chique\u201d.<\/span><\/p>\n<p style=\"text-align: justify;\"><span style=\"color: #000000;\">Esta a\u00e7\u00e3o encontra-se inserida no programa de educa\u00e7\u00e3o ambiental promovido pela autarquia para 2014 e visa a contribui\u00e7\u00e3o e participa\u00e7\u00e3o do Concelho de Vila Franca do Campo na campanha \u201cReutilizar \u00e9 Chique\u201d, promovida pela MUSAMI.<\/span><\/p>\n<p style=\"text-align: justify;\"><span style=\"color: #000000;\">Assim, de 26 a 29 de Agosto ir\u00e1 ser colocada em algumas zonas balneares e na Marina da Vila uma tenda, onde os mun\u00edcipes e visitantes do Concelho poder\u00e3o ganhar brindes ecol\u00f3gicos, como ecobag\u2019s ou sacos de compras reutiliz\u00e1veis ap\u00f3s acertarem numa pergunta de \u00edndole ambiental.<\/span><\/p>\n<p style=\"text-align: justify;\"><span style=\"color: #000000;\">Pretende-se com esta a\u00e7\u00e3o e de uma forma divertida junto dos banhistas que frequentam as praias vilafranquenses, incentivar a ades\u00e3o \u00e0 separa\u00e7\u00e3o de res\u00edduos e \u00e0 utiliza\u00e7\u00e3o de sacos reutiliz\u00e1veis para as suas compras, em vez dos comuns sacos de pl\u00e1stico, uma vez que os mesmos, a partir do pr\u00f3ximo ano, ir\u00e3o estar sujeitos a uma ecotaxa que ser\u00e1 cobrada ao consumidor.<\/span><\/p>\n<p style=\"text-align: justify;\"><span style=\"color: #000000;\">A tenda na qual a popula\u00e7\u00e3o poder\u00e1 participar na campanha estar\u00e1 presente nos locais e datas a baixo descritos:<\/span><\/p>\n<p style=\"text-align: justify;\"><span style=\"color: #000000;\">Dia 26 de Agosto: Praia Vinha d\u2019Areia, das 14 \u00e0s 16h<\/span><\/p>\n<p style=\"text-align: justify;\"><span style=\"color: #000000;\">Dia 27 de Agosto: Prainha de \u00c1gua d\u2019Alto, das 14 \u00e0s 16h<\/span><\/p>\n<p style=\"text-align: justify;\"><span style=\"color: #000000;\">Dia 28 de Agosto: Marina da Vila, das 10 \u00e0s 12h<\/span><\/p>\n<p style=\"text-align: justify;\"><span style=\"color: #000000;\">Dia 29 de Agosto: Praia de \u00c1gua d\u2019Alto, das 14 \u00e0s 16h<\/span><\/p>\n<p style=\"text-align: justify;\"><span style=\"color: #000000;\"><em>DL\/CMVFC<\/em><\/span><\/p>","protected":false},"excerpt":{"rendered":"<p>A C\u00e2mara Municipal de Vila Franca do Campo, ilha de S\u00e3o Miguel, com o apoio da MUSAMI, ir\u00e1 dar in\u00edcio, no pr\u00f3ximo dia 26 de agosto, a uma campanha de educa\u00e7\u00e3o e sensibiliza\u00e7\u00e3o ambiental que tem como tema \u201cNa Vila, Reutilizar \u00e9 Chique\u201d. Esta a\u00e7\u00e3o encontra-se inserida no programa de educa\u00e7\u00e3o ambiental promovido pela autarquia [&hellip;]<\/p>","protected":false},"author":2,"featured_media":121850,"comment_status":"open","ping_status":"open","sticky":false,"template":"","format":"standard","meta":[],"categories":[21],"tags":[],"acf":[],"yoast_head":"<!-- This site is optimized with the Yoast SEO plugin v20.10 - https:\/\/yoast.com\/wordpress\/plugins\/seo\/ -->\n<title>&quot;Na Vila, reutilizar \u00e9 chique&quot; - Di\u00e1rio da Lagoa<\/title>\n<meta name=\"robots\" content=\"index, follow, max-snippet:-1, max-image-preview:large, max-video-preview:-1\" \/>\n<link rel=\"canonical\" href=\"https:\/\/diariodalagoa.pt\/fr\/na-vila-reutilizar-e-chique\/\" \/>\n<meta property=\"og:locale\" content=\"fr_FR\" \/>\n<meta property=\"og:type\" content=\"article\" \/>\n<meta property=\"og:title\" content=\"&quot;Na Vila, reutilizar \u00e9 chique&quot; - Di\u00e1rio da Lagoa\" \/>\n<meta property=\"og:description\" content=\"A C\u00e2mara Municipal de Vila Franca do Campo, ilha de S\u00e3o Miguel, com o apoio da MUSAMI, ir\u00e1 dar in\u00edcio, no pr\u00f3ximo dia 26 de agosto, a uma campanha de educa\u00e7\u00e3o e sensibiliza\u00e7\u00e3o ambiental que tem como tema \u201cNa Vila, Reutilizar \u00e9 Chique\u201d. Esta a\u00e7\u00e3o encontra-se inserida no programa de educa\u00e7\u00e3o ambiental promovido pela autarquia [&hellip;]\" \/>\n<meta property=\"og:url\" content=\"https:\/\/diariodalagoa.pt\/fr\/na-vila-reutilizar-e-chique\/\" \/>\n<meta property=\"og:site_name\" content=\"Di\u00e1rio da Lagoa\" \/>\n<meta property=\"article:published_time\" content=\"2014-08-22T14:10:06+00:00\" \/>\n<meta property=\"og:image\" content=\"https:\/\/diariodalagoa.pt\/wp-content\/uploads\/2014\/08\/musami-reutilizar-campanha-e-chique.jpg\" \/>\n\t<meta property=\"og:image:width\" content=\"720\" \/>\n\t<meta property=\"og:image:height\" content=\"380\" \/>\n\t<meta property=\"og:image:type\" content=\"image\/jpeg\" \/>\n<meta name=\"author\" content=\"Di\u00e1rio da Lagoa\" \/>\n<meta name=\"twitter:card\" content=\"summary_large_image\" \/>\n<meta name=\"twitter:label1\" content=\"\u00c9crit par\" \/>\n\t<meta name=\"twitter:data1\" content=\"Di\u00e1rio da Lagoa\" \/>\n\t<meta name=\"twitter:label2\" content=\"Dur\u00e9e de lecture estim\u00e9e\" \/>\n\t<meta name=\"twitter:data2\" content=\"1 minute\" \/>\n<script type=\"application\/ld+json\" class=\"yoast-schema-graph\">{\"@context\":\"https:\/\/schema.org\",\"@graph\":[{\"@type\":\"WebPage\",\"@id\":\"https:\/\/diariodalagoa.pt\/na-vila-reutilizar-e-chique\/\",\"url\":\"https:\/\/diariodalagoa.pt\/na-vila-reutilizar-e-chique\/\",\"name\":\"\\\"Na Vila, reutilizar \u00e9 chique\\\" - Di\u00e1rio da Lagoa\",\"isPartOf\":{\"@id\":\"https:\/\/diariodalagoa.pt\/#website\"},\"datePublished\":\"2014-08-22T14:10:06+00:00\",\"dateModified\":\"2014-08-22T14:10:06+00:00\",\"author\":{\"@id\":\"https:\/\/diariodalagoa.pt\/#\/schema\/person\/1615a002370e8857b6f972834bc43ece\"},\"breadcrumb\":{\"@id\":\"https:\/\/diariodalagoa.pt\/na-vila-reutilizar-e-chique\/#breadcrumb\"},\"inLanguage\":\"fr-FR\",\"potentialAction\":[{\"@type\":\"ReadAction\",\"target\":[\"https:\/\/diariodalagoa.pt\/na-vila-reutilizar-e-chique\/\"]}]},{\"@type\":\"BreadcrumbList\",\"@id\":\"https:\/\/diariodalagoa.pt\/na-vila-reutilizar-e-chique\/#breadcrumb\",\"itemListElement\":[{\"@type\":\"ListItem\",\"position\":1,\"name\":\"In\u00edcio\",\"item\":\"https:\/\/diariodalagoa.pt\/\"},{\"@type\":\"ListItem\",\"position\":2,\"name\":\"&#8220;Na Vila, reutilizar \u00e9 chique&#8221;\"}]},{\"@type\":\"WebSite\",\"@id\":\"https:\/\/diariodalagoa.pt\/#website\",\"url\":\"https:\/\/diariodalagoa.pt\/\",\"name\":\"Di\u00e1rio da Lagoa\",\"description\":\"Di\u00e1rio da Lagoa. As not\u00edcias que contam. A partir da Lagoa, nos A\u00e7ores, para o mundo.\",\"potentialAction\":[{\"@type\":\"SearchAction\",\"target\":{\"@type\":\"EntryPoint\",\"urlTemplate\":\"https:\/\/diariodalagoa.pt\/?s={search_term_string}\"},\"query-input\":\"required name=search_term_string\"}],\"inLanguage\":\"fr-FR\"},{\"@type\":\"Person\",\"@id\":\"https:\/\/diariodalagoa.pt\/#\/schema\/person\/1615a002370e8857b6f972834bc43ece\",\"name\":\"Di\u00e1rio da Lagoa\",\"image\":{\"@type\":\"ImageObject\",\"inLanguage\":\"fr-FR\",\"@id\":\"https:\/\/diariodalagoa.pt\/#\/schema\/person\/image\/\",\"url\":\"https:\/\/secure.gravatar.com\/avatar\/2cb5cef90a26f8fbd4d9d930608102c5?s=96&d=mm&r=g\",\"contentUrl\":\"https:\/\/secure.gravatar.com\/avatar\/2cb5cef90a26f8fbd4d9d930608102c5?s=96&d=mm&r=g\",\"caption\":\"Di\u00e1rio da Lagoa\"},\"url\":\"https:\/\/diariodalagoa.pt\/fr\/author\/diariodalagoa\/\"}]}<\/script>\n<!-- \/ Yoast SEO plugin. -->","yoast_head_json":{"title":"\"Na Vila, reutilizar \u00e9 chique\" - Di\u00e1rio da Lagoa","robots":{"index":"index","follow":"follow","max-snippet":"max-snippet:-1","max-image-preview":"max-image-preview:large","max-video-preview":"max-video-preview:-1"},"canonical":"https:\/\/diariodalagoa.pt\/fr\/na-vila-reutilizar-e-chique\/","og_locale":"fr_FR","og_type":"article","og_title":"\"Na Vila, reutilizar \u00e9 chique\" - Di\u00e1rio da Lagoa","og_description":"A C\u00e2mara Municipal de Vila Franca do Campo, ilha de S\u00e3o Miguel, com o apoio da MUSAMI, ir\u00e1 dar in\u00edcio, no pr\u00f3ximo dia 26 de agosto, a uma campanha de educa\u00e7\u00e3o e sensibiliza\u00e7\u00e3o ambiental que tem como tema \u201cNa Vila, Reutilizar \u00e9 Chique\u201d. Esta a\u00e7\u00e3o encontra-se inserida no programa de educa\u00e7\u00e3o ambiental promovido pela autarquia [&hellip;]","og_url":"https:\/\/diariodalagoa.pt\/fr\/na-vila-reutilizar-e-chique\/","og_site_name":"Di\u00e1rio da Lagoa","article_published_time":"2014-08-22T14:10:06+00:00","og_image":[{"width":720,"height":380,"url":"https:\/\/diariodalagoa.pt\/wp-content\/uploads\/2014\/08\/musami-reutilizar-campanha-e-chique.jpg","type":"image\/jpeg"}],"author":"Di\u00e1rio da Lagoa","twitter_card":"summary_large_image","twitter_misc":{"\u00c9crit par":"Di\u00e1rio da Lagoa","Dur\u00e9e de lecture estim\u00e9e":"1 minute"},"schema":{"@context":"https:\/\/schema.org","@graph":[{"@type":"WebPage","@id":"https:\/\/diariodalagoa.pt\/na-vila-reutilizar-e-chique\/","url":"https:\/\/diariodalagoa.pt\/na-vila-reutilizar-e-chique\/","name":"\"Na Vila, reutilizar \u00e9 chique\" - Di\u00e1rio da Lagoa","isPartOf":{"@id":"https:\/\/diariodalagoa.pt\/#website"},"datePublished":"2014-08-22T14:10:06+00:00","dateModified":"2014-08-22T14:10:06+00:00","author":{"@id":"https:\/\/diariodalagoa.pt\/#\/schema\/person\/1615a002370e8857b6f972834bc43ece"},"breadcrumb":{"@id":"https:\/\/diariodalagoa.pt\/na-vila-reutilizar-e-chique\/#breadcrumb"},"inLanguage":"fr-FR","potentialAction":[{"@type":"ReadAction","target":["https:\/\/diariodalagoa.pt\/na-vila-reutilizar-e-chique\/"]}]},{"@type":"BreadcrumbList","@id":"https:\/\/diariodalagoa.pt\/na-vila-reutilizar-e-chique\/#breadcrumb","itemListElement":[{"@type":"ListItem","position":1,"name":"In\u00edcio","item":"https:\/\/diariodalagoa.pt\/"},{"@type":"ListItem","position":2,"name":"&#8220;Na Vila, reutilizar \u00e9 chique&#8221;"}]},{"@type":"WebSite","@id":"https:\/\/diariodalagoa.pt\/#website","url":"https:\/\/diariodalagoa.pt\/","name":"Di\u00e1rio da Lagoa","description":"Di\u00e1rio da Lagoa. As not\u00edcias que contam. A partir da Lagoa, nos A\u00e7ores, para o mundo.","potentialAction":[{"@type":"SearchAction","target":{"@type":"EntryPoint","urlTemplate":"https:\/\/diariodalagoa.pt\/?s={search_term_string}"},"query-input":"required name=search_term_string"}],"inLanguage":"fr-FR"},{"@type":"Person","@id":"https:\/\/diariodalagoa.pt\/#\/schema\/person\/1615a002370e8857b6f972834bc43ece","name":"Di\u00e1rio da Lagoa","image":{"@type":"ImageObject","inLanguage":"fr-FR","@id":"https:\/\/diariodalagoa.pt\/#\/schema\/person\/image\/","url":"https:\/\/secure.gravatar.com\/avatar\/2cb5cef90a26f8fbd4d9d930608102c5?s=96&d=mm&r=g","contentUrl":"https:\/\/secure.gravatar.com\/avatar\/2cb5cef90a26f8fbd4d9d930608102c5?s=96&d=mm&r=g","caption":"Di\u00e1rio da Lagoa"},"url":"https:\/\/diariodalagoa.pt\/fr\/author\/diariodalagoa\/"}]}},"_links":{"self":[{"href":"https:\/\/diariodalagoa.pt\/fr\/wp-json\/wp\/v2\/posts\/8128"}],"collection":[{"href":"https:\/\/diariodalagoa.pt\/fr\/wp-json\/wp\/v2\/posts"}],"about":[{"href":"https:\/\/diariodalagoa.pt\/fr\/wp-json\/wp\/v2\/types\/post"}],"author":[{"embeddable":true,"href":"https:\/\/diariodalagoa.pt\/fr\/wp-json\/wp\/v2\/users\/2"}],"replies":[{"embeddable":true,"href":"https:\/\/diariodalagoa.pt\/fr\/wp-json\/wp\/v2\/comments?post=8128"}],"version-history":[{"count":0,"href":"https:\/\/diariodalagoa.pt\/fr\/wp-json\/wp\/v2\/posts\/8128\/revisions"}],"wp:featuredmedia":[{"embeddable":true,"href":"https:\/\/diariodalagoa.pt\/fr\/wp-json\/wp\/v2\/media\/121850"}],"wp:attachment":[{"href":"https:\/\/diariodalagoa.pt\/fr\/wp-json\/wp\/v2\/media?parent=8128"}],"wp:term":[{"taxonomy":"category","embeddable":true,"href":"https:\/\/diariodalagoa.pt\/fr\/wp-json\/wp\/v2\/categories?post=8128"},{"taxonomy":"post_tag","embeddable":true,"href":"https:\/\/diariodalagoa.pt\/fr\/wp-json\/wp\/v2\/tags?post=8128"}],"curies":[{"name":"wp","href":"https:\/\/api.w.org\/{rel}","templated":true}]}}