{"id":8112,"date":"2014-08-21T16:58:39","date_gmt":"2014-08-21T17:58:39","guid":{"rendered":"http:\/\/diariodalagoa.pt\/?p=8112"},"modified":"2014-08-21T16:58:39","modified_gmt":"2014-08-21T17:58:39","slug":"governo-regional-vai-continuar-a-apoiar-os-jovens-artistas-acorianos","status":"publish","type":"post","link":"https:\/\/diariodalagoa.pt\/fr\/governo-regional-vai-continuar-a-apoiar-os-jovens-artistas-acorianos\/","title":{"rendered":"Governo Regional vai continuar a apoiar os jovens artistas a\u00e7orianos"},"content":{"rendered":"<p style=\"text-align: justify;\"><img decoding=\"async\" class=\"alignnone size-full wp-image-8113\" src=\"http:\/\/diariodalagoa.pt\/wp-content\/uploads\/2014\/08\/Isabel-Rodrigues-A\u00e7ores-governo.jpg\" alt=\"Isabel-Rodrigues-A\u00e7ores-governo\" width=\"720\" height=\"380\" \/><\/p>\n<p style=\"text-align: justify;\"><span style=\"color: #000000;\">A Secret\u00e1ria Regional Adjunta da Presid\u00eancia para os Assuntos Parlamentares afirmou que a quarta edi\u00e7\u00e3o do Concurso Labjovem \u201cconfirma o acerto da aposta do Governo Regional e a import\u00e2ncia que esta iniciativa reveste para a divulga\u00e7\u00e3o dos jovens artistas a\u00e7orianos\u201d. Isabel Rodrigues falava no final de uma visita \u00e0 Associa\u00e7\u00e3o Cultural Burra de Milho, em Angra do Hero\u00edsmo.\u00a0<\/span><\/p>\n<p style=\"text-align: justify;\"><span style=\"color: #000000;\">A Secret\u00e1ria Regional enalteceu o trabalho da associa\u00e7\u00e3o na organiza\u00e7\u00e3o deste projeto, mediante protocolo com o Governo Regional, e destacou as 188 candidaturas recebidas nesta edi\u00e7\u00e3o, que demonstram \u201co dinamismo e a criatividade dos jovens a\u00e7orianos\u201d.\u00a0<\/span><\/p>\n<p style=\"text-align: justify;\"><span style=\"color: #000000;\">Isabel Rodrigues aproveitou a visita para acompanhar os preparativos da Mostra Labjovem, que arranca\u00a0a 29 de agosto, na Academia da Juventude e das Artes da Ilha Terceira, e vai pela primeira vez a Lisboa, onde\u00a0estar\u00e1 patente\u00a0na LX Factory, durante o m\u00eas de novembro. \u00a0<\/span><\/p>\n<p style=\"text-align: justify;\"><span style=\"color: #000000;\">A\u00a0Mostra Labjovem, depois da ilha Terceira, estar\u00e1 em Ponta Delgada durante o m\u00eas de setembro, no Ateneu Criativo, com a componente expositiva, e no Teatro Micaelense, com a mostra de v\u00eddeos, seguindo depois para Lisboa e, mais tarde,\u00a0 para o Faial.\u00a0<\/span><\/p>\n<p style=\"text-align: justify;\"><span style=\"color: #000000;\"><em>DL\/GaCS<\/em><\/span><\/p>","protected":false},"excerpt":{"rendered":"<p>A Secret\u00e1ria Regional Adjunta da Presid\u00eancia para os Assuntos Parlamentares afirmou que a quarta edi\u00e7\u00e3o do Concurso Labjovem \u201cconfirma o acerto da aposta do Governo Regional e a import\u00e2ncia que esta iniciativa reveste para a divulga\u00e7\u00e3o dos jovens artistas a\u00e7orianos\u201d. Isabel Rodrigues falava no final de uma visita \u00e0 Associa\u00e7\u00e3o Cultural Burra de Milho, em [&hellip;]<\/p>","protected":false},"author":2,"featured_media":0,"comment_status":"open","ping_status":"open","sticky":false,"template":"","format":"standard","meta":[],"categories":[21],"tags":[],"acf":[],"yoast_head":"<!-- This site is optimized with the Yoast SEO plugin v20.10 - https:\/\/yoast.com\/wordpress\/plugins\/seo\/ -->\n<title>Governo Regional vai continuar a apoiar os jovens artistas a\u00e7orianos - Di\u00e1rio da Lagoa<\/title>\n<meta name=\"robots\" content=\"index, follow, max-snippet:-1, max-image-preview:large, max-video-preview:-1\" \/>\n<link rel=\"canonical\" href=\"https:\/\/diariodalagoa.pt\/fr\/governo-regional-vai-continuar-a-apoiar-os-jovens-artistas-acorianos\/\" \/>\n<meta property=\"og:locale\" content=\"fr_FR\" \/>\n<meta property=\"og:type\" content=\"article\" \/>\n<meta property=\"og:title\" content=\"Governo Regional vai continuar a apoiar os jovens artistas a\u00e7orianos - Di\u00e1rio da Lagoa\" \/>\n<meta property=\"og:description\" content=\"A Secret\u00e1ria Regional Adjunta da Presid\u00eancia para os Assuntos Parlamentares afirmou que a quarta edi\u00e7\u00e3o do Concurso Labjovem \u201cconfirma o acerto da aposta do Governo Regional e a import\u00e2ncia que esta iniciativa reveste para a divulga\u00e7\u00e3o dos jovens artistas a\u00e7orianos\u201d. Isabel Rodrigues falava no final de uma visita \u00e0 Associa\u00e7\u00e3o Cultural Burra de Milho, em [&hellip;]\" \/>\n<meta property=\"og:url\" content=\"https:\/\/diariodalagoa.pt\/fr\/governo-regional-vai-continuar-a-apoiar-os-jovens-artistas-acorianos\/\" \/>\n<meta property=\"og:site_name\" content=\"Di\u00e1rio da Lagoa\" \/>\n<meta property=\"article:published_time\" content=\"2014-08-21T17:58:39+00:00\" \/>\n<meta name=\"author\" content=\"Di\u00e1rio da Lagoa\" \/>\n<meta name=\"twitter:card\" content=\"summary_large_image\" \/>\n<meta name=\"twitter:label1\" content=\"\u00c9crit par\" \/>\n\t<meta name=\"twitter:data1\" content=\"Di\u00e1rio da Lagoa\" \/>\n\t<meta name=\"twitter:label2\" content=\"Dur\u00e9e de lecture estim\u00e9e\" \/>\n\t<meta name=\"twitter:data2\" content=\"1 minute\" \/>\n<script type=\"application\/ld+json\" class=\"yoast-schema-graph\">{\"@context\":\"https:\/\/schema.org\",\"@graph\":[{\"@type\":\"WebPage\",\"@id\":\"https:\/\/diariodalagoa.pt\/governo-regional-vai-continuar-a-apoiar-os-jovens-artistas-acorianos\/\",\"url\":\"https:\/\/diariodalagoa.pt\/governo-regional-vai-continuar-a-apoiar-os-jovens-artistas-acorianos\/\",\"name\":\"Governo Regional vai continuar a apoiar os jovens artistas a\u00e7orianos - Di\u00e1rio da Lagoa\",\"isPartOf\":{\"@id\":\"https:\/\/diariodalagoa.pt\/#website\"},\"datePublished\":\"2014-08-21T17:58:39+00:00\",\"dateModified\":\"2014-08-21T17:58:39+00:00\",\"author\":{\"@id\":\"https:\/\/diariodalagoa.pt\/#\/schema\/person\/1615a002370e8857b6f972834bc43ece\"},\"breadcrumb\":{\"@id\":\"https:\/\/diariodalagoa.pt\/governo-regional-vai-continuar-a-apoiar-os-jovens-artistas-acorianos\/#breadcrumb\"},\"inLanguage\":\"fr-FR\",\"potentialAction\":[{\"@type\":\"ReadAction\",\"target\":[\"https:\/\/diariodalagoa.pt\/governo-regional-vai-continuar-a-apoiar-os-jovens-artistas-acorianos\/\"]}]},{\"@type\":\"BreadcrumbList\",\"@id\":\"https:\/\/diariodalagoa.pt\/governo-regional-vai-continuar-a-apoiar-os-jovens-artistas-acorianos\/#breadcrumb\",\"itemListElement\":[{\"@type\":\"ListItem\",\"position\":1,\"name\":\"In\u00edcio\",\"item\":\"https:\/\/diariodalagoa.pt\/\"},{\"@type\":\"ListItem\",\"position\":2,\"name\":\"Governo Regional vai continuar a apoiar os jovens artistas a\u00e7orianos\"}]},{\"@type\":\"WebSite\",\"@id\":\"https:\/\/diariodalagoa.pt\/#website\",\"url\":\"https:\/\/diariodalagoa.pt\/\",\"name\":\"Di\u00e1rio da Lagoa\",\"description\":\"Di\u00e1rio da Lagoa. As not\u00edcias que contam. A partir da Lagoa, nos A\u00e7ores, para o mundo.\",\"potentialAction\":[{\"@type\":\"SearchAction\",\"target\":{\"@type\":\"EntryPoint\",\"urlTemplate\":\"https:\/\/diariodalagoa.pt\/?s={search_term_string}\"},\"query-input\":\"required name=search_term_string\"}],\"inLanguage\":\"fr-FR\"},{\"@type\":\"Person\",\"@id\":\"https:\/\/diariodalagoa.pt\/#\/schema\/person\/1615a002370e8857b6f972834bc43ece\",\"name\":\"Di\u00e1rio da Lagoa\",\"image\":{\"@type\":\"ImageObject\",\"inLanguage\":\"fr-FR\",\"@id\":\"https:\/\/diariodalagoa.pt\/#\/schema\/person\/image\/\",\"url\":\"https:\/\/secure.gravatar.com\/avatar\/2cb5cef90a26f8fbd4d9d930608102c5?s=96&d=mm&r=g\",\"contentUrl\":\"https:\/\/secure.gravatar.com\/avatar\/2cb5cef90a26f8fbd4d9d930608102c5?s=96&d=mm&r=g\",\"caption\":\"Di\u00e1rio da Lagoa\"},\"url\":\"https:\/\/diariodalagoa.pt\/fr\/author\/diariodalagoa\/\"}]}<\/script>\n<!-- \/ Yoast SEO plugin. -->","yoast_head_json":{"title":"Governo Regional vai continuar a apoiar os jovens artistas a\u00e7orianos - Di\u00e1rio da Lagoa","robots":{"index":"index","follow":"follow","max-snippet":"max-snippet:-1","max-image-preview":"max-image-preview:large","max-video-preview":"max-video-preview:-1"},"canonical":"https:\/\/diariodalagoa.pt\/fr\/governo-regional-vai-continuar-a-apoiar-os-jovens-artistas-acorianos\/","og_locale":"fr_FR","og_type":"article","og_title":"Governo Regional vai continuar a apoiar os jovens artistas a\u00e7orianos - Di\u00e1rio da Lagoa","og_description":"A Secret\u00e1ria Regional Adjunta da Presid\u00eancia para os Assuntos Parlamentares afirmou que a quarta edi\u00e7\u00e3o do Concurso Labjovem \u201cconfirma o acerto da aposta do Governo Regional e a import\u00e2ncia que esta iniciativa reveste para a divulga\u00e7\u00e3o dos jovens artistas a\u00e7orianos\u201d. Isabel Rodrigues falava no final de uma visita \u00e0 Associa\u00e7\u00e3o Cultural Burra de Milho, em [&hellip;]","og_url":"https:\/\/diariodalagoa.pt\/fr\/governo-regional-vai-continuar-a-apoiar-os-jovens-artistas-acorianos\/","og_site_name":"Di\u00e1rio da Lagoa","article_published_time":"2014-08-21T17:58:39+00:00","author":"Di\u00e1rio da Lagoa","twitter_card":"summary_large_image","twitter_misc":{"\u00c9crit par":"Di\u00e1rio da Lagoa","Dur\u00e9e de lecture estim\u00e9e":"1 minute"},"schema":{"@context":"https:\/\/schema.org","@graph":[{"@type":"WebPage","@id":"https:\/\/diariodalagoa.pt\/governo-regional-vai-continuar-a-apoiar-os-jovens-artistas-acorianos\/","url":"https:\/\/diariodalagoa.pt\/governo-regional-vai-continuar-a-apoiar-os-jovens-artistas-acorianos\/","name":"Governo Regional vai continuar a apoiar os jovens artistas a\u00e7orianos - Di\u00e1rio da Lagoa","isPartOf":{"@id":"https:\/\/diariodalagoa.pt\/#website"},"datePublished":"2014-08-21T17:58:39+00:00","dateModified":"2014-08-21T17:58:39+00:00","author":{"@id":"https:\/\/diariodalagoa.pt\/#\/schema\/person\/1615a002370e8857b6f972834bc43ece"},"breadcrumb":{"@id":"https:\/\/diariodalagoa.pt\/governo-regional-vai-continuar-a-apoiar-os-jovens-artistas-acorianos\/#breadcrumb"},"inLanguage":"fr-FR","potentialAction":[{"@type":"ReadAction","target":["https:\/\/diariodalagoa.pt\/governo-regional-vai-continuar-a-apoiar-os-jovens-artistas-acorianos\/"]}]},{"@type":"BreadcrumbList","@id":"https:\/\/diariodalagoa.pt\/governo-regional-vai-continuar-a-apoiar-os-jovens-artistas-acorianos\/#breadcrumb","itemListElement":[{"@type":"ListItem","position":1,"name":"In\u00edcio","item":"https:\/\/diariodalagoa.pt\/"},{"@type":"ListItem","position":2,"name":"Governo Regional vai continuar a apoiar os jovens artistas a\u00e7orianos"}]},{"@type":"WebSite","@id":"https:\/\/diariodalagoa.pt\/#website","url":"https:\/\/diariodalagoa.pt\/","name":"Di\u00e1rio da Lagoa","description":"Di\u00e1rio da Lagoa. As not\u00edcias que contam. A partir da Lagoa, nos A\u00e7ores, para o mundo.","potentialAction":[{"@type":"SearchAction","target":{"@type":"EntryPoint","urlTemplate":"https:\/\/diariodalagoa.pt\/?s={search_term_string}"},"query-input":"required name=search_term_string"}],"inLanguage":"fr-FR"},{"@type":"Person","@id":"https:\/\/diariodalagoa.pt\/#\/schema\/person\/1615a002370e8857b6f972834bc43ece","name":"Di\u00e1rio da Lagoa","image":{"@type":"ImageObject","inLanguage":"fr-FR","@id":"https:\/\/diariodalagoa.pt\/#\/schema\/person\/image\/","url":"https:\/\/secure.gravatar.com\/avatar\/2cb5cef90a26f8fbd4d9d930608102c5?s=96&d=mm&r=g","contentUrl":"https:\/\/secure.gravatar.com\/avatar\/2cb5cef90a26f8fbd4d9d930608102c5?s=96&d=mm&r=g","caption":"Di\u00e1rio da Lagoa"},"url":"https:\/\/diariodalagoa.pt\/fr\/author\/diariodalagoa\/"}]}},"_links":{"self":[{"href":"https:\/\/diariodalagoa.pt\/fr\/wp-json\/wp\/v2\/posts\/8112"}],"collection":[{"href":"https:\/\/diariodalagoa.pt\/fr\/wp-json\/wp\/v2\/posts"}],"about":[{"href":"https:\/\/diariodalagoa.pt\/fr\/wp-json\/wp\/v2\/types\/post"}],"author":[{"embeddable":true,"href":"https:\/\/diariodalagoa.pt\/fr\/wp-json\/wp\/v2\/users\/2"}],"replies":[{"embeddable":true,"href":"https:\/\/diariodalagoa.pt\/fr\/wp-json\/wp\/v2\/comments?post=8112"}],"version-history":[{"count":0,"href":"https:\/\/diariodalagoa.pt\/fr\/wp-json\/wp\/v2\/posts\/8112\/revisions"}],"wp:attachment":[{"href":"https:\/\/diariodalagoa.pt\/fr\/wp-json\/wp\/v2\/media?parent=8112"}],"wp:term":[{"taxonomy":"category","embeddable":true,"href":"https:\/\/diariodalagoa.pt\/fr\/wp-json\/wp\/v2\/categories?post=8112"},{"taxonomy":"post_tag","embeddable":true,"href":"https:\/\/diariodalagoa.pt\/fr\/wp-json\/wp\/v2\/tags?post=8112"}],"curies":[{"name":"wp","href":"https:\/\/api.w.org\/{rel}","templated":true}]}}