{"id":8034,"date":"2014-08-20T06:42:08","date_gmt":"2014-08-20T07:42:08","guid":{"rendered":"http:\/\/diariodalagoa.pt\/?p=8034"},"modified":"2014-08-20T06:42:08","modified_gmt":"2014-08-20T07:42:08","slug":"governo-dos-acores-promove-mapeamento-de-zonas-para-aquicultura-na-regiao","status":"publish","type":"post","link":"https:\/\/diariodalagoa.pt\/fr\/governo-dos-acores-promove-mapeamento-de-zonas-para-aquicultura-na-regiao\/","title":{"rendered":"Governo dos A\u00e7ores promove mapeamento de zonas para Aquicultura na Regi\u00e3o"},"content":{"rendered":"<p style=\"text-align: justify;\"><img decoding=\"async\" class=\"alignnone size-full wp-image-8035\" src=\"http:\/\/diariodalagoa.pt\/wp-content\/uploads\/2014\/08\/Aquacultura-cracas@seaexpert-azores.jpg\" alt=\"Aquacultura-cracas@seaexpert-azores\" width=\"720\" height=\"380\" \/><\/p>\n<p style=\"text-align: justify;\"><span style=\"color: #000000;\">O Governo Regional celebrou um protocolo com a Funda\u00e7\u00e3o Gaspar Frutuoso e a Universidade dos A\u00e7ores, no valor de cerca de 58 mil euros, para a realiza\u00e7\u00e3o do mapeamento das zonas com potencial para instalar unidades de Aquicultura no arquip\u00e9lago.\u00a0<\/span><\/p>\n<p style=\"text-align: justify;\"><span style=\"color: #000000;\">&#8220;A Aquicultura tem um grande interesse estrat\u00e9gico para os A\u00e7ores como atividade econ\u00f3mica com potencial de crescimento e pode constituir uma nova fonte de receitas&#8221; para a fileira da pesca nos A\u00e7ores, afirmou o Secret\u00e1rio Regional do Mar, Ci\u00eancia e Tecnologia.\u00a0<\/span><\/p>\n<p style=\"text-align: justify;\"><span style=\"color: #000000;\">Fausto Brito e Abreu defendeu o interesse de se avaliar a possibilidade de criar esp\u00e9cies end\u00e9micas dos A\u00e7ores em sistemas de aquicultura, considerando que \u201co potencial de investiga\u00e7\u00e3o cient\u00edfica nesta \u00e1rea \u00e9 tamb\u00e9m muito interessante, para al\u00e9m das mais valias econ\u00f3micas\u201d.\u00a0<\/span><\/p>\n<p style=\"text-align: justify;\"><span style=\"color: #000000;\">O mapeamento de zonas com potencial para a Aquicultura vai fornecer ao Governo Regional um importante instrumento de apoio \u00e0 decis\u00e3o no licenciamento de atividades e no ordenamento do espa\u00e7o mar\u00edtimo.\u00a0<\/span><\/p>\n<p style=\"text-align: justify;\"><span style=\"color: #000000;\">Desde 2007, j\u00e1 foram apoiados nos A\u00e7ores uma dezena de projetos na \u00e1rea da Aquicultura, em esp\u00e9cies como as cracas, as lapas e os ouri\u00e7os-do-mar, maioritariamente nas ilhas do Faial e S. Jorge, envolvendo um investimento global de 310 mil euros.<\/span><\/p>\n<p style=\"text-align: justify;\"><span style=\"color: #000000;\"><em>DL\/GaCS\/foto@<a href=\"http:\/\/www.seaexpert-azores.com\/\" target=\"_blank\" rel=\"noopener\">seaexpert-azores<\/a><\/em><\/span><\/p>","protected":false},"excerpt":{"rendered":"<p>O Governo Regional celebrou um protocolo com a Funda\u00e7\u00e3o Gaspar Frutuoso e a Universidade dos A\u00e7ores, no valor de cerca de 58 mil euros, para a realiza\u00e7\u00e3o do mapeamento das zonas com potencial para instalar unidades de Aquicultura no arquip\u00e9lago.\u00a0 &#8220;A Aquicultura tem um grande interesse estrat\u00e9gico para os A\u00e7ores como atividade econ\u00f3mica com potencial [&hellip;]<\/p>","protected":false},"author":2,"featured_media":121854,"comment_status":"open","ping_status":"open","sticky":false,"template":"","format":"standard","meta":[],"categories":[21],"tags":[],"acf":[],"yoast_head":"<!-- This site is optimized with the Yoast SEO plugin v20.10 - https:\/\/yoast.com\/wordpress\/plugins\/seo\/ -->\n<title>Governo dos A\u00e7ores promove mapeamento de zonas para Aquicultura na Regi\u00e3o - Di\u00e1rio da Lagoa<\/title>\n<meta name=\"robots\" content=\"index, follow, max-snippet:-1, max-image-preview:large, max-video-preview:-1\" \/>\n<link rel=\"canonical\" href=\"https:\/\/diariodalagoa.pt\/fr\/governo-dos-acores-promove-mapeamento-de-zonas-para-aquicultura-na-regiao\/\" \/>\n<meta property=\"og:locale\" content=\"fr_FR\" \/>\n<meta property=\"og:type\" content=\"article\" \/>\n<meta property=\"og:title\" content=\"Governo dos A\u00e7ores promove mapeamento de zonas para Aquicultura na Regi\u00e3o - Di\u00e1rio da Lagoa\" \/>\n<meta property=\"og:description\" content=\"O Governo Regional celebrou um protocolo com a Funda\u00e7\u00e3o Gaspar Frutuoso e a Universidade dos A\u00e7ores, no valor de cerca de 58 mil euros, para a realiza\u00e7\u00e3o do mapeamento das zonas com potencial para instalar unidades de Aquicultura no arquip\u00e9lago.\u00a0 &#8220;A Aquicultura tem um grande interesse estrat\u00e9gico para os A\u00e7ores como atividade econ\u00f3mica com potencial [&hellip;]\" \/>\n<meta property=\"og:url\" content=\"https:\/\/diariodalagoa.pt\/fr\/governo-dos-acores-promove-mapeamento-de-zonas-para-aquicultura-na-regiao\/\" \/>\n<meta property=\"og:site_name\" content=\"Di\u00e1rio da Lagoa\" \/>\n<meta property=\"article:published_time\" content=\"2014-08-20T07:42:08+00:00\" \/>\n<meta property=\"og:image\" content=\"https:\/\/diariodalagoa.pt\/wp-content\/uploads\/2014\/08\/aquacultura-cracasseaexpert-azores.jpg\" \/>\n\t<meta property=\"og:image:width\" content=\"720\" \/>\n\t<meta property=\"og:image:height\" content=\"380\" \/>\n\t<meta property=\"og:image:type\" content=\"image\/jpeg\" \/>\n<meta name=\"author\" content=\"Di\u00e1rio da Lagoa\" \/>\n<meta name=\"twitter:card\" content=\"summary_large_image\" \/>\n<meta name=\"twitter:label1\" content=\"\u00c9crit par\" \/>\n\t<meta name=\"twitter:data1\" content=\"Di\u00e1rio da Lagoa\" \/>\n\t<meta name=\"twitter:label2\" content=\"Dur\u00e9e de lecture estim\u00e9e\" \/>\n\t<meta name=\"twitter:data2\" content=\"1 minute\" \/>\n<script type=\"application\/ld+json\" class=\"yoast-schema-graph\">{\"@context\":\"https:\/\/schema.org\",\"@graph\":[{\"@type\":\"WebPage\",\"@id\":\"https:\/\/diariodalagoa.pt\/governo-dos-acores-promove-mapeamento-de-zonas-para-aquicultura-na-regiao\/\",\"url\":\"https:\/\/diariodalagoa.pt\/governo-dos-acores-promove-mapeamento-de-zonas-para-aquicultura-na-regiao\/\",\"name\":\"Governo dos A\u00e7ores promove mapeamento de zonas para Aquicultura na Regi\u00e3o - Di\u00e1rio da Lagoa\",\"isPartOf\":{\"@id\":\"https:\/\/diariodalagoa.pt\/#website\"},\"datePublished\":\"2014-08-20T07:42:08+00:00\",\"dateModified\":\"2014-08-20T07:42:08+00:00\",\"author\":{\"@id\":\"https:\/\/diariodalagoa.pt\/#\/schema\/person\/1615a002370e8857b6f972834bc43ece\"},\"breadcrumb\":{\"@id\":\"https:\/\/diariodalagoa.pt\/governo-dos-acores-promove-mapeamento-de-zonas-para-aquicultura-na-regiao\/#breadcrumb\"},\"inLanguage\":\"fr-FR\",\"potentialAction\":[{\"@type\":\"ReadAction\",\"target\":[\"https:\/\/diariodalagoa.pt\/governo-dos-acores-promove-mapeamento-de-zonas-para-aquicultura-na-regiao\/\"]}]},{\"@type\":\"BreadcrumbList\",\"@id\":\"https:\/\/diariodalagoa.pt\/governo-dos-acores-promove-mapeamento-de-zonas-para-aquicultura-na-regiao\/#breadcrumb\",\"itemListElement\":[{\"@type\":\"ListItem\",\"position\":1,\"name\":\"In\u00edcio\",\"item\":\"https:\/\/diariodalagoa.pt\/\"},{\"@type\":\"ListItem\",\"position\":2,\"name\":\"Governo dos A\u00e7ores promove mapeamento de zonas para Aquicultura na Regi\u00e3o\"}]},{\"@type\":\"WebSite\",\"@id\":\"https:\/\/diariodalagoa.pt\/#website\",\"url\":\"https:\/\/diariodalagoa.pt\/\",\"name\":\"Di\u00e1rio da Lagoa\",\"description\":\"Di\u00e1rio da Lagoa. As not\u00edcias que contam. A partir da Lagoa, nos A\u00e7ores, para o mundo.\",\"potentialAction\":[{\"@type\":\"SearchAction\",\"target\":{\"@type\":\"EntryPoint\",\"urlTemplate\":\"https:\/\/diariodalagoa.pt\/?s={search_term_string}\"},\"query-input\":\"required name=search_term_string\"}],\"inLanguage\":\"fr-FR\"},{\"@type\":\"Person\",\"@id\":\"https:\/\/diariodalagoa.pt\/#\/schema\/person\/1615a002370e8857b6f972834bc43ece\",\"name\":\"Di\u00e1rio da Lagoa\",\"image\":{\"@type\":\"ImageObject\",\"inLanguage\":\"fr-FR\",\"@id\":\"https:\/\/diariodalagoa.pt\/#\/schema\/person\/image\/\",\"url\":\"https:\/\/secure.gravatar.com\/avatar\/2cb5cef90a26f8fbd4d9d930608102c5?s=96&d=mm&r=g\",\"contentUrl\":\"https:\/\/secure.gravatar.com\/avatar\/2cb5cef90a26f8fbd4d9d930608102c5?s=96&d=mm&r=g\",\"caption\":\"Di\u00e1rio da Lagoa\"},\"url\":\"https:\/\/diariodalagoa.pt\/fr\/author\/diariodalagoa\/\"}]}<\/script>\n<!-- \/ Yoast SEO plugin. -->","yoast_head_json":{"title":"Governo dos A\u00e7ores promove mapeamento de zonas para Aquicultura na Regi\u00e3o - Di\u00e1rio da Lagoa","robots":{"index":"index","follow":"follow","max-snippet":"max-snippet:-1","max-image-preview":"max-image-preview:large","max-video-preview":"max-video-preview:-1"},"canonical":"https:\/\/diariodalagoa.pt\/fr\/governo-dos-acores-promove-mapeamento-de-zonas-para-aquicultura-na-regiao\/","og_locale":"fr_FR","og_type":"article","og_title":"Governo dos A\u00e7ores promove mapeamento de zonas para Aquicultura na Regi\u00e3o - Di\u00e1rio da Lagoa","og_description":"O Governo Regional celebrou um protocolo com a Funda\u00e7\u00e3o Gaspar Frutuoso e a Universidade dos A\u00e7ores, no valor de cerca de 58 mil euros, para a realiza\u00e7\u00e3o do mapeamento das zonas com potencial para instalar unidades de Aquicultura no arquip\u00e9lago.\u00a0 &#8220;A Aquicultura tem um grande interesse estrat\u00e9gico para os A\u00e7ores como atividade econ\u00f3mica com potencial [&hellip;]","og_url":"https:\/\/diariodalagoa.pt\/fr\/governo-dos-acores-promove-mapeamento-de-zonas-para-aquicultura-na-regiao\/","og_site_name":"Di\u00e1rio da Lagoa","article_published_time":"2014-08-20T07:42:08+00:00","og_image":[{"width":720,"height":380,"url":"https:\/\/diariodalagoa.pt\/wp-content\/uploads\/2014\/08\/aquacultura-cracasseaexpert-azores.jpg","type":"image\/jpeg"}],"author":"Di\u00e1rio da Lagoa","twitter_card":"summary_large_image","twitter_misc":{"\u00c9crit par":"Di\u00e1rio da Lagoa","Dur\u00e9e de lecture estim\u00e9e":"1 minute"},"schema":{"@context":"https:\/\/schema.org","@graph":[{"@type":"WebPage","@id":"https:\/\/diariodalagoa.pt\/governo-dos-acores-promove-mapeamento-de-zonas-para-aquicultura-na-regiao\/","url":"https:\/\/diariodalagoa.pt\/governo-dos-acores-promove-mapeamento-de-zonas-para-aquicultura-na-regiao\/","name":"Governo dos A\u00e7ores promove mapeamento de zonas para Aquicultura na Regi\u00e3o - Di\u00e1rio da Lagoa","isPartOf":{"@id":"https:\/\/diariodalagoa.pt\/#website"},"datePublished":"2014-08-20T07:42:08+00:00","dateModified":"2014-08-20T07:42:08+00:00","author":{"@id":"https:\/\/diariodalagoa.pt\/#\/schema\/person\/1615a002370e8857b6f972834bc43ece"},"breadcrumb":{"@id":"https:\/\/diariodalagoa.pt\/governo-dos-acores-promove-mapeamento-de-zonas-para-aquicultura-na-regiao\/#breadcrumb"},"inLanguage":"fr-FR","potentialAction":[{"@type":"ReadAction","target":["https:\/\/diariodalagoa.pt\/governo-dos-acores-promove-mapeamento-de-zonas-para-aquicultura-na-regiao\/"]}]},{"@type":"BreadcrumbList","@id":"https:\/\/diariodalagoa.pt\/governo-dos-acores-promove-mapeamento-de-zonas-para-aquicultura-na-regiao\/#breadcrumb","itemListElement":[{"@type":"ListItem","position":1,"name":"In\u00edcio","item":"https:\/\/diariodalagoa.pt\/"},{"@type":"ListItem","position":2,"name":"Governo dos A\u00e7ores promove mapeamento de zonas para Aquicultura na Regi\u00e3o"}]},{"@type":"WebSite","@id":"https:\/\/diariodalagoa.pt\/#website","url":"https:\/\/diariodalagoa.pt\/","name":"Di\u00e1rio da Lagoa","description":"Di\u00e1rio da Lagoa. As not\u00edcias que contam. A partir da Lagoa, nos A\u00e7ores, para o mundo.","potentialAction":[{"@type":"SearchAction","target":{"@type":"EntryPoint","urlTemplate":"https:\/\/diariodalagoa.pt\/?s={search_term_string}"},"query-input":"required name=search_term_string"}],"inLanguage":"fr-FR"},{"@type":"Person","@id":"https:\/\/diariodalagoa.pt\/#\/schema\/person\/1615a002370e8857b6f972834bc43ece","name":"Di\u00e1rio da Lagoa","image":{"@type":"ImageObject","inLanguage":"fr-FR","@id":"https:\/\/diariodalagoa.pt\/#\/schema\/person\/image\/","url":"https:\/\/secure.gravatar.com\/avatar\/2cb5cef90a26f8fbd4d9d930608102c5?s=96&d=mm&r=g","contentUrl":"https:\/\/secure.gravatar.com\/avatar\/2cb5cef90a26f8fbd4d9d930608102c5?s=96&d=mm&r=g","caption":"Di\u00e1rio da Lagoa"},"url":"https:\/\/diariodalagoa.pt\/fr\/author\/diariodalagoa\/"}]}},"_links":{"self":[{"href":"https:\/\/diariodalagoa.pt\/fr\/wp-json\/wp\/v2\/posts\/8034"}],"collection":[{"href":"https:\/\/diariodalagoa.pt\/fr\/wp-json\/wp\/v2\/posts"}],"about":[{"href":"https:\/\/diariodalagoa.pt\/fr\/wp-json\/wp\/v2\/types\/post"}],"author":[{"embeddable":true,"href":"https:\/\/diariodalagoa.pt\/fr\/wp-json\/wp\/v2\/users\/2"}],"replies":[{"embeddable":true,"href":"https:\/\/diariodalagoa.pt\/fr\/wp-json\/wp\/v2\/comments?post=8034"}],"version-history":[{"count":0,"href":"https:\/\/diariodalagoa.pt\/fr\/wp-json\/wp\/v2\/posts\/8034\/revisions"}],"wp:featuredmedia":[{"embeddable":true,"href":"https:\/\/diariodalagoa.pt\/fr\/wp-json\/wp\/v2\/media\/121854"}],"wp:attachment":[{"href":"https:\/\/diariodalagoa.pt\/fr\/wp-json\/wp\/v2\/media?parent=8034"}],"wp:term":[{"taxonomy":"category","embeddable":true,"href":"https:\/\/diariodalagoa.pt\/fr\/wp-json\/wp\/v2\/categories?post=8034"},{"taxonomy":"post_tag","embeddable":true,"href":"https:\/\/diariodalagoa.pt\/fr\/wp-json\/wp\/v2\/tags?post=8034"}],"curies":[{"name":"wp","href":"https:\/\/api.w.org\/{rel}","templated":true}]}}