{"id":78469,"date":"2019-12-06T12:04:34","date_gmt":"2019-12-06T12:04:34","guid":{"rendered":"https:\/\/diariodalagoa.pt\/?p=78469"},"modified":"2025-09-28T00:37:37","modified_gmt":"2025-09-28T00:37:37","slug":"serao-de-invernia-em-epoca-de-natal","status":"publish","type":"post","link":"https:\/\/diariodalagoa.pt\/fr\/serao-de-invernia-em-epoca-de-natal\/","title":{"rendered":"Ser\u00e3o de Invernia em \u00c9poca de Natal"},"content":{"rendered":"<figure class=\"wp-block-image\"><img decoding=\"async\" src=\"https:\/\/diariodalagoa.pt\/wp-content\/uploads\/2018\/12\/Presepio-Figuras-nascimento-Jesus_Jornal-Diario-da-Lagoa.jpg\" alt=\"\" class=\"wp-image-70336\"\/><\/figure>\n\n\n<p><span style=\"font-size: inherit; color: #000000;\">O dia reclinou-se no aconchego da escurid\u00e3o. Na lareira, o fogo acordou para o ser\u00e3o e os mais pequenos dormitando, tentavam, ora sim ora n\u00e3o, seguir as vozes que se acomodavam \u00e0 situa\u00e7\u00e3o.<\/span><\/p>\n<p><span style=\"color: #000000;\">O vento corria. Chovia\u2026 chovia teimosamente e sentia-se a for\u00e7a da \u00e1gua vergastar as gelosias, e as maresias, bravas, ruins, inquietantes mesmo, galgavam sem tr\u00e9guas o calhau, provocando constante e assustador ru\u00eddo.<\/span><\/p>\n<p><span style=\"color: #000000;\">Era Dezembro. Inverno pleno. Enquanto, l\u00e1 fora, o mau tempo n\u00e3o amainava, em casa, bem junto \u00e0 lareira, fervilhava a coes\u00e3o, a for\u00e7a e a partilha natal\u00edcia de toda uma fam\u00edlia, que o fogo, crepitando, parecia deleitar-se e vivenciar a ocasi\u00e3o.<\/span><\/p>\n<p><span style=\"color: #000000;\">No pres\u00e9pio, as \u201csearinhas\u201d acomodadas nos pratinhos atempadamente escolhidos, mostravam o trigo verdinho que continuava crescendo e as laranjas maduras e bonitas, apanhadas v\u00e1rios dias antes, tomavam lugar na toalha alva que cuidado crochet engalanava, na qual &nbsp;a gruta de pedra vulc\u00e2nica, negra, queimada e leve, disposta de maneira h\u00e1bil, aninhava as habituais e conhecidas figuras, moldadas em barro.<\/span><\/p>\n<p><span style=\"color: #000000;\">O Deus-Menino, pequenino, olhando a Senhora que O amamenta, de permeio, enquanto a Virgem-M\u00e3e O muda de seio, com o seu olhar b\u00e9b\u00e9, l\u00edmpido e divinal, sorri, desejando a todos\u2026<\/span><\/p>\n<p><span style=\"color: #000000;\">FELIZ NATAL<\/span><\/p>\n<p style=\"text-align: right;\"><span style=\"color: #000000;\">&nbsp; &nbsp; &nbsp; &nbsp; &nbsp; &nbsp; &nbsp; &nbsp; &nbsp; &nbsp; &nbsp; &nbsp; &nbsp; &nbsp; &nbsp; &nbsp; &nbsp; &nbsp; &nbsp; &nbsp; &nbsp; &nbsp; &nbsp; &nbsp; &nbsp; &nbsp; &nbsp; &nbsp; &nbsp; &nbsp; &nbsp; &nbsp; &nbsp; &nbsp; <em>Ruben Santos \u2013 Calif\u00f3nia 1999<\/em><\/span><br><span style=\"color: #000000;\"><em>(Artigo publicado na edi\u00e7\u00e3o impressa de dezembro de 2019)<\/em><\/span><\/p>","protected":false},"excerpt":{"rendered":"<p>O dia reclinou-se no aconchego da escurid\u00e3o. Na lareira, o fogo acordou para o ser\u00e3o e os mais pequenos dormitando, tentavam, ora sim ora n\u00e3o, seguir as vozes que se acomodavam \u00e0 situa\u00e7\u00e3o. O vento corria. Chovia\u2026 chovia teimosamente e sentia-se a for\u00e7a da \u00e1gua vergastar as gelosias, e as maresias, bravas, ruins, inquietantes mesmo, [&hellip;]<\/p>","protected":false},"author":2,"featured_media":110102,"comment_status":"open","ping_status":"open","sticky":false,"template":"","format":"standard","meta":[],"categories":[11],"tags":[],"acf":[],"yoast_head":"<!-- This site is optimized with the Yoast SEO plugin v20.10 - https:\/\/yoast.com\/wordpress\/plugins\/seo\/ -->\n<title>Ser\u00e3o de Invernia em \u00c9poca de Natal - Di\u00e1rio da Lagoa<\/title>\n<meta name=\"robots\" content=\"index, follow, max-snippet:-1, max-image-preview:large, max-video-preview:-1\" \/>\n<link rel=\"canonical\" href=\"https:\/\/diariodalagoa.pt\/fr\/serao-de-invernia-em-epoca-de-natal\/\" \/>\n<meta property=\"og:locale\" content=\"fr_FR\" \/>\n<meta property=\"og:type\" content=\"article\" \/>\n<meta property=\"og:title\" content=\"Ser\u00e3o de Invernia em \u00c9poca de Natal - Di\u00e1rio da Lagoa\" \/>\n<meta property=\"og:description\" content=\"O dia reclinou-se no aconchego da escurid\u00e3o. Na lareira, o fogo acordou para o ser\u00e3o e os mais pequenos dormitando, tentavam, ora sim ora n\u00e3o, seguir as vozes que se acomodavam \u00e0 situa\u00e7\u00e3o. O vento corria. Chovia\u2026 chovia teimosamente e sentia-se a for\u00e7a da \u00e1gua vergastar as gelosias, e as maresias, bravas, ruins, inquietantes mesmo, [&hellip;]\" \/>\n<meta property=\"og:url\" content=\"https:\/\/diariodalagoa.pt\/fr\/serao-de-invernia-em-epoca-de-natal\/\" \/>\n<meta property=\"og:site_name\" content=\"Di\u00e1rio da Lagoa\" \/>\n<meta property=\"article:published_time\" content=\"2019-12-06T12:04:34+00:00\" \/>\n<meta property=\"article:modified_time\" content=\"2025-09-28T00:37:37+00:00\" \/>\n<meta property=\"og:image\" content=\"https:\/\/diariodalagoa.pt\/wp-content\/uploads\/2019\/12\/presepio-figuras-nascimento-jesus-jornal-diario-da-lagoa.jpg\" \/>\n\t<meta property=\"og:image:width\" content=\"960\" \/>\n\t<meta property=\"og:image:height\" content=\"489\" \/>\n\t<meta property=\"og:image:type\" content=\"image\/jpeg\" \/>\n<meta name=\"author\" content=\"Di\u00e1rio da Lagoa\" \/>\n<meta name=\"twitter:card\" content=\"summary_large_image\" \/>\n<meta name=\"twitter:label1\" content=\"\u00c9crit par\" \/>\n\t<meta name=\"twitter:data1\" content=\"Di\u00e1rio da Lagoa\" \/>\n\t<meta name=\"twitter:label2\" content=\"Dur\u00e9e de lecture estim\u00e9e\" \/>\n\t<meta name=\"twitter:data2\" content=\"1 minute\" \/>\n<script type=\"application\/ld+json\" class=\"yoast-schema-graph\">{\"@context\":\"https:\/\/schema.org\",\"@graph\":[{\"@type\":\"WebPage\",\"@id\":\"https:\/\/diariodalagoa.pt\/serao-de-invernia-em-epoca-de-natal\/\",\"url\":\"https:\/\/diariodalagoa.pt\/serao-de-invernia-em-epoca-de-natal\/\",\"name\":\"Ser\u00e3o de Invernia em \u00c9poca de Natal - Di\u00e1rio da Lagoa\",\"isPartOf\":{\"@id\":\"https:\/\/diariodalagoa.pt\/#website\"},\"datePublished\":\"2019-12-06T12:04:34+00:00\",\"dateModified\":\"2025-09-28T00:37:37+00:00\",\"author\":{\"@id\":\"https:\/\/diariodalagoa.pt\/#\/schema\/person\/1615a002370e8857b6f972834bc43ece\"},\"breadcrumb\":{\"@id\":\"https:\/\/diariodalagoa.pt\/serao-de-invernia-em-epoca-de-natal\/#breadcrumb\"},\"inLanguage\":\"fr-FR\",\"potentialAction\":[{\"@type\":\"ReadAction\",\"target\":[\"https:\/\/diariodalagoa.pt\/serao-de-invernia-em-epoca-de-natal\/\"]}]},{\"@type\":\"BreadcrumbList\",\"@id\":\"https:\/\/diariodalagoa.pt\/serao-de-invernia-em-epoca-de-natal\/#breadcrumb\",\"itemListElement\":[{\"@type\":\"ListItem\",\"position\":1,\"name\":\"In\u00edcio\",\"item\":\"https:\/\/diariodalagoa.pt\/\"},{\"@type\":\"ListItem\",\"position\":2,\"name\":\"Ser\u00e3o de Invernia em \u00c9poca de Natal\"}]},{\"@type\":\"WebSite\",\"@id\":\"https:\/\/diariodalagoa.pt\/#website\",\"url\":\"https:\/\/diariodalagoa.pt\/\",\"name\":\"Di\u00e1rio da Lagoa\",\"description\":\"Di\u00e1rio da Lagoa. As not\u00edcias que contam. A partir da Lagoa, nos A\u00e7ores, para o mundo.\",\"potentialAction\":[{\"@type\":\"SearchAction\",\"target\":{\"@type\":\"EntryPoint\",\"urlTemplate\":\"https:\/\/diariodalagoa.pt\/?s={search_term_string}\"},\"query-input\":\"required name=search_term_string\"}],\"inLanguage\":\"fr-FR\"},{\"@type\":\"Person\",\"@id\":\"https:\/\/diariodalagoa.pt\/#\/schema\/person\/1615a002370e8857b6f972834bc43ece\",\"name\":\"Di\u00e1rio da Lagoa\",\"image\":{\"@type\":\"ImageObject\",\"inLanguage\":\"fr-FR\",\"@id\":\"https:\/\/diariodalagoa.pt\/#\/schema\/person\/image\/\",\"url\":\"https:\/\/secure.gravatar.com\/avatar\/2cb5cef90a26f8fbd4d9d930608102c5?s=96&d=mm&r=g\",\"contentUrl\":\"https:\/\/secure.gravatar.com\/avatar\/2cb5cef90a26f8fbd4d9d930608102c5?s=96&d=mm&r=g\",\"caption\":\"Di\u00e1rio da Lagoa\"},\"url\":\"https:\/\/diariodalagoa.pt\/fr\/author\/diariodalagoa\/\"}]}<\/script>\n<!-- \/ Yoast SEO plugin. -->","yoast_head_json":{"title":"Ser\u00e3o de Invernia em \u00c9poca de Natal - Di\u00e1rio da Lagoa","robots":{"index":"index","follow":"follow","max-snippet":"max-snippet:-1","max-image-preview":"max-image-preview:large","max-video-preview":"max-video-preview:-1"},"canonical":"https:\/\/diariodalagoa.pt\/fr\/serao-de-invernia-em-epoca-de-natal\/","og_locale":"fr_FR","og_type":"article","og_title":"Ser\u00e3o de Invernia em \u00c9poca de Natal - Di\u00e1rio da Lagoa","og_description":"O dia reclinou-se no aconchego da escurid\u00e3o. Na lareira, o fogo acordou para o ser\u00e3o e os mais pequenos dormitando, tentavam, ora sim ora n\u00e3o, seguir as vozes que se acomodavam \u00e0 situa\u00e7\u00e3o. O vento corria. Chovia\u2026 chovia teimosamente e sentia-se a for\u00e7a da \u00e1gua vergastar as gelosias, e as maresias, bravas, ruins, inquietantes mesmo, [&hellip;]","og_url":"https:\/\/diariodalagoa.pt\/fr\/serao-de-invernia-em-epoca-de-natal\/","og_site_name":"Di\u00e1rio da Lagoa","article_published_time":"2019-12-06T12:04:34+00:00","article_modified_time":"2025-09-28T00:37:37+00:00","og_image":[{"width":960,"height":489,"url":"https:\/\/diariodalagoa.pt\/wp-content\/uploads\/2019\/12\/presepio-figuras-nascimento-jesus-jornal-diario-da-lagoa.jpg","type":"image\/jpeg"}],"author":"Di\u00e1rio da Lagoa","twitter_card":"summary_large_image","twitter_misc":{"\u00c9crit par":"Di\u00e1rio da Lagoa","Dur\u00e9e de lecture estim\u00e9e":"1 minute"},"schema":{"@context":"https:\/\/schema.org","@graph":[{"@type":"WebPage","@id":"https:\/\/diariodalagoa.pt\/serao-de-invernia-em-epoca-de-natal\/","url":"https:\/\/diariodalagoa.pt\/serao-de-invernia-em-epoca-de-natal\/","name":"Ser\u00e3o de Invernia em \u00c9poca de Natal - Di\u00e1rio da Lagoa","isPartOf":{"@id":"https:\/\/diariodalagoa.pt\/#website"},"datePublished":"2019-12-06T12:04:34+00:00","dateModified":"2025-09-28T00:37:37+00:00","author":{"@id":"https:\/\/diariodalagoa.pt\/#\/schema\/person\/1615a002370e8857b6f972834bc43ece"},"breadcrumb":{"@id":"https:\/\/diariodalagoa.pt\/serao-de-invernia-em-epoca-de-natal\/#breadcrumb"},"inLanguage":"fr-FR","potentialAction":[{"@type":"ReadAction","target":["https:\/\/diariodalagoa.pt\/serao-de-invernia-em-epoca-de-natal\/"]}]},{"@type":"BreadcrumbList","@id":"https:\/\/diariodalagoa.pt\/serao-de-invernia-em-epoca-de-natal\/#breadcrumb","itemListElement":[{"@type":"ListItem","position":1,"name":"In\u00edcio","item":"https:\/\/diariodalagoa.pt\/"},{"@type":"ListItem","position":2,"name":"Ser\u00e3o de Invernia em \u00c9poca de Natal"}]},{"@type":"WebSite","@id":"https:\/\/diariodalagoa.pt\/#website","url":"https:\/\/diariodalagoa.pt\/","name":"Di\u00e1rio da Lagoa","description":"Di\u00e1rio da Lagoa. As not\u00edcias que contam. A partir da Lagoa, nos A\u00e7ores, para o mundo.","potentialAction":[{"@type":"SearchAction","target":{"@type":"EntryPoint","urlTemplate":"https:\/\/diariodalagoa.pt\/?s={search_term_string}"},"query-input":"required name=search_term_string"}],"inLanguage":"fr-FR"},{"@type":"Person","@id":"https:\/\/diariodalagoa.pt\/#\/schema\/person\/1615a002370e8857b6f972834bc43ece","name":"Di\u00e1rio da Lagoa","image":{"@type":"ImageObject","inLanguage":"fr-FR","@id":"https:\/\/diariodalagoa.pt\/#\/schema\/person\/image\/","url":"https:\/\/secure.gravatar.com\/avatar\/2cb5cef90a26f8fbd4d9d930608102c5?s=96&d=mm&r=g","contentUrl":"https:\/\/secure.gravatar.com\/avatar\/2cb5cef90a26f8fbd4d9d930608102c5?s=96&d=mm&r=g","caption":"Di\u00e1rio da Lagoa"},"url":"https:\/\/diariodalagoa.pt\/fr\/author\/diariodalagoa\/"}]}},"_links":{"self":[{"href":"https:\/\/diariodalagoa.pt\/fr\/wp-json\/wp\/v2\/posts\/78469"}],"collection":[{"href":"https:\/\/diariodalagoa.pt\/fr\/wp-json\/wp\/v2\/posts"}],"about":[{"href":"https:\/\/diariodalagoa.pt\/fr\/wp-json\/wp\/v2\/types\/post"}],"author":[{"embeddable":true,"href":"https:\/\/diariodalagoa.pt\/fr\/wp-json\/wp\/v2\/users\/2"}],"replies":[{"embeddable":true,"href":"https:\/\/diariodalagoa.pt\/fr\/wp-json\/wp\/v2\/comments?post=78469"}],"version-history":[{"count":1,"href":"https:\/\/diariodalagoa.pt\/fr\/wp-json\/wp\/v2\/posts\/78469\/revisions"}],"predecessor-version":[{"id":126430,"href":"https:\/\/diariodalagoa.pt\/fr\/wp-json\/wp\/v2\/posts\/78469\/revisions\/126430"}],"wp:featuredmedia":[{"embeddable":true,"href":"https:\/\/diariodalagoa.pt\/fr\/wp-json\/wp\/v2\/media\/110102"}],"wp:attachment":[{"href":"https:\/\/diariodalagoa.pt\/fr\/wp-json\/wp\/v2\/media?parent=78469"}],"wp:term":[{"taxonomy":"category","embeddable":true,"href":"https:\/\/diariodalagoa.pt\/fr\/wp-json\/wp\/v2\/categories?post=78469"},{"taxonomy":"post_tag","embeddable":true,"href":"https:\/\/diariodalagoa.pt\/fr\/wp-json\/wp\/v2\/tags?post=78469"}],"curies":[{"name":"wp","href":"https:\/\/api.w.org\/{rel}","templated":true}]}}