{"id":7844,"date":"2014-08-14T20:04:27","date_gmt":"2014-08-14T21:04:27","guid":{"rendered":"http:\/\/diariodalagoa.pt\/?p=7844"},"modified":"2014-08-14T20:04:27","modified_gmt":"2014-08-14T21:04:27","slug":"governo-dos-acores-anuncia-regulamentacao-do-sistema-de-fiscalizacao-e-controlo-do-abastecimento-de-gasoleo-a-pesca","status":"publish","type":"post","link":"https:\/\/diariodalagoa.pt\/fr\/governo-dos-acores-anuncia-regulamentacao-do-sistema-de-fiscalizacao-e-controlo-do-abastecimento-de-gasoleo-a-pesca\/","title":{"rendered":"Governo dos A\u00e7ores anuncia regulamenta\u00e7\u00e3o do sistema de fiscaliza\u00e7\u00e3o e controlo do abastecimento de gas\u00f3leo \u00e0 pesca"},"content":{"rendered":"<p style=\"text-align: justify;\"><img decoding=\"async\" class=\"alignnone size-full wp-image-7846\" src=\"http:\/\/diariodalagoa.pt\/wp-content\/uploads\/2014\/08\/Fausto-Brito-Abreu-Mar-Ciencia-Tecnologia-governo-A\u00e7ores.jpg\" alt=\"Fausto-Brito-Abreu-Mar-Ciencia-Tecnologia-governo-A\u00e7ores\" width=\"720\" height=\"380\" \/><\/p>\n<p style=\"text-align: justify;\"><span style=\"color: #000000;\">O\u00a0Secret\u00e1rio Regional do Mar, Ci\u00eancia e Tecnologia anunciou, em Ponta Delgada, no final de uma reuni\u00e3o com a Cooperativa Porto de Abrigo, a regulamenta\u00e7\u00e3o do sistema de fiscaliza\u00e7\u00e3o e controlo do abastecimento de gas\u00f3leo \u00e0 pesca.\u00a0<\/span><\/p>\n<p style=\"text-align: justify;\"><span style=\"color: #000000;\">Fausto Brito e Abreu afirmou que\u00a0o Decreto Legislativo Regional que regula o sistema de fiscaliza\u00e7\u00e3o e controlo do abastecimento de gas\u00f3leo \u00e0 pesca ainda prev\u00ea regulamenta\u00e7\u00e3o pelo Governo, com as \u201cdevidas portarias\u201d que est\u00e3o a ser ultimadas.\u00a0<\/span><\/p>\n<p style=\"text-align: justify;\"><span style=\"color: #000000;\">Relativamente aos combust\u00edveis para a pesca, Fausto Brito e Abreu assegurou que o Governo dos A\u00e7ores est\u00e1 \u00e0 procura das melhores solu\u00e7\u00f5es para os pescadores da Regi\u00e3o que est\u00e3o localizados em portos sem acessos a bombas de combust\u00edvel.\u00a0<\/span><\/p>\n<p style=\"text-align: justify;\"><span style=\"color: #000000;\">O Secret\u00e1rio Regional salientou ainda que\u00a0\u201ca marca\u00e7\u00e3o do gas\u00f3leo facilita a fiscaliza\u00e7\u00e3o\u201d e, por isso, o Governo dos A\u00e7ores \u201cpromete continuar a estudar solu\u00e7\u00f5es t\u00e9cnicas para implementar o gas\u00f3leo colorido.\u201d\u00a0<\/span><\/p>\n<p style=\"text-align: justify;\"><span style=\"color: #000000;\">Desde\u00a0a realiza\u00e7\u00e3o da \u00faltima reuni\u00e3o do\u00a0Conselho Regional das Pescas, Fausto Brito e Abreu\u00a0tem realizado reuni\u00f5es com as associa\u00e7\u00f5es do setor, mantendo um di\u00e1logo aberto com os pescadores.\u00a0<\/span><\/p>\n<p style=\"text-align: justify;\"><span style=\"color: #000000;\">Quanto a reembolsos em atraso devidos a armadores, uma quest\u00e3o j\u00e1 abordada na reuni\u00e3o do\u00a0Conselho Regional das Pescas, na ordem dos 240 mil euros, o Governo dos A\u00e7ores assegurou que efetuar\u00e1 os pagamentos at\u00e9 finais de setembro.<\/span><\/p>\n<p style=\"text-align: justify;\"><span style=\"color: #000000;\"><em>DL\/GaCS<\/em><\/span><\/p>","protected":false},"excerpt":{"rendered":"<p>O\u00a0Secret\u00e1rio Regional do Mar, Ci\u00eancia e Tecnologia anunciou, em Ponta Delgada, no final de uma reuni\u00e3o com a Cooperativa Porto de Abrigo, a regulamenta\u00e7\u00e3o do sistema de fiscaliza\u00e7\u00e3o e controlo do abastecimento de gas\u00f3leo \u00e0 pesca.\u00a0 Fausto Brito e Abreu afirmou que\u00a0o Decreto Legislativo Regional que regula o sistema de fiscaliza\u00e7\u00e3o e controlo do abastecimento [&hellip;]<\/p>","protected":false},"author":2,"featured_media":0,"comment_status":"open","ping_status":"open","sticky":false,"template":"","format":"standard","meta":[],"categories":[21],"tags":[],"acf":[],"yoast_head":"<!-- This site is optimized with the Yoast SEO plugin v20.10 - https:\/\/yoast.com\/wordpress\/plugins\/seo\/ -->\n<title>Governo dos A\u00e7ores anuncia regulamenta\u00e7\u00e3o do sistema de fiscaliza\u00e7\u00e3o e controlo do abastecimento de gas\u00f3leo \u00e0 pesca - Di\u00e1rio da Lagoa<\/title>\n<meta name=\"robots\" content=\"index, follow, max-snippet:-1, max-image-preview:large, max-video-preview:-1\" \/>\n<link rel=\"canonical\" href=\"https:\/\/diariodalagoa.pt\/fr\/governo-dos-acores-anuncia-regulamentacao-do-sistema-de-fiscalizacao-e-controlo-do-abastecimento-de-gasoleo-a-pesca\/\" \/>\n<meta property=\"og:locale\" content=\"fr_FR\" \/>\n<meta property=\"og:type\" content=\"article\" \/>\n<meta property=\"og:title\" content=\"Governo dos A\u00e7ores anuncia regulamenta\u00e7\u00e3o do sistema de fiscaliza\u00e7\u00e3o e controlo do abastecimento de gas\u00f3leo \u00e0 pesca - Di\u00e1rio da Lagoa\" \/>\n<meta property=\"og:description\" content=\"O\u00a0Secret\u00e1rio Regional do Mar, Ci\u00eancia e Tecnologia anunciou, em Ponta Delgada, no final de uma reuni\u00e3o com a Cooperativa Porto de Abrigo, a regulamenta\u00e7\u00e3o do sistema de fiscaliza\u00e7\u00e3o e controlo do abastecimento de gas\u00f3leo \u00e0 pesca.\u00a0 Fausto Brito e Abreu afirmou que\u00a0o Decreto Legislativo Regional que regula o sistema de fiscaliza\u00e7\u00e3o e controlo do abastecimento [&hellip;]\" \/>\n<meta property=\"og:url\" content=\"https:\/\/diariodalagoa.pt\/fr\/governo-dos-acores-anuncia-regulamentacao-do-sistema-de-fiscalizacao-e-controlo-do-abastecimento-de-gasoleo-a-pesca\/\" \/>\n<meta property=\"og:site_name\" content=\"Di\u00e1rio da Lagoa\" \/>\n<meta property=\"article:published_time\" content=\"2014-08-14T21:04:27+00:00\" \/>\n<meta name=\"author\" content=\"Di\u00e1rio da Lagoa\" \/>\n<meta name=\"twitter:card\" content=\"summary_large_image\" \/>\n<meta name=\"twitter:label1\" content=\"\u00c9crit par\" \/>\n\t<meta name=\"twitter:data1\" content=\"Di\u00e1rio da Lagoa\" \/>\n\t<meta name=\"twitter:label2\" content=\"Dur\u00e9e de lecture estim\u00e9e\" \/>\n\t<meta name=\"twitter:data2\" content=\"1 minute\" \/>\n<script type=\"application\/ld+json\" class=\"yoast-schema-graph\">{\"@context\":\"https:\/\/schema.org\",\"@graph\":[{\"@type\":\"WebPage\",\"@id\":\"https:\/\/diariodalagoa.pt\/governo-dos-acores-anuncia-regulamentacao-do-sistema-de-fiscalizacao-e-controlo-do-abastecimento-de-gasoleo-a-pesca\/\",\"url\":\"https:\/\/diariodalagoa.pt\/governo-dos-acores-anuncia-regulamentacao-do-sistema-de-fiscalizacao-e-controlo-do-abastecimento-de-gasoleo-a-pesca\/\",\"name\":\"Governo dos A\u00e7ores anuncia regulamenta\u00e7\u00e3o do sistema de fiscaliza\u00e7\u00e3o e controlo do abastecimento de gas\u00f3leo \u00e0 pesca - Di\u00e1rio da Lagoa\",\"isPartOf\":{\"@id\":\"https:\/\/diariodalagoa.pt\/#website\"},\"datePublished\":\"2014-08-14T21:04:27+00:00\",\"dateModified\":\"2014-08-14T21:04:27+00:00\",\"author\":{\"@id\":\"https:\/\/diariodalagoa.pt\/#\/schema\/person\/1615a002370e8857b6f972834bc43ece\"},\"breadcrumb\":{\"@id\":\"https:\/\/diariodalagoa.pt\/governo-dos-acores-anuncia-regulamentacao-do-sistema-de-fiscalizacao-e-controlo-do-abastecimento-de-gasoleo-a-pesca\/#breadcrumb\"},\"inLanguage\":\"fr-FR\",\"potentialAction\":[{\"@type\":\"ReadAction\",\"target\":[\"https:\/\/diariodalagoa.pt\/governo-dos-acores-anuncia-regulamentacao-do-sistema-de-fiscalizacao-e-controlo-do-abastecimento-de-gasoleo-a-pesca\/\"]}]},{\"@type\":\"BreadcrumbList\",\"@id\":\"https:\/\/diariodalagoa.pt\/governo-dos-acores-anuncia-regulamentacao-do-sistema-de-fiscalizacao-e-controlo-do-abastecimento-de-gasoleo-a-pesca\/#breadcrumb\",\"itemListElement\":[{\"@type\":\"ListItem\",\"position\":1,\"name\":\"In\u00edcio\",\"item\":\"https:\/\/diariodalagoa.pt\/\"},{\"@type\":\"ListItem\",\"position\":2,\"name\":\"Governo dos A\u00e7ores anuncia regulamenta\u00e7\u00e3o do sistema de fiscaliza\u00e7\u00e3o e controlo do abastecimento de gas\u00f3leo \u00e0 pesca\"}]},{\"@type\":\"WebSite\",\"@id\":\"https:\/\/diariodalagoa.pt\/#website\",\"url\":\"https:\/\/diariodalagoa.pt\/\",\"name\":\"Di\u00e1rio da Lagoa\",\"description\":\"Di\u00e1rio da Lagoa. As not\u00edcias que contam. A partir da Lagoa, nos A\u00e7ores, para o mundo.\",\"potentialAction\":[{\"@type\":\"SearchAction\",\"target\":{\"@type\":\"EntryPoint\",\"urlTemplate\":\"https:\/\/diariodalagoa.pt\/?s={search_term_string}\"},\"query-input\":\"required name=search_term_string\"}],\"inLanguage\":\"fr-FR\"},{\"@type\":\"Person\",\"@id\":\"https:\/\/diariodalagoa.pt\/#\/schema\/person\/1615a002370e8857b6f972834bc43ece\",\"name\":\"Di\u00e1rio da Lagoa\",\"image\":{\"@type\":\"ImageObject\",\"inLanguage\":\"fr-FR\",\"@id\":\"https:\/\/diariodalagoa.pt\/#\/schema\/person\/image\/\",\"url\":\"https:\/\/secure.gravatar.com\/avatar\/2cb5cef90a26f8fbd4d9d930608102c5?s=96&d=mm&r=g\",\"contentUrl\":\"https:\/\/secure.gravatar.com\/avatar\/2cb5cef90a26f8fbd4d9d930608102c5?s=96&d=mm&r=g\",\"caption\":\"Di\u00e1rio da Lagoa\"},\"url\":\"https:\/\/diariodalagoa.pt\/fr\/author\/diariodalagoa\/\"}]}<\/script>\n<!-- \/ Yoast SEO plugin. -->","yoast_head_json":{"title":"Governo dos A\u00e7ores anuncia regulamenta\u00e7\u00e3o do sistema de fiscaliza\u00e7\u00e3o e controlo do abastecimento de gas\u00f3leo \u00e0 pesca - Di\u00e1rio da Lagoa","robots":{"index":"index","follow":"follow","max-snippet":"max-snippet:-1","max-image-preview":"max-image-preview:large","max-video-preview":"max-video-preview:-1"},"canonical":"https:\/\/diariodalagoa.pt\/fr\/governo-dos-acores-anuncia-regulamentacao-do-sistema-de-fiscalizacao-e-controlo-do-abastecimento-de-gasoleo-a-pesca\/","og_locale":"fr_FR","og_type":"article","og_title":"Governo dos A\u00e7ores anuncia regulamenta\u00e7\u00e3o do sistema de fiscaliza\u00e7\u00e3o e controlo do abastecimento de gas\u00f3leo \u00e0 pesca - Di\u00e1rio da Lagoa","og_description":"O\u00a0Secret\u00e1rio Regional do Mar, Ci\u00eancia e Tecnologia anunciou, em Ponta Delgada, no final de uma reuni\u00e3o com a Cooperativa Porto de Abrigo, a regulamenta\u00e7\u00e3o do sistema de fiscaliza\u00e7\u00e3o e controlo do abastecimento de gas\u00f3leo \u00e0 pesca.\u00a0 Fausto Brito e Abreu afirmou que\u00a0o Decreto Legislativo Regional que regula o sistema de fiscaliza\u00e7\u00e3o e controlo do abastecimento [&hellip;]","og_url":"https:\/\/diariodalagoa.pt\/fr\/governo-dos-acores-anuncia-regulamentacao-do-sistema-de-fiscalizacao-e-controlo-do-abastecimento-de-gasoleo-a-pesca\/","og_site_name":"Di\u00e1rio da Lagoa","article_published_time":"2014-08-14T21:04:27+00:00","author":"Di\u00e1rio da Lagoa","twitter_card":"summary_large_image","twitter_misc":{"\u00c9crit par":"Di\u00e1rio da Lagoa","Dur\u00e9e de lecture estim\u00e9e":"1 minute"},"schema":{"@context":"https:\/\/schema.org","@graph":[{"@type":"WebPage","@id":"https:\/\/diariodalagoa.pt\/governo-dos-acores-anuncia-regulamentacao-do-sistema-de-fiscalizacao-e-controlo-do-abastecimento-de-gasoleo-a-pesca\/","url":"https:\/\/diariodalagoa.pt\/governo-dos-acores-anuncia-regulamentacao-do-sistema-de-fiscalizacao-e-controlo-do-abastecimento-de-gasoleo-a-pesca\/","name":"Governo dos A\u00e7ores anuncia regulamenta\u00e7\u00e3o do sistema de fiscaliza\u00e7\u00e3o e controlo do abastecimento de gas\u00f3leo \u00e0 pesca - Di\u00e1rio da Lagoa","isPartOf":{"@id":"https:\/\/diariodalagoa.pt\/#website"},"datePublished":"2014-08-14T21:04:27+00:00","dateModified":"2014-08-14T21:04:27+00:00","author":{"@id":"https:\/\/diariodalagoa.pt\/#\/schema\/person\/1615a002370e8857b6f972834bc43ece"},"breadcrumb":{"@id":"https:\/\/diariodalagoa.pt\/governo-dos-acores-anuncia-regulamentacao-do-sistema-de-fiscalizacao-e-controlo-do-abastecimento-de-gasoleo-a-pesca\/#breadcrumb"},"inLanguage":"fr-FR","potentialAction":[{"@type":"ReadAction","target":["https:\/\/diariodalagoa.pt\/governo-dos-acores-anuncia-regulamentacao-do-sistema-de-fiscalizacao-e-controlo-do-abastecimento-de-gasoleo-a-pesca\/"]}]},{"@type":"BreadcrumbList","@id":"https:\/\/diariodalagoa.pt\/governo-dos-acores-anuncia-regulamentacao-do-sistema-de-fiscalizacao-e-controlo-do-abastecimento-de-gasoleo-a-pesca\/#breadcrumb","itemListElement":[{"@type":"ListItem","position":1,"name":"In\u00edcio","item":"https:\/\/diariodalagoa.pt\/"},{"@type":"ListItem","position":2,"name":"Governo dos A\u00e7ores anuncia regulamenta\u00e7\u00e3o do sistema de fiscaliza\u00e7\u00e3o e controlo do abastecimento de gas\u00f3leo \u00e0 pesca"}]},{"@type":"WebSite","@id":"https:\/\/diariodalagoa.pt\/#website","url":"https:\/\/diariodalagoa.pt\/","name":"Di\u00e1rio da Lagoa","description":"Di\u00e1rio da Lagoa. As not\u00edcias que contam. A partir da Lagoa, nos A\u00e7ores, para o mundo.","potentialAction":[{"@type":"SearchAction","target":{"@type":"EntryPoint","urlTemplate":"https:\/\/diariodalagoa.pt\/?s={search_term_string}"},"query-input":"required name=search_term_string"}],"inLanguage":"fr-FR"},{"@type":"Person","@id":"https:\/\/diariodalagoa.pt\/#\/schema\/person\/1615a002370e8857b6f972834bc43ece","name":"Di\u00e1rio da Lagoa","image":{"@type":"ImageObject","inLanguage":"fr-FR","@id":"https:\/\/diariodalagoa.pt\/#\/schema\/person\/image\/","url":"https:\/\/secure.gravatar.com\/avatar\/2cb5cef90a26f8fbd4d9d930608102c5?s=96&d=mm&r=g","contentUrl":"https:\/\/secure.gravatar.com\/avatar\/2cb5cef90a26f8fbd4d9d930608102c5?s=96&d=mm&r=g","caption":"Di\u00e1rio da Lagoa"},"url":"https:\/\/diariodalagoa.pt\/fr\/author\/diariodalagoa\/"}]}},"_links":{"self":[{"href":"https:\/\/diariodalagoa.pt\/fr\/wp-json\/wp\/v2\/posts\/7844"}],"collection":[{"href":"https:\/\/diariodalagoa.pt\/fr\/wp-json\/wp\/v2\/posts"}],"about":[{"href":"https:\/\/diariodalagoa.pt\/fr\/wp-json\/wp\/v2\/types\/post"}],"author":[{"embeddable":true,"href":"https:\/\/diariodalagoa.pt\/fr\/wp-json\/wp\/v2\/users\/2"}],"replies":[{"embeddable":true,"href":"https:\/\/diariodalagoa.pt\/fr\/wp-json\/wp\/v2\/comments?post=7844"}],"version-history":[{"count":0,"href":"https:\/\/diariodalagoa.pt\/fr\/wp-json\/wp\/v2\/posts\/7844\/revisions"}],"wp:attachment":[{"href":"https:\/\/diariodalagoa.pt\/fr\/wp-json\/wp\/v2\/media?parent=7844"}],"wp:term":[{"taxonomy":"category","embeddable":true,"href":"https:\/\/diariodalagoa.pt\/fr\/wp-json\/wp\/v2\/categories?post=7844"},{"taxonomy":"post_tag","embeddable":true,"href":"https:\/\/diariodalagoa.pt\/fr\/wp-json\/wp\/v2\/tags?post=7844"}],"curies":[{"name":"wp","href":"https:\/\/api.w.org\/{rel}","templated":true}]}}