{"id":7820,"date":"2014-08-14T12:19:57","date_gmt":"2014-08-14T13:19:57","guid":{"rendered":"http:\/\/diariodalagoa.pt\/?p=7820"},"modified":"2014-08-14T12:19:57","modified_gmt":"2014-08-14T13:19:57","slug":"governo-dos-acores-antecipa-pagamento-de-16-milhoes-de-euros-de-ajudas-aos-agricultores","status":"publish","type":"post","link":"https:\/\/diariodalagoa.pt\/fr\/governo-dos-acores-antecipa-pagamento-de-16-milhoes-de-euros-de-ajudas-aos-agricultores\/","title":{"rendered":"Governo dos A\u00e7ores antecipa pagamento de 16 milh\u00f5es de euros de ajudas aos agricultores"},"content":{"rendered":"<p style=\"text-align: justify;\"><img decoding=\"async\" class=\"alignnone size-full wp-image-717\" src=\"http:\/\/diariodalagoa.pt\/wp-content\/uploads\/2014\/02\/PastagemArrifes@RA.jpg\" alt=\"PastagemArrifes@RA\" width=\"720\" height=\"380\" \/><\/p>\n<p style=\"text-align: justify;\"><span style=\"color: #000000;\">A Secretaria Regional da Agricultura e Ambiente requereu, pelo terceiro ano consecutivo, no \u00e2mbito do POSEI, a antecipa\u00e7\u00e3o do pagamento aos agricultores a\u00e7orianos de cerca de 16 milh\u00f5es de euros, montante m\u00e1ximo permitido pela regulamenta\u00e7\u00e3o comunit\u00e1ria, correspondente aos pr\u00e9mios \u00e0 Vaca Leiteira, aos Produtores de Leite e \u00e0 Vaca Aleitante.\u00a0<\/span><\/p>\n<p style=\"text-align: justify;\"><span style=\"color: #000000;\">O regulamento prev\u00ea que esses pagamentos sejam feitos at\u00e9 30 de junho de 2015, tendo, no entanto, o Governo dos A\u00e7ores submetido ao IFAP\u00a0um calend\u00e1rio em que se prev\u00ea a antecipa\u00e7\u00e3o do pagamento de 50% do valor inscrito no POSEI para o pr\u00f3ximo m\u00eas de outubro.\u00a0<\/span><\/p>\n<p style=\"text-align: justify;\"><span style=\"color: #000000;\">O Governo dos A\u00e7ores est\u00e1 tamb\u00e9m\u00a0a negociar a antecipa\u00e7\u00e3o do pagamento de 75% das Medidas de\u00a0Manuten\u00e7\u00e3o da Atividade Agr\u00edcola em Zonas Desfavorecidas (MAZD) e dos pagamentos Agroambientais, correspondentes a 13,9 milh\u00f5es de euros.\u00a0<\/span><\/p>\n<p style=\"text-align: justify;\"><span style=\"color: #000000;\">No \u00e2mbito do PRORURAL &#8211; Programa de Desenvolvimento Rural, foram pagos em julho aos benefici\u00e1rios da Regi\u00e3o\u00a0cerca 4,5 milh\u00f5es de euros, referentes \u00e0s Medidas de Manuten\u00e7\u00e3o da Atividade Agr\u00edcola em Zonas Desfavorecidas (MAZD) e dos pagamentos Agroambientais, e 1,3 milh\u00f5es de euros, referentes ao investimento efetuado na moderniza\u00e7\u00e3o das explora\u00e7\u00f5es agr\u00edcolas, na instala\u00e7\u00e3o de jovens agricultores, nas infraestruturas de apoio\u00a0\u00e0 atividade agr\u00edcola, nas atividades tur\u00edsticas e de lazer no espa\u00e7o rural, em servi\u00e7os b\u00e1sicos para a economia e popula\u00e7\u00f5es rurais e na cria\u00e7\u00e3o e desenvolvimento de microempresas.<\/span><\/p>\n<p style=\"text-align: justify;\"><span style=\"color: #000000;\"><em>DL\/Gacs<\/em><\/span><\/p>","protected":false},"excerpt":{"rendered":"<p>A Secretaria Regional da Agricultura e Ambiente requereu, pelo terceiro ano consecutivo, no \u00e2mbito do POSEI, a antecipa\u00e7\u00e3o do pagamento aos agricultores a\u00e7orianos de cerca de 16 milh\u00f5es de euros, montante m\u00e1ximo permitido pela regulamenta\u00e7\u00e3o comunit\u00e1ria, correspondente aos pr\u00e9mios \u00e0 Vaca Leiteira, aos Produtores de Leite e \u00e0 Vaca Aleitante.\u00a0 O regulamento prev\u00ea que esses [&hellip;]<\/p>","protected":false},"author":2,"featured_media":121869,"comment_status":"open","ping_status":"open","sticky":false,"template":"","format":"standard","meta":[],"categories":[21],"tags":[],"acf":[],"yoast_head":"<!-- This site is optimized with the Yoast SEO plugin v20.10 - https:\/\/yoast.com\/wordpress\/plugins\/seo\/ -->\n<title>Governo dos A\u00e7ores antecipa pagamento de 16 milh\u00f5es de euros de ajudas aos agricultores - Di\u00e1rio da Lagoa<\/title>\n<meta name=\"robots\" content=\"index, follow, max-snippet:-1, max-image-preview:large, max-video-preview:-1\" \/>\n<link rel=\"canonical\" href=\"https:\/\/diariodalagoa.pt\/fr\/governo-dos-acores-antecipa-pagamento-de-16-milhoes-de-euros-de-ajudas-aos-agricultores\/\" \/>\n<meta property=\"og:locale\" content=\"fr_FR\" \/>\n<meta property=\"og:type\" content=\"article\" \/>\n<meta property=\"og:title\" content=\"Governo dos A\u00e7ores antecipa pagamento de 16 milh\u00f5es de euros de ajudas aos agricultores - Di\u00e1rio da Lagoa\" \/>\n<meta property=\"og:description\" content=\"A Secretaria Regional da Agricultura e Ambiente requereu, pelo terceiro ano consecutivo, no \u00e2mbito do POSEI, a antecipa\u00e7\u00e3o do pagamento aos agricultores a\u00e7orianos de cerca de 16 milh\u00f5es de euros, montante m\u00e1ximo permitido pela regulamenta\u00e7\u00e3o comunit\u00e1ria, correspondente aos pr\u00e9mios \u00e0 Vaca Leiteira, aos Produtores de Leite e \u00e0 Vaca Aleitante.\u00a0 O regulamento prev\u00ea que esses [&hellip;]\" \/>\n<meta property=\"og:url\" content=\"https:\/\/diariodalagoa.pt\/fr\/governo-dos-acores-antecipa-pagamento-de-16-milhoes-de-euros-de-ajudas-aos-agricultores\/\" \/>\n<meta property=\"og:site_name\" content=\"Di\u00e1rio da Lagoa\" \/>\n<meta property=\"article:published_time\" content=\"2014-08-14T13:19:57+00:00\" \/>\n<meta property=\"og:image\" content=\"https:\/\/diariodalagoa.pt\/wp-content\/uploads\/2014\/08\/pastagemarrifesra.jpg\" \/>\n\t<meta property=\"og:image:width\" content=\"720\" \/>\n\t<meta property=\"og:image:height\" content=\"380\" \/>\n\t<meta property=\"og:image:type\" content=\"image\/jpeg\" \/>\n<meta name=\"author\" content=\"Di\u00e1rio da Lagoa\" \/>\n<meta name=\"twitter:card\" content=\"summary_large_image\" \/>\n<meta name=\"twitter:label1\" content=\"\u00c9crit par\" \/>\n\t<meta name=\"twitter:data1\" content=\"Di\u00e1rio da Lagoa\" \/>\n\t<meta name=\"twitter:label2\" content=\"Dur\u00e9e de lecture estim\u00e9e\" \/>\n\t<meta name=\"twitter:data2\" content=\"1 minute\" \/>\n<script type=\"application\/ld+json\" class=\"yoast-schema-graph\">{\"@context\":\"https:\/\/schema.org\",\"@graph\":[{\"@type\":\"WebPage\",\"@id\":\"https:\/\/diariodalagoa.pt\/governo-dos-acores-antecipa-pagamento-de-16-milhoes-de-euros-de-ajudas-aos-agricultores\/\",\"url\":\"https:\/\/diariodalagoa.pt\/governo-dos-acores-antecipa-pagamento-de-16-milhoes-de-euros-de-ajudas-aos-agricultores\/\",\"name\":\"Governo dos A\u00e7ores antecipa pagamento de 16 milh\u00f5es de euros de ajudas aos agricultores - Di\u00e1rio da Lagoa\",\"isPartOf\":{\"@id\":\"https:\/\/diariodalagoa.pt\/#website\"},\"datePublished\":\"2014-08-14T13:19:57+00:00\",\"dateModified\":\"2014-08-14T13:19:57+00:00\",\"author\":{\"@id\":\"https:\/\/diariodalagoa.pt\/#\/schema\/person\/1615a002370e8857b6f972834bc43ece\"},\"breadcrumb\":{\"@id\":\"https:\/\/diariodalagoa.pt\/governo-dos-acores-antecipa-pagamento-de-16-milhoes-de-euros-de-ajudas-aos-agricultores\/#breadcrumb\"},\"inLanguage\":\"fr-FR\",\"potentialAction\":[{\"@type\":\"ReadAction\",\"target\":[\"https:\/\/diariodalagoa.pt\/governo-dos-acores-antecipa-pagamento-de-16-milhoes-de-euros-de-ajudas-aos-agricultores\/\"]}]},{\"@type\":\"BreadcrumbList\",\"@id\":\"https:\/\/diariodalagoa.pt\/governo-dos-acores-antecipa-pagamento-de-16-milhoes-de-euros-de-ajudas-aos-agricultores\/#breadcrumb\",\"itemListElement\":[{\"@type\":\"ListItem\",\"position\":1,\"name\":\"In\u00edcio\",\"item\":\"https:\/\/diariodalagoa.pt\/\"},{\"@type\":\"ListItem\",\"position\":2,\"name\":\"Governo dos A\u00e7ores antecipa pagamento de 16 milh\u00f5es de euros de ajudas aos agricultores\"}]},{\"@type\":\"WebSite\",\"@id\":\"https:\/\/diariodalagoa.pt\/#website\",\"url\":\"https:\/\/diariodalagoa.pt\/\",\"name\":\"Di\u00e1rio da Lagoa\",\"description\":\"Di\u00e1rio da Lagoa. As not\u00edcias que contam. A partir da Lagoa, nos A\u00e7ores, para o mundo.\",\"potentialAction\":[{\"@type\":\"SearchAction\",\"target\":{\"@type\":\"EntryPoint\",\"urlTemplate\":\"https:\/\/diariodalagoa.pt\/?s={search_term_string}\"},\"query-input\":\"required name=search_term_string\"}],\"inLanguage\":\"fr-FR\"},{\"@type\":\"Person\",\"@id\":\"https:\/\/diariodalagoa.pt\/#\/schema\/person\/1615a002370e8857b6f972834bc43ece\",\"name\":\"Di\u00e1rio da Lagoa\",\"image\":{\"@type\":\"ImageObject\",\"inLanguage\":\"fr-FR\",\"@id\":\"https:\/\/diariodalagoa.pt\/#\/schema\/person\/image\/\",\"url\":\"https:\/\/secure.gravatar.com\/avatar\/2cb5cef90a26f8fbd4d9d930608102c5?s=96&d=mm&r=g\",\"contentUrl\":\"https:\/\/secure.gravatar.com\/avatar\/2cb5cef90a26f8fbd4d9d930608102c5?s=96&d=mm&r=g\",\"caption\":\"Di\u00e1rio da Lagoa\"},\"url\":\"https:\/\/diariodalagoa.pt\/fr\/author\/diariodalagoa\/\"}]}<\/script>\n<!-- \/ Yoast SEO plugin. -->","yoast_head_json":{"title":"Governo dos A\u00e7ores antecipa pagamento de 16 milh\u00f5es de euros de ajudas aos agricultores - Di\u00e1rio da Lagoa","robots":{"index":"index","follow":"follow","max-snippet":"max-snippet:-1","max-image-preview":"max-image-preview:large","max-video-preview":"max-video-preview:-1"},"canonical":"https:\/\/diariodalagoa.pt\/fr\/governo-dos-acores-antecipa-pagamento-de-16-milhoes-de-euros-de-ajudas-aos-agricultores\/","og_locale":"fr_FR","og_type":"article","og_title":"Governo dos A\u00e7ores antecipa pagamento de 16 milh\u00f5es de euros de ajudas aos agricultores - Di\u00e1rio da Lagoa","og_description":"A Secretaria Regional da Agricultura e Ambiente requereu, pelo terceiro ano consecutivo, no \u00e2mbito do POSEI, a antecipa\u00e7\u00e3o do pagamento aos agricultores a\u00e7orianos de cerca de 16 milh\u00f5es de euros, montante m\u00e1ximo permitido pela regulamenta\u00e7\u00e3o comunit\u00e1ria, correspondente aos pr\u00e9mios \u00e0 Vaca Leiteira, aos Produtores de Leite e \u00e0 Vaca Aleitante.\u00a0 O regulamento prev\u00ea que esses [&hellip;]","og_url":"https:\/\/diariodalagoa.pt\/fr\/governo-dos-acores-antecipa-pagamento-de-16-milhoes-de-euros-de-ajudas-aos-agricultores\/","og_site_name":"Di\u00e1rio da Lagoa","article_published_time":"2014-08-14T13:19:57+00:00","og_image":[{"width":720,"height":380,"url":"https:\/\/diariodalagoa.pt\/wp-content\/uploads\/2014\/08\/pastagemarrifesra.jpg","type":"image\/jpeg"}],"author":"Di\u00e1rio da Lagoa","twitter_card":"summary_large_image","twitter_misc":{"\u00c9crit par":"Di\u00e1rio da Lagoa","Dur\u00e9e de lecture estim\u00e9e":"1 minute"},"schema":{"@context":"https:\/\/schema.org","@graph":[{"@type":"WebPage","@id":"https:\/\/diariodalagoa.pt\/governo-dos-acores-antecipa-pagamento-de-16-milhoes-de-euros-de-ajudas-aos-agricultores\/","url":"https:\/\/diariodalagoa.pt\/governo-dos-acores-antecipa-pagamento-de-16-milhoes-de-euros-de-ajudas-aos-agricultores\/","name":"Governo dos A\u00e7ores antecipa pagamento de 16 milh\u00f5es de euros de ajudas aos agricultores - Di\u00e1rio da Lagoa","isPartOf":{"@id":"https:\/\/diariodalagoa.pt\/#website"},"datePublished":"2014-08-14T13:19:57+00:00","dateModified":"2014-08-14T13:19:57+00:00","author":{"@id":"https:\/\/diariodalagoa.pt\/#\/schema\/person\/1615a002370e8857b6f972834bc43ece"},"breadcrumb":{"@id":"https:\/\/diariodalagoa.pt\/governo-dos-acores-antecipa-pagamento-de-16-milhoes-de-euros-de-ajudas-aos-agricultores\/#breadcrumb"},"inLanguage":"fr-FR","potentialAction":[{"@type":"ReadAction","target":["https:\/\/diariodalagoa.pt\/governo-dos-acores-antecipa-pagamento-de-16-milhoes-de-euros-de-ajudas-aos-agricultores\/"]}]},{"@type":"BreadcrumbList","@id":"https:\/\/diariodalagoa.pt\/governo-dos-acores-antecipa-pagamento-de-16-milhoes-de-euros-de-ajudas-aos-agricultores\/#breadcrumb","itemListElement":[{"@type":"ListItem","position":1,"name":"In\u00edcio","item":"https:\/\/diariodalagoa.pt\/"},{"@type":"ListItem","position":2,"name":"Governo dos A\u00e7ores antecipa pagamento de 16 milh\u00f5es de euros de ajudas aos agricultores"}]},{"@type":"WebSite","@id":"https:\/\/diariodalagoa.pt\/#website","url":"https:\/\/diariodalagoa.pt\/","name":"Di\u00e1rio da Lagoa","description":"Di\u00e1rio da Lagoa. As not\u00edcias que contam. A partir da Lagoa, nos A\u00e7ores, para o mundo.","potentialAction":[{"@type":"SearchAction","target":{"@type":"EntryPoint","urlTemplate":"https:\/\/diariodalagoa.pt\/?s={search_term_string}"},"query-input":"required name=search_term_string"}],"inLanguage":"fr-FR"},{"@type":"Person","@id":"https:\/\/diariodalagoa.pt\/#\/schema\/person\/1615a002370e8857b6f972834bc43ece","name":"Di\u00e1rio da Lagoa","image":{"@type":"ImageObject","inLanguage":"fr-FR","@id":"https:\/\/diariodalagoa.pt\/#\/schema\/person\/image\/","url":"https:\/\/secure.gravatar.com\/avatar\/2cb5cef90a26f8fbd4d9d930608102c5?s=96&d=mm&r=g","contentUrl":"https:\/\/secure.gravatar.com\/avatar\/2cb5cef90a26f8fbd4d9d930608102c5?s=96&d=mm&r=g","caption":"Di\u00e1rio da Lagoa"},"url":"https:\/\/diariodalagoa.pt\/fr\/author\/diariodalagoa\/"}]}},"_links":{"self":[{"href":"https:\/\/diariodalagoa.pt\/fr\/wp-json\/wp\/v2\/posts\/7820"}],"collection":[{"href":"https:\/\/diariodalagoa.pt\/fr\/wp-json\/wp\/v2\/posts"}],"about":[{"href":"https:\/\/diariodalagoa.pt\/fr\/wp-json\/wp\/v2\/types\/post"}],"author":[{"embeddable":true,"href":"https:\/\/diariodalagoa.pt\/fr\/wp-json\/wp\/v2\/users\/2"}],"replies":[{"embeddable":true,"href":"https:\/\/diariodalagoa.pt\/fr\/wp-json\/wp\/v2\/comments?post=7820"}],"version-history":[{"count":0,"href":"https:\/\/diariodalagoa.pt\/fr\/wp-json\/wp\/v2\/posts\/7820\/revisions"}],"wp:featuredmedia":[{"embeddable":true,"href":"https:\/\/diariodalagoa.pt\/fr\/wp-json\/wp\/v2\/media\/121869"}],"wp:attachment":[{"href":"https:\/\/diariodalagoa.pt\/fr\/wp-json\/wp\/v2\/media?parent=7820"}],"wp:term":[{"taxonomy":"category","embeddable":true,"href":"https:\/\/diariodalagoa.pt\/fr\/wp-json\/wp\/v2\/categories?post=7820"},{"taxonomy":"post_tag","embeddable":true,"href":"https:\/\/diariodalagoa.pt\/fr\/wp-json\/wp\/v2\/tags?post=7820"}],"curies":[{"name":"wp","href":"https:\/\/api.w.org\/{rel}","templated":true}]}}