{"id":7793,"date":"2014-08-13T16:47:08","date_gmt":"2014-08-13T17:47:08","guid":{"rendered":"http:\/\/diariodalagoa.pt\/?p=7793"},"modified":"2014-08-13T16:47:08","modified_gmt":"2014-08-13T17:47:08","slug":"vasco-cordeiro-afirma-importancia-do-parque-tecnologico-da-ilha-de-sao-miguel-para-a-dinamizacao-da-economia-regional","status":"publish","type":"post","link":"https:\/\/diariodalagoa.pt\/fr\/vasco-cordeiro-afirma-importancia-do-parque-tecnologico-da-ilha-de-sao-miguel-para-a-dinamizacao-da-economia-regional\/","title":{"rendered":"Vasco Cordeiro afirma import\u00e2ncia do Parque Tecnol\u00f3gico da Ilha de S\u00e3o Miguel para a dinamiza\u00e7\u00e3o da economia regional"},"content":{"rendered":"<p style=\"text-align: justify;\"><img decoding=\"async\" class=\"alignnone size-full wp-image-7794\" src=\"http:\/\/diariodalagoa.pt\/wp-content\/uploads\/2014\/08\/Vasco-Cordeiro-visita-NONAGON.jpg\" alt=\"Vasco-Cordeiro-visita-NONAGON\" width=\"720\" height=\"380\" \/><\/p>\n<p style=\"text-align: justify;\"><span style=\"color: #000000;\">O Presidente do Governo dos A\u00e7ores, Vasco Cordeiro, anunciou a abertura do concurso para a utiliza\u00e7\u00e3o dos espa\u00e7os para empresas disponibilizados no NONAGON \u2013 Parque Tecnol\u00f3gico da Ilha de S. Miguel, permitindo colocar ao servi\u00e7o da economia a\u00e7oriana um investimento que vai criar novas condi\u00e7\u00f5es para o tecido empresarial da Regi\u00e3o.<\/span><\/p>\n<p style=\"text-align: justify;\"><span style=\"color: #000000;\">\u201cO Parque Tecnol\u00f3gico da Ilha de S\u00e3o Miguel \u00e9 uma infraestrutura que visa catapultar a Regi\u00e3o, dar novas condi\u00e7\u00f5es para o tecido empresarial concretizar esse potencial de cria\u00e7\u00e3o de riqueza e de cria\u00e7\u00e3o de emprego\u201d, afirmou Vasco Cordeiro, em declara\u00e7\u00f5es aos jornalistas no final de uma visita ao primeiro edif\u00edcio do NONAGON, um investimento de cerca de nove milh\u00f5es de euros que est\u00e1 em fase de conclus\u00e3o.<\/span><\/p>\n<p style=\"text-align: justify;\"><span style=\"color: #000000;\">O edif\u00edcio vai disponibilizar mais de tr\u00eas dezenas de espa\u00e7os que podem ser utilizados pelas empresas, mas tamb\u00e9m para incuba\u00e7\u00e3o de empresas e para o projeto StartUp A\u00e7ores, que est\u00e1 em fase de arranque.<\/span><\/p>\n<p style=\"text-align: justify;\"><span style=\"color: #000000;\">\u201cO que esperamos \u00e9 que no final deste ano estejamos em condi\u00e7\u00f5es de arrancar em pleno com a instala\u00e7\u00e3o das empresas\u201d, frisou o Presidente do Governo, que foi acompanhado nesta visita pelo Vice-Presidente, S\u00e9rgio \u00c1vila, e pelo Secret\u00e1rio Regional do Mar, Ci\u00eancia e Tecnologia, Fausto Brito e Abreu.<\/span><\/p>\n<p style=\"text-align: justify;\"><span style=\"color: #000000;\">Vasco Cordeiro salientou que \u201cas manifesta\u00e7\u00f5es de interesse excedem o espa\u00e7o dispon\u00edvel\u201d e incluem empresas regionais, nacionais e internacionais, nas mais diversas \u00e1reas, acrescentando que o elevado interesse que esta aposta do Governo Regional est\u00e1 a suscitar levou a que esteja j\u00e1 a ser preparada a constru\u00e7\u00e3o do segundo edif\u00edcio, tamb\u00e9m ligado \u00e0 componente empresarial.<\/span><\/p>\n<p style=\"text-align: justify;\"><span style=\"color: #000000;\">Vasco Cordeiro recordou, no entanto, que esta aposta na valoriza\u00e7\u00e3o da componente cient\u00edfica e tecnol\u00f3gica da economia dos A\u00e7ores n\u00e3o se limita a este investimento em S\u00e3o Miguel e inclui tamb\u00e9m o Parque Tecnol\u00f3gico da Ilha Terceira, cujo programa funcional deve ficar conclu\u00eddo em finais de setembro, de forma a que os projetos necess\u00e1rios sejam entregues no final do primeiro trimestre de 2015, a que se seguir\u00e1 o lan\u00e7amento desta infraestrutura, e o Parque Empresarial da Ilha do Faial, mais vocacionado para as ci\u00eancias do mar.<\/span><\/p>\n<p style=\"text-align: justify;\"><span style=\"color: #000000;\">O Presidente do Governo destacou ainda o facto de estar prevista a instala\u00e7\u00e3o no Parque Tecnol\u00f3gico da Ilha de S\u00e3o Miguel do Centro de Vulcanologia e Avalia\u00e7\u00e3o de Riscos Geol\u00f3gicos (CVARG), da Universidade dos A\u00e7ores, que permitir\u00e1 \u201crefor\u00e7ar este polo de tecnologia\u201d, enquanto \u201cdifusor de conhecimento cient\u00edfico, daquilo que s\u00e3o as potencialidades do aproveitamento econ\u00f3mico dessa \u00e1rea\u201d.<\/span><\/p>\n<p style=\"text-align: justify;\">\n<span style=\"color: #000000;\"> <em>DL\/Gacs<\/em><\/span><\/p>","protected":false},"excerpt":{"rendered":"<p>O Presidente do Governo dos A\u00e7ores, Vasco Cordeiro, anunciou a abertura do concurso para a utiliza\u00e7\u00e3o dos espa\u00e7os para empresas disponibilizados no NONAGON \u2013 Parque Tecnol\u00f3gico da Ilha de S. Miguel, permitindo colocar ao servi\u00e7o da economia a\u00e7oriana um investimento que vai criar novas condi\u00e7\u00f5es para o tecido empresarial da Regi\u00e3o. \u201cO Parque Tecnol\u00f3gico da [&hellip;]<\/p>","protected":false},"author":2,"featured_media":121871,"comment_status":"open","ping_status":"open","sticky":false,"template":"","format":"standard","meta":[],"categories":[21],"tags":[],"acf":[],"yoast_head":"<!-- This site is optimized with the Yoast SEO plugin v20.10 - https:\/\/yoast.com\/wordpress\/plugins\/seo\/ -->\n<title>Vasco Cordeiro afirma import\u00e2ncia do Parque Tecnol\u00f3gico da Ilha de S\u00e3o Miguel para a dinamiza\u00e7\u00e3o da economia regional - Di\u00e1rio da Lagoa<\/title>\n<meta name=\"robots\" content=\"index, follow, max-snippet:-1, max-image-preview:large, max-video-preview:-1\" \/>\n<link rel=\"canonical\" href=\"https:\/\/diariodalagoa.pt\/fr\/vasco-cordeiro-afirma-importancia-do-parque-tecnologico-da-ilha-de-sao-miguel-para-a-dinamizacao-da-economia-regional\/\" \/>\n<meta property=\"og:locale\" content=\"fr_FR\" \/>\n<meta property=\"og:type\" content=\"article\" \/>\n<meta property=\"og:title\" content=\"Vasco Cordeiro afirma import\u00e2ncia do Parque Tecnol\u00f3gico da Ilha de S\u00e3o Miguel para a dinamiza\u00e7\u00e3o da economia regional - Di\u00e1rio da Lagoa\" \/>\n<meta property=\"og:description\" content=\"O Presidente do Governo dos A\u00e7ores, Vasco Cordeiro, anunciou a abertura do concurso para a utiliza\u00e7\u00e3o dos espa\u00e7os para empresas disponibilizados no NONAGON \u2013 Parque Tecnol\u00f3gico da Ilha de S. Miguel, permitindo colocar ao servi\u00e7o da economia a\u00e7oriana um investimento que vai criar novas condi\u00e7\u00f5es para o tecido empresarial da Regi\u00e3o. \u201cO Parque Tecnol\u00f3gico da [&hellip;]\" \/>\n<meta property=\"og:url\" content=\"https:\/\/diariodalagoa.pt\/fr\/vasco-cordeiro-afirma-importancia-do-parque-tecnologico-da-ilha-de-sao-miguel-para-a-dinamizacao-da-economia-regional\/\" \/>\n<meta property=\"og:site_name\" content=\"Di\u00e1rio da Lagoa\" \/>\n<meta property=\"article:published_time\" content=\"2014-08-13T17:47:08+00:00\" \/>\n<meta property=\"og:image\" content=\"https:\/\/diariodalagoa.pt\/wp-content\/uploads\/2014\/08\/vasco-cordeiro-visita-nonagon.jpg\" \/>\n\t<meta property=\"og:image:width\" content=\"720\" \/>\n\t<meta property=\"og:image:height\" content=\"380\" \/>\n\t<meta property=\"og:image:type\" content=\"image\/jpeg\" \/>\n<meta name=\"author\" content=\"Di\u00e1rio da Lagoa\" \/>\n<meta name=\"twitter:card\" content=\"summary_large_image\" \/>\n<meta name=\"twitter:label1\" content=\"\u00c9crit par\" \/>\n\t<meta name=\"twitter:data1\" content=\"Di\u00e1rio da Lagoa\" \/>\n\t<meta name=\"twitter:label2\" content=\"Dur\u00e9e de lecture estim\u00e9e\" \/>\n\t<meta name=\"twitter:data2\" content=\"2 minutes\" \/>\n<script type=\"application\/ld+json\" class=\"yoast-schema-graph\">{\"@context\":\"https:\/\/schema.org\",\"@graph\":[{\"@type\":\"WebPage\",\"@id\":\"https:\/\/diariodalagoa.pt\/vasco-cordeiro-afirma-importancia-do-parque-tecnologico-da-ilha-de-sao-miguel-para-a-dinamizacao-da-economia-regional\/\",\"url\":\"https:\/\/diariodalagoa.pt\/vasco-cordeiro-afirma-importancia-do-parque-tecnologico-da-ilha-de-sao-miguel-para-a-dinamizacao-da-economia-regional\/\",\"name\":\"Vasco Cordeiro afirma import\u00e2ncia do Parque Tecnol\u00f3gico da Ilha de S\u00e3o Miguel para a dinamiza\u00e7\u00e3o da economia regional - Di\u00e1rio da Lagoa\",\"isPartOf\":{\"@id\":\"https:\/\/diariodalagoa.pt\/#website\"},\"datePublished\":\"2014-08-13T17:47:08+00:00\",\"dateModified\":\"2014-08-13T17:47:08+00:00\",\"author\":{\"@id\":\"https:\/\/diariodalagoa.pt\/#\/schema\/person\/1615a002370e8857b6f972834bc43ece\"},\"breadcrumb\":{\"@id\":\"https:\/\/diariodalagoa.pt\/vasco-cordeiro-afirma-importancia-do-parque-tecnologico-da-ilha-de-sao-miguel-para-a-dinamizacao-da-economia-regional\/#breadcrumb\"},\"inLanguage\":\"fr-FR\",\"potentialAction\":[{\"@type\":\"ReadAction\",\"target\":[\"https:\/\/diariodalagoa.pt\/vasco-cordeiro-afirma-importancia-do-parque-tecnologico-da-ilha-de-sao-miguel-para-a-dinamizacao-da-economia-regional\/\"]}]},{\"@type\":\"BreadcrumbList\",\"@id\":\"https:\/\/diariodalagoa.pt\/vasco-cordeiro-afirma-importancia-do-parque-tecnologico-da-ilha-de-sao-miguel-para-a-dinamizacao-da-economia-regional\/#breadcrumb\",\"itemListElement\":[{\"@type\":\"ListItem\",\"position\":1,\"name\":\"In\u00edcio\",\"item\":\"https:\/\/diariodalagoa.pt\/\"},{\"@type\":\"ListItem\",\"position\":2,\"name\":\"Vasco Cordeiro afirma import\u00e2ncia do Parque Tecnol\u00f3gico da Ilha de S\u00e3o Miguel para a dinamiza\u00e7\u00e3o da economia regional\"}]},{\"@type\":\"WebSite\",\"@id\":\"https:\/\/diariodalagoa.pt\/#website\",\"url\":\"https:\/\/diariodalagoa.pt\/\",\"name\":\"Di\u00e1rio da Lagoa\",\"description\":\"Di\u00e1rio da Lagoa. As not\u00edcias que contam. A partir da Lagoa, nos A\u00e7ores, para o mundo.\",\"potentialAction\":[{\"@type\":\"SearchAction\",\"target\":{\"@type\":\"EntryPoint\",\"urlTemplate\":\"https:\/\/diariodalagoa.pt\/?s={search_term_string}\"},\"query-input\":\"required name=search_term_string\"}],\"inLanguage\":\"fr-FR\"},{\"@type\":\"Person\",\"@id\":\"https:\/\/diariodalagoa.pt\/#\/schema\/person\/1615a002370e8857b6f972834bc43ece\",\"name\":\"Di\u00e1rio da Lagoa\",\"image\":{\"@type\":\"ImageObject\",\"inLanguage\":\"fr-FR\",\"@id\":\"https:\/\/diariodalagoa.pt\/#\/schema\/person\/image\/\",\"url\":\"https:\/\/secure.gravatar.com\/avatar\/2cb5cef90a26f8fbd4d9d930608102c5?s=96&d=mm&r=g\",\"contentUrl\":\"https:\/\/secure.gravatar.com\/avatar\/2cb5cef90a26f8fbd4d9d930608102c5?s=96&d=mm&r=g\",\"caption\":\"Di\u00e1rio da Lagoa\"},\"url\":\"https:\/\/diariodalagoa.pt\/fr\/author\/diariodalagoa\/\"}]}<\/script>\n<!-- \/ Yoast SEO plugin. -->","yoast_head_json":{"title":"Vasco Cordeiro afirma import\u00e2ncia do Parque Tecnol\u00f3gico da Ilha de S\u00e3o Miguel para a dinamiza\u00e7\u00e3o da economia regional - Di\u00e1rio da Lagoa","robots":{"index":"index","follow":"follow","max-snippet":"max-snippet:-1","max-image-preview":"max-image-preview:large","max-video-preview":"max-video-preview:-1"},"canonical":"https:\/\/diariodalagoa.pt\/fr\/vasco-cordeiro-afirma-importancia-do-parque-tecnologico-da-ilha-de-sao-miguel-para-a-dinamizacao-da-economia-regional\/","og_locale":"fr_FR","og_type":"article","og_title":"Vasco Cordeiro afirma import\u00e2ncia do Parque Tecnol\u00f3gico da Ilha de S\u00e3o Miguel para a dinamiza\u00e7\u00e3o da economia regional - Di\u00e1rio da Lagoa","og_description":"O Presidente do Governo dos A\u00e7ores, Vasco Cordeiro, anunciou a abertura do concurso para a utiliza\u00e7\u00e3o dos espa\u00e7os para empresas disponibilizados no NONAGON \u2013 Parque Tecnol\u00f3gico da Ilha de S. Miguel, permitindo colocar ao servi\u00e7o da economia a\u00e7oriana um investimento que vai criar novas condi\u00e7\u00f5es para o tecido empresarial da Regi\u00e3o. \u201cO Parque Tecnol\u00f3gico da [&hellip;]","og_url":"https:\/\/diariodalagoa.pt\/fr\/vasco-cordeiro-afirma-importancia-do-parque-tecnologico-da-ilha-de-sao-miguel-para-a-dinamizacao-da-economia-regional\/","og_site_name":"Di\u00e1rio da Lagoa","article_published_time":"2014-08-13T17:47:08+00:00","og_image":[{"width":720,"height":380,"url":"https:\/\/diariodalagoa.pt\/wp-content\/uploads\/2014\/08\/vasco-cordeiro-visita-nonagon.jpg","type":"image\/jpeg"}],"author":"Di\u00e1rio da Lagoa","twitter_card":"summary_large_image","twitter_misc":{"\u00c9crit par":"Di\u00e1rio da Lagoa","Dur\u00e9e de lecture estim\u00e9e":"2 minutes"},"schema":{"@context":"https:\/\/schema.org","@graph":[{"@type":"WebPage","@id":"https:\/\/diariodalagoa.pt\/vasco-cordeiro-afirma-importancia-do-parque-tecnologico-da-ilha-de-sao-miguel-para-a-dinamizacao-da-economia-regional\/","url":"https:\/\/diariodalagoa.pt\/vasco-cordeiro-afirma-importancia-do-parque-tecnologico-da-ilha-de-sao-miguel-para-a-dinamizacao-da-economia-regional\/","name":"Vasco Cordeiro afirma import\u00e2ncia do Parque Tecnol\u00f3gico da Ilha de S\u00e3o Miguel para a dinamiza\u00e7\u00e3o da economia regional - Di\u00e1rio da Lagoa","isPartOf":{"@id":"https:\/\/diariodalagoa.pt\/#website"},"datePublished":"2014-08-13T17:47:08+00:00","dateModified":"2014-08-13T17:47:08+00:00","author":{"@id":"https:\/\/diariodalagoa.pt\/#\/schema\/person\/1615a002370e8857b6f972834bc43ece"},"breadcrumb":{"@id":"https:\/\/diariodalagoa.pt\/vasco-cordeiro-afirma-importancia-do-parque-tecnologico-da-ilha-de-sao-miguel-para-a-dinamizacao-da-economia-regional\/#breadcrumb"},"inLanguage":"fr-FR","potentialAction":[{"@type":"ReadAction","target":["https:\/\/diariodalagoa.pt\/vasco-cordeiro-afirma-importancia-do-parque-tecnologico-da-ilha-de-sao-miguel-para-a-dinamizacao-da-economia-regional\/"]}]},{"@type":"BreadcrumbList","@id":"https:\/\/diariodalagoa.pt\/vasco-cordeiro-afirma-importancia-do-parque-tecnologico-da-ilha-de-sao-miguel-para-a-dinamizacao-da-economia-regional\/#breadcrumb","itemListElement":[{"@type":"ListItem","position":1,"name":"In\u00edcio","item":"https:\/\/diariodalagoa.pt\/"},{"@type":"ListItem","position":2,"name":"Vasco Cordeiro afirma import\u00e2ncia do Parque Tecnol\u00f3gico da Ilha de S\u00e3o Miguel para a dinamiza\u00e7\u00e3o da economia regional"}]},{"@type":"WebSite","@id":"https:\/\/diariodalagoa.pt\/#website","url":"https:\/\/diariodalagoa.pt\/","name":"Di\u00e1rio da Lagoa","description":"Di\u00e1rio da Lagoa. As not\u00edcias que contam. A partir da Lagoa, nos A\u00e7ores, para o mundo.","potentialAction":[{"@type":"SearchAction","target":{"@type":"EntryPoint","urlTemplate":"https:\/\/diariodalagoa.pt\/?s={search_term_string}"},"query-input":"required name=search_term_string"}],"inLanguage":"fr-FR"},{"@type":"Person","@id":"https:\/\/diariodalagoa.pt\/#\/schema\/person\/1615a002370e8857b6f972834bc43ece","name":"Di\u00e1rio da Lagoa","image":{"@type":"ImageObject","inLanguage":"fr-FR","@id":"https:\/\/diariodalagoa.pt\/#\/schema\/person\/image\/","url":"https:\/\/secure.gravatar.com\/avatar\/2cb5cef90a26f8fbd4d9d930608102c5?s=96&d=mm&r=g","contentUrl":"https:\/\/secure.gravatar.com\/avatar\/2cb5cef90a26f8fbd4d9d930608102c5?s=96&d=mm&r=g","caption":"Di\u00e1rio da Lagoa"},"url":"https:\/\/diariodalagoa.pt\/fr\/author\/diariodalagoa\/"}]}},"_links":{"self":[{"href":"https:\/\/diariodalagoa.pt\/fr\/wp-json\/wp\/v2\/posts\/7793"}],"collection":[{"href":"https:\/\/diariodalagoa.pt\/fr\/wp-json\/wp\/v2\/posts"}],"about":[{"href":"https:\/\/diariodalagoa.pt\/fr\/wp-json\/wp\/v2\/types\/post"}],"author":[{"embeddable":true,"href":"https:\/\/diariodalagoa.pt\/fr\/wp-json\/wp\/v2\/users\/2"}],"replies":[{"embeddable":true,"href":"https:\/\/diariodalagoa.pt\/fr\/wp-json\/wp\/v2\/comments?post=7793"}],"version-history":[{"count":0,"href":"https:\/\/diariodalagoa.pt\/fr\/wp-json\/wp\/v2\/posts\/7793\/revisions"}],"wp:featuredmedia":[{"embeddable":true,"href":"https:\/\/diariodalagoa.pt\/fr\/wp-json\/wp\/v2\/media\/121871"}],"wp:attachment":[{"href":"https:\/\/diariodalagoa.pt\/fr\/wp-json\/wp\/v2\/media?parent=7793"}],"wp:term":[{"taxonomy":"category","embeddable":true,"href":"https:\/\/diariodalagoa.pt\/fr\/wp-json\/wp\/v2\/categories?post=7793"},{"taxonomy":"post_tag","embeddable":true,"href":"https:\/\/diariodalagoa.pt\/fr\/wp-json\/wp\/v2\/tags?post=7793"}],"curies":[{"name":"wp","href":"https:\/\/api.w.org\/{rel}","templated":true}]}}