{"id":7664,"date":"2014-08-07T14:49:06","date_gmt":"2014-08-07T15:49:06","guid":{"rendered":"http:\/\/diariodalagoa.pt\/?p=7664"},"modified":"2014-08-07T14:49:06","modified_gmt":"2014-08-07T15:49:06","slug":"projeto-living-in-azores-quer-dinamizar-setor-imobiliario-acoriano-junto-de-estrangeiros","status":"publish","type":"post","link":"https:\/\/diariodalagoa.pt\/fr\/projeto-living-in-azores-quer-dinamizar-setor-imobiliario-acoriano-junto-de-estrangeiros\/","title":{"rendered":"Projeto &#8220;Living in Azores&#8221; quer dinamizar setor imobili\u00e1rio a\u00e7oriano junto de estrangeiros"},"content":{"rendered":"<p style=\"text-align: justify;\"><img decoding=\"async\" class=\"alignnone size-full wp-image-4465\" src=\"http:\/\/diariodalagoa.pt\/wp-content\/uploads\/2014\/05\/Sergio-Avila-governo-a\u00e7ores.jpg\" alt=\"Sergio-Avila-governo-a\u00e7ores\" width=\"720\" height=\"381\" \/><\/p>\n<p style=\"text-align: justify;\"><span style=\"color: rgb(0, 0, 0);\">O Vice-Presidente do Governo afirmou que o projeto \u2018Living in Azores\u2019 \u00e9 \u201cestruturante, no sentido de captar investimento externo para a Regi\u00e3o\u201d, considerando que se trata de uma iniciativa \u201cmuito importante\u201d para a dinamiza\u00e7\u00e3o do setor imobili\u00e1rio nos A\u00e7ores.<\/span><\/p>\n<p style=\"text-align: justify;\"><span style=\"color: rgb(0, 0, 0);\">Este projeto envolve uma plataforma eletr\u00f3nica que re\u00fane, de forma clara e transparente, toda a informa\u00e7\u00e3o sobre o processo de compra de im\u00f3veis nos A\u00e7ores, estruturando a oferta interna do setor, com o objetivo de abranger um largo universo das empresas imobili\u00e1rias regionais.\u00a0<\/span><\/p>\n<p style=\"text-align: justify;\"><span style=\"color: rgb(0, 0, 0);\">S\u00e9rgio \u00c1vila, que falava na apresenta\u00e7\u00e3o p\u00fablica da iniciativa, salientou que o \u2018Living in Azores\u2019 pretende criar, numa designa\u00e7\u00e3o \u00fanica, em parceria com os diversos agentes imobili\u00e1rios, \u201ccanais de divulga\u00e7\u00e3o e promo\u00e7\u00e3o dos im\u00f3veis que existem na Regi\u00e3o e que podem ser adquiridos por investidores externos\u201d.\u00a0<\/span><\/p>\n<p style=\"text-align: justify;\"><span style=\"color: rgb(0, 0, 0);\">O projeto resulta da coopera\u00e7\u00e3o entre a Sociedade para o Desenvolvimento Empresarial dos A\u00e7ores (SDEA), a C\u00e2mara do Com\u00e9rcio e Ind\u00fastria dos A\u00e7ores (CCIA) e a Associa\u00e7\u00e3o dos Industriais de Constru\u00e7\u00e3o Civil e Obras P\u00fablicas dos A\u00e7ores (AICOPA).<\/span><\/p>\n<p style=\"text-align: justify;\"><span style=\"color: rgb(0, 0, 0);\">Os principais mercados alvo do \u2018Living in Azores\u2019 s\u00e3o os de investimento e de segunda resid\u00eancia da comunidade da di\u00e1spora, ativos e reformados, com particular enfoque no Canad\u00e1 e EUA, o de segunda resid\u00eancia para turistas e reformados da Alemanha, Escandin\u00e1via, Espanha, EUA e Holanda, principais mercados de origem do turismo nos A\u00e7ores, e ainda o mercado dos \u2018Golden Visa\u2019 da China e da R\u00fassia.<\/span><\/p>\n<p style=\"text-align: justify;\"><span style=\"color: rgb(0, 0, 0);\">Para cada mercado alvo, est\u00e1 a ser preparado um plano de a\u00e7\u00f5es a desenvolver, no qual se pretende a articula\u00e7\u00e3o com todas as entidades regionais, nacionais e internacionais que possam contribuir para o sucesso do projeto.<\/span><\/p>\n<p style=\"text-align: justify;\"><span style=\"color: rgb(0, 0, 0);\">A localiza\u00e7\u00e3o geogr\u00e1fica privilegiada, com liga\u00e7\u00f5es a\u00e9reas diretas a v\u00e1rias metr\u00f3poles dos continentes americano e europeu, e os vantajosos benef\u00edcios fiscais e apoios regionais para quem deseje desenvolver neg\u00f3cios locais, s\u00e3o duas das raz\u00f5es que o projeto identifica para se viver nos A\u00e7ores.<\/span><\/p>\n<p style=\"text-align: justify;\"><span style=\"color: rgb(0, 0, 0);\">As outras s\u00e3o a seguran\u00e7a, real\u00e7ando que o arquip\u00e9lago \u00e9 uma regi\u00e3o pac\u00edfica, com estabilidade pol\u00edtica e econ\u00f3mica, o clima, com temperaturas amenas, e a qualidade de vida, com uma natureza singular, boas infraestruturas e grande diversidade de servi\u00e7os com reconhecida qualidade.<\/span><\/p>\n<p style=\"text-align: justify;\"><span style=\"color: rgb(0, 0, 0);\">Com pouco mais de uma semana de divulga\u00e7\u00e3o, cerca de metade das imobili\u00e1rias dos A\u00e7ores j\u00e1 est\u00e3o inscritas nesta plataforma, que j\u00e1 tem uma centena de im\u00f3veis dispon\u00edveis.<\/span><\/p>\n<p style=\"text-align: justify;\"><span style=\"color: rgb(0, 0, 0);\"><em>DL\/GaCS<\/em><\/span><\/p>","protected":false},"excerpt":{"rendered":"<p>O Vice-Presidente do Governo afirmou que o projeto \u2018Living in Azores\u2019 \u00e9 \u201cestruturante, no sentido de captar investimento externo para a Regi\u00e3o\u201d, considerando que se trata de uma iniciativa \u201cmuito importante\u201d para a dinamiza\u00e7\u00e3o do setor imobili\u00e1rio nos A\u00e7ores. Este projeto envolve uma plataforma eletr\u00f3nica que re\u00fane, de forma clara e transparente, toda a informa\u00e7\u00e3o [&hellip;]<\/p>","protected":false},"author":2,"featured_media":0,"comment_status":"open","ping_status":"open","sticky":false,"template":"","format":"standard","meta":[],"categories":[21],"tags":[],"acf":[],"yoast_head":"<!-- This site is optimized with the Yoast SEO plugin v20.10 - https:\/\/yoast.com\/wordpress\/plugins\/seo\/ -->\n<title>Projeto &quot;Living in Azores&quot; quer dinamizar setor imobili\u00e1rio a\u00e7oriano junto de estrangeiros - Di\u00e1rio da Lagoa<\/title>\n<meta name=\"robots\" content=\"index, follow, max-snippet:-1, max-image-preview:large, max-video-preview:-1\" \/>\n<link rel=\"canonical\" href=\"https:\/\/diariodalagoa.pt\/fr\/projeto-living-in-azores-quer-dinamizar-setor-imobiliario-acoriano-junto-de-estrangeiros\/\" \/>\n<meta property=\"og:locale\" content=\"fr_FR\" \/>\n<meta property=\"og:type\" content=\"article\" \/>\n<meta property=\"og:title\" content=\"Projeto &quot;Living in Azores&quot; quer dinamizar setor imobili\u00e1rio a\u00e7oriano junto de estrangeiros - Di\u00e1rio da Lagoa\" \/>\n<meta property=\"og:description\" content=\"O Vice-Presidente do Governo afirmou que o projeto \u2018Living in Azores\u2019 \u00e9 \u201cestruturante, no sentido de captar investimento externo para a Regi\u00e3o\u201d, considerando que se trata de uma iniciativa \u201cmuito importante\u201d para a dinamiza\u00e7\u00e3o do setor imobili\u00e1rio nos A\u00e7ores. Este projeto envolve uma plataforma eletr\u00f3nica que re\u00fane, de forma clara e transparente, toda a informa\u00e7\u00e3o [&hellip;]\" \/>\n<meta property=\"og:url\" content=\"https:\/\/diariodalagoa.pt\/fr\/projeto-living-in-azores-quer-dinamizar-setor-imobiliario-acoriano-junto-de-estrangeiros\/\" \/>\n<meta property=\"og:site_name\" content=\"Di\u00e1rio da Lagoa\" \/>\n<meta property=\"article:published_time\" content=\"2014-08-07T15:49:06+00:00\" \/>\n<meta name=\"author\" content=\"Di\u00e1rio da Lagoa\" \/>\n<meta name=\"twitter:card\" content=\"summary_large_image\" \/>\n<meta name=\"twitter:label1\" content=\"\u00c9crit par\" \/>\n\t<meta name=\"twitter:data1\" content=\"Di\u00e1rio da Lagoa\" \/>\n\t<meta name=\"twitter:label2\" content=\"Dur\u00e9e de lecture estim\u00e9e\" \/>\n\t<meta name=\"twitter:data2\" content=\"2 minutes\" \/>\n<script type=\"application\/ld+json\" class=\"yoast-schema-graph\">{\"@context\":\"https:\/\/schema.org\",\"@graph\":[{\"@type\":\"WebPage\",\"@id\":\"https:\/\/diariodalagoa.pt\/projeto-living-in-azores-quer-dinamizar-setor-imobiliario-acoriano-junto-de-estrangeiros\/\",\"url\":\"https:\/\/diariodalagoa.pt\/projeto-living-in-azores-quer-dinamizar-setor-imobiliario-acoriano-junto-de-estrangeiros\/\",\"name\":\"Projeto \\\"Living in Azores\\\" quer dinamizar setor imobili\u00e1rio a\u00e7oriano junto de estrangeiros - Di\u00e1rio da Lagoa\",\"isPartOf\":{\"@id\":\"https:\/\/diariodalagoa.pt\/#website\"},\"datePublished\":\"2014-08-07T15:49:06+00:00\",\"dateModified\":\"2014-08-07T15:49:06+00:00\",\"author\":{\"@id\":\"https:\/\/diariodalagoa.pt\/#\/schema\/person\/1615a002370e8857b6f972834bc43ece\"},\"breadcrumb\":{\"@id\":\"https:\/\/diariodalagoa.pt\/projeto-living-in-azores-quer-dinamizar-setor-imobiliario-acoriano-junto-de-estrangeiros\/#breadcrumb\"},\"inLanguage\":\"fr-FR\",\"potentialAction\":[{\"@type\":\"ReadAction\",\"target\":[\"https:\/\/diariodalagoa.pt\/projeto-living-in-azores-quer-dinamizar-setor-imobiliario-acoriano-junto-de-estrangeiros\/\"]}]},{\"@type\":\"BreadcrumbList\",\"@id\":\"https:\/\/diariodalagoa.pt\/projeto-living-in-azores-quer-dinamizar-setor-imobiliario-acoriano-junto-de-estrangeiros\/#breadcrumb\",\"itemListElement\":[{\"@type\":\"ListItem\",\"position\":1,\"name\":\"In\u00edcio\",\"item\":\"https:\/\/diariodalagoa.pt\/\"},{\"@type\":\"ListItem\",\"position\":2,\"name\":\"Projeto &#8220;Living in Azores&#8221; quer dinamizar setor imobili\u00e1rio a\u00e7oriano junto de estrangeiros\"}]},{\"@type\":\"WebSite\",\"@id\":\"https:\/\/diariodalagoa.pt\/#website\",\"url\":\"https:\/\/diariodalagoa.pt\/\",\"name\":\"Di\u00e1rio da Lagoa\",\"description\":\"Di\u00e1rio da Lagoa. As not\u00edcias que contam. A partir da Lagoa, nos A\u00e7ores, para o mundo.\",\"potentialAction\":[{\"@type\":\"SearchAction\",\"target\":{\"@type\":\"EntryPoint\",\"urlTemplate\":\"https:\/\/diariodalagoa.pt\/?s={search_term_string}\"},\"query-input\":\"required name=search_term_string\"}],\"inLanguage\":\"fr-FR\"},{\"@type\":\"Person\",\"@id\":\"https:\/\/diariodalagoa.pt\/#\/schema\/person\/1615a002370e8857b6f972834bc43ece\",\"name\":\"Di\u00e1rio da Lagoa\",\"image\":{\"@type\":\"ImageObject\",\"inLanguage\":\"fr-FR\",\"@id\":\"https:\/\/diariodalagoa.pt\/#\/schema\/person\/image\/\",\"url\":\"https:\/\/secure.gravatar.com\/avatar\/2cb5cef90a26f8fbd4d9d930608102c5?s=96&d=mm&r=g\",\"contentUrl\":\"https:\/\/secure.gravatar.com\/avatar\/2cb5cef90a26f8fbd4d9d930608102c5?s=96&d=mm&r=g\",\"caption\":\"Di\u00e1rio da Lagoa\"},\"url\":\"https:\/\/diariodalagoa.pt\/fr\/author\/diariodalagoa\/\"}]}<\/script>\n<!-- \/ Yoast SEO plugin. -->","yoast_head_json":{"title":"Projeto \"Living in Azores\" quer dinamizar setor imobili\u00e1rio a\u00e7oriano junto de estrangeiros - Di\u00e1rio da Lagoa","robots":{"index":"index","follow":"follow","max-snippet":"max-snippet:-1","max-image-preview":"max-image-preview:large","max-video-preview":"max-video-preview:-1"},"canonical":"https:\/\/diariodalagoa.pt\/fr\/projeto-living-in-azores-quer-dinamizar-setor-imobiliario-acoriano-junto-de-estrangeiros\/","og_locale":"fr_FR","og_type":"article","og_title":"Projeto \"Living in Azores\" quer dinamizar setor imobili\u00e1rio a\u00e7oriano junto de estrangeiros - Di\u00e1rio da Lagoa","og_description":"O Vice-Presidente do Governo afirmou que o projeto \u2018Living in Azores\u2019 \u00e9 \u201cestruturante, no sentido de captar investimento externo para a Regi\u00e3o\u201d, considerando que se trata de uma iniciativa \u201cmuito importante\u201d para a dinamiza\u00e7\u00e3o do setor imobili\u00e1rio nos A\u00e7ores. Este projeto envolve uma plataforma eletr\u00f3nica que re\u00fane, de forma clara e transparente, toda a informa\u00e7\u00e3o [&hellip;]","og_url":"https:\/\/diariodalagoa.pt\/fr\/projeto-living-in-azores-quer-dinamizar-setor-imobiliario-acoriano-junto-de-estrangeiros\/","og_site_name":"Di\u00e1rio da Lagoa","article_published_time":"2014-08-07T15:49:06+00:00","author":"Di\u00e1rio da Lagoa","twitter_card":"summary_large_image","twitter_misc":{"\u00c9crit par":"Di\u00e1rio da Lagoa","Dur\u00e9e de lecture estim\u00e9e":"2 minutes"},"schema":{"@context":"https:\/\/schema.org","@graph":[{"@type":"WebPage","@id":"https:\/\/diariodalagoa.pt\/projeto-living-in-azores-quer-dinamizar-setor-imobiliario-acoriano-junto-de-estrangeiros\/","url":"https:\/\/diariodalagoa.pt\/projeto-living-in-azores-quer-dinamizar-setor-imobiliario-acoriano-junto-de-estrangeiros\/","name":"Projeto \"Living in Azores\" quer dinamizar setor imobili\u00e1rio a\u00e7oriano junto de estrangeiros - Di\u00e1rio da Lagoa","isPartOf":{"@id":"https:\/\/diariodalagoa.pt\/#website"},"datePublished":"2014-08-07T15:49:06+00:00","dateModified":"2014-08-07T15:49:06+00:00","author":{"@id":"https:\/\/diariodalagoa.pt\/#\/schema\/person\/1615a002370e8857b6f972834bc43ece"},"breadcrumb":{"@id":"https:\/\/diariodalagoa.pt\/projeto-living-in-azores-quer-dinamizar-setor-imobiliario-acoriano-junto-de-estrangeiros\/#breadcrumb"},"inLanguage":"fr-FR","potentialAction":[{"@type":"ReadAction","target":["https:\/\/diariodalagoa.pt\/projeto-living-in-azores-quer-dinamizar-setor-imobiliario-acoriano-junto-de-estrangeiros\/"]}]},{"@type":"BreadcrumbList","@id":"https:\/\/diariodalagoa.pt\/projeto-living-in-azores-quer-dinamizar-setor-imobiliario-acoriano-junto-de-estrangeiros\/#breadcrumb","itemListElement":[{"@type":"ListItem","position":1,"name":"In\u00edcio","item":"https:\/\/diariodalagoa.pt\/"},{"@type":"ListItem","position":2,"name":"Projeto &#8220;Living in Azores&#8221; quer dinamizar setor imobili\u00e1rio a\u00e7oriano junto de estrangeiros"}]},{"@type":"WebSite","@id":"https:\/\/diariodalagoa.pt\/#website","url":"https:\/\/diariodalagoa.pt\/","name":"Di\u00e1rio da Lagoa","description":"Di\u00e1rio da Lagoa. As not\u00edcias que contam. A partir da Lagoa, nos A\u00e7ores, para o mundo.","potentialAction":[{"@type":"SearchAction","target":{"@type":"EntryPoint","urlTemplate":"https:\/\/diariodalagoa.pt\/?s={search_term_string}"},"query-input":"required name=search_term_string"}],"inLanguage":"fr-FR"},{"@type":"Person","@id":"https:\/\/diariodalagoa.pt\/#\/schema\/person\/1615a002370e8857b6f972834bc43ece","name":"Di\u00e1rio da Lagoa","image":{"@type":"ImageObject","inLanguage":"fr-FR","@id":"https:\/\/diariodalagoa.pt\/#\/schema\/person\/image\/","url":"https:\/\/secure.gravatar.com\/avatar\/2cb5cef90a26f8fbd4d9d930608102c5?s=96&d=mm&r=g","contentUrl":"https:\/\/secure.gravatar.com\/avatar\/2cb5cef90a26f8fbd4d9d930608102c5?s=96&d=mm&r=g","caption":"Di\u00e1rio da Lagoa"},"url":"https:\/\/diariodalagoa.pt\/fr\/author\/diariodalagoa\/"}]}},"_links":{"self":[{"href":"https:\/\/diariodalagoa.pt\/fr\/wp-json\/wp\/v2\/posts\/7664"}],"collection":[{"href":"https:\/\/diariodalagoa.pt\/fr\/wp-json\/wp\/v2\/posts"}],"about":[{"href":"https:\/\/diariodalagoa.pt\/fr\/wp-json\/wp\/v2\/types\/post"}],"author":[{"embeddable":true,"href":"https:\/\/diariodalagoa.pt\/fr\/wp-json\/wp\/v2\/users\/2"}],"replies":[{"embeddable":true,"href":"https:\/\/diariodalagoa.pt\/fr\/wp-json\/wp\/v2\/comments?post=7664"}],"version-history":[{"count":0,"href":"https:\/\/diariodalagoa.pt\/fr\/wp-json\/wp\/v2\/posts\/7664\/revisions"}],"wp:attachment":[{"href":"https:\/\/diariodalagoa.pt\/fr\/wp-json\/wp\/v2\/media?parent=7664"}],"wp:term":[{"taxonomy":"category","embeddable":true,"href":"https:\/\/diariodalagoa.pt\/fr\/wp-json\/wp\/v2\/categories?post=7664"},{"taxonomy":"post_tag","embeddable":true,"href":"https:\/\/diariodalagoa.pt\/fr\/wp-json\/wp\/v2\/tags?post=7664"}],"curies":[{"name":"wp","href":"https:\/\/api.w.org\/{rel}","templated":true}]}}