{"id":7157,"date":"2014-07-24T07:53:00","date_gmt":"2014-07-24T08:53:00","guid":{"rendered":"http:\/\/diariodalagoa.pt\/?p=7157"},"modified":"2014-07-24T07:53:00","modified_gmt":"2014-07-24T08:53:00","slug":"nova-organica-do-governo-dos-acores-publicada-no-diario-da-republica","status":"publish","type":"post","link":"https:\/\/diariodalagoa.pt\/fr\/nova-organica-do-governo-dos-acores-publicada-no-diario-da-republica\/","title":{"rendered":"Nova org\u00e2nica do Governo dos A\u00e7ores publicada no Di\u00e1rio da Rep\u00fablica"},"content":{"rendered":"<p style=\"text-align: justify;\"><a href=\"http:\/\/diariodalagoa.pt\/wp-content\/uploads\/2014\/07\/Governo-A\u00e7ores.jpg\"><img decoding=\"async\" class=\"alignnone size-full wp-image-7158\" src=\"http:\/\/diariodalagoa.pt\/wp-content\/uploads\/2014\/07\/Governo-A\u00e7ores.jpg\" alt=\"Governo-A\u00e7ores\" width=\"720\" height=\"379\" \/><\/a><\/p>\n<p style=\"text-align: justify;\"><span style=\"color: #000000;\">O Decreto Regulamentar Regional que altera\u00a0a Org\u00e2nica do XI Governo dos A\u00e7ores foi hoje publicado no Di\u00e1rio da Rep\u00fablica, integrando as novas Secretarias Regionais da Educa\u00e7\u00e3o e Cultura; do Mar, Ci\u00eancia e Tecnologia; da Agricultura e Ambiente e, ainda, o Secret\u00e1rio Regional Adjunto da Presid\u00eancia para os Assuntos Parlamentares.\u00a0<\/span><\/p>\n<p style=\"text-align: justify;\"><span style=\"color: #000000;\">O Decreto agora publicado foi aprovado em Conselho do Governo a 08 deste m\u00eas, no mesmo dia em que os novos membros do Governo tomaram posse perante a Assembleia Legislativa da Regi\u00e3o Aut\u00f3noma dos A\u00e7ores.\u00a0<\/span><\/p>\n<p style=\"text-align: justify;\"><span style=\"color: #000000;\">Com esta reestrutura\u00e7\u00e3o org\u00e2nica, o Governo dos A\u00e7ores integra os departamentos da Presid\u00eancia do Governo Regional, que compreende o Secret\u00e1rio Regional Adjunto da Presid\u00eancia para os Assuntos Parlamentares e o Subsecret\u00e1rio Regional da Presid\u00eancia para as Rela\u00e7\u00f5es Externas; da Vice-Presid\u00eancia, Emprego e Competitividade Empresarial; da Secretaria Regional da Solidariedade Social; da Secretaria Regional da Sa\u00fade; da Secretaria Regional da Educa\u00e7\u00e3o e Cultura; da Secretaria Regional do Turismo e Transportes; da Secretaria Regional do Mar, Ci\u00eancia e Tecnologia e da Secretaria Regional da Agricultura e Ambiente.\u00a0<\/span><\/p>\n<p style=\"text-align: justify;\"><span style=\"color: #000000;\">Relativamente \u00e0s compet\u00eancias dos novos departamentos, Avelino Meneses ter\u00e1 a seu cargo as pastas da Educa\u00e7\u00e3o, da Forma\u00e7\u00e3o Profissional Inicial, incluindo supervis\u00e3o das escolas profissionais, da Cultura e do Desporto.\u00a0<\/span><\/p>\n<p style=\"text-align: justify;\"><span style=\"color: #000000;\">Fausto Brito e Abreu ter\u00e1 compet\u00eancias nas \u00e1reas da Pescas e Aquicultura, da explora\u00e7\u00e3o oceanogr\u00e1fica e licenciamento de usos do mar e seus fundos, das orlas costeiras, da coopera\u00e7\u00e3o com a Pol\u00edcia Mar\u00edtima, da Ci\u00eancia, da Tecnologia, da Sociedade de Informa\u00e7\u00e3o e das Rela\u00e7\u00f5es com a Universidade dos A\u00e7ores e demais entidades de forma\u00e7\u00e3o superior.\u00a0<\/span><\/p>\n<p style=\"text-align: justify;\"><span style=\"color: #000000;\">Al\u00e9m dos Assuntos Parlamentares, Isabel Almeida Rodrigues ter\u00e1 a seu cargo as pastas da Juventude, da Comunica\u00e7\u00e3o Social, da Comunica\u00e7\u00e3o Institucional, da Leg\u00edstica e o Jornal Oficial.<\/span><\/p>\n<p style=\"text-align: justify;\"><span style=\"color: #000000;\">A reestrutura\u00e7\u00e3o org\u00e2nica prev\u00ea, por outro lado, a cria\u00e7\u00e3o, em S\u00e3o Miguel, da Dire\u00e7\u00e3o Regional da Ci\u00eancia e Tecnologia, que fica na depend\u00eancia do Secret\u00e1rio Regional do Mar, Ci\u00eancia e Tecnologia, assim como, no \u00e2mbito do Secret\u00e1rio Regional da Agricultura e Ambiente, da Dire\u00e7\u00e3o Regional do Desenvolvimento Rural, sedeada na Terceira, com compet\u00eancias em mat\u00e9ria de acompanhamento de programas comunit\u00e1rios.\u00a0<\/span><\/p>\n<p style=\"text-align: justify;\"><span style=\"color: #000000;\">Mudam de designa\u00e7\u00e3o a Dire\u00e7\u00e3o Regional das Obras P\u00fablicas, Tecnologia e Comunica\u00e7\u00f5es, que passa a designar-se Dire\u00e7\u00e3o Regional das Obras P\u00fablicas e Comunica\u00e7\u00f5es, e a Dire\u00e7\u00e3o Regional da Agricultura e Desenvolvimento Rural, que passa a chamar-se Dire\u00e7\u00e3o Regional da Agricultura.<\/span><\/p>\n<p style=\"text-align: justify;\"><span style=\"color: #000000;\"><em>DL\/GaCS<\/em><\/span><\/p>","protected":false},"excerpt":{"rendered":"<p>O Decreto Regulamentar Regional que altera\u00a0a Org\u00e2nica do XI Governo dos A\u00e7ores foi hoje publicado no Di\u00e1rio da Rep\u00fablica, integrando as novas Secretarias Regionais da Educa\u00e7\u00e3o e Cultura; do Mar, Ci\u00eancia e Tecnologia; da Agricultura e Ambiente e, ainda, o Secret\u00e1rio Regional Adjunto da Presid\u00eancia para os Assuntos Parlamentares.\u00a0 O Decreto agora publicado foi aprovado [&hellip;]<\/p>","protected":false},"author":2,"featured_media":0,"comment_status":"open","ping_status":"open","sticky":false,"template":"","format":"standard","meta":[],"categories":[21],"tags":[],"acf":[],"yoast_head":"<!-- This site is optimized with the Yoast SEO plugin v20.10 - https:\/\/yoast.com\/wordpress\/plugins\/seo\/ -->\n<title>Nova org\u00e2nica do Governo dos A\u00e7ores publicada no Di\u00e1rio da Rep\u00fablica - Di\u00e1rio da Lagoa<\/title>\n<meta name=\"robots\" content=\"index, follow, max-snippet:-1, max-image-preview:large, max-video-preview:-1\" \/>\n<link rel=\"canonical\" href=\"https:\/\/diariodalagoa.pt\/fr\/nova-organica-do-governo-dos-acores-publicada-no-diario-da-republica\/\" \/>\n<meta property=\"og:locale\" content=\"fr_FR\" \/>\n<meta property=\"og:type\" content=\"article\" \/>\n<meta property=\"og:title\" content=\"Nova org\u00e2nica do Governo dos A\u00e7ores publicada no Di\u00e1rio da Rep\u00fablica - Di\u00e1rio da Lagoa\" \/>\n<meta property=\"og:description\" content=\"O Decreto Regulamentar Regional que altera\u00a0a Org\u00e2nica do XI Governo dos A\u00e7ores foi hoje publicado no Di\u00e1rio da Rep\u00fablica, integrando as novas Secretarias Regionais da Educa\u00e7\u00e3o e Cultura; do Mar, Ci\u00eancia e Tecnologia; da Agricultura e Ambiente e, ainda, o Secret\u00e1rio Regional Adjunto da Presid\u00eancia para os Assuntos Parlamentares.\u00a0 O Decreto agora publicado foi aprovado [&hellip;]\" \/>\n<meta property=\"og:url\" content=\"https:\/\/diariodalagoa.pt\/fr\/nova-organica-do-governo-dos-acores-publicada-no-diario-da-republica\/\" \/>\n<meta property=\"og:site_name\" content=\"Di\u00e1rio da Lagoa\" \/>\n<meta property=\"article:published_time\" content=\"2014-07-24T08:53:00+00:00\" \/>\n<meta name=\"author\" content=\"Di\u00e1rio da Lagoa\" \/>\n<meta name=\"twitter:card\" content=\"summary_large_image\" \/>\n<meta name=\"twitter:label1\" content=\"\u00c9crit par\" \/>\n\t<meta name=\"twitter:data1\" content=\"Di\u00e1rio da Lagoa\" \/>\n\t<meta name=\"twitter:label2\" content=\"Dur\u00e9e de lecture estim\u00e9e\" \/>\n\t<meta name=\"twitter:data2\" content=\"2 minutes\" \/>\n<script type=\"application\/ld+json\" class=\"yoast-schema-graph\">{\"@context\":\"https:\/\/schema.org\",\"@graph\":[{\"@type\":\"WebPage\",\"@id\":\"https:\/\/diariodalagoa.pt\/nova-organica-do-governo-dos-acores-publicada-no-diario-da-republica\/\",\"url\":\"https:\/\/diariodalagoa.pt\/nova-organica-do-governo-dos-acores-publicada-no-diario-da-republica\/\",\"name\":\"Nova org\u00e2nica do Governo dos A\u00e7ores publicada no Di\u00e1rio da Rep\u00fablica - Di\u00e1rio da Lagoa\",\"isPartOf\":{\"@id\":\"https:\/\/diariodalagoa.pt\/#website\"},\"datePublished\":\"2014-07-24T08:53:00+00:00\",\"dateModified\":\"2014-07-24T08:53:00+00:00\",\"author\":{\"@id\":\"https:\/\/diariodalagoa.pt\/#\/schema\/person\/1615a002370e8857b6f972834bc43ece\"},\"breadcrumb\":{\"@id\":\"https:\/\/diariodalagoa.pt\/nova-organica-do-governo-dos-acores-publicada-no-diario-da-republica\/#breadcrumb\"},\"inLanguage\":\"fr-FR\",\"potentialAction\":[{\"@type\":\"ReadAction\",\"target\":[\"https:\/\/diariodalagoa.pt\/nova-organica-do-governo-dos-acores-publicada-no-diario-da-republica\/\"]}]},{\"@type\":\"BreadcrumbList\",\"@id\":\"https:\/\/diariodalagoa.pt\/nova-organica-do-governo-dos-acores-publicada-no-diario-da-republica\/#breadcrumb\",\"itemListElement\":[{\"@type\":\"ListItem\",\"position\":1,\"name\":\"In\u00edcio\",\"item\":\"https:\/\/diariodalagoa.pt\/\"},{\"@type\":\"ListItem\",\"position\":2,\"name\":\"Nova org\u00e2nica do Governo dos A\u00e7ores publicada no Di\u00e1rio da Rep\u00fablica\"}]},{\"@type\":\"WebSite\",\"@id\":\"https:\/\/diariodalagoa.pt\/#website\",\"url\":\"https:\/\/diariodalagoa.pt\/\",\"name\":\"Di\u00e1rio da Lagoa\",\"description\":\"Di\u00e1rio da Lagoa. As not\u00edcias que contam. A partir da Lagoa, nos A\u00e7ores, para o mundo.\",\"potentialAction\":[{\"@type\":\"SearchAction\",\"target\":{\"@type\":\"EntryPoint\",\"urlTemplate\":\"https:\/\/diariodalagoa.pt\/?s={search_term_string}\"},\"query-input\":\"required name=search_term_string\"}],\"inLanguage\":\"fr-FR\"},{\"@type\":\"Person\",\"@id\":\"https:\/\/diariodalagoa.pt\/#\/schema\/person\/1615a002370e8857b6f972834bc43ece\",\"name\":\"Di\u00e1rio da Lagoa\",\"image\":{\"@type\":\"ImageObject\",\"inLanguage\":\"fr-FR\",\"@id\":\"https:\/\/diariodalagoa.pt\/#\/schema\/person\/image\/\",\"url\":\"https:\/\/secure.gravatar.com\/avatar\/2cb5cef90a26f8fbd4d9d930608102c5?s=96&d=mm&r=g\",\"contentUrl\":\"https:\/\/secure.gravatar.com\/avatar\/2cb5cef90a26f8fbd4d9d930608102c5?s=96&d=mm&r=g\",\"caption\":\"Di\u00e1rio da Lagoa\"},\"url\":\"https:\/\/diariodalagoa.pt\/fr\/author\/diariodalagoa\/\"}]}<\/script>\n<!-- \/ Yoast SEO plugin. -->","yoast_head_json":{"title":"Nova org\u00e2nica do Governo dos A\u00e7ores publicada no Di\u00e1rio da Rep\u00fablica - Di\u00e1rio da Lagoa","robots":{"index":"index","follow":"follow","max-snippet":"max-snippet:-1","max-image-preview":"max-image-preview:large","max-video-preview":"max-video-preview:-1"},"canonical":"https:\/\/diariodalagoa.pt\/fr\/nova-organica-do-governo-dos-acores-publicada-no-diario-da-republica\/","og_locale":"fr_FR","og_type":"article","og_title":"Nova org\u00e2nica do Governo dos A\u00e7ores publicada no Di\u00e1rio da Rep\u00fablica - Di\u00e1rio da Lagoa","og_description":"O Decreto Regulamentar Regional que altera\u00a0a Org\u00e2nica do XI Governo dos A\u00e7ores foi hoje publicado no Di\u00e1rio da Rep\u00fablica, integrando as novas Secretarias Regionais da Educa\u00e7\u00e3o e Cultura; do Mar, Ci\u00eancia e Tecnologia; da Agricultura e Ambiente e, ainda, o Secret\u00e1rio Regional Adjunto da Presid\u00eancia para os Assuntos Parlamentares.\u00a0 O Decreto agora publicado foi aprovado [&hellip;]","og_url":"https:\/\/diariodalagoa.pt\/fr\/nova-organica-do-governo-dos-acores-publicada-no-diario-da-republica\/","og_site_name":"Di\u00e1rio da Lagoa","article_published_time":"2014-07-24T08:53:00+00:00","author":"Di\u00e1rio da Lagoa","twitter_card":"summary_large_image","twitter_misc":{"\u00c9crit par":"Di\u00e1rio da Lagoa","Dur\u00e9e de lecture estim\u00e9e":"2 minutes"},"schema":{"@context":"https:\/\/schema.org","@graph":[{"@type":"WebPage","@id":"https:\/\/diariodalagoa.pt\/nova-organica-do-governo-dos-acores-publicada-no-diario-da-republica\/","url":"https:\/\/diariodalagoa.pt\/nova-organica-do-governo-dos-acores-publicada-no-diario-da-republica\/","name":"Nova org\u00e2nica do Governo dos A\u00e7ores publicada no Di\u00e1rio da Rep\u00fablica - Di\u00e1rio da Lagoa","isPartOf":{"@id":"https:\/\/diariodalagoa.pt\/#website"},"datePublished":"2014-07-24T08:53:00+00:00","dateModified":"2014-07-24T08:53:00+00:00","author":{"@id":"https:\/\/diariodalagoa.pt\/#\/schema\/person\/1615a002370e8857b6f972834bc43ece"},"breadcrumb":{"@id":"https:\/\/diariodalagoa.pt\/nova-organica-do-governo-dos-acores-publicada-no-diario-da-republica\/#breadcrumb"},"inLanguage":"fr-FR","potentialAction":[{"@type":"ReadAction","target":["https:\/\/diariodalagoa.pt\/nova-organica-do-governo-dos-acores-publicada-no-diario-da-republica\/"]}]},{"@type":"BreadcrumbList","@id":"https:\/\/diariodalagoa.pt\/nova-organica-do-governo-dos-acores-publicada-no-diario-da-republica\/#breadcrumb","itemListElement":[{"@type":"ListItem","position":1,"name":"In\u00edcio","item":"https:\/\/diariodalagoa.pt\/"},{"@type":"ListItem","position":2,"name":"Nova org\u00e2nica do Governo dos A\u00e7ores publicada no Di\u00e1rio da Rep\u00fablica"}]},{"@type":"WebSite","@id":"https:\/\/diariodalagoa.pt\/#website","url":"https:\/\/diariodalagoa.pt\/","name":"Di\u00e1rio da Lagoa","description":"Di\u00e1rio da Lagoa. As not\u00edcias que contam. A partir da Lagoa, nos A\u00e7ores, para o mundo.","potentialAction":[{"@type":"SearchAction","target":{"@type":"EntryPoint","urlTemplate":"https:\/\/diariodalagoa.pt\/?s={search_term_string}"},"query-input":"required name=search_term_string"}],"inLanguage":"fr-FR"},{"@type":"Person","@id":"https:\/\/diariodalagoa.pt\/#\/schema\/person\/1615a002370e8857b6f972834bc43ece","name":"Di\u00e1rio da Lagoa","image":{"@type":"ImageObject","inLanguage":"fr-FR","@id":"https:\/\/diariodalagoa.pt\/#\/schema\/person\/image\/","url":"https:\/\/secure.gravatar.com\/avatar\/2cb5cef90a26f8fbd4d9d930608102c5?s=96&d=mm&r=g","contentUrl":"https:\/\/secure.gravatar.com\/avatar\/2cb5cef90a26f8fbd4d9d930608102c5?s=96&d=mm&r=g","caption":"Di\u00e1rio da Lagoa"},"url":"https:\/\/diariodalagoa.pt\/fr\/author\/diariodalagoa\/"}]}},"_links":{"self":[{"href":"https:\/\/diariodalagoa.pt\/fr\/wp-json\/wp\/v2\/posts\/7157"}],"collection":[{"href":"https:\/\/diariodalagoa.pt\/fr\/wp-json\/wp\/v2\/posts"}],"about":[{"href":"https:\/\/diariodalagoa.pt\/fr\/wp-json\/wp\/v2\/types\/post"}],"author":[{"embeddable":true,"href":"https:\/\/diariodalagoa.pt\/fr\/wp-json\/wp\/v2\/users\/2"}],"replies":[{"embeddable":true,"href":"https:\/\/diariodalagoa.pt\/fr\/wp-json\/wp\/v2\/comments?post=7157"}],"version-history":[{"count":0,"href":"https:\/\/diariodalagoa.pt\/fr\/wp-json\/wp\/v2\/posts\/7157\/revisions"}],"wp:attachment":[{"href":"https:\/\/diariodalagoa.pt\/fr\/wp-json\/wp\/v2\/media?parent=7157"}],"wp:term":[{"taxonomy":"category","embeddable":true,"href":"https:\/\/diariodalagoa.pt\/fr\/wp-json\/wp\/v2\/categories?post=7157"},{"taxonomy":"post_tag","embeddable":true,"href":"https:\/\/diariodalagoa.pt\/fr\/wp-json\/wp\/v2\/tags?post=7157"}],"curies":[{"name":"wp","href":"https:\/\/api.w.org\/{rel}","templated":true}]}}