{"id":6979,"date":"2014-07-18T12:48:41","date_gmt":"2014-07-18T13:48:41","guid":{"rendered":"http:\/\/diariodalagoa.pt\/?p=6979"},"modified":"2014-07-18T12:48:41","modified_gmt":"2014-07-18T13:48:41","slug":"agricultura-familiar-significa-combate-a-desertificacao-das-zonas-rurais","status":"publish","type":"post","link":"https:\/\/diariodalagoa.pt\/fr\/agricultura-familiar-significa-combate-a-desertificacao-das-zonas-rurais\/","title":{"rendered":"Agricultura familiar significa \u201ccombate \u00e0 desertifica\u00e7\u00e3o das zonas rurais\u201d"},"content":{"rendered":"<p style=\"text-align: justify;\"><a href=\"http:\/\/diariodalagoa.pt\/wp-content\/uploads\/2014\/07\/Luis-Neto-Viveiros-Agricultura-familiar-.jpg\"><img decoding=\"async\" class=\"alignnone size-full wp-image-6981\" src=\"http:\/\/diariodalagoa.pt\/wp-content\/uploads\/2014\/07\/Luis-Neto-Viveiros-Agricultura-familiar-.jpg\" alt=\"Luis-Neto-Viveiros-Agricultura-familiar-\" width=\"720\" height=\"380\" \/><\/a><\/p>\n<p style=\"text-align: justify;\"><span style=\"color: #000000;\">O Secret\u00e1rio Regional da Agricultura e Ambiente afirmou, no \u00e2mbito do semin\u00e1rio\u00a0<em>Agricultura Familiar versus Agricultura Sustent\u00e1vel<\/em>, em Angra do Hero\u00edsmo, que \u201cfalar de agricultura familiar\u201d significa \u201ccombate \u00e0 desertifica\u00e7\u00e3o das zonas rurais\u201d.<\/span><\/p>\n<p style=\"text-align: justify;\"><span style=\"color: #000000;\">Lu\u00eds Neto Viveiros, que falava no segundo semin\u00e1rio promovido nos A\u00e7ores, no \u00e2mbito das comemora\u00e7\u00f5es do Ano Internacional da Agricultura Familiar, declarado pela ONU, considerou ser esta mais uma \u201coportunidade para refletir, analisar e debater, o papel, a dimens\u00e3o e a import\u00e2ncia da Agricultura Familiar, no Mundo, em Portugal e, muito especialmente, nos A\u00e7ores\u201d, o saber fazer tradicional e a inova\u00e7\u00e3o n\u00e3o s\u00e3o fatores antag\u00f3nicos.<\/span><\/p>\n<p style=\"text-align: justify;\"><span style=\"color: #000000;\">Real\u00e7ando que \u201cpodemos afirmar, com seguran\u00e7a, que praticamente todas as explora\u00e7\u00f5es a\u00e7orianas assentam numa estrutura familiar de explora\u00e7\u00e3o agr\u00edcola\u201d, Lu\u00eds Neto Viveiros reafirmou que s\u00e3o \u201cas novas gera\u00e7\u00f5es, fortalecidas com o s\u00e1bio conhecimento e experi\u00eancia dos mais velhos, que poder\u00e3o dar um contributo din\u00e2mico, inovador e cont\u00ednuo ao progresso dos A\u00e7ores\u201d.\u00a0<\/span><\/p>\n<p style=\"text-align: justify;\"><span style=\"color: #000000;\">O Secret\u00e1rio Regional recordou na ocasi\u00e3o que para os jovens agricultores \u201cser\u00e1 assegurado um pr\u00e9mio \u00e0 primeira instala\u00e7\u00e3o superior ao do quadro comunit\u00e1rio que finalizou a 31 de Dezembro de 2013, tendo em considera\u00e7\u00e3o o esfor\u00e7o de investimento e o n\u00edvel de forma\u00e7\u00e3o adquirido\u201d.\u00a0<\/span><\/p>\n<p style=\"text-align: justify;\"><span style=\"color: #000000;\">Lu\u00eds Neto Viveiros recordou tamb\u00e9m que os A\u00e7ores mant\u00eam a mais elevada taxa de jovens na agricultura, quando comparada com a Regi\u00e3o Aut\u00f3noma da Madeira ou com o territ\u00f3rio nacional do Continente.<\/span><\/p>\n<p style=\"text-align: justify;\"><span style=\"color: #000000;\">A idade m\u00e9dia da popula\u00e7\u00e3o agr\u00edcola familiar nos A\u00e7ores, segundo o Censo de 2009, \u00e9 de 42 anos, contra 52 no territ\u00f3rio nacional di continente e 46 na Madeira.\u00a0<\/span><\/p>\n<p style=\"text-align: justify;\"><span style=\"color: #000000;\">Considerando que \u201ca pecu\u00e1ria \u00e9, e certamente ser\u00e1 no futuro pr\u00f3ximo, a principal fonte de rendimento dos agricultores e, consequentemente, a base da economia\u201d regional, o governante frisou que \u201cn\u00e3o podemos descurar as outras culturas para as quais os A\u00e7ores tamb\u00e9m concedem uma hist\u00f3ria e condi\u00e7\u00f5es edafo-clim\u00e1ticas privilegiadas\u201d.<\/span><\/p>\n<p style=\"text-align: justify;\"><span style=\"color: #000000;\">Nessa perspetiva, Lu\u00eds Net Viveiros defendeu que \u201cimporta reverter a nossa depend\u00eancia do exterior, aumentando a produ\u00e7\u00e3o nos A\u00e7ores, com reconhecida qualidade, e que tem por base, precisamente, a agricultura familiar\u201d.<\/span><\/p>\n<p style=\"text-align: justify;\"><span style=\"color: #000000;\">Procurando ainda, acrescentou, \u201cconquistar novos mercados por via da qualidade, garantindo maiores rendimentos e contribuindo, assim, decisivamente, para a cria\u00e7\u00e3o de mais emprego ou auto-emprego, outro desafio que consideramos que a agricultura a\u00e7oriana est\u00e1 apta a vencer.<\/span><\/p>\n<p style=\"text-align: justify;\"><span style=\"color: #000000;\"><em>DL\/Gacs<\/em><\/span><\/p>","protected":false},"excerpt":{"rendered":"<p>O Secret\u00e1rio Regional da Agricultura e Ambiente afirmou, no \u00e2mbito do semin\u00e1rio\u00a0Agricultura Familiar versus Agricultura Sustent\u00e1vel, em Angra do Hero\u00edsmo, que \u201cfalar de agricultura familiar\u201d significa \u201ccombate \u00e0 desertifica\u00e7\u00e3o das zonas rurais\u201d. Lu\u00eds Neto Viveiros, que falava no segundo semin\u00e1rio promovido nos A\u00e7ores, no \u00e2mbito das comemora\u00e7\u00f5es do Ano Internacional da Agricultura Familiar, declarado pela [&hellip;]<\/p>","protected":false},"author":2,"featured_media":121916,"comment_status":"open","ping_status":"open","sticky":false,"template":"","format":"standard","meta":[],"categories":[21],"tags":[],"acf":[],"yoast_head":"<!-- This site is optimized with the Yoast SEO plugin v20.10 - https:\/\/yoast.com\/wordpress\/plugins\/seo\/ -->\n<title>Agricultura familiar significa \u201ccombate \u00e0 desertifica\u00e7\u00e3o das zonas rurais\u201d - Di\u00e1rio da Lagoa<\/title>\n<meta name=\"robots\" content=\"index, follow, max-snippet:-1, max-image-preview:large, max-video-preview:-1\" \/>\n<link rel=\"canonical\" href=\"https:\/\/diariodalagoa.pt\/fr\/agricultura-familiar-significa-combate-a-desertificacao-das-zonas-rurais\/\" \/>\n<meta property=\"og:locale\" content=\"fr_FR\" \/>\n<meta property=\"og:type\" content=\"article\" \/>\n<meta property=\"og:title\" content=\"Agricultura familiar significa \u201ccombate \u00e0 desertifica\u00e7\u00e3o das zonas rurais\u201d - Di\u00e1rio da Lagoa\" \/>\n<meta property=\"og:description\" content=\"O Secret\u00e1rio Regional da Agricultura e Ambiente afirmou, no \u00e2mbito do semin\u00e1rio\u00a0Agricultura Familiar versus Agricultura Sustent\u00e1vel, em Angra do Hero\u00edsmo, que \u201cfalar de agricultura familiar\u201d significa \u201ccombate \u00e0 desertifica\u00e7\u00e3o das zonas rurais\u201d. Lu\u00eds Neto Viveiros, que falava no segundo semin\u00e1rio promovido nos A\u00e7ores, no \u00e2mbito das comemora\u00e7\u00f5es do Ano Internacional da Agricultura Familiar, declarado pela [&hellip;]\" \/>\n<meta property=\"og:url\" content=\"https:\/\/diariodalagoa.pt\/fr\/agricultura-familiar-significa-combate-a-desertificacao-das-zonas-rurais\/\" \/>\n<meta property=\"og:site_name\" content=\"Di\u00e1rio da Lagoa\" \/>\n<meta property=\"article:published_time\" content=\"2014-07-18T13:48:41+00:00\" \/>\n<meta property=\"og:image\" content=\"https:\/\/diariodalagoa.pt\/wp-content\/uploads\/2014\/07\/luis-neto-viveiros-agricultura-familiar.jpg\" \/>\n\t<meta property=\"og:image:width\" content=\"720\" \/>\n\t<meta property=\"og:image:height\" content=\"380\" \/>\n\t<meta property=\"og:image:type\" content=\"image\/jpeg\" \/>\n<meta name=\"author\" content=\"Di\u00e1rio da Lagoa\" \/>\n<meta name=\"twitter:card\" content=\"summary_large_image\" \/>\n<meta name=\"twitter:label1\" content=\"\u00c9crit par\" \/>\n\t<meta name=\"twitter:data1\" content=\"Di\u00e1rio da Lagoa\" \/>\n\t<meta name=\"twitter:label2\" content=\"Dur\u00e9e de lecture estim\u00e9e\" \/>\n\t<meta name=\"twitter:data2\" content=\"2 minutes\" \/>\n<script type=\"application\/ld+json\" class=\"yoast-schema-graph\">{\"@context\":\"https:\/\/schema.org\",\"@graph\":[{\"@type\":\"WebPage\",\"@id\":\"https:\/\/diariodalagoa.pt\/agricultura-familiar-significa-combate-a-desertificacao-das-zonas-rurais\/\",\"url\":\"https:\/\/diariodalagoa.pt\/agricultura-familiar-significa-combate-a-desertificacao-das-zonas-rurais\/\",\"name\":\"Agricultura familiar significa \u201ccombate \u00e0 desertifica\u00e7\u00e3o das zonas rurais\u201d - Di\u00e1rio da Lagoa\",\"isPartOf\":{\"@id\":\"https:\/\/diariodalagoa.pt\/#website\"},\"datePublished\":\"2014-07-18T13:48:41+00:00\",\"dateModified\":\"2014-07-18T13:48:41+00:00\",\"author\":{\"@id\":\"https:\/\/diariodalagoa.pt\/#\/schema\/person\/1615a002370e8857b6f972834bc43ece\"},\"breadcrumb\":{\"@id\":\"https:\/\/diariodalagoa.pt\/agricultura-familiar-significa-combate-a-desertificacao-das-zonas-rurais\/#breadcrumb\"},\"inLanguage\":\"fr-FR\",\"potentialAction\":[{\"@type\":\"ReadAction\",\"target\":[\"https:\/\/diariodalagoa.pt\/agricultura-familiar-significa-combate-a-desertificacao-das-zonas-rurais\/\"]}]},{\"@type\":\"BreadcrumbList\",\"@id\":\"https:\/\/diariodalagoa.pt\/agricultura-familiar-significa-combate-a-desertificacao-das-zonas-rurais\/#breadcrumb\",\"itemListElement\":[{\"@type\":\"ListItem\",\"position\":1,\"name\":\"In\u00edcio\",\"item\":\"https:\/\/diariodalagoa.pt\/\"},{\"@type\":\"ListItem\",\"position\":2,\"name\":\"Agricultura familiar significa \u201ccombate \u00e0 desertifica\u00e7\u00e3o das zonas rurais\u201d\"}]},{\"@type\":\"WebSite\",\"@id\":\"https:\/\/diariodalagoa.pt\/#website\",\"url\":\"https:\/\/diariodalagoa.pt\/\",\"name\":\"Di\u00e1rio da Lagoa\",\"description\":\"Di\u00e1rio da Lagoa. As not\u00edcias que contam. A partir da Lagoa, nos A\u00e7ores, para o mundo.\",\"potentialAction\":[{\"@type\":\"SearchAction\",\"target\":{\"@type\":\"EntryPoint\",\"urlTemplate\":\"https:\/\/diariodalagoa.pt\/?s={search_term_string}\"},\"query-input\":\"required name=search_term_string\"}],\"inLanguage\":\"fr-FR\"},{\"@type\":\"Person\",\"@id\":\"https:\/\/diariodalagoa.pt\/#\/schema\/person\/1615a002370e8857b6f972834bc43ece\",\"name\":\"Di\u00e1rio da Lagoa\",\"image\":{\"@type\":\"ImageObject\",\"inLanguage\":\"fr-FR\",\"@id\":\"https:\/\/diariodalagoa.pt\/#\/schema\/person\/image\/\",\"url\":\"https:\/\/secure.gravatar.com\/avatar\/2cb5cef90a26f8fbd4d9d930608102c5?s=96&d=mm&r=g\",\"contentUrl\":\"https:\/\/secure.gravatar.com\/avatar\/2cb5cef90a26f8fbd4d9d930608102c5?s=96&d=mm&r=g\",\"caption\":\"Di\u00e1rio da Lagoa\"},\"url\":\"https:\/\/diariodalagoa.pt\/fr\/author\/diariodalagoa\/\"}]}<\/script>\n<!-- \/ Yoast SEO plugin. -->","yoast_head_json":{"title":"Agricultura familiar significa \u201ccombate \u00e0 desertifica\u00e7\u00e3o das zonas rurais\u201d - Di\u00e1rio da Lagoa","robots":{"index":"index","follow":"follow","max-snippet":"max-snippet:-1","max-image-preview":"max-image-preview:large","max-video-preview":"max-video-preview:-1"},"canonical":"https:\/\/diariodalagoa.pt\/fr\/agricultura-familiar-significa-combate-a-desertificacao-das-zonas-rurais\/","og_locale":"fr_FR","og_type":"article","og_title":"Agricultura familiar significa \u201ccombate \u00e0 desertifica\u00e7\u00e3o das zonas rurais\u201d - Di\u00e1rio da Lagoa","og_description":"O Secret\u00e1rio Regional da Agricultura e Ambiente afirmou, no \u00e2mbito do semin\u00e1rio\u00a0Agricultura Familiar versus Agricultura Sustent\u00e1vel, em Angra do Hero\u00edsmo, que \u201cfalar de agricultura familiar\u201d significa \u201ccombate \u00e0 desertifica\u00e7\u00e3o das zonas rurais\u201d. Lu\u00eds Neto Viveiros, que falava no segundo semin\u00e1rio promovido nos A\u00e7ores, no \u00e2mbito das comemora\u00e7\u00f5es do Ano Internacional da Agricultura Familiar, declarado pela [&hellip;]","og_url":"https:\/\/diariodalagoa.pt\/fr\/agricultura-familiar-significa-combate-a-desertificacao-das-zonas-rurais\/","og_site_name":"Di\u00e1rio da Lagoa","article_published_time":"2014-07-18T13:48:41+00:00","og_image":[{"width":720,"height":380,"url":"https:\/\/diariodalagoa.pt\/wp-content\/uploads\/2014\/07\/luis-neto-viveiros-agricultura-familiar.jpg","type":"image\/jpeg"}],"author":"Di\u00e1rio da Lagoa","twitter_card":"summary_large_image","twitter_misc":{"\u00c9crit par":"Di\u00e1rio da Lagoa","Dur\u00e9e de lecture estim\u00e9e":"2 minutes"},"schema":{"@context":"https:\/\/schema.org","@graph":[{"@type":"WebPage","@id":"https:\/\/diariodalagoa.pt\/agricultura-familiar-significa-combate-a-desertificacao-das-zonas-rurais\/","url":"https:\/\/diariodalagoa.pt\/agricultura-familiar-significa-combate-a-desertificacao-das-zonas-rurais\/","name":"Agricultura familiar significa \u201ccombate \u00e0 desertifica\u00e7\u00e3o das zonas rurais\u201d - Di\u00e1rio da Lagoa","isPartOf":{"@id":"https:\/\/diariodalagoa.pt\/#website"},"datePublished":"2014-07-18T13:48:41+00:00","dateModified":"2014-07-18T13:48:41+00:00","author":{"@id":"https:\/\/diariodalagoa.pt\/#\/schema\/person\/1615a002370e8857b6f972834bc43ece"},"breadcrumb":{"@id":"https:\/\/diariodalagoa.pt\/agricultura-familiar-significa-combate-a-desertificacao-das-zonas-rurais\/#breadcrumb"},"inLanguage":"fr-FR","potentialAction":[{"@type":"ReadAction","target":["https:\/\/diariodalagoa.pt\/agricultura-familiar-significa-combate-a-desertificacao-das-zonas-rurais\/"]}]},{"@type":"BreadcrumbList","@id":"https:\/\/diariodalagoa.pt\/agricultura-familiar-significa-combate-a-desertificacao-das-zonas-rurais\/#breadcrumb","itemListElement":[{"@type":"ListItem","position":1,"name":"In\u00edcio","item":"https:\/\/diariodalagoa.pt\/"},{"@type":"ListItem","position":2,"name":"Agricultura familiar significa \u201ccombate \u00e0 desertifica\u00e7\u00e3o das zonas rurais\u201d"}]},{"@type":"WebSite","@id":"https:\/\/diariodalagoa.pt\/#website","url":"https:\/\/diariodalagoa.pt\/","name":"Di\u00e1rio da Lagoa","description":"Di\u00e1rio da Lagoa. As not\u00edcias que contam. A partir da Lagoa, nos A\u00e7ores, para o mundo.","potentialAction":[{"@type":"SearchAction","target":{"@type":"EntryPoint","urlTemplate":"https:\/\/diariodalagoa.pt\/?s={search_term_string}"},"query-input":"required name=search_term_string"}],"inLanguage":"fr-FR"},{"@type":"Person","@id":"https:\/\/diariodalagoa.pt\/#\/schema\/person\/1615a002370e8857b6f972834bc43ece","name":"Di\u00e1rio da Lagoa","image":{"@type":"ImageObject","inLanguage":"fr-FR","@id":"https:\/\/diariodalagoa.pt\/#\/schema\/person\/image\/","url":"https:\/\/secure.gravatar.com\/avatar\/2cb5cef90a26f8fbd4d9d930608102c5?s=96&d=mm&r=g","contentUrl":"https:\/\/secure.gravatar.com\/avatar\/2cb5cef90a26f8fbd4d9d930608102c5?s=96&d=mm&r=g","caption":"Di\u00e1rio da Lagoa"},"url":"https:\/\/diariodalagoa.pt\/fr\/author\/diariodalagoa\/"}]}},"_links":{"self":[{"href":"https:\/\/diariodalagoa.pt\/fr\/wp-json\/wp\/v2\/posts\/6979"}],"collection":[{"href":"https:\/\/diariodalagoa.pt\/fr\/wp-json\/wp\/v2\/posts"}],"about":[{"href":"https:\/\/diariodalagoa.pt\/fr\/wp-json\/wp\/v2\/types\/post"}],"author":[{"embeddable":true,"href":"https:\/\/diariodalagoa.pt\/fr\/wp-json\/wp\/v2\/users\/2"}],"replies":[{"embeddable":true,"href":"https:\/\/diariodalagoa.pt\/fr\/wp-json\/wp\/v2\/comments?post=6979"}],"version-history":[{"count":0,"href":"https:\/\/diariodalagoa.pt\/fr\/wp-json\/wp\/v2\/posts\/6979\/revisions"}],"wp:featuredmedia":[{"embeddable":true,"href":"https:\/\/diariodalagoa.pt\/fr\/wp-json\/wp\/v2\/media\/121916"}],"wp:attachment":[{"href":"https:\/\/diariodalagoa.pt\/fr\/wp-json\/wp\/v2\/media?parent=6979"}],"wp:term":[{"taxonomy":"category","embeddable":true,"href":"https:\/\/diariodalagoa.pt\/fr\/wp-json\/wp\/v2\/categories?post=6979"},{"taxonomy":"post_tag","embeddable":true,"href":"https:\/\/diariodalagoa.pt\/fr\/wp-json\/wp\/v2\/tags?post=6979"}],"curies":[{"name":"wp","href":"https:\/\/api.w.org\/{rel}","templated":true}]}}