{"id":6868,"date":"2014-07-15T16:50:31","date_gmt":"2014-07-15T17:50:31","guid":{"rendered":"http:\/\/diariodalagoa.pt\/?p=6868"},"modified":"2014-07-15T16:50:31","modified_gmt":"2014-07-15T17:50:31","slug":"nos-acores-iniciam-atividade-quatro-empresas-por-cada-uma-que-fecha","status":"publish","type":"post","link":"https:\/\/diariodalagoa.pt\/fr\/nos-acores-iniciam-atividade-quatro-empresas-por-cada-uma-que-fecha\/","title":{"rendered":"Nos A\u00e7ores iniciam atividade quatro empresas por cada uma que fecha"},"content":{"rendered":"<p style=\"text-align: justify;\"><a href=\"http:\/\/diariodalagoa.pt\/wp-content\/uploads\/2014\/05\/Sergio-Avila-governo-a\u00e7ores.jpg\"><img decoding=\"async\" class=\"alignnone size-full wp-image-4465\" src=\"http:\/\/diariodalagoa.pt\/wp-content\/uploads\/2014\/05\/Sergio-Avila-governo-a\u00e7ores.jpg\" alt=\"Sergio-Avila-governo-a\u00e7ores\" width=\"720\" height=\"381\" \/><\/a><\/p>\n<p style=\"text-align: justify;\"><span style=\"color: #000000;\">Nos \u00faltimos 12 meses, iniciaram a sua atividade nos A\u00e7ores 536 empresas, uma propor\u00e7\u00e3o de quatro por cada uma que fechou, segundo dados agora divulgados sobre a constitui\u00e7\u00e3o de empresas em Portugal.\u00a0<\/span><\/p>\n<p style=\"text-align: justify;\"><span style=\"color: #000000;\">O Vice-Presidente do Governo, S\u00e9rgio \u00c1vila, falando aos jornalistas, em Angra do Hero\u00edsmo,\u00a0\u00e0 margem de um encontro com a rec\u00e9m-empossada dire\u00e7\u00e3o do Banco Esp\u00edrito Santo dos A\u00e7ores, considera esse indicador muito importante, sendo mesmo o melhor r\u00e1cio do Pa\u00eds entre empresas que fecham e outras que abrem.\u00a0<\/span><\/p>\n<p style=\"text-align: justify;\"><span style=\"color: #000000;\">Para S\u00e9rgio \u00c1vila, isto significa que se est\u00e1 a assistir, presentemente, na Regi\u00e3o, \u201ca um rejuvenescimento e a um incremento da estrutura empresarial\u201d. <\/span><\/p>\n<p style=\"text-align: justify;\"><span style=\"color: #000000;\">Citando o Vice-Primeiro Ministro, Paulo Portas, que afirmou que o melhor indicador que tinha de que o Pa\u00eds \u201cest\u00e1 a ir por bom caminho\u201d \u00e9 o r\u00e1cio a n\u00edvel nacional de duas empresas que abrem por cada uma que fecha, S\u00e9rgio \u00c1vila frisou que, pelo mesmo racioc\u00ednio, \u201cna Regi\u00e3o temos efetivamente condi\u00e7\u00f5es para que haja um incremento do nosso desenvolvimento e da atividade empresarial&#8221;.<\/span><\/p>\n<p style=\"text-align: justify;\"><span style=\"color: #000000;\">O Vice-Presidente fez notar que esse impulso exige \u201ca exist\u00eancia, na Regi\u00e3o, de um sistema financeiro que apoie, que alavanque e que crie condi\u00e7\u00f5es para que essas empresas que est\u00e3o agora a surgir se imponham\u201d, com o suporte dos sistemas de incentivos disponibilizados e do sistema financeiro da Regi\u00e3o.<\/span><\/p>\n<p style=\"text-align: justify;\"><span style=\"color: #000000;\"><em>DL\/GaCS<\/em><\/span><\/p>","protected":false},"excerpt":{"rendered":"<p>Nos \u00faltimos 12 meses, iniciaram a sua atividade nos A\u00e7ores 536 empresas, uma propor\u00e7\u00e3o de quatro por cada uma que fechou, segundo dados agora divulgados sobre a constitui\u00e7\u00e3o de empresas em Portugal.\u00a0 O Vice-Presidente do Governo, S\u00e9rgio \u00c1vila, falando aos jornalistas, em Angra do Hero\u00edsmo,\u00a0\u00e0 margem de um encontro com a rec\u00e9m-empossada dire\u00e7\u00e3o do Banco [&hellip;]<\/p>","protected":false},"author":2,"featured_media":0,"comment_status":"open","ping_status":"open","sticky":false,"template":"","format":"standard","meta":[],"categories":[21],"tags":[],"acf":[],"yoast_head":"<!-- This site is optimized with the Yoast SEO plugin v20.10 - https:\/\/yoast.com\/wordpress\/plugins\/seo\/ -->\n<title>Nos A\u00e7ores iniciam atividade quatro empresas por cada uma que fecha - Di\u00e1rio da Lagoa<\/title>\n<meta name=\"robots\" content=\"index, follow, max-snippet:-1, max-image-preview:large, max-video-preview:-1\" \/>\n<link rel=\"canonical\" href=\"https:\/\/diariodalagoa.pt\/fr\/nos-acores-iniciam-atividade-quatro-empresas-por-cada-uma-que-fecha\/\" \/>\n<meta property=\"og:locale\" content=\"fr_FR\" \/>\n<meta property=\"og:type\" content=\"article\" \/>\n<meta property=\"og:title\" content=\"Nos A\u00e7ores iniciam atividade quatro empresas por cada uma que fecha - Di\u00e1rio da Lagoa\" \/>\n<meta property=\"og:description\" content=\"Nos \u00faltimos 12 meses, iniciaram a sua atividade nos A\u00e7ores 536 empresas, uma propor\u00e7\u00e3o de quatro por cada uma que fechou, segundo dados agora divulgados sobre a constitui\u00e7\u00e3o de empresas em Portugal.\u00a0 O Vice-Presidente do Governo, S\u00e9rgio \u00c1vila, falando aos jornalistas, em Angra do Hero\u00edsmo,\u00a0\u00e0 margem de um encontro com a rec\u00e9m-empossada dire\u00e7\u00e3o do Banco [&hellip;]\" \/>\n<meta property=\"og:url\" content=\"https:\/\/diariodalagoa.pt\/fr\/nos-acores-iniciam-atividade-quatro-empresas-por-cada-uma-que-fecha\/\" \/>\n<meta property=\"og:site_name\" content=\"Di\u00e1rio da Lagoa\" \/>\n<meta property=\"article:published_time\" content=\"2014-07-15T17:50:31+00:00\" \/>\n<meta name=\"author\" content=\"Di\u00e1rio da Lagoa\" \/>\n<meta name=\"twitter:card\" content=\"summary_large_image\" \/>\n<meta name=\"twitter:label1\" content=\"\u00c9crit par\" \/>\n\t<meta name=\"twitter:data1\" content=\"Di\u00e1rio da Lagoa\" \/>\n\t<meta name=\"twitter:label2\" content=\"Dur\u00e9e de lecture estim\u00e9e\" \/>\n\t<meta name=\"twitter:data2\" content=\"1 minute\" \/>\n<script type=\"application\/ld+json\" class=\"yoast-schema-graph\">{\"@context\":\"https:\/\/schema.org\",\"@graph\":[{\"@type\":\"WebPage\",\"@id\":\"https:\/\/diariodalagoa.pt\/nos-acores-iniciam-atividade-quatro-empresas-por-cada-uma-que-fecha\/\",\"url\":\"https:\/\/diariodalagoa.pt\/nos-acores-iniciam-atividade-quatro-empresas-por-cada-uma-que-fecha\/\",\"name\":\"Nos A\u00e7ores iniciam atividade quatro empresas por cada uma que fecha - Di\u00e1rio da Lagoa\",\"isPartOf\":{\"@id\":\"https:\/\/diariodalagoa.pt\/#website\"},\"datePublished\":\"2014-07-15T17:50:31+00:00\",\"dateModified\":\"2014-07-15T17:50:31+00:00\",\"author\":{\"@id\":\"https:\/\/diariodalagoa.pt\/#\/schema\/person\/1615a002370e8857b6f972834bc43ece\"},\"breadcrumb\":{\"@id\":\"https:\/\/diariodalagoa.pt\/nos-acores-iniciam-atividade-quatro-empresas-por-cada-uma-que-fecha\/#breadcrumb\"},\"inLanguage\":\"fr-FR\",\"potentialAction\":[{\"@type\":\"ReadAction\",\"target\":[\"https:\/\/diariodalagoa.pt\/nos-acores-iniciam-atividade-quatro-empresas-por-cada-uma-que-fecha\/\"]}]},{\"@type\":\"BreadcrumbList\",\"@id\":\"https:\/\/diariodalagoa.pt\/nos-acores-iniciam-atividade-quatro-empresas-por-cada-uma-que-fecha\/#breadcrumb\",\"itemListElement\":[{\"@type\":\"ListItem\",\"position\":1,\"name\":\"In\u00edcio\",\"item\":\"https:\/\/diariodalagoa.pt\/\"},{\"@type\":\"ListItem\",\"position\":2,\"name\":\"Nos A\u00e7ores iniciam atividade quatro empresas por cada uma que fecha\"}]},{\"@type\":\"WebSite\",\"@id\":\"https:\/\/diariodalagoa.pt\/#website\",\"url\":\"https:\/\/diariodalagoa.pt\/\",\"name\":\"Di\u00e1rio da Lagoa\",\"description\":\"Di\u00e1rio da Lagoa. As not\u00edcias que contam. A partir da Lagoa, nos A\u00e7ores, para o mundo.\",\"potentialAction\":[{\"@type\":\"SearchAction\",\"target\":{\"@type\":\"EntryPoint\",\"urlTemplate\":\"https:\/\/diariodalagoa.pt\/?s={search_term_string}\"},\"query-input\":\"required name=search_term_string\"}],\"inLanguage\":\"fr-FR\"},{\"@type\":\"Person\",\"@id\":\"https:\/\/diariodalagoa.pt\/#\/schema\/person\/1615a002370e8857b6f972834bc43ece\",\"name\":\"Di\u00e1rio da Lagoa\",\"image\":{\"@type\":\"ImageObject\",\"inLanguage\":\"fr-FR\",\"@id\":\"https:\/\/diariodalagoa.pt\/#\/schema\/person\/image\/\",\"url\":\"https:\/\/secure.gravatar.com\/avatar\/2cb5cef90a26f8fbd4d9d930608102c5?s=96&d=mm&r=g\",\"contentUrl\":\"https:\/\/secure.gravatar.com\/avatar\/2cb5cef90a26f8fbd4d9d930608102c5?s=96&d=mm&r=g\",\"caption\":\"Di\u00e1rio da Lagoa\"},\"url\":\"https:\/\/diariodalagoa.pt\/fr\/author\/diariodalagoa\/\"}]}<\/script>\n<!-- \/ Yoast SEO plugin. -->","yoast_head_json":{"title":"Nos A\u00e7ores iniciam atividade quatro empresas por cada uma que fecha - Di\u00e1rio da Lagoa","robots":{"index":"index","follow":"follow","max-snippet":"max-snippet:-1","max-image-preview":"max-image-preview:large","max-video-preview":"max-video-preview:-1"},"canonical":"https:\/\/diariodalagoa.pt\/fr\/nos-acores-iniciam-atividade-quatro-empresas-por-cada-uma-que-fecha\/","og_locale":"fr_FR","og_type":"article","og_title":"Nos A\u00e7ores iniciam atividade quatro empresas por cada uma que fecha - Di\u00e1rio da Lagoa","og_description":"Nos \u00faltimos 12 meses, iniciaram a sua atividade nos A\u00e7ores 536 empresas, uma propor\u00e7\u00e3o de quatro por cada uma que fechou, segundo dados agora divulgados sobre a constitui\u00e7\u00e3o de empresas em Portugal.\u00a0 O Vice-Presidente do Governo, S\u00e9rgio \u00c1vila, falando aos jornalistas, em Angra do Hero\u00edsmo,\u00a0\u00e0 margem de um encontro com a rec\u00e9m-empossada dire\u00e7\u00e3o do Banco [&hellip;]","og_url":"https:\/\/diariodalagoa.pt\/fr\/nos-acores-iniciam-atividade-quatro-empresas-por-cada-uma-que-fecha\/","og_site_name":"Di\u00e1rio da Lagoa","article_published_time":"2014-07-15T17:50:31+00:00","author":"Di\u00e1rio da Lagoa","twitter_card":"summary_large_image","twitter_misc":{"\u00c9crit par":"Di\u00e1rio da Lagoa","Dur\u00e9e de lecture estim\u00e9e":"1 minute"},"schema":{"@context":"https:\/\/schema.org","@graph":[{"@type":"WebPage","@id":"https:\/\/diariodalagoa.pt\/nos-acores-iniciam-atividade-quatro-empresas-por-cada-uma-que-fecha\/","url":"https:\/\/diariodalagoa.pt\/nos-acores-iniciam-atividade-quatro-empresas-por-cada-uma-que-fecha\/","name":"Nos A\u00e7ores iniciam atividade quatro empresas por cada uma que fecha - Di\u00e1rio da Lagoa","isPartOf":{"@id":"https:\/\/diariodalagoa.pt\/#website"},"datePublished":"2014-07-15T17:50:31+00:00","dateModified":"2014-07-15T17:50:31+00:00","author":{"@id":"https:\/\/diariodalagoa.pt\/#\/schema\/person\/1615a002370e8857b6f972834bc43ece"},"breadcrumb":{"@id":"https:\/\/diariodalagoa.pt\/nos-acores-iniciam-atividade-quatro-empresas-por-cada-uma-que-fecha\/#breadcrumb"},"inLanguage":"fr-FR","potentialAction":[{"@type":"ReadAction","target":["https:\/\/diariodalagoa.pt\/nos-acores-iniciam-atividade-quatro-empresas-por-cada-uma-que-fecha\/"]}]},{"@type":"BreadcrumbList","@id":"https:\/\/diariodalagoa.pt\/nos-acores-iniciam-atividade-quatro-empresas-por-cada-uma-que-fecha\/#breadcrumb","itemListElement":[{"@type":"ListItem","position":1,"name":"In\u00edcio","item":"https:\/\/diariodalagoa.pt\/"},{"@type":"ListItem","position":2,"name":"Nos A\u00e7ores iniciam atividade quatro empresas por cada uma que fecha"}]},{"@type":"WebSite","@id":"https:\/\/diariodalagoa.pt\/#website","url":"https:\/\/diariodalagoa.pt\/","name":"Di\u00e1rio da Lagoa","description":"Di\u00e1rio da Lagoa. As not\u00edcias que contam. A partir da Lagoa, nos A\u00e7ores, para o mundo.","potentialAction":[{"@type":"SearchAction","target":{"@type":"EntryPoint","urlTemplate":"https:\/\/diariodalagoa.pt\/?s={search_term_string}"},"query-input":"required name=search_term_string"}],"inLanguage":"fr-FR"},{"@type":"Person","@id":"https:\/\/diariodalagoa.pt\/#\/schema\/person\/1615a002370e8857b6f972834bc43ece","name":"Di\u00e1rio da Lagoa","image":{"@type":"ImageObject","inLanguage":"fr-FR","@id":"https:\/\/diariodalagoa.pt\/#\/schema\/person\/image\/","url":"https:\/\/secure.gravatar.com\/avatar\/2cb5cef90a26f8fbd4d9d930608102c5?s=96&d=mm&r=g","contentUrl":"https:\/\/secure.gravatar.com\/avatar\/2cb5cef90a26f8fbd4d9d930608102c5?s=96&d=mm&r=g","caption":"Di\u00e1rio da Lagoa"},"url":"https:\/\/diariodalagoa.pt\/fr\/author\/diariodalagoa\/"}]}},"_links":{"self":[{"href":"https:\/\/diariodalagoa.pt\/fr\/wp-json\/wp\/v2\/posts\/6868"}],"collection":[{"href":"https:\/\/diariodalagoa.pt\/fr\/wp-json\/wp\/v2\/posts"}],"about":[{"href":"https:\/\/diariodalagoa.pt\/fr\/wp-json\/wp\/v2\/types\/post"}],"author":[{"embeddable":true,"href":"https:\/\/diariodalagoa.pt\/fr\/wp-json\/wp\/v2\/users\/2"}],"replies":[{"embeddable":true,"href":"https:\/\/diariodalagoa.pt\/fr\/wp-json\/wp\/v2\/comments?post=6868"}],"version-history":[{"count":0,"href":"https:\/\/diariodalagoa.pt\/fr\/wp-json\/wp\/v2\/posts\/6868\/revisions"}],"wp:attachment":[{"href":"https:\/\/diariodalagoa.pt\/fr\/wp-json\/wp\/v2\/media?parent=6868"}],"wp:term":[{"taxonomy":"category","embeddable":true,"href":"https:\/\/diariodalagoa.pt\/fr\/wp-json\/wp\/v2\/categories?post=6868"},{"taxonomy":"post_tag","embeddable":true,"href":"https:\/\/diariodalagoa.pt\/fr\/wp-json\/wp\/v2\/tags?post=6868"}],"curies":[{"name":"wp","href":"https:\/\/api.w.org\/{rel}","templated":true}]}}