{"id":6667,"date":"2014-07-09T09:44:45","date_gmt":"2014-07-09T10:44:45","guid":{"rendered":"http:\/\/diariodalagoa.pt\/?p=6667"},"modified":"2014-07-09T09:44:45","modified_gmt":"2014-07-09T10:44:45","slug":"tripulante-com-dedos-semi-amputados-evacuado-de-navio-mercante","status":"publish","type":"post","link":"https:\/\/diariodalagoa.pt\/fr\/tripulante-com-dedos-semi-amputados-evacuado-de-navio-mercante\/","title":{"rendered":"Tripulante com dedos semi-amputados evacuado de navio mercante"},"content":{"rendered":"<p style=\"color: #ffffff; text-align: justify;\"><a href=\"http:\/\/diariodalagoa.pt\/wp-content\/uploads\/2014\/07\/Zeycan_Ana1alt.jpg\"><img decoding=\"async\" class=\"alignnone size-full wp-image-6668\" src=\"http:\/\/diariodalagoa.pt\/wp-content\/uploads\/2014\/07\/Zeycan_Ana1alt.jpg\" alt=\"Zeycan_Ana1alt\" width=\"720\" height=\"356\" \/><\/a><\/p>\n<p style=\"color: #ffffff; text-align: justify;\"><span style=\"color: #000000;\">O Centro de Coordena\u00e7\u00e3o de Busca e Salvamento Mar\u00edtimo da Turquia solicitou a evacua\u00e7\u00e3o do tripulante doente, tendo o Centro de Orienta\u00e7\u00e3o de Doentes Urgentes (CODUMAR) do INEM, validado a necessidade de se proceder \u00e0 evacua\u00e7\u00e3o urgente do tripulante. Neste \u00e2mbito, foi contactado o Centro de Busca e Salvamento A\u00e9reo das Lajes (RCC Lajes), para planear e conduzir as a\u00e7\u00f5es de evacua\u00e7\u00e3o m\u00e9dica a\u00e9rea.<\/span><\/p>\n<p style=\"color: #5f6576; text-align: justify;\"><span style=\"color: #000000;\">O MRCC Delgada deu indica\u00e7\u00f5es ao navio para manter o rumo em dire\u00e7\u00e3o \u00e0 Ilha Terceira, de forma a encurtar a dist\u00e2ncia \u00e0 Base das Lajes e assim permitir a opera\u00e7\u00e3o de evacua\u00e7\u00e3o a\u00e9rea com maior celeridade, refere um comunicado hoje emitido.<\/span><\/p>\n<p style=\"color: #5f6576; text-align: justify;\"><span style=\"color: #000000;\">&#8220;\u00c0s 18h30, um helic\u00f3ptero da For\u00e7a A\u00e9rea descolou da Base A\u00e9rea das Lajes, com uma equipa m\u00e9dica militar a bordo, e voou ao encontro do Zeycan Ana que, na altura, j\u00e1 se encontrava a cerca de 391 Km (243 milhas n\u00e1uticas) a norte da Ilha Terceira. Foi tamb\u00e9m empenhada uma aeronave C-295, a fim de acompanhar e apoiar as comunica\u00e7\u00f5es entre a embarca\u00e7\u00e3o, o helic\u00f3ptero e os Centros de Busca e Salvamento envolvidos&#8221;, explica a Marinha.<\/span><\/p>\n<p style=\"color: #5f6576; text-align: justify;\"><span style=\"color: #000000;\">A opera\u00e7\u00e3o de evacua\u00e7\u00e3o foi executada com sucesso pelas 20h46, tendo o helic\u00f3ptero aterrado no Aeroporto Jo\u00e3o Paulo II, Ponta Delgada, Ilha de S. Miguel, pelas 23h30, regressando \u00e0 Base das Lajes, onde aterrou pelas 01h00.<\/span><\/p>\n<p style=\"color: #5f6576; text-align: justify;\"><span style=\"color: #000000;\">Ainda segundo um comunicado da marinha, as condi\u00e7\u00f5es meteorol\u00f3gicas no local da evacua\u00e7\u00e3o eram de vento fraco de norte e ondula\u00e7\u00e3o de 1.5 metros do quadrante noroeste.<\/span><\/p>\n<p style=\"color: #5f6576; text-align: justify;\"><em><span style=\"color: #000000;\">DL\/CZMA<\/span><\/em><\/p>","protected":false},"excerpt":{"rendered":"<p>O Centro de Coordena\u00e7\u00e3o de Busca e Salvamento Mar\u00edtimo da Turquia solicitou a evacua\u00e7\u00e3o do tripulante doente, tendo o Centro de Orienta\u00e7\u00e3o de Doentes Urgentes (CODUMAR) do INEM, validado a necessidade de se proceder \u00e0 evacua\u00e7\u00e3o urgente do tripulante. Neste \u00e2mbito, foi contactado o Centro de Busca e Salvamento A\u00e9reo das Lajes (RCC Lajes), para [&hellip;]<\/p>","protected":false},"author":2,"featured_media":121939,"comment_status":"open","ping_status":"open","sticky":false,"template":"","format":"standard","meta":[],"categories":[21],"tags":[],"acf":[],"yoast_head":"<!-- This site is optimized with the Yoast SEO plugin v20.10 - https:\/\/yoast.com\/wordpress\/plugins\/seo\/ -->\n<title>Tripulante com dedos semi-amputados evacuado de navio mercante - Di\u00e1rio da Lagoa<\/title>\n<meta name=\"robots\" content=\"index, follow, max-snippet:-1, max-image-preview:large, max-video-preview:-1\" \/>\n<link rel=\"canonical\" href=\"https:\/\/diariodalagoa.pt\/fr\/tripulante-com-dedos-semi-amputados-evacuado-de-navio-mercante\/\" \/>\n<meta property=\"og:locale\" content=\"fr_FR\" \/>\n<meta property=\"og:type\" content=\"article\" \/>\n<meta property=\"og:title\" content=\"Tripulante com dedos semi-amputados evacuado de navio mercante - Di\u00e1rio da Lagoa\" \/>\n<meta property=\"og:description\" content=\"O Centro de Coordena\u00e7\u00e3o de Busca e Salvamento Mar\u00edtimo da Turquia solicitou a evacua\u00e7\u00e3o do tripulante doente, tendo o Centro de Orienta\u00e7\u00e3o de Doentes Urgentes (CODUMAR) do INEM, validado a necessidade de se proceder \u00e0 evacua\u00e7\u00e3o urgente do tripulante. Neste \u00e2mbito, foi contactado o Centro de Busca e Salvamento A\u00e9reo das Lajes (RCC Lajes), para [&hellip;]\" \/>\n<meta property=\"og:url\" content=\"https:\/\/diariodalagoa.pt\/fr\/tripulante-com-dedos-semi-amputados-evacuado-de-navio-mercante\/\" \/>\n<meta property=\"og:site_name\" content=\"Di\u00e1rio da Lagoa\" \/>\n<meta property=\"article:published_time\" content=\"2014-07-09T10:44:45+00:00\" \/>\n<meta property=\"og:image\" content=\"https:\/\/diariodalagoa.pt\/wp-content\/uploads\/2014\/07\/zeycan-ana1alt.jpg\" \/>\n\t<meta property=\"og:image:width\" content=\"720\" \/>\n\t<meta property=\"og:image:height\" content=\"356\" \/>\n\t<meta property=\"og:image:type\" content=\"image\/jpeg\" \/>\n<meta name=\"author\" content=\"Di\u00e1rio da Lagoa\" \/>\n<meta name=\"twitter:card\" content=\"summary_large_image\" \/>\n<meta name=\"twitter:label1\" content=\"\u00c9crit par\" \/>\n\t<meta name=\"twitter:data1\" content=\"Di\u00e1rio da Lagoa\" \/>\n\t<meta name=\"twitter:label2\" content=\"Dur\u00e9e de lecture estim\u00e9e\" \/>\n\t<meta name=\"twitter:data2\" content=\"1 minute\" \/>\n<script type=\"application\/ld+json\" class=\"yoast-schema-graph\">{\"@context\":\"https:\/\/schema.org\",\"@graph\":[{\"@type\":\"WebPage\",\"@id\":\"https:\/\/diariodalagoa.pt\/tripulante-com-dedos-semi-amputados-evacuado-de-navio-mercante\/\",\"url\":\"https:\/\/diariodalagoa.pt\/tripulante-com-dedos-semi-amputados-evacuado-de-navio-mercante\/\",\"name\":\"Tripulante com dedos semi-amputados evacuado de navio mercante - Di\u00e1rio da Lagoa\",\"isPartOf\":{\"@id\":\"https:\/\/diariodalagoa.pt\/#website\"},\"datePublished\":\"2014-07-09T10:44:45+00:00\",\"dateModified\":\"2014-07-09T10:44:45+00:00\",\"author\":{\"@id\":\"https:\/\/diariodalagoa.pt\/#\/schema\/person\/1615a002370e8857b6f972834bc43ece\"},\"breadcrumb\":{\"@id\":\"https:\/\/diariodalagoa.pt\/tripulante-com-dedos-semi-amputados-evacuado-de-navio-mercante\/#breadcrumb\"},\"inLanguage\":\"fr-FR\",\"potentialAction\":[{\"@type\":\"ReadAction\",\"target\":[\"https:\/\/diariodalagoa.pt\/tripulante-com-dedos-semi-amputados-evacuado-de-navio-mercante\/\"]}]},{\"@type\":\"BreadcrumbList\",\"@id\":\"https:\/\/diariodalagoa.pt\/tripulante-com-dedos-semi-amputados-evacuado-de-navio-mercante\/#breadcrumb\",\"itemListElement\":[{\"@type\":\"ListItem\",\"position\":1,\"name\":\"In\u00edcio\",\"item\":\"https:\/\/diariodalagoa.pt\/\"},{\"@type\":\"ListItem\",\"position\":2,\"name\":\"Tripulante com dedos semi-amputados evacuado de navio mercante\"}]},{\"@type\":\"WebSite\",\"@id\":\"https:\/\/diariodalagoa.pt\/#website\",\"url\":\"https:\/\/diariodalagoa.pt\/\",\"name\":\"Di\u00e1rio da Lagoa\",\"description\":\"Di\u00e1rio da Lagoa. As not\u00edcias que contam. A partir da Lagoa, nos A\u00e7ores, para o mundo.\",\"potentialAction\":[{\"@type\":\"SearchAction\",\"target\":{\"@type\":\"EntryPoint\",\"urlTemplate\":\"https:\/\/diariodalagoa.pt\/?s={search_term_string}\"},\"query-input\":\"required name=search_term_string\"}],\"inLanguage\":\"fr-FR\"},{\"@type\":\"Person\",\"@id\":\"https:\/\/diariodalagoa.pt\/#\/schema\/person\/1615a002370e8857b6f972834bc43ece\",\"name\":\"Di\u00e1rio da Lagoa\",\"image\":{\"@type\":\"ImageObject\",\"inLanguage\":\"fr-FR\",\"@id\":\"https:\/\/diariodalagoa.pt\/#\/schema\/person\/image\/\",\"url\":\"https:\/\/secure.gravatar.com\/avatar\/2cb5cef90a26f8fbd4d9d930608102c5?s=96&d=mm&r=g\",\"contentUrl\":\"https:\/\/secure.gravatar.com\/avatar\/2cb5cef90a26f8fbd4d9d930608102c5?s=96&d=mm&r=g\",\"caption\":\"Di\u00e1rio da Lagoa\"},\"url\":\"https:\/\/diariodalagoa.pt\/fr\/author\/diariodalagoa\/\"}]}<\/script>\n<!-- \/ Yoast SEO plugin. -->","yoast_head_json":{"title":"Tripulante com dedos semi-amputados evacuado de navio mercante - Di\u00e1rio da Lagoa","robots":{"index":"index","follow":"follow","max-snippet":"max-snippet:-1","max-image-preview":"max-image-preview:large","max-video-preview":"max-video-preview:-1"},"canonical":"https:\/\/diariodalagoa.pt\/fr\/tripulante-com-dedos-semi-amputados-evacuado-de-navio-mercante\/","og_locale":"fr_FR","og_type":"article","og_title":"Tripulante com dedos semi-amputados evacuado de navio mercante - Di\u00e1rio da Lagoa","og_description":"O Centro de Coordena\u00e7\u00e3o de Busca e Salvamento Mar\u00edtimo da Turquia solicitou a evacua\u00e7\u00e3o do tripulante doente, tendo o Centro de Orienta\u00e7\u00e3o de Doentes Urgentes (CODUMAR) do INEM, validado a necessidade de se proceder \u00e0 evacua\u00e7\u00e3o urgente do tripulante. Neste \u00e2mbito, foi contactado o Centro de Busca e Salvamento A\u00e9reo das Lajes (RCC Lajes), para [&hellip;]","og_url":"https:\/\/diariodalagoa.pt\/fr\/tripulante-com-dedos-semi-amputados-evacuado-de-navio-mercante\/","og_site_name":"Di\u00e1rio da Lagoa","article_published_time":"2014-07-09T10:44:45+00:00","og_image":[{"width":720,"height":356,"url":"https:\/\/diariodalagoa.pt\/wp-content\/uploads\/2014\/07\/zeycan-ana1alt.jpg","type":"image\/jpeg"}],"author":"Di\u00e1rio da Lagoa","twitter_card":"summary_large_image","twitter_misc":{"\u00c9crit par":"Di\u00e1rio da Lagoa","Dur\u00e9e de lecture estim\u00e9e":"1 minute"},"schema":{"@context":"https:\/\/schema.org","@graph":[{"@type":"WebPage","@id":"https:\/\/diariodalagoa.pt\/tripulante-com-dedos-semi-amputados-evacuado-de-navio-mercante\/","url":"https:\/\/diariodalagoa.pt\/tripulante-com-dedos-semi-amputados-evacuado-de-navio-mercante\/","name":"Tripulante com dedos semi-amputados evacuado de navio mercante - Di\u00e1rio da Lagoa","isPartOf":{"@id":"https:\/\/diariodalagoa.pt\/#website"},"datePublished":"2014-07-09T10:44:45+00:00","dateModified":"2014-07-09T10:44:45+00:00","author":{"@id":"https:\/\/diariodalagoa.pt\/#\/schema\/person\/1615a002370e8857b6f972834bc43ece"},"breadcrumb":{"@id":"https:\/\/diariodalagoa.pt\/tripulante-com-dedos-semi-amputados-evacuado-de-navio-mercante\/#breadcrumb"},"inLanguage":"fr-FR","potentialAction":[{"@type":"ReadAction","target":["https:\/\/diariodalagoa.pt\/tripulante-com-dedos-semi-amputados-evacuado-de-navio-mercante\/"]}]},{"@type":"BreadcrumbList","@id":"https:\/\/diariodalagoa.pt\/tripulante-com-dedos-semi-amputados-evacuado-de-navio-mercante\/#breadcrumb","itemListElement":[{"@type":"ListItem","position":1,"name":"In\u00edcio","item":"https:\/\/diariodalagoa.pt\/"},{"@type":"ListItem","position":2,"name":"Tripulante com dedos semi-amputados evacuado de navio mercante"}]},{"@type":"WebSite","@id":"https:\/\/diariodalagoa.pt\/#website","url":"https:\/\/diariodalagoa.pt\/","name":"Di\u00e1rio da Lagoa","description":"Di\u00e1rio da Lagoa. As not\u00edcias que contam. A partir da Lagoa, nos A\u00e7ores, para o mundo.","potentialAction":[{"@type":"SearchAction","target":{"@type":"EntryPoint","urlTemplate":"https:\/\/diariodalagoa.pt\/?s={search_term_string}"},"query-input":"required name=search_term_string"}],"inLanguage":"fr-FR"},{"@type":"Person","@id":"https:\/\/diariodalagoa.pt\/#\/schema\/person\/1615a002370e8857b6f972834bc43ece","name":"Di\u00e1rio da Lagoa","image":{"@type":"ImageObject","inLanguage":"fr-FR","@id":"https:\/\/diariodalagoa.pt\/#\/schema\/person\/image\/","url":"https:\/\/secure.gravatar.com\/avatar\/2cb5cef90a26f8fbd4d9d930608102c5?s=96&d=mm&r=g","contentUrl":"https:\/\/secure.gravatar.com\/avatar\/2cb5cef90a26f8fbd4d9d930608102c5?s=96&d=mm&r=g","caption":"Di\u00e1rio da Lagoa"},"url":"https:\/\/diariodalagoa.pt\/fr\/author\/diariodalagoa\/"}]}},"_links":{"self":[{"href":"https:\/\/diariodalagoa.pt\/fr\/wp-json\/wp\/v2\/posts\/6667"}],"collection":[{"href":"https:\/\/diariodalagoa.pt\/fr\/wp-json\/wp\/v2\/posts"}],"about":[{"href":"https:\/\/diariodalagoa.pt\/fr\/wp-json\/wp\/v2\/types\/post"}],"author":[{"embeddable":true,"href":"https:\/\/diariodalagoa.pt\/fr\/wp-json\/wp\/v2\/users\/2"}],"replies":[{"embeddable":true,"href":"https:\/\/diariodalagoa.pt\/fr\/wp-json\/wp\/v2\/comments?post=6667"}],"version-history":[{"count":0,"href":"https:\/\/diariodalagoa.pt\/fr\/wp-json\/wp\/v2\/posts\/6667\/revisions"}],"wp:featuredmedia":[{"embeddable":true,"href":"https:\/\/diariodalagoa.pt\/fr\/wp-json\/wp\/v2\/media\/121939"}],"wp:attachment":[{"href":"https:\/\/diariodalagoa.pt\/fr\/wp-json\/wp\/v2\/media?parent=6667"}],"wp:term":[{"taxonomy":"category","embeddable":true,"href":"https:\/\/diariodalagoa.pt\/fr\/wp-json\/wp\/v2\/categories?post=6667"},{"taxonomy":"post_tag","embeddable":true,"href":"https:\/\/diariodalagoa.pt\/fr\/wp-json\/wp\/v2\/tags?post=6667"}],"curies":[{"name":"wp","href":"https:\/\/api.w.org\/{rel}","templated":true}]}}