{"id":66261,"date":"2018-09-26T09:19:22","date_gmt":"2018-09-26T09:19:22","guid":{"rendered":"http:\/\/diariodalagoa.pt\/?p=66261"},"modified":"2025-09-28T00:38:18","modified_gmt":"2025-09-28T00:38:18","slug":"falar-de-vinho-de-cheiro-sem-invocar-a-caloura-nao-e-noticia","status":"publish","type":"post","link":"https:\/\/diariodalagoa.pt\/fr\/falar-de-vinho-de-cheiro-sem-invocar-a-caloura-nao-e-noticia\/","title":{"rendered":"Falar de vinho de cheiro sem invocar a Caloura, n\u00e3o \u00e9 noticia!"},"content":{"rendered":"<p><img decoding=\"async\" class=\"aligncenter size-full wp-image-66262\" src=\"http:\/\/diariodalagoa.pt\/wp-content\/uploads\/2018\/09\/voz-passado-vinho-calouro-Agua-e-pau-anos-70.jpg\" alt=\"\" width=\"960\" height=\"478\" \/><\/p>\n<p><span style=\"color: #000000;\">N\u00e3o \u00e9 boa pinga nem tem \u00abpingo\u00bb de interesse hist\u00f3rico\u2026ainda por cima, se se come\u00e7a a reportagem com imagens antigas [a preto e branco] da apanha das uvas na Caloura tamb\u00e9m !<\/span><\/p>\n<p><span style=\"color: #000000;\">\u00c9 a mesma coisa que falar da Prociss\u00e3o do Senhor Santo Cristo e n\u00e3o invocar que a imagem veio do Convento da Caloura d\u2019\u00c1gua de Pau para o Convento da Esperan\u00e7a em Ponta Delgada.<\/span><\/p>\n<p><span style=\"color: #000000;\">\u00c9 a mesma coisa que falar da funda\u00e7\u00e3o do Primeiro Liceu de Ponta Delgada, sem invocar que o seu fundador \u2013 Padre Jo\u00e3o Jos\u00e9 do Amaral &#8211; nasceu na Vila de \u00c1gua de Pau.<\/span><\/p>\n<p><span style=\"color: #000000;\">\u00c9 a mesma coisa que falar da boa qualidade da \u00e1gua que se bebe nas cidades de Ponta Delgada e Lagoa sem se invocar que as suas excelentes nascentes se localizam em \u00c1gua de Pau.<\/span><\/p>\n<p><span style=\"color: #000000;\">N\u00e3o ignorem a nossa hist\u00f3ria !<\/span><\/p>\n<p><span style=\"color: #000000;\">De resto, quem percebe, de boa pinga\u2026ou percebia, quando a havia com fartura na Caloura, sabe muito bem que, o vinho que se produzia na ilha de S. Miguel e se bebia \u2013 nas tascas com estatuto e na boa mesa \u2013 era o da Caloura.<\/span><\/p>\n<p><span style=\"color: #000000;\">Os outros, produzidos no resto da ilha, s\u00f3 depois de se ter vendido ou esgotado a produ\u00e7\u00e3o do vinho de cheiro da Caloura do ano em curso \u00e9 que tinha venda. Esta \u00e9 que \u00e9 a realidade.<\/span><\/p>\n<p><span style=\"color: #000000;\">Hoje ent\u00e3o, o vinho de cheiro que existe, n\u00e3o se pode dizer que comparado com o antigo da Caloura, se pode afirmar de \u00ab\u00e1gua-p\u00e9\u00bb, n\u00e3o se trata disso, mas tamb\u00e9m nunca se poder\u00e1 comparar ao que se produzia na Caloura de \u00c1gua de Pau.<\/span><\/p>\n<p><span style=\"color: #000000;\">No entanto, tem aparecido \u00e1 venda no mercado-da-saudade, nos Estados Unidos, garraf\u00f5es de vinho da Caloura, com a fotografia do Porto da Caloura bem escarrapachada e a cores! Essa \u00e9 boa!<\/span><\/p>\n<p><span style=\"color: #000000;\">Usam a fama do antigo vinho de cheiro da Caloura para vender vinho produzido noutras localidades da ilha, j\u00e1 que pouco ou nada, infelizmente se produz ainda, vinho de cheiro, na nossa Caloura !<\/span><\/p>\n<p><span style=\"color: #000000;\">N\u00e3o se pode falar de vinho de cheiro da Caloura sem invocar as suas vindimas, os cortejos de raparigas e mulheres de len\u00e7o na cabe\u00e7a e voz afinada a cantar pela rua dos Ferreiros e Portela, abaixo e por toda a Caloura, no princ\u00edpio e fim do dia, at\u00e9 ao dia da adiafa que encerrava com festejos conhecidos em toda a ilha.<\/span><\/p>\n<p><span style=\"color: #000000;\">O vinho de cheiro da Caloura movimentava toda a Vila de \u00c1gua de Pau e a sua produ\u00e7\u00e3o refletia-se na economia local, pois muitas obras, melhoramentos e novas constru\u00e7\u00f5es e at\u00e9 muitas contas eram pagas no com\u00e9rcio local durante e ap\u00f3s as vindimas. \u00c9 que todos ganhavam direta ou indiretamente com o vinho de cheiro da Caloura.<\/span><\/p>\n<p><span style=\"color: #000000;\">Tiravam proventos, os rapazes e raparigas, homens e mulheres que se contratavam para as vindimas, as tabernas e casas de pasto e restaurantes locais e pela ilha. Sobretudo os restaurantes e tabernas da Ribeira Grande, que avan\u00e7avam, aos donos das adegas da Caloura, dinheiro \u00e0 frente para condicionarem a venda do vinho a outro cliente.<\/span><\/p>\n<p><span style=\"color: #000000;\">Nas Festas de 15 de agosto, nas d\u00e9cadas do meu tempo, 60s, 70s e 80s ainda da \u00abQuirida\u00bb Senhora dos Anjos, na manh\u00e3 daquele dia, j\u00e1 havia vinho doce da Caloura, nas \u00abvendas\u00bb do caracter\u00edstico \u00abmercado\u00bb de rua na Pra\u00e7a, ao lado dos figos-de-figueira, enquanto nas lojas \u00abcanadas\u00bb de vinho de cheiro novo jorravam e enchiam copos pelos seus balc\u00f5es de venda.<\/span><\/p>\n<p><span style=\"color: #000000;\">Os bons jornalistas que sobre isso tudo sabiam v\u00e3o desaparecendo, infelizmente, e poucos ainda h\u00e1 que disso sabem.<\/span><\/p>\n<p><span style=\"color: #000000;\">No entanto, basta pesquisar ou dar um passeio a \u00c1gua de Pau em dia de Cortejo Etnogr\u00e1fico e procurar entre o povo gente que sabe disso tudo e tudo isso viveu e sentiu na pele momentos ricos do tempo em que se produzia o Vinho de Cheiro da Caloura, na Vila de \u00c1gua de Pau.<\/span><\/p>\n<p style=\"text-align: right;\"><span style=\"color: #000000;\"><em>RoberTo MedeirOs<\/em><\/span><br \/>\n<span style=\"color: #000000;\"><em>[LAP &#8211; No tempo do Vinho de Cheiro da Caloura]<\/em><\/span><\/p>","protected":false},"excerpt":{"rendered":"<p>N\u00e3o \u00e9 boa pinga nem tem \u00abpingo\u00bb de interesse hist\u00f3rico\u2026ainda por cima, se se come\u00e7a a reportagem com imagens antigas [a preto e branco] da apanha das uvas na Caloura tamb\u00e9m ! \u00c9 a mesma coisa que falar da Prociss\u00e3o do Senhor Santo Cristo e n\u00e3o invocar que a imagem veio do Convento da Caloura [&hellip;]<\/p>","protected":false},"author":2,"featured_media":110157,"comment_status":"open","ping_status":"open","sticky":false,"template":"","format":"standard","meta":[],"categories":[11],"tags":[],"acf":[],"yoast_head":"<!-- This site is optimized with the Yoast SEO plugin v20.10 - https:\/\/yoast.com\/wordpress\/plugins\/seo\/ -->\n<title>Falar de vinho de cheiro sem invocar a Caloura, n\u00e3o \u00e9 noticia! - Di\u00e1rio da Lagoa<\/title>\n<meta name=\"robots\" content=\"index, follow, max-snippet:-1, max-image-preview:large, max-video-preview:-1\" \/>\n<link rel=\"canonical\" href=\"https:\/\/diariodalagoa.pt\/fr\/falar-de-vinho-de-cheiro-sem-invocar-a-caloura-nao-e-noticia\/\" \/>\n<meta property=\"og:locale\" content=\"fr_FR\" \/>\n<meta property=\"og:type\" content=\"article\" \/>\n<meta property=\"og:title\" content=\"Falar de vinho de cheiro sem invocar a Caloura, n\u00e3o \u00e9 noticia! - Di\u00e1rio da Lagoa\" \/>\n<meta property=\"og:description\" content=\"N\u00e3o \u00e9 boa pinga nem tem \u00abpingo\u00bb de interesse hist\u00f3rico\u2026ainda por cima, se se come\u00e7a a reportagem com imagens antigas [a preto e branco] da apanha das uvas na Caloura tamb\u00e9m ! \u00c9 a mesma coisa que falar da Prociss\u00e3o do Senhor Santo Cristo e n\u00e3o invocar que a imagem veio do Convento da Caloura [&hellip;]\" \/>\n<meta property=\"og:url\" content=\"https:\/\/diariodalagoa.pt\/fr\/falar-de-vinho-de-cheiro-sem-invocar-a-caloura-nao-e-noticia\/\" \/>\n<meta property=\"og:site_name\" content=\"Di\u00e1rio da Lagoa\" \/>\n<meta property=\"article:published_time\" content=\"2018-09-26T09:19:22+00:00\" \/>\n<meta property=\"article:modified_time\" content=\"2025-09-28T00:38:18+00:00\" \/>\n<meta property=\"og:image\" content=\"https:\/\/diariodalagoa.pt\/wp-content\/uploads\/2018\/09\/voz-passado-vinho-calouro-agua-e-pau-anos-70.jpg\" \/>\n\t<meta property=\"og:image:width\" content=\"960\" \/>\n\t<meta property=\"og:image:height\" content=\"478\" \/>\n\t<meta property=\"og:image:type\" content=\"image\/jpeg\" \/>\n<meta name=\"author\" content=\"Di\u00e1rio da Lagoa\" \/>\n<meta name=\"twitter:card\" content=\"summary_large_image\" \/>\n<meta name=\"twitter:label1\" content=\"\u00c9crit par\" \/>\n\t<meta name=\"twitter:data1\" content=\"Di\u00e1rio da Lagoa\" \/>\n\t<meta name=\"twitter:label2\" content=\"Dur\u00e9e de lecture estim\u00e9e\" \/>\n\t<meta name=\"twitter:data2\" content=\"3 minutes\" \/>\n<script type=\"application\/ld+json\" class=\"yoast-schema-graph\">{\"@context\":\"https:\/\/schema.org\",\"@graph\":[{\"@type\":\"WebPage\",\"@id\":\"https:\/\/diariodalagoa.pt\/falar-de-vinho-de-cheiro-sem-invocar-a-caloura-nao-e-noticia\/\",\"url\":\"https:\/\/diariodalagoa.pt\/falar-de-vinho-de-cheiro-sem-invocar-a-caloura-nao-e-noticia\/\",\"name\":\"Falar de vinho de cheiro sem invocar a Caloura, n\u00e3o \u00e9 noticia! - Di\u00e1rio da Lagoa\",\"isPartOf\":{\"@id\":\"https:\/\/diariodalagoa.pt\/#website\"},\"datePublished\":\"2018-09-26T09:19:22+00:00\",\"dateModified\":\"2025-09-28T00:38:18+00:00\",\"author\":{\"@id\":\"https:\/\/diariodalagoa.pt\/#\/schema\/person\/1615a002370e8857b6f972834bc43ece\"},\"breadcrumb\":{\"@id\":\"https:\/\/diariodalagoa.pt\/falar-de-vinho-de-cheiro-sem-invocar-a-caloura-nao-e-noticia\/#breadcrumb\"},\"inLanguage\":\"fr-FR\",\"potentialAction\":[{\"@type\":\"ReadAction\",\"target\":[\"https:\/\/diariodalagoa.pt\/falar-de-vinho-de-cheiro-sem-invocar-a-caloura-nao-e-noticia\/\"]}]},{\"@type\":\"BreadcrumbList\",\"@id\":\"https:\/\/diariodalagoa.pt\/falar-de-vinho-de-cheiro-sem-invocar-a-caloura-nao-e-noticia\/#breadcrumb\",\"itemListElement\":[{\"@type\":\"ListItem\",\"position\":1,\"name\":\"In\u00edcio\",\"item\":\"https:\/\/diariodalagoa.pt\/\"},{\"@type\":\"ListItem\",\"position\":2,\"name\":\"Falar de vinho de cheiro sem invocar a Caloura, n\u00e3o \u00e9 noticia!\"}]},{\"@type\":\"WebSite\",\"@id\":\"https:\/\/diariodalagoa.pt\/#website\",\"url\":\"https:\/\/diariodalagoa.pt\/\",\"name\":\"Di\u00e1rio da Lagoa\",\"description\":\"Di\u00e1rio da Lagoa. As not\u00edcias que contam. A partir da Lagoa, nos A\u00e7ores, para o mundo.\",\"potentialAction\":[{\"@type\":\"SearchAction\",\"target\":{\"@type\":\"EntryPoint\",\"urlTemplate\":\"https:\/\/diariodalagoa.pt\/?s={search_term_string}\"},\"query-input\":\"required name=search_term_string\"}],\"inLanguage\":\"fr-FR\"},{\"@type\":\"Person\",\"@id\":\"https:\/\/diariodalagoa.pt\/#\/schema\/person\/1615a002370e8857b6f972834bc43ece\",\"name\":\"Di\u00e1rio da Lagoa\",\"image\":{\"@type\":\"ImageObject\",\"inLanguage\":\"fr-FR\",\"@id\":\"https:\/\/diariodalagoa.pt\/#\/schema\/person\/image\/\",\"url\":\"https:\/\/secure.gravatar.com\/avatar\/2cb5cef90a26f8fbd4d9d930608102c5?s=96&d=mm&r=g\",\"contentUrl\":\"https:\/\/secure.gravatar.com\/avatar\/2cb5cef90a26f8fbd4d9d930608102c5?s=96&d=mm&r=g\",\"caption\":\"Di\u00e1rio da Lagoa\"},\"url\":\"https:\/\/diariodalagoa.pt\/fr\/author\/diariodalagoa\/\"}]}<\/script>\n<!-- \/ Yoast SEO plugin. -->","yoast_head_json":{"title":"Falar de vinho de cheiro sem invocar a Caloura, n\u00e3o \u00e9 noticia! - Di\u00e1rio da Lagoa","robots":{"index":"index","follow":"follow","max-snippet":"max-snippet:-1","max-image-preview":"max-image-preview:large","max-video-preview":"max-video-preview:-1"},"canonical":"https:\/\/diariodalagoa.pt\/fr\/falar-de-vinho-de-cheiro-sem-invocar-a-caloura-nao-e-noticia\/","og_locale":"fr_FR","og_type":"article","og_title":"Falar de vinho de cheiro sem invocar a Caloura, n\u00e3o \u00e9 noticia! - Di\u00e1rio da Lagoa","og_description":"N\u00e3o \u00e9 boa pinga nem tem \u00abpingo\u00bb de interesse hist\u00f3rico\u2026ainda por cima, se se come\u00e7a a reportagem com imagens antigas [a preto e branco] da apanha das uvas na Caloura tamb\u00e9m ! \u00c9 a mesma coisa que falar da Prociss\u00e3o do Senhor Santo Cristo e n\u00e3o invocar que a imagem veio do Convento da Caloura [&hellip;]","og_url":"https:\/\/diariodalagoa.pt\/fr\/falar-de-vinho-de-cheiro-sem-invocar-a-caloura-nao-e-noticia\/","og_site_name":"Di\u00e1rio da Lagoa","article_published_time":"2018-09-26T09:19:22+00:00","article_modified_time":"2025-09-28T00:38:18+00:00","og_image":[{"width":960,"height":478,"url":"https:\/\/diariodalagoa.pt\/wp-content\/uploads\/2018\/09\/voz-passado-vinho-calouro-agua-e-pau-anos-70.jpg","type":"image\/jpeg"}],"author":"Di\u00e1rio da Lagoa","twitter_card":"summary_large_image","twitter_misc":{"\u00c9crit par":"Di\u00e1rio da Lagoa","Dur\u00e9e de lecture estim\u00e9e":"3 minutes"},"schema":{"@context":"https:\/\/schema.org","@graph":[{"@type":"WebPage","@id":"https:\/\/diariodalagoa.pt\/falar-de-vinho-de-cheiro-sem-invocar-a-caloura-nao-e-noticia\/","url":"https:\/\/diariodalagoa.pt\/falar-de-vinho-de-cheiro-sem-invocar-a-caloura-nao-e-noticia\/","name":"Falar de vinho de cheiro sem invocar a Caloura, n\u00e3o \u00e9 noticia! - Di\u00e1rio da Lagoa","isPartOf":{"@id":"https:\/\/diariodalagoa.pt\/#website"},"datePublished":"2018-09-26T09:19:22+00:00","dateModified":"2025-09-28T00:38:18+00:00","author":{"@id":"https:\/\/diariodalagoa.pt\/#\/schema\/person\/1615a002370e8857b6f972834bc43ece"},"breadcrumb":{"@id":"https:\/\/diariodalagoa.pt\/falar-de-vinho-de-cheiro-sem-invocar-a-caloura-nao-e-noticia\/#breadcrumb"},"inLanguage":"fr-FR","potentialAction":[{"@type":"ReadAction","target":["https:\/\/diariodalagoa.pt\/falar-de-vinho-de-cheiro-sem-invocar-a-caloura-nao-e-noticia\/"]}]},{"@type":"BreadcrumbList","@id":"https:\/\/diariodalagoa.pt\/falar-de-vinho-de-cheiro-sem-invocar-a-caloura-nao-e-noticia\/#breadcrumb","itemListElement":[{"@type":"ListItem","position":1,"name":"In\u00edcio","item":"https:\/\/diariodalagoa.pt\/"},{"@type":"ListItem","position":2,"name":"Falar de vinho de cheiro sem invocar a Caloura, n\u00e3o \u00e9 noticia!"}]},{"@type":"WebSite","@id":"https:\/\/diariodalagoa.pt\/#website","url":"https:\/\/diariodalagoa.pt\/","name":"Di\u00e1rio da Lagoa","description":"Di\u00e1rio da Lagoa. As not\u00edcias que contam. A partir da Lagoa, nos A\u00e7ores, para o mundo.","potentialAction":[{"@type":"SearchAction","target":{"@type":"EntryPoint","urlTemplate":"https:\/\/diariodalagoa.pt\/?s={search_term_string}"},"query-input":"required name=search_term_string"}],"inLanguage":"fr-FR"},{"@type":"Person","@id":"https:\/\/diariodalagoa.pt\/#\/schema\/person\/1615a002370e8857b6f972834bc43ece","name":"Di\u00e1rio da Lagoa","image":{"@type":"ImageObject","inLanguage":"fr-FR","@id":"https:\/\/diariodalagoa.pt\/#\/schema\/person\/image\/","url":"https:\/\/secure.gravatar.com\/avatar\/2cb5cef90a26f8fbd4d9d930608102c5?s=96&d=mm&r=g","contentUrl":"https:\/\/secure.gravatar.com\/avatar\/2cb5cef90a26f8fbd4d9d930608102c5?s=96&d=mm&r=g","caption":"Di\u00e1rio da Lagoa"},"url":"https:\/\/diariodalagoa.pt\/fr\/author\/diariodalagoa\/"}]}},"_links":{"self":[{"href":"https:\/\/diariodalagoa.pt\/fr\/wp-json\/wp\/v2\/posts\/66261"}],"collection":[{"href":"https:\/\/diariodalagoa.pt\/fr\/wp-json\/wp\/v2\/posts"}],"about":[{"href":"https:\/\/diariodalagoa.pt\/fr\/wp-json\/wp\/v2\/types\/post"}],"author":[{"embeddable":true,"href":"https:\/\/diariodalagoa.pt\/fr\/wp-json\/wp\/v2\/users\/2"}],"replies":[{"embeddable":true,"href":"https:\/\/diariodalagoa.pt\/fr\/wp-json\/wp\/v2\/comments?post=66261"}],"version-history":[{"count":1,"href":"https:\/\/diariodalagoa.pt\/fr\/wp-json\/wp\/v2\/posts\/66261\/revisions"}],"predecessor-version":[{"id":126346,"href":"https:\/\/diariodalagoa.pt\/fr\/wp-json\/wp\/v2\/posts\/66261\/revisions\/126346"}],"wp:featuredmedia":[{"embeddable":true,"href":"https:\/\/diariodalagoa.pt\/fr\/wp-json\/wp\/v2\/media\/110157"}],"wp:attachment":[{"href":"https:\/\/diariodalagoa.pt\/fr\/wp-json\/wp\/v2\/media?parent=66261"}],"wp:term":[{"taxonomy":"category","embeddable":true,"href":"https:\/\/diariodalagoa.pt\/fr\/wp-json\/wp\/v2\/categories?post=66261"},{"taxonomy":"post_tag","embeddable":true,"href":"https:\/\/diariodalagoa.pt\/fr\/wp-json\/wp\/v2\/tags?post=66261"}],"curies":[{"name":"wp","href":"https:\/\/api.w.org\/{rel}","templated":true}]}}