{"id":6596,"date":"2014-07-07T15:40:00","date_gmt":"2014-07-07T15:40:00","guid":{"rendered":"http:\/\/diariodalagoa.pt\/?p=6596"},"modified":"2014-07-07T15:40:00","modified_gmt":"2014-07-07T15:40:00","slug":"saudacor-encerra-2013-com-resultado-liquido-positivo-de-1637me","status":"publish","type":"post","link":"https:\/\/diariodalagoa.pt\/fr\/saudacor-encerra-2013-com-resultado-liquido-positivo-de-1637me\/","title":{"rendered":"Sauda\u00e7or encerra 2013 com resultado l\u00edquido positivo de 1,637ME"},"content":{"rendered":"<p style=\"text-align: justify;\"><span style=\"color: rgb(0, 0, 0);\">\u00a0<a href=\"http:\/\/diariodalagoa.pt\/wp-content\/uploads\/2014\/07\/medicamentos-saude-a\u00e7ores-sauda\u00e7or-contas.png\"><img decoding=\"async\" class=\"alignnone size-full wp-image-6597\" src=\"http:\/\/diariodalagoa.pt\/wp-content\/uploads\/2014\/07\/medicamentos-saude-a\u00e7ores-sauda\u00e7or-contas.png\" alt=\"medicamentos-saude-a\u00e7ores-sauda\u00e7or-contas\" width=\"720\" height=\"380\" \/><\/a><\/span><\/p>\n<p style=\"text-align: justify;\"><span style=\"color: rgb(0, 0, 0);\">A SAUDA\u00c7OR, S.A., empresa p\u00fablica regional de capitais exclusivamente p\u00fablicos, apresentou, nas suas Contas relativas ao ano 2013, um Ativo no montante de 357 milh\u00f5es de euros, um Passivo de cerca de 348 milh\u00f5es de euros e Capital Pr\u00f3prio no montante de 9 milh\u00f5es de euros.<\/span><\/p>\n<p style=\"text-align: justify;\"><span style=\"color: rgb(0, 0, 0);\">A empresa tem por miss\u00e3o geral a presta\u00e7\u00e3o de servi\u00e7os de interesse econ\u00f3mico geral na \u00e1rea da sa\u00fade, e como principais atribui\u00e7\u00f5es a centraliza\u00e7\u00e3o do aprovisionamento para o sector regional da sa\u00fade (funcionando como central de compras), a atribui\u00e7\u00e3o de financiamentos \u00e0s unidades de sa\u00fade, a defini\u00e7\u00e3o e avalia\u00e7\u00e3o da gest\u00e3o econ\u00f3mico-financeira das institui\u00e7\u00f5es e servi\u00e7os integrados no SRS, ou por ele financiados e ainda a gest\u00e3o da aplica\u00e7\u00e3o das verbas inscritas em sede de plano de Investimentos da Regi\u00e3o para a \u00e1rea da sa\u00fade e respetivos cofinanciamentos comunit\u00e1rios.<\/span><\/p>\n<p style=\"text-align: justify;\"><span style=\"color: rgb(0, 0, 0);\">Numa nota de imprensa, hoje divulgada, l\u00ea-se que a\u00a0SAUDA\u00c7OR atua tamb\u00e9m como entidade central na negocia\u00e7\u00e3o financeira e das condi\u00e7\u00f5es de financiamento das unidades de Sa\u00fade com base nas necessidades de liquidez do Servi\u00e7o Regional de Sa\u00fade para fazer face \u00e0 presta\u00e7\u00e3o atempada dos cuidados de sa\u00fade aos cidad\u00e3os, atuando junto das entidades banc\u00e1rias como forma de obter a otimiza\u00e7\u00e3o das condi\u00e7\u00f5es de financiamento, o alargamento do leque de formas de financiamento e a resposta de forma c\u00e9lere e eficaz \u00e0s necessidades do SRS.<\/span><\/p>\n<p style=\"text-align: justify;\"><span style=\"color: rgb(0, 0, 0);\">Neste sentido, e tendo como principal objetivo o enfoque dos \u00f3rg\u00e3os de gest\u00e3o na atividade operacional, nomeadamente o regular e eficaz funcionamento das suas unidades e melhoria dos servi\u00e7os, a SAUDA\u00c7OR assumiu, no ano 2013, os custos financeiros n\u00e3o diretamente relacionados com a atividade operacional dos Hospitais, E.P.E. Do lado dos proveitos, e para fazer face a esses custos, foi feito um ajustamento no Contrato Programa com a Regi\u00e3o Aut\u00f3noma dos A\u00e7ores (RAA).<\/span><\/p>\n<p style=\"text-align: justify;\"><span style=\"color: rgb(0, 0, 0);\">Relativamente \u00e0 sua atividade, os Resultados Operacionais aumentaram 267% em rela\u00e7\u00e3o a 2012, tendo encerrado o exerc\u00edcio econ\u00f3mico de 2013 com um Resultado L\u00edquido positivo em 1,637 milh\u00f5es de euros, o que representa uma melhoria de quase 11% relativa ao ano anterior, l\u00ea-se.<\/span><\/p>","protected":false},"excerpt":{"rendered":"<p>\u00a0 A SAUDA\u00c7OR, S.A., empresa p\u00fablica regional de capitais exclusivamente p\u00fablicos, apresentou, nas suas Contas relativas ao ano 2013, um Ativo no montante de 357 milh\u00f5es de euros, um Passivo de cerca de 348 milh\u00f5es de euros e Capital Pr\u00f3prio no montante de 9 milh\u00f5es de euros. A empresa tem por miss\u00e3o geral a presta\u00e7\u00e3o [&hellip;]<\/p>","protected":false},"author":2,"featured_media":0,"comment_status":"open","ping_status":"open","sticky":false,"template":"","format":"standard","meta":[],"categories":[21],"tags":[],"acf":[],"yoast_head":"<!-- This site is optimized with the Yoast SEO plugin v20.10 - https:\/\/yoast.com\/wordpress\/plugins\/seo\/ -->\n<title>Sauda\u00e7or encerra 2013 com resultado l\u00edquido positivo de 1,637ME - Di\u00e1rio da Lagoa<\/title>\n<meta name=\"robots\" content=\"index, follow, max-snippet:-1, max-image-preview:large, max-video-preview:-1\" \/>\n<link rel=\"canonical\" href=\"https:\/\/diariodalagoa.pt\/fr\/saudacor-encerra-2013-com-resultado-liquido-positivo-de-1637me\/\" \/>\n<meta property=\"og:locale\" content=\"fr_FR\" \/>\n<meta property=\"og:type\" content=\"article\" \/>\n<meta property=\"og:title\" content=\"Sauda\u00e7or encerra 2013 com resultado l\u00edquido positivo de 1,637ME - Di\u00e1rio da Lagoa\" \/>\n<meta property=\"og:description\" content=\"\u00a0 A SAUDA\u00c7OR, S.A., empresa p\u00fablica regional de capitais exclusivamente p\u00fablicos, apresentou, nas suas Contas relativas ao ano 2013, um Ativo no montante de 357 milh\u00f5es de euros, um Passivo de cerca de 348 milh\u00f5es de euros e Capital Pr\u00f3prio no montante de 9 milh\u00f5es de euros. A empresa tem por miss\u00e3o geral a presta\u00e7\u00e3o [&hellip;]\" \/>\n<meta property=\"og:url\" content=\"https:\/\/diariodalagoa.pt\/fr\/saudacor-encerra-2013-com-resultado-liquido-positivo-de-1637me\/\" \/>\n<meta property=\"og:site_name\" content=\"Di\u00e1rio da Lagoa\" \/>\n<meta property=\"article:published_time\" content=\"2014-07-07T15:40:00+00:00\" \/>\n<meta name=\"author\" content=\"Di\u00e1rio da Lagoa\" \/>\n<meta name=\"twitter:card\" content=\"summary_large_image\" \/>\n<meta name=\"twitter:label1\" content=\"\u00c9crit par\" \/>\n\t<meta name=\"twitter:data1\" content=\"Di\u00e1rio da Lagoa\" \/>\n\t<meta name=\"twitter:label2\" content=\"Dur\u00e9e de lecture estim\u00e9e\" \/>\n\t<meta name=\"twitter:data2\" content=\"2 minutes\" \/>\n<script type=\"application\/ld+json\" class=\"yoast-schema-graph\">{\"@context\":\"https:\/\/schema.org\",\"@graph\":[{\"@type\":\"WebPage\",\"@id\":\"https:\/\/diariodalagoa.pt\/saudacor-encerra-2013-com-resultado-liquido-positivo-de-1637me\/\",\"url\":\"https:\/\/diariodalagoa.pt\/saudacor-encerra-2013-com-resultado-liquido-positivo-de-1637me\/\",\"name\":\"Sauda\u00e7or encerra 2013 com resultado l\u00edquido positivo de 1,637ME - Di\u00e1rio da Lagoa\",\"isPartOf\":{\"@id\":\"https:\/\/diariodalagoa.pt\/#website\"},\"datePublished\":\"2014-07-07T15:40:00+00:00\",\"dateModified\":\"2014-07-07T15:40:00+00:00\",\"author\":{\"@id\":\"https:\/\/diariodalagoa.pt\/#\/schema\/person\/1615a002370e8857b6f972834bc43ece\"},\"breadcrumb\":{\"@id\":\"https:\/\/diariodalagoa.pt\/saudacor-encerra-2013-com-resultado-liquido-positivo-de-1637me\/#breadcrumb\"},\"inLanguage\":\"fr-FR\",\"potentialAction\":[{\"@type\":\"ReadAction\",\"target\":[\"https:\/\/diariodalagoa.pt\/saudacor-encerra-2013-com-resultado-liquido-positivo-de-1637me\/\"]}]},{\"@type\":\"BreadcrumbList\",\"@id\":\"https:\/\/diariodalagoa.pt\/saudacor-encerra-2013-com-resultado-liquido-positivo-de-1637me\/#breadcrumb\",\"itemListElement\":[{\"@type\":\"ListItem\",\"position\":1,\"name\":\"In\u00edcio\",\"item\":\"https:\/\/diariodalagoa.pt\/\"},{\"@type\":\"ListItem\",\"position\":2,\"name\":\"Sauda\u00e7or encerra 2013 com resultado l\u00edquido positivo de 1,637ME\"}]},{\"@type\":\"WebSite\",\"@id\":\"https:\/\/diariodalagoa.pt\/#website\",\"url\":\"https:\/\/diariodalagoa.pt\/\",\"name\":\"Di\u00e1rio da Lagoa\",\"description\":\"Di\u00e1rio da Lagoa. As not\u00edcias que contam. A partir da Lagoa, nos A\u00e7ores, para o mundo.\",\"potentialAction\":[{\"@type\":\"SearchAction\",\"target\":{\"@type\":\"EntryPoint\",\"urlTemplate\":\"https:\/\/diariodalagoa.pt\/?s={search_term_string}\"},\"query-input\":\"required name=search_term_string\"}],\"inLanguage\":\"fr-FR\"},{\"@type\":\"Person\",\"@id\":\"https:\/\/diariodalagoa.pt\/#\/schema\/person\/1615a002370e8857b6f972834bc43ece\",\"name\":\"Di\u00e1rio da Lagoa\",\"image\":{\"@type\":\"ImageObject\",\"inLanguage\":\"fr-FR\",\"@id\":\"https:\/\/diariodalagoa.pt\/#\/schema\/person\/image\/\",\"url\":\"https:\/\/secure.gravatar.com\/avatar\/2cb5cef90a26f8fbd4d9d930608102c5?s=96&d=mm&r=g\",\"contentUrl\":\"https:\/\/secure.gravatar.com\/avatar\/2cb5cef90a26f8fbd4d9d930608102c5?s=96&d=mm&r=g\",\"caption\":\"Di\u00e1rio da Lagoa\"},\"url\":\"https:\/\/diariodalagoa.pt\/fr\/author\/diariodalagoa\/\"}]}<\/script>\n<!-- \/ Yoast SEO plugin. -->","yoast_head_json":{"title":"Sauda\u00e7or encerra 2013 com resultado l\u00edquido positivo de 1,637ME - Di\u00e1rio da Lagoa","robots":{"index":"index","follow":"follow","max-snippet":"max-snippet:-1","max-image-preview":"max-image-preview:large","max-video-preview":"max-video-preview:-1"},"canonical":"https:\/\/diariodalagoa.pt\/fr\/saudacor-encerra-2013-com-resultado-liquido-positivo-de-1637me\/","og_locale":"fr_FR","og_type":"article","og_title":"Sauda\u00e7or encerra 2013 com resultado l\u00edquido positivo de 1,637ME - Di\u00e1rio da Lagoa","og_description":"\u00a0 A SAUDA\u00c7OR, S.A., empresa p\u00fablica regional de capitais exclusivamente p\u00fablicos, apresentou, nas suas Contas relativas ao ano 2013, um Ativo no montante de 357 milh\u00f5es de euros, um Passivo de cerca de 348 milh\u00f5es de euros e Capital Pr\u00f3prio no montante de 9 milh\u00f5es de euros. A empresa tem por miss\u00e3o geral a presta\u00e7\u00e3o [&hellip;]","og_url":"https:\/\/diariodalagoa.pt\/fr\/saudacor-encerra-2013-com-resultado-liquido-positivo-de-1637me\/","og_site_name":"Di\u00e1rio da Lagoa","article_published_time":"2014-07-07T15:40:00+00:00","author":"Di\u00e1rio da Lagoa","twitter_card":"summary_large_image","twitter_misc":{"\u00c9crit par":"Di\u00e1rio da Lagoa","Dur\u00e9e de lecture estim\u00e9e":"2 minutes"},"schema":{"@context":"https:\/\/schema.org","@graph":[{"@type":"WebPage","@id":"https:\/\/diariodalagoa.pt\/saudacor-encerra-2013-com-resultado-liquido-positivo-de-1637me\/","url":"https:\/\/diariodalagoa.pt\/saudacor-encerra-2013-com-resultado-liquido-positivo-de-1637me\/","name":"Sauda\u00e7or encerra 2013 com resultado l\u00edquido positivo de 1,637ME - Di\u00e1rio da Lagoa","isPartOf":{"@id":"https:\/\/diariodalagoa.pt\/#website"},"datePublished":"2014-07-07T15:40:00+00:00","dateModified":"2014-07-07T15:40:00+00:00","author":{"@id":"https:\/\/diariodalagoa.pt\/#\/schema\/person\/1615a002370e8857b6f972834bc43ece"},"breadcrumb":{"@id":"https:\/\/diariodalagoa.pt\/saudacor-encerra-2013-com-resultado-liquido-positivo-de-1637me\/#breadcrumb"},"inLanguage":"fr-FR","potentialAction":[{"@type":"ReadAction","target":["https:\/\/diariodalagoa.pt\/saudacor-encerra-2013-com-resultado-liquido-positivo-de-1637me\/"]}]},{"@type":"BreadcrumbList","@id":"https:\/\/diariodalagoa.pt\/saudacor-encerra-2013-com-resultado-liquido-positivo-de-1637me\/#breadcrumb","itemListElement":[{"@type":"ListItem","position":1,"name":"In\u00edcio","item":"https:\/\/diariodalagoa.pt\/"},{"@type":"ListItem","position":2,"name":"Sauda\u00e7or encerra 2013 com resultado l\u00edquido positivo de 1,637ME"}]},{"@type":"WebSite","@id":"https:\/\/diariodalagoa.pt\/#website","url":"https:\/\/diariodalagoa.pt\/","name":"Di\u00e1rio da Lagoa","description":"Di\u00e1rio da Lagoa. As not\u00edcias que contam. A partir da Lagoa, nos A\u00e7ores, para o mundo.","potentialAction":[{"@type":"SearchAction","target":{"@type":"EntryPoint","urlTemplate":"https:\/\/diariodalagoa.pt\/?s={search_term_string}"},"query-input":"required name=search_term_string"}],"inLanguage":"fr-FR"},{"@type":"Person","@id":"https:\/\/diariodalagoa.pt\/#\/schema\/person\/1615a002370e8857b6f972834bc43ece","name":"Di\u00e1rio da Lagoa","image":{"@type":"ImageObject","inLanguage":"fr-FR","@id":"https:\/\/diariodalagoa.pt\/#\/schema\/person\/image\/","url":"https:\/\/secure.gravatar.com\/avatar\/2cb5cef90a26f8fbd4d9d930608102c5?s=96&d=mm&r=g","contentUrl":"https:\/\/secure.gravatar.com\/avatar\/2cb5cef90a26f8fbd4d9d930608102c5?s=96&d=mm&r=g","caption":"Di\u00e1rio da Lagoa"},"url":"https:\/\/diariodalagoa.pt\/fr\/author\/diariodalagoa\/"}]}},"_links":{"self":[{"href":"https:\/\/diariodalagoa.pt\/fr\/wp-json\/wp\/v2\/posts\/6596"}],"collection":[{"href":"https:\/\/diariodalagoa.pt\/fr\/wp-json\/wp\/v2\/posts"}],"about":[{"href":"https:\/\/diariodalagoa.pt\/fr\/wp-json\/wp\/v2\/types\/post"}],"author":[{"embeddable":true,"href":"https:\/\/diariodalagoa.pt\/fr\/wp-json\/wp\/v2\/users\/2"}],"replies":[{"embeddable":true,"href":"https:\/\/diariodalagoa.pt\/fr\/wp-json\/wp\/v2\/comments?post=6596"}],"version-history":[{"count":0,"href":"https:\/\/diariodalagoa.pt\/fr\/wp-json\/wp\/v2\/posts\/6596\/revisions"}],"wp:attachment":[{"href":"https:\/\/diariodalagoa.pt\/fr\/wp-json\/wp\/v2\/media?parent=6596"}],"wp:term":[{"taxonomy":"category","embeddable":true,"href":"https:\/\/diariodalagoa.pt\/fr\/wp-json\/wp\/v2\/categories?post=6596"},{"taxonomy":"post_tag","embeddable":true,"href":"https:\/\/diariodalagoa.pt\/fr\/wp-json\/wp\/v2\/tags?post=6596"}],"curies":[{"name":"wp","href":"https:\/\/api.w.org\/{rel}","templated":true}]}}