{"id":6472,"date":"2014-07-04T11:54:39","date_gmt":"2014-07-04T12:54:39","guid":{"rendered":"http:\/\/diariodalagoa.pt\/?p=6472"},"modified":"2014-07-04T11:54:39","modified_gmt":"2014-07-04T12:54:39","slug":"curso-de-aquisicao-basica-de-competencias-certifica-mais-55-formandos","status":"publish","type":"post","link":"https:\/\/diariodalagoa.pt\/fr\/curso-de-aquisicao-basica-de-competencias-certifica-mais-55-formandos\/","title":{"rendered":"Curso de Aquisi\u00e7\u00e3o B\u00e1sica de Compet\u00eancias certifica mais 55 formandos"},"content":{"rendered":"<p style=\"text-align: justify;\"><a href=\"http:\/\/diariodalagoa.pt\/wp-content\/uploads\/2014\/07\/Rede-Valorizar-formandos.jpg\"><img decoding=\"async\" class=\"alignnone size-full wp-image-6473\" src=\"http:\/\/diariodalagoa.pt\/wp-content\/uploads\/2014\/07\/Rede-Valorizar-formandos.jpg\" alt=\"Rede-Valorizar-formandos\" width=\"720\" height=\"380\" \/><\/a><\/p>\n<p style=\"text-align: justify;\"><span style=\"color: #000000;\">A Diretora Regional do Emprego e Qualifica\u00e7\u00e3o Profissional real\u00e7ou \u201co empenho e o esfor\u00e7o\u201d dos 55 formandos que conclu\u00edram cursos no \u00e2mbito da Aquisi\u00e7\u00e3o B\u00e1sica de Compet\u00eancias (ABC).\u00a0<\/span><\/p>\n<p style=\"text-align: justify;\"><span style=\"color: #000000;\">Ilda Baptista, que falava na cerim\u00f3nia de entrega de diplomas de escolaridade relativos ao 3.\u00ba ciclo (9.\u00ba ano) aos utentes da Rede Valorizar que conclu\u00edram este n\u00edvel de ensino, frisou,\u00a0no entanto, que \u201co momento da entrega dos diplomas n\u00e3o pode ser encarado como o fim de um caminho, mas\u00a0como um ponto de partida para outro patamar de desafios\u201d.\u00a0<\/span><\/p>\n<p style=\"text-align: justify;\"><span style=\"color: #000000;\">Na interven\u00e7\u00e3o que proferiu nesta cerim\u00f3nia, a Diretora Regional\u00a0destacou o facto de terem obtido a sua certifica\u00e7\u00e3o quase todos os 60 formandos inicialmente inscritos.\u00a0<\/span><\/p>\n<p style=\"text-align: justify;\"><span style=\"color: #000000;\">Os cursos ABC s\u00e3o a\u00e7\u00f5es de forma\u00e7\u00e3o criadas no \u00e2mbito da Agenda A\u00e7oriana para a Cria\u00e7\u00e3o de Emprego e Competitividade Empresarial e desenvolvidas pela Rede Valorizar.\u00a0<\/span><\/p>\n<p style=\"text-align: justify;\"><span style=\"color: #000000;\">Estas a\u00e7\u00f5es de forma\u00e7\u00e3o t\u00eam a dura\u00e7\u00e3o de 300 horas e\u00a0visam aumentar o grau de escolaridade dos adultos inscritos nas Ag\u00eancias para a Qualifica\u00e7\u00e3o e Emprego.\u00a0<\/span><\/p>\n<p style=\"text-align: justify;\"><span style=\"color: #000000;\">At\u00e9 \u00e0 realiza\u00e7\u00e3o desta a\u00e7\u00e3o de forma\u00e7\u00e3o, os cursos ministrados visaram os 4.\u00ba e 6.\u00ba anos de escolaridade, sendo esta a primeira vez que o programa foi testado para o 9.\u00ba ano.\u00a0<\/span><\/p>\n<p style=\"text-align: justify;\"><span style=\"color: #000000;\">Entre os\u00a060 formandos iniciais, 55 finalizaram a forma\u00e7\u00e3o, dos quais\u00a0sete tinham chegado \u00e0 Rede Valorizar com qualifica\u00e7\u00f5es inferiores ao 6.\u00ba ano e viram assim concretizado o seu objetivo de conclus\u00e3o da escolaridade obrigat\u00f3ria.\u00a0<\/span><\/p>\n<p style=\"text-align: justify;\"><span style=\"color: #000000;\">Para Ilda Baptista, s\u00e3o \u201cexcelentes exemplos de dedica\u00e7\u00e3o e empenho, aproveitando da melhor forma as possibilidades criadas pelas pol\u00edticas de qualifica\u00e7\u00e3o e certifica\u00e7\u00e3o de compet\u00eancias que t\u00eam vindo a ser implementadas pelo Governo Regional dos A\u00e7ores\u201d.<\/span><\/p>\n<p style=\"text-align: justify;\"><span style=\"color: #000000;\"><em>DL\/GaCS<\/em><\/span><\/p>","protected":false},"excerpt":{"rendered":"<p>A Diretora Regional do Emprego e Qualifica\u00e7\u00e3o Profissional real\u00e7ou \u201co empenho e o esfor\u00e7o\u201d dos 55 formandos que conclu\u00edram cursos no \u00e2mbito da Aquisi\u00e7\u00e3o B\u00e1sica de Compet\u00eancias (ABC).\u00a0 Ilda Baptista, que falava na cerim\u00f3nia de entrega de diplomas de escolaridade relativos ao 3.\u00ba ciclo (9.\u00ba ano) aos utentes da Rede Valorizar que conclu\u00edram este n\u00edvel [&hellip;]<\/p>","protected":false},"author":2,"featured_media":121952,"comment_status":"open","ping_status":"open","sticky":false,"template":"","format":"standard","meta":[],"categories":[21],"tags":[],"acf":[],"yoast_head":"<!-- This site is optimized with the Yoast SEO plugin v20.10 - https:\/\/yoast.com\/wordpress\/plugins\/seo\/ -->\n<title>Curso de Aquisi\u00e7\u00e3o B\u00e1sica de Compet\u00eancias certifica mais 55 formandos - Di\u00e1rio da Lagoa<\/title>\n<meta name=\"robots\" content=\"index, follow, max-snippet:-1, max-image-preview:large, max-video-preview:-1\" \/>\n<link rel=\"canonical\" href=\"https:\/\/diariodalagoa.pt\/fr\/curso-de-aquisicao-basica-de-competencias-certifica-mais-55-formandos\/\" \/>\n<meta property=\"og:locale\" content=\"fr_FR\" \/>\n<meta property=\"og:type\" content=\"article\" \/>\n<meta property=\"og:title\" content=\"Curso de Aquisi\u00e7\u00e3o B\u00e1sica de Compet\u00eancias certifica mais 55 formandos - Di\u00e1rio da Lagoa\" \/>\n<meta property=\"og:description\" content=\"A Diretora Regional do Emprego e Qualifica\u00e7\u00e3o Profissional real\u00e7ou \u201co empenho e o esfor\u00e7o\u201d dos 55 formandos que conclu\u00edram cursos no \u00e2mbito da Aquisi\u00e7\u00e3o B\u00e1sica de Compet\u00eancias (ABC).\u00a0 Ilda Baptista, que falava na cerim\u00f3nia de entrega de diplomas de escolaridade relativos ao 3.\u00ba ciclo (9.\u00ba ano) aos utentes da Rede Valorizar que conclu\u00edram este n\u00edvel [&hellip;]\" \/>\n<meta property=\"og:url\" content=\"https:\/\/diariodalagoa.pt\/fr\/curso-de-aquisicao-basica-de-competencias-certifica-mais-55-formandos\/\" \/>\n<meta property=\"og:site_name\" content=\"Di\u00e1rio da Lagoa\" \/>\n<meta property=\"article:published_time\" content=\"2014-07-04T12:54:39+00:00\" \/>\n<meta property=\"og:image\" content=\"https:\/\/diariodalagoa.pt\/wp-content\/uploads\/2014\/07\/rede-valorizar-formandos.jpg\" \/>\n\t<meta property=\"og:image:width\" content=\"720\" \/>\n\t<meta property=\"og:image:height\" content=\"380\" \/>\n\t<meta property=\"og:image:type\" content=\"image\/jpeg\" \/>\n<meta name=\"author\" content=\"Di\u00e1rio da Lagoa\" \/>\n<meta name=\"twitter:card\" content=\"summary_large_image\" \/>\n<meta name=\"twitter:label1\" content=\"\u00c9crit par\" \/>\n\t<meta name=\"twitter:data1\" content=\"Di\u00e1rio da Lagoa\" \/>\n\t<meta name=\"twitter:label2\" content=\"Dur\u00e9e de lecture estim\u00e9e\" \/>\n\t<meta name=\"twitter:data2\" content=\"1 minute\" \/>\n<script type=\"application\/ld+json\" class=\"yoast-schema-graph\">{\"@context\":\"https:\/\/schema.org\",\"@graph\":[{\"@type\":\"WebPage\",\"@id\":\"https:\/\/diariodalagoa.pt\/curso-de-aquisicao-basica-de-competencias-certifica-mais-55-formandos\/\",\"url\":\"https:\/\/diariodalagoa.pt\/curso-de-aquisicao-basica-de-competencias-certifica-mais-55-formandos\/\",\"name\":\"Curso de Aquisi\u00e7\u00e3o B\u00e1sica de Compet\u00eancias certifica mais 55 formandos - Di\u00e1rio da Lagoa\",\"isPartOf\":{\"@id\":\"https:\/\/diariodalagoa.pt\/#website\"},\"datePublished\":\"2014-07-04T12:54:39+00:00\",\"dateModified\":\"2014-07-04T12:54:39+00:00\",\"author\":{\"@id\":\"https:\/\/diariodalagoa.pt\/#\/schema\/person\/1615a002370e8857b6f972834bc43ece\"},\"breadcrumb\":{\"@id\":\"https:\/\/diariodalagoa.pt\/curso-de-aquisicao-basica-de-competencias-certifica-mais-55-formandos\/#breadcrumb\"},\"inLanguage\":\"fr-FR\",\"potentialAction\":[{\"@type\":\"ReadAction\",\"target\":[\"https:\/\/diariodalagoa.pt\/curso-de-aquisicao-basica-de-competencias-certifica-mais-55-formandos\/\"]}]},{\"@type\":\"BreadcrumbList\",\"@id\":\"https:\/\/diariodalagoa.pt\/curso-de-aquisicao-basica-de-competencias-certifica-mais-55-formandos\/#breadcrumb\",\"itemListElement\":[{\"@type\":\"ListItem\",\"position\":1,\"name\":\"In\u00edcio\",\"item\":\"https:\/\/diariodalagoa.pt\/\"},{\"@type\":\"ListItem\",\"position\":2,\"name\":\"Curso de Aquisi\u00e7\u00e3o B\u00e1sica de Compet\u00eancias certifica mais 55 formandos\"}]},{\"@type\":\"WebSite\",\"@id\":\"https:\/\/diariodalagoa.pt\/#website\",\"url\":\"https:\/\/diariodalagoa.pt\/\",\"name\":\"Di\u00e1rio da Lagoa\",\"description\":\"Di\u00e1rio da Lagoa. As not\u00edcias que contam. A partir da Lagoa, nos A\u00e7ores, para o mundo.\",\"potentialAction\":[{\"@type\":\"SearchAction\",\"target\":{\"@type\":\"EntryPoint\",\"urlTemplate\":\"https:\/\/diariodalagoa.pt\/?s={search_term_string}\"},\"query-input\":\"required name=search_term_string\"}],\"inLanguage\":\"fr-FR\"},{\"@type\":\"Person\",\"@id\":\"https:\/\/diariodalagoa.pt\/#\/schema\/person\/1615a002370e8857b6f972834bc43ece\",\"name\":\"Di\u00e1rio da Lagoa\",\"image\":{\"@type\":\"ImageObject\",\"inLanguage\":\"fr-FR\",\"@id\":\"https:\/\/diariodalagoa.pt\/#\/schema\/person\/image\/\",\"url\":\"https:\/\/secure.gravatar.com\/avatar\/2cb5cef90a26f8fbd4d9d930608102c5?s=96&d=mm&r=g\",\"contentUrl\":\"https:\/\/secure.gravatar.com\/avatar\/2cb5cef90a26f8fbd4d9d930608102c5?s=96&d=mm&r=g\",\"caption\":\"Di\u00e1rio da Lagoa\"},\"url\":\"https:\/\/diariodalagoa.pt\/fr\/author\/diariodalagoa\/\"}]}<\/script>\n<!-- \/ Yoast SEO plugin. -->","yoast_head_json":{"title":"Curso de Aquisi\u00e7\u00e3o B\u00e1sica de Compet\u00eancias certifica mais 55 formandos - Di\u00e1rio da Lagoa","robots":{"index":"index","follow":"follow","max-snippet":"max-snippet:-1","max-image-preview":"max-image-preview:large","max-video-preview":"max-video-preview:-1"},"canonical":"https:\/\/diariodalagoa.pt\/fr\/curso-de-aquisicao-basica-de-competencias-certifica-mais-55-formandos\/","og_locale":"fr_FR","og_type":"article","og_title":"Curso de Aquisi\u00e7\u00e3o B\u00e1sica de Compet\u00eancias certifica mais 55 formandos - Di\u00e1rio da Lagoa","og_description":"A Diretora Regional do Emprego e Qualifica\u00e7\u00e3o Profissional real\u00e7ou \u201co empenho e o esfor\u00e7o\u201d dos 55 formandos que conclu\u00edram cursos no \u00e2mbito da Aquisi\u00e7\u00e3o B\u00e1sica de Compet\u00eancias (ABC).\u00a0 Ilda Baptista, que falava na cerim\u00f3nia de entrega de diplomas de escolaridade relativos ao 3.\u00ba ciclo (9.\u00ba ano) aos utentes da Rede Valorizar que conclu\u00edram este n\u00edvel [&hellip;]","og_url":"https:\/\/diariodalagoa.pt\/fr\/curso-de-aquisicao-basica-de-competencias-certifica-mais-55-formandos\/","og_site_name":"Di\u00e1rio da Lagoa","article_published_time":"2014-07-04T12:54:39+00:00","og_image":[{"width":720,"height":380,"url":"https:\/\/diariodalagoa.pt\/wp-content\/uploads\/2014\/07\/rede-valorizar-formandos.jpg","type":"image\/jpeg"}],"author":"Di\u00e1rio da Lagoa","twitter_card":"summary_large_image","twitter_misc":{"\u00c9crit par":"Di\u00e1rio da Lagoa","Dur\u00e9e de lecture estim\u00e9e":"1 minute"},"schema":{"@context":"https:\/\/schema.org","@graph":[{"@type":"WebPage","@id":"https:\/\/diariodalagoa.pt\/curso-de-aquisicao-basica-de-competencias-certifica-mais-55-formandos\/","url":"https:\/\/diariodalagoa.pt\/curso-de-aquisicao-basica-de-competencias-certifica-mais-55-formandos\/","name":"Curso de Aquisi\u00e7\u00e3o B\u00e1sica de Compet\u00eancias certifica mais 55 formandos - Di\u00e1rio da Lagoa","isPartOf":{"@id":"https:\/\/diariodalagoa.pt\/#website"},"datePublished":"2014-07-04T12:54:39+00:00","dateModified":"2014-07-04T12:54:39+00:00","author":{"@id":"https:\/\/diariodalagoa.pt\/#\/schema\/person\/1615a002370e8857b6f972834bc43ece"},"breadcrumb":{"@id":"https:\/\/diariodalagoa.pt\/curso-de-aquisicao-basica-de-competencias-certifica-mais-55-formandos\/#breadcrumb"},"inLanguage":"fr-FR","potentialAction":[{"@type":"ReadAction","target":["https:\/\/diariodalagoa.pt\/curso-de-aquisicao-basica-de-competencias-certifica-mais-55-formandos\/"]}]},{"@type":"BreadcrumbList","@id":"https:\/\/diariodalagoa.pt\/curso-de-aquisicao-basica-de-competencias-certifica-mais-55-formandos\/#breadcrumb","itemListElement":[{"@type":"ListItem","position":1,"name":"In\u00edcio","item":"https:\/\/diariodalagoa.pt\/"},{"@type":"ListItem","position":2,"name":"Curso de Aquisi\u00e7\u00e3o B\u00e1sica de Compet\u00eancias certifica mais 55 formandos"}]},{"@type":"WebSite","@id":"https:\/\/diariodalagoa.pt\/#website","url":"https:\/\/diariodalagoa.pt\/","name":"Di\u00e1rio da Lagoa","description":"Di\u00e1rio da Lagoa. As not\u00edcias que contam. A partir da Lagoa, nos A\u00e7ores, para o mundo.","potentialAction":[{"@type":"SearchAction","target":{"@type":"EntryPoint","urlTemplate":"https:\/\/diariodalagoa.pt\/?s={search_term_string}"},"query-input":"required name=search_term_string"}],"inLanguage":"fr-FR"},{"@type":"Person","@id":"https:\/\/diariodalagoa.pt\/#\/schema\/person\/1615a002370e8857b6f972834bc43ece","name":"Di\u00e1rio da Lagoa","image":{"@type":"ImageObject","inLanguage":"fr-FR","@id":"https:\/\/diariodalagoa.pt\/#\/schema\/person\/image\/","url":"https:\/\/secure.gravatar.com\/avatar\/2cb5cef90a26f8fbd4d9d930608102c5?s=96&d=mm&r=g","contentUrl":"https:\/\/secure.gravatar.com\/avatar\/2cb5cef90a26f8fbd4d9d930608102c5?s=96&d=mm&r=g","caption":"Di\u00e1rio da Lagoa"},"url":"https:\/\/diariodalagoa.pt\/fr\/author\/diariodalagoa\/"}]}},"_links":{"self":[{"href":"https:\/\/diariodalagoa.pt\/fr\/wp-json\/wp\/v2\/posts\/6472"}],"collection":[{"href":"https:\/\/diariodalagoa.pt\/fr\/wp-json\/wp\/v2\/posts"}],"about":[{"href":"https:\/\/diariodalagoa.pt\/fr\/wp-json\/wp\/v2\/types\/post"}],"author":[{"embeddable":true,"href":"https:\/\/diariodalagoa.pt\/fr\/wp-json\/wp\/v2\/users\/2"}],"replies":[{"embeddable":true,"href":"https:\/\/diariodalagoa.pt\/fr\/wp-json\/wp\/v2\/comments?post=6472"}],"version-history":[{"count":0,"href":"https:\/\/diariodalagoa.pt\/fr\/wp-json\/wp\/v2\/posts\/6472\/revisions"}],"wp:featuredmedia":[{"embeddable":true,"href":"https:\/\/diariodalagoa.pt\/fr\/wp-json\/wp\/v2\/media\/121952"}],"wp:attachment":[{"href":"https:\/\/diariodalagoa.pt\/fr\/wp-json\/wp\/v2\/media?parent=6472"}],"wp:term":[{"taxonomy":"category","embeddable":true,"href":"https:\/\/diariodalagoa.pt\/fr\/wp-json\/wp\/v2\/categories?post=6472"},{"taxonomy":"post_tag","embeddable":true,"href":"https:\/\/diariodalagoa.pt\/fr\/wp-json\/wp\/v2\/tags?post=6472"}],"curies":[{"name":"wp","href":"https:\/\/api.w.org\/{rel}","templated":true}]}}