{"id":5288,"date":"2014-06-06T19:25:32","date_gmt":"2014-06-06T20:25:32","guid":{"rendered":"http:\/\/diariodalagoa.pt\/?p=5288"},"modified":"2014-06-06T19:25:32","modified_gmt":"2014-06-06T20:25:32","slug":"vasco-cordeiro-defende-uniao-de-esforcos-para-a-fileira-do-leite-vencer-os-desafios-do-futuro","status":"publish","type":"post","link":"https:\/\/diariodalagoa.pt\/fr\/vasco-cordeiro-defende-uniao-de-esforcos-para-a-fileira-do-leite-vencer-os-desafios-do-futuro\/","title":{"rendered":"Vasco Cordeiro defende uni\u00e3o de esfor\u00e7os para a fileira do leite vencer os desafios do futuro"},"content":{"rendered":"<p style=\"text-align: justify;\"><a href=\"http:\/\/diariodalagoa.pt\/wp-content\/uploads\/2014\/06\/Vasco-Cordeiro-investimentos-Unileite.jpg\"><img decoding=\"async\" class=\"alignnone size-full wp-image-5290\" src=\"http:\/\/diariodalagoa.pt\/wp-content\/uploads\/2014\/06\/Vasco-Cordeiro-investimentos-Unileite.jpg\" alt=\"Vasco-Cordeiro-investimentos-Unileite\" width=\"720\" height=\"379\" \/><\/a><\/p>\n<p style=\"text-align: justify;\"><span style=\"color: rgb(0, 0, 0);\">O Presidente do Governo defendeu a necessidade da produ\u00e7\u00e3o, da transforma\u00e7\u00e3o e da comercializa\u00e7\u00e3o unirem esfor\u00e7os para fazer face aos desafios que o setor do leite vai enfrentar, condi\u00e7\u00e3o \u201cabsolutamente fundamental\u201d para que os A\u00e7ores possam continuar a ser uma refer\u00eancia nacional neste setor.\u00a0<\/span><\/p>\n<p style=\"text-align: justify;\"><span style=\"color: rgb(0, 0, 0);\">\u201cTemos o melhor leite produzido no pa\u00eds, modernas f\u00e1bricas suportadas na inova\u00e7\u00e3o, uma imagem de marca de confian\u00e7a que nos abre portas nos mercados externos e temos um tecido produtivo cada vez mais consciente da necessidade da profissionaliza\u00e7\u00e3o\u201d, afirmou Vasco Cordeiro, que falava no encerramento do col\u00f3quio &#8217;60 Anos da Unileite em Defesa do Produtor de Leite&#8217;.\u00a0<\/span><\/p>\n<p style=\"text-align: justify;\"><span style=\"color: rgb(0, 0, 0);\">Na sua interven\u00e7\u00e3o, o Presidente do Governo manifestou-se convicto de que, atrav\u00e9s da coordena\u00e7\u00e3o de estrat\u00e9gias e sinergias entre a produ\u00e7\u00e3o, a transforma\u00e7\u00e3o e a comercializa\u00e7\u00e3o, a agricultura a\u00e7oriana tem condi\u00e7\u00f5es para se afirmar num mercado do leite mais liberalizado, resultante da aboli\u00e7\u00e3o do regime de quotas.\u00a0<\/span><\/p>\n<p style=\"text-align: justify;\"><span style=\"color: rgb(0, 0, 0);\">Para isso, anunciou que o Governo prev\u00ea, na Carta Regional de Obras P\u00fablicas, \u201cum investimento superior a 30 milh\u00f5es de euros a realizar nesta legislatura para o abastecimento de \u00e1gua e de energia el\u00e9trica e para a melhoria da rede de caminhos, que vai beneficiar cerca de 4.400 de agricultores a\u00e7orianos\u201d.\u00a0<\/span><\/p>\n<p style=\"text-align: justify;\"><span style=\"color: rgb(0, 0, 0);\">No encerramento do col\u00f3quio, Vasco Cordeiro frisou, por outro lado, que a Estrat\u00e9gia de Desenvolvimento Rural para o per\u00edodo 2014\/2020 assenta numa estrutura de tr\u00eas pilares, nomeadamente a competitividade produtiva e territorial, a sustentabilidade dos recursos naturais e uma abordagem integrada do desenvolvimento rural.\u00a0<\/span><\/p>\n<p style=\"text-align: justify;\"><span style=\"color: rgb(0, 0, 0);\">Para este per\u00edodo de programa\u00e7\u00e3o financeira, ser\u00e1 feita uma \u201caposta muito forte\u201d na forma\u00e7\u00e3o profissional e na aquisi\u00e7\u00e3o de compet\u00eancias dos recursos humanos, no apoio financeiro \u00e0 contrata\u00e7\u00e3o de t\u00e9cnicos especializados para as organiza\u00e7\u00f5es e associa\u00e7\u00f5es, assim como no apoio \u00e0 instala\u00e7\u00e3o de jovens agricultores.\u00a0<\/span><\/p>\n<p style=\"text-align: justify;\"><span style=\"color: rgb(0, 0, 0);\">Num evento que assinalou o 60.\u00ba anivers\u00e1rio da Unileite, Vasco Cordeiro destacou o contributo desta cooperativa para a economia regional, n\u00e3o apenas pelos postos de trabalho que cria e pela riqueza que gera, mas tamb\u00e9m pelo volume de exporta\u00e7\u00f5es dos seus produtos.\u00a0<\/span><\/p>\n<p style=\"text-align: justify;\"><span style=\"color: rgb(0, 0, 0);\"><em>DL\/GaCS<\/em><\/span><\/p>","protected":false},"excerpt":{"rendered":"<p>O Presidente do Governo defendeu a necessidade da produ\u00e7\u00e3o, da transforma\u00e7\u00e3o e da comercializa\u00e7\u00e3o unirem esfor\u00e7os para fazer face aos desafios que o setor do leite vai enfrentar, condi\u00e7\u00e3o \u201cabsolutamente fundamental\u201d para que os A\u00e7ores possam continuar a ser uma refer\u00eancia nacional neste setor.\u00a0 \u201cTemos o melhor leite produzido no pa\u00eds, modernas f\u00e1bricas suportadas na [&hellip;]<\/p>","protected":false},"author":2,"featured_media":121987,"comment_status":"open","ping_status":"open","sticky":false,"template":"","format":"standard","meta":[],"categories":[21],"tags":[],"acf":[],"yoast_head":"<!-- This site is optimized with the Yoast SEO plugin v20.10 - https:\/\/yoast.com\/wordpress\/plugins\/seo\/ -->\n<title>Vasco Cordeiro defende uni\u00e3o de esfor\u00e7os para a fileira do leite vencer os desafios do futuro - Di\u00e1rio da Lagoa<\/title>\n<meta name=\"robots\" content=\"index, follow, max-snippet:-1, max-image-preview:large, max-video-preview:-1\" \/>\n<link rel=\"canonical\" href=\"https:\/\/diariodalagoa.pt\/fr\/vasco-cordeiro-defende-uniao-de-esforcos-para-a-fileira-do-leite-vencer-os-desafios-do-futuro\/\" \/>\n<meta property=\"og:locale\" content=\"fr_FR\" \/>\n<meta property=\"og:type\" content=\"article\" \/>\n<meta property=\"og:title\" content=\"Vasco Cordeiro defende uni\u00e3o de esfor\u00e7os para a fileira do leite vencer os desafios do futuro - Di\u00e1rio da Lagoa\" \/>\n<meta property=\"og:description\" content=\"O Presidente do Governo defendeu a necessidade da produ\u00e7\u00e3o, da transforma\u00e7\u00e3o e da comercializa\u00e7\u00e3o unirem esfor\u00e7os para fazer face aos desafios que o setor do leite vai enfrentar, condi\u00e7\u00e3o \u201cabsolutamente fundamental\u201d para que os A\u00e7ores possam continuar a ser uma refer\u00eancia nacional neste setor.\u00a0 \u201cTemos o melhor leite produzido no pa\u00eds, modernas f\u00e1bricas suportadas na [&hellip;]\" \/>\n<meta property=\"og:url\" content=\"https:\/\/diariodalagoa.pt\/fr\/vasco-cordeiro-defende-uniao-de-esforcos-para-a-fileira-do-leite-vencer-os-desafios-do-futuro\/\" \/>\n<meta property=\"og:site_name\" content=\"Di\u00e1rio da Lagoa\" \/>\n<meta property=\"article:published_time\" content=\"2014-06-06T20:25:32+00:00\" \/>\n<meta property=\"og:image\" content=\"https:\/\/diariodalagoa.pt\/wp-content\/uploads\/2014\/06\/vasco-cordeiro-investimentos-unileite.jpg\" \/>\n\t<meta property=\"og:image:width\" content=\"720\" \/>\n\t<meta property=\"og:image:height\" content=\"379\" \/>\n\t<meta property=\"og:image:type\" content=\"image\/jpeg\" \/>\n<meta name=\"author\" content=\"Di\u00e1rio da Lagoa\" \/>\n<meta name=\"twitter:card\" content=\"summary_large_image\" \/>\n<meta name=\"twitter:label1\" content=\"\u00c9crit par\" \/>\n\t<meta name=\"twitter:data1\" content=\"Di\u00e1rio da Lagoa\" \/>\n\t<meta name=\"twitter:label2\" content=\"Dur\u00e9e de lecture estim\u00e9e\" \/>\n\t<meta name=\"twitter:data2\" content=\"2 minutes\" \/>\n<script type=\"application\/ld+json\" class=\"yoast-schema-graph\">{\"@context\":\"https:\/\/schema.org\",\"@graph\":[{\"@type\":\"WebPage\",\"@id\":\"https:\/\/diariodalagoa.pt\/vasco-cordeiro-defende-uniao-de-esforcos-para-a-fileira-do-leite-vencer-os-desafios-do-futuro\/\",\"url\":\"https:\/\/diariodalagoa.pt\/vasco-cordeiro-defende-uniao-de-esforcos-para-a-fileira-do-leite-vencer-os-desafios-do-futuro\/\",\"name\":\"Vasco Cordeiro defende uni\u00e3o de esfor\u00e7os para a fileira do leite vencer os desafios do futuro - Di\u00e1rio da Lagoa\",\"isPartOf\":{\"@id\":\"https:\/\/diariodalagoa.pt\/#website\"},\"datePublished\":\"2014-06-06T20:25:32+00:00\",\"dateModified\":\"2014-06-06T20:25:32+00:00\",\"author\":{\"@id\":\"https:\/\/diariodalagoa.pt\/#\/schema\/person\/1615a002370e8857b6f972834bc43ece\"},\"breadcrumb\":{\"@id\":\"https:\/\/diariodalagoa.pt\/vasco-cordeiro-defende-uniao-de-esforcos-para-a-fileira-do-leite-vencer-os-desafios-do-futuro\/#breadcrumb\"},\"inLanguage\":\"fr-FR\",\"potentialAction\":[{\"@type\":\"ReadAction\",\"target\":[\"https:\/\/diariodalagoa.pt\/vasco-cordeiro-defende-uniao-de-esforcos-para-a-fileira-do-leite-vencer-os-desafios-do-futuro\/\"]}]},{\"@type\":\"BreadcrumbList\",\"@id\":\"https:\/\/diariodalagoa.pt\/vasco-cordeiro-defende-uniao-de-esforcos-para-a-fileira-do-leite-vencer-os-desafios-do-futuro\/#breadcrumb\",\"itemListElement\":[{\"@type\":\"ListItem\",\"position\":1,\"name\":\"In\u00edcio\",\"item\":\"https:\/\/diariodalagoa.pt\/\"},{\"@type\":\"ListItem\",\"position\":2,\"name\":\"Vasco Cordeiro defende uni\u00e3o de esfor\u00e7os para a fileira do leite vencer os desafios do futuro\"}]},{\"@type\":\"WebSite\",\"@id\":\"https:\/\/diariodalagoa.pt\/#website\",\"url\":\"https:\/\/diariodalagoa.pt\/\",\"name\":\"Di\u00e1rio da Lagoa\",\"description\":\"Di\u00e1rio da Lagoa. As not\u00edcias que contam. A partir da Lagoa, nos A\u00e7ores, para o mundo.\",\"potentialAction\":[{\"@type\":\"SearchAction\",\"target\":{\"@type\":\"EntryPoint\",\"urlTemplate\":\"https:\/\/diariodalagoa.pt\/?s={search_term_string}\"},\"query-input\":\"required name=search_term_string\"}],\"inLanguage\":\"fr-FR\"},{\"@type\":\"Person\",\"@id\":\"https:\/\/diariodalagoa.pt\/#\/schema\/person\/1615a002370e8857b6f972834bc43ece\",\"name\":\"Di\u00e1rio da Lagoa\",\"image\":{\"@type\":\"ImageObject\",\"inLanguage\":\"fr-FR\",\"@id\":\"https:\/\/diariodalagoa.pt\/#\/schema\/person\/image\/\",\"url\":\"https:\/\/secure.gravatar.com\/avatar\/2cb5cef90a26f8fbd4d9d930608102c5?s=96&d=mm&r=g\",\"contentUrl\":\"https:\/\/secure.gravatar.com\/avatar\/2cb5cef90a26f8fbd4d9d930608102c5?s=96&d=mm&r=g\",\"caption\":\"Di\u00e1rio da Lagoa\"},\"url\":\"https:\/\/diariodalagoa.pt\/fr\/author\/diariodalagoa\/\"}]}<\/script>\n<!-- \/ Yoast SEO plugin. -->","yoast_head_json":{"title":"Vasco Cordeiro defende uni\u00e3o de esfor\u00e7os para a fileira do leite vencer os desafios do futuro - Di\u00e1rio da Lagoa","robots":{"index":"index","follow":"follow","max-snippet":"max-snippet:-1","max-image-preview":"max-image-preview:large","max-video-preview":"max-video-preview:-1"},"canonical":"https:\/\/diariodalagoa.pt\/fr\/vasco-cordeiro-defende-uniao-de-esforcos-para-a-fileira-do-leite-vencer-os-desafios-do-futuro\/","og_locale":"fr_FR","og_type":"article","og_title":"Vasco Cordeiro defende uni\u00e3o de esfor\u00e7os para a fileira do leite vencer os desafios do futuro - Di\u00e1rio da Lagoa","og_description":"O Presidente do Governo defendeu a necessidade da produ\u00e7\u00e3o, da transforma\u00e7\u00e3o e da comercializa\u00e7\u00e3o unirem esfor\u00e7os para fazer face aos desafios que o setor do leite vai enfrentar, condi\u00e7\u00e3o \u201cabsolutamente fundamental\u201d para que os A\u00e7ores possam continuar a ser uma refer\u00eancia nacional neste setor.\u00a0 \u201cTemos o melhor leite produzido no pa\u00eds, modernas f\u00e1bricas suportadas na [&hellip;]","og_url":"https:\/\/diariodalagoa.pt\/fr\/vasco-cordeiro-defende-uniao-de-esforcos-para-a-fileira-do-leite-vencer-os-desafios-do-futuro\/","og_site_name":"Di\u00e1rio da Lagoa","article_published_time":"2014-06-06T20:25:32+00:00","og_image":[{"width":720,"height":379,"url":"https:\/\/diariodalagoa.pt\/wp-content\/uploads\/2014\/06\/vasco-cordeiro-investimentos-unileite.jpg","type":"image\/jpeg"}],"author":"Di\u00e1rio da Lagoa","twitter_card":"summary_large_image","twitter_misc":{"\u00c9crit par":"Di\u00e1rio da Lagoa","Dur\u00e9e de lecture estim\u00e9e":"2 minutes"},"schema":{"@context":"https:\/\/schema.org","@graph":[{"@type":"WebPage","@id":"https:\/\/diariodalagoa.pt\/vasco-cordeiro-defende-uniao-de-esforcos-para-a-fileira-do-leite-vencer-os-desafios-do-futuro\/","url":"https:\/\/diariodalagoa.pt\/vasco-cordeiro-defende-uniao-de-esforcos-para-a-fileira-do-leite-vencer-os-desafios-do-futuro\/","name":"Vasco Cordeiro defende uni\u00e3o de esfor\u00e7os para a fileira do leite vencer os desafios do futuro - Di\u00e1rio da Lagoa","isPartOf":{"@id":"https:\/\/diariodalagoa.pt\/#website"},"datePublished":"2014-06-06T20:25:32+00:00","dateModified":"2014-06-06T20:25:32+00:00","author":{"@id":"https:\/\/diariodalagoa.pt\/#\/schema\/person\/1615a002370e8857b6f972834bc43ece"},"breadcrumb":{"@id":"https:\/\/diariodalagoa.pt\/vasco-cordeiro-defende-uniao-de-esforcos-para-a-fileira-do-leite-vencer-os-desafios-do-futuro\/#breadcrumb"},"inLanguage":"fr-FR","potentialAction":[{"@type":"ReadAction","target":["https:\/\/diariodalagoa.pt\/vasco-cordeiro-defende-uniao-de-esforcos-para-a-fileira-do-leite-vencer-os-desafios-do-futuro\/"]}]},{"@type":"BreadcrumbList","@id":"https:\/\/diariodalagoa.pt\/vasco-cordeiro-defende-uniao-de-esforcos-para-a-fileira-do-leite-vencer-os-desafios-do-futuro\/#breadcrumb","itemListElement":[{"@type":"ListItem","position":1,"name":"In\u00edcio","item":"https:\/\/diariodalagoa.pt\/"},{"@type":"ListItem","position":2,"name":"Vasco Cordeiro defende uni\u00e3o de esfor\u00e7os para a fileira do leite vencer os desafios do futuro"}]},{"@type":"WebSite","@id":"https:\/\/diariodalagoa.pt\/#website","url":"https:\/\/diariodalagoa.pt\/","name":"Di\u00e1rio da Lagoa","description":"Di\u00e1rio da Lagoa. As not\u00edcias que contam. A partir da Lagoa, nos A\u00e7ores, para o mundo.","potentialAction":[{"@type":"SearchAction","target":{"@type":"EntryPoint","urlTemplate":"https:\/\/diariodalagoa.pt\/?s={search_term_string}"},"query-input":"required name=search_term_string"}],"inLanguage":"fr-FR"},{"@type":"Person","@id":"https:\/\/diariodalagoa.pt\/#\/schema\/person\/1615a002370e8857b6f972834bc43ece","name":"Di\u00e1rio da Lagoa","image":{"@type":"ImageObject","inLanguage":"fr-FR","@id":"https:\/\/diariodalagoa.pt\/#\/schema\/person\/image\/","url":"https:\/\/secure.gravatar.com\/avatar\/2cb5cef90a26f8fbd4d9d930608102c5?s=96&d=mm&r=g","contentUrl":"https:\/\/secure.gravatar.com\/avatar\/2cb5cef90a26f8fbd4d9d930608102c5?s=96&d=mm&r=g","caption":"Di\u00e1rio da Lagoa"},"url":"https:\/\/diariodalagoa.pt\/fr\/author\/diariodalagoa\/"}]}},"_links":{"self":[{"href":"https:\/\/diariodalagoa.pt\/fr\/wp-json\/wp\/v2\/posts\/5288"}],"collection":[{"href":"https:\/\/diariodalagoa.pt\/fr\/wp-json\/wp\/v2\/posts"}],"about":[{"href":"https:\/\/diariodalagoa.pt\/fr\/wp-json\/wp\/v2\/types\/post"}],"author":[{"embeddable":true,"href":"https:\/\/diariodalagoa.pt\/fr\/wp-json\/wp\/v2\/users\/2"}],"replies":[{"embeddable":true,"href":"https:\/\/diariodalagoa.pt\/fr\/wp-json\/wp\/v2\/comments?post=5288"}],"version-history":[{"count":0,"href":"https:\/\/diariodalagoa.pt\/fr\/wp-json\/wp\/v2\/posts\/5288\/revisions"}],"wp:featuredmedia":[{"embeddable":true,"href":"https:\/\/diariodalagoa.pt\/fr\/wp-json\/wp\/v2\/media\/121987"}],"wp:attachment":[{"href":"https:\/\/diariodalagoa.pt\/fr\/wp-json\/wp\/v2\/media?parent=5288"}],"wp:term":[{"taxonomy":"category","embeddable":true,"href":"https:\/\/diariodalagoa.pt\/fr\/wp-json\/wp\/v2\/categories?post=5288"},{"taxonomy":"post_tag","embeddable":true,"href":"https:\/\/diariodalagoa.pt\/fr\/wp-json\/wp\/v2\/tags?post=5288"}],"curies":[{"name":"wp","href":"https:\/\/api.w.org\/{rel}","templated":true}]}}