{"id":5236,"date":"2014-06-05T16:38:11","date_gmt":"2014-06-05T17:38:11","guid":{"rendered":"http:\/\/diariodalagoa.pt\/?p=5236"},"modified":"2014-06-05T16:38:11","modified_gmt":"2014-06-05T17:38:11","slug":"quadros-do-sistema-educativo-dos-acores-integram-14-novos-professores-no-proximo-ano-letivo","status":"publish","type":"post","link":"https:\/\/diariodalagoa.pt\/fr\/quadros-do-sistema-educativo-dos-acores-integram-14-novos-professores-no-proximo-ano-letivo\/","title":{"rendered":"Quadros do sistema educativo dos A\u00e7ores integram 14 novos professores no pr\u00f3ximo ano letivo"},"content":{"rendered":"<p style=\"text-align: justify;\"><a href=\"http:\/\/diariodalagoa.pt\/wp-content\/uploads\/2014\/06\/Concurso-prefessores.jpg\"><img decoding=\"async\" class=\"alignnone size-full wp-image-5237\" alt=\"Concurso-prefessores\" src=\"http:\/\/diariodalagoa.pt\/wp-content\/uploads\/2014\/06\/Concurso-prefessores.jpg\" width=\"720\" height=\"382\" \/><\/a><\/p>\n<p style=\"text-align: justify;\"><span style=\"color: #000000;\">Os quadros do sistema educativo dos A\u00e7ores v\u00e3o integrar, a partir do pr\u00f3ximo ano escolar, 14 novos professores, de acordo com a lista de coloca\u00e7\u00f5es hoje tornada p\u00fablica, no \u00e2mbito do concurso externo de provimento de pessoal docente de 2014.\u00a0<\/span><\/p>\n<p style=\"text-align: justify;\"><span style=\"color: #000000;\">Os professores agora colocados devem proceder, at\u00e9 16 de junho, \u00e0 aceita\u00e7\u00e3o dos lugares junto do \u00f3rg\u00e3o executivo da unidade org\u00e2nica onde obtiveram coloca\u00e7\u00e3o, de acordo com informa\u00e7\u00e3o da Dire\u00e7\u00e3o Regional da Educa\u00e7\u00e3o.\u00a0<\/span><\/p>\n<p style=\"text-align: justify;\"><span style=\"color: #000000;\">Estes docentes, que apresentaram as suas candidaturas\u00a0no in\u00edcio\u00a0de fevereiro, devem apresentar-se nas escolas no dia 1 de setembro.<\/span><span style=\"color: #000000;\">\u00a0<\/span><\/p>\n<p style=\"text-align: justify;\"><span style=\"color: #000000;\">A lista das coloca\u00e7\u00f5es pode ser consultada nos portais do Governo Regional dos A\u00e7ores (<a href=\"http:\/\/www.azores.gov.pt\/\" target=\"_blank\" rel=\"noopener\"><span style=\"color: #000000;\">www.azores.gov.pt<\/span><\/a>)\u00a0e da Educa\u00e7\u00e3o (<a href=\"http:\/\/www.edu.azores.gov.pt\/\" target=\"_blank\" rel=\"noopener\"><span style=\"color: #000000;\">www.edu.azores.gov.pt<\/span><\/a>) na Internet, encontrando-se igualmente dispon\u00edvel no endere\u00e7o eletr\u00f3nico\u00a0<a href=\"http:\/\/concursopessoaldocente.azores.gov.pt\/\" target=\"_blank\" rel=\"noopener\"><span style=\"color: #000000;\">http:\/\/concursopessoaldocente.<wbr \/>azores.gov.pt<\/span><\/a>.<\/span><\/p>\n<p style=\"text-align: justify;\"><span style=\"color: #000000;\"><em>DL\/GaCS<\/em><\/span><\/p>","protected":false},"excerpt":{"rendered":"<p>Os quadros do sistema educativo dos A\u00e7ores v\u00e3o integrar, a partir do pr\u00f3ximo ano escolar, 14 novos professores, de acordo com a lista de coloca\u00e7\u00f5es hoje tornada p\u00fablica, no \u00e2mbito do concurso externo de provimento de pessoal docente de 2014.\u00a0 Os professores agora colocados devem proceder, at\u00e9 16 de junho, \u00e0 aceita\u00e7\u00e3o dos lugares junto [&hellip;]<\/p>","protected":false},"author":2,"featured_media":121991,"comment_status":"open","ping_status":"open","sticky":false,"template":"","format":"standard","meta":[],"categories":[21],"tags":[],"acf":[],"yoast_head":"<!-- This site is optimized with the Yoast SEO plugin v20.10 - https:\/\/yoast.com\/wordpress\/plugins\/seo\/ -->\n<title>Quadros do sistema educativo dos A\u00e7ores integram 14 novos professores no pr\u00f3ximo ano letivo - Di\u00e1rio da Lagoa<\/title>\n<meta name=\"robots\" content=\"index, follow, max-snippet:-1, max-image-preview:large, max-video-preview:-1\" \/>\n<link rel=\"canonical\" href=\"https:\/\/diariodalagoa.pt\/fr\/quadros-do-sistema-educativo-dos-acores-integram-14-novos-professores-no-proximo-ano-letivo\/\" \/>\n<meta property=\"og:locale\" content=\"fr_FR\" \/>\n<meta property=\"og:type\" content=\"article\" \/>\n<meta property=\"og:title\" content=\"Quadros do sistema educativo dos A\u00e7ores integram 14 novos professores no pr\u00f3ximo ano letivo - Di\u00e1rio da Lagoa\" \/>\n<meta property=\"og:description\" content=\"Os quadros do sistema educativo dos A\u00e7ores v\u00e3o integrar, a partir do pr\u00f3ximo ano escolar, 14 novos professores, de acordo com a lista de coloca\u00e7\u00f5es hoje tornada p\u00fablica, no \u00e2mbito do concurso externo de provimento de pessoal docente de 2014.\u00a0 Os professores agora colocados devem proceder, at\u00e9 16 de junho, \u00e0 aceita\u00e7\u00e3o dos lugares junto [&hellip;]\" \/>\n<meta property=\"og:url\" content=\"https:\/\/diariodalagoa.pt\/fr\/quadros-do-sistema-educativo-dos-acores-integram-14-novos-professores-no-proximo-ano-letivo\/\" \/>\n<meta property=\"og:site_name\" content=\"Di\u00e1rio da Lagoa\" \/>\n<meta property=\"article:published_time\" content=\"2014-06-05T17:38:11+00:00\" \/>\n<meta property=\"og:image\" content=\"https:\/\/diariodalagoa.pt\/wp-content\/uploads\/2014\/06\/concurso-prefessores.jpg\" \/>\n\t<meta property=\"og:image:width\" content=\"720\" \/>\n\t<meta property=\"og:image:height\" content=\"382\" \/>\n\t<meta property=\"og:image:type\" content=\"image\/jpeg\" \/>\n<meta name=\"author\" content=\"Di\u00e1rio da Lagoa\" \/>\n<meta name=\"twitter:card\" content=\"summary_large_image\" \/>\n<meta name=\"twitter:label1\" content=\"\u00c9crit par\" \/>\n\t<meta name=\"twitter:data1\" content=\"Di\u00e1rio da Lagoa\" \/>\n\t<meta name=\"twitter:label2\" content=\"Dur\u00e9e de lecture estim\u00e9e\" \/>\n\t<meta name=\"twitter:data2\" content=\"1 minute\" \/>\n<script type=\"application\/ld+json\" class=\"yoast-schema-graph\">{\"@context\":\"https:\/\/schema.org\",\"@graph\":[{\"@type\":\"WebPage\",\"@id\":\"https:\/\/diariodalagoa.pt\/quadros-do-sistema-educativo-dos-acores-integram-14-novos-professores-no-proximo-ano-letivo\/\",\"url\":\"https:\/\/diariodalagoa.pt\/quadros-do-sistema-educativo-dos-acores-integram-14-novos-professores-no-proximo-ano-letivo\/\",\"name\":\"Quadros do sistema educativo dos A\u00e7ores integram 14 novos professores no pr\u00f3ximo ano letivo - Di\u00e1rio da Lagoa\",\"isPartOf\":{\"@id\":\"https:\/\/diariodalagoa.pt\/#website\"},\"datePublished\":\"2014-06-05T17:38:11+00:00\",\"dateModified\":\"2014-06-05T17:38:11+00:00\",\"author\":{\"@id\":\"https:\/\/diariodalagoa.pt\/#\/schema\/person\/1615a002370e8857b6f972834bc43ece\"},\"breadcrumb\":{\"@id\":\"https:\/\/diariodalagoa.pt\/quadros-do-sistema-educativo-dos-acores-integram-14-novos-professores-no-proximo-ano-letivo\/#breadcrumb\"},\"inLanguage\":\"fr-FR\",\"potentialAction\":[{\"@type\":\"ReadAction\",\"target\":[\"https:\/\/diariodalagoa.pt\/quadros-do-sistema-educativo-dos-acores-integram-14-novos-professores-no-proximo-ano-letivo\/\"]}]},{\"@type\":\"BreadcrumbList\",\"@id\":\"https:\/\/diariodalagoa.pt\/quadros-do-sistema-educativo-dos-acores-integram-14-novos-professores-no-proximo-ano-letivo\/#breadcrumb\",\"itemListElement\":[{\"@type\":\"ListItem\",\"position\":1,\"name\":\"In\u00edcio\",\"item\":\"https:\/\/diariodalagoa.pt\/\"},{\"@type\":\"ListItem\",\"position\":2,\"name\":\"Quadros do sistema educativo dos A\u00e7ores integram 14 novos professores no pr\u00f3ximo ano letivo\"}]},{\"@type\":\"WebSite\",\"@id\":\"https:\/\/diariodalagoa.pt\/#website\",\"url\":\"https:\/\/diariodalagoa.pt\/\",\"name\":\"Di\u00e1rio da Lagoa\",\"description\":\"Di\u00e1rio da Lagoa. As not\u00edcias que contam. A partir da Lagoa, nos A\u00e7ores, para o mundo.\",\"potentialAction\":[{\"@type\":\"SearchAction\",\"target\":{\"@type\":\"EntryPoint\",\"urlTemplate\":\"https:\/\/diariodalagoa.pt\/?s={search_term_string}\"},\"query-input\":\"required name=search_term_string\"}],\"inLanguage\":\"fr-FR\"},{\"@type\":\"Person\",\"@id\":\"https:\/\/diariodalagoa.pt\/#\/schema\/person\/1615a002370e8857b6f972834bc43ece\",\"name\":\"Di\u00e1rio da Lagoa\",\"image\":{\"@type\":\"ImageObject\",\"inLanguage\":\"fr-FR\",\"@id\":\"https:\/\/diariodalagoa.pt\/#\/schema\/person\/image\/\",\"url\":\"https:\/\/secure.gravatar.com\/avatar\/2cb5cef90a26f8fbd4d9d930608102c5?s=96&d=mm&r=g\",\"contentUrl\":\"https:\/\/secure.gravatar.com\/avatar\/2cb5cef90a26f8fbd4d9d930608102c5?s=96&d=mm&r=g\",\"caption\":\"Di\u00e1rio da Lagoa\"},\"url\":\"https:\/\/diariodalagoa.pt\/fr\/author\/diariodalagoa\/\"}]}<\/script>\n<!-- \/ Yoast SEO plugin. -->","yoast_head_json":{"title":"Quadros do sistema educativo dos A\u00e7ores integram 14 novos professores no pr\u00f3ximo ano letivo - Di\u00e1rio da Lagoa","robots":{"index":"index","follow":"follow","max-snippet":"max-snippet:-1","max-image-preview":"max-image-preview:large","max-video-preview":"max-video-preview:-1"},"canonical":"https:\/\/diariodalagoa.pt\/fr\/quadros-do-sistema-educativo-dos-acores-integram-14-novos-professores-no-proximo-ano-letivo\/","og_locale":"fr_FR","og_type":"article","og_title":"Quadros do sistema educativo dos A\u00e7ores integram 14 novos professores no pr\u00f3ximo ano letivo - Di\u00e1rio da Lagoa","og_description":"Os quadros do sistema educativo dos A\u00e7ores v\u00e3o integrar, a partir do pr\u00f3ximo ano escolar, 14 novos professores, de acordo com a lista de coloca\u00e7\u00f5es hoje tornada p\u00fablica, no \u00e2mbito do concurso externo de provimento de pessoal docente de 2014.\u00a0 Os professores agora colocados devem proceder, at\u00e9 16 de junho, \u00e0 aceita\u00e7\u00e3o dos lugares junto [&hellip;]","og_url":"https:\/\/diariodalagoa.pt\/fr\/quadros-do-sistema-educativo-dos-acores-integram-14-novos-professores-no-proximo-ano-letivo\/","og_site_name":"Di\u00e1rio da Lagoa","article_published_time":"2014-06-05T17:38:11+00:00","og_image":[{"width":720,"height":382,"url":"https:\/\/diariodalagoa.pt\/wp-content\/uploads\/2014\/06\/concurso-prefessores.jpg","type":"image\/jpeg"}],"author":"Di\u00e1rio da Lagoa","twitter_card":"summary_large_image","twitter_misc":{"\u00c9crit par":"Di\u00e1rio da Lagoa","Dur\u00e9e de lecture estim\u00e9e":"1 minute"},"schema":{"@context":"https:\/\/schema.org","@graph":[{"@type":"WebPage","@id":"https:\/\/diariodalagoa.pt\/quadros-do-sistema-educativo-dos-acores-integram-14-novos-professores-no-proximo-ano-letivo\/","url":"https:\/\/diariodalagoa.pt\/quadros-do-sistema-educativo-dos-acores-integram-14-novos-professores-no-proximo-ano-letivo\/","name":"Quadros do sistema educativo dos A\u00e7ores integram 14 novos professores no pr\u00f3ximo ano letivo - Di\u00e1rio da Lagoa","isPartOf":{"@id":"https:\/\/diariodalagoa.pt\/#website"},"datePublished":"2014-06-05T17:38:11+00:00","dateModified":"2014-06-05T17:38:11+00:00","author":{"@id":"https:\/\/diariodalagoa.pt\/#\/schema\/person\/1615a002370e8857b6f972834bc43ece"},"breadcrumb":{"@id":"https:\/\/diariodalagoa.pt\/quadros-do-sistema-educativo-dos-acores-integram-14-novos-professores-no-proximo-ano-letivo\/#breadcrumb"},"inLanguage":"fr-FR","potentialAction":[{"@type":"ReadAction","target":["https:\/\/diariodalagoa.pt\/quadros-do-sistema-educativo-dos-acores-integram-14-novos-professores-no-proximo-ano-letivo\/"]}]},{"@type":"BreadcrumbList","@id":"https:\/\/diariodalagoa.pt\/quadros-do-sistema-educativo-dos-acores-integram-14-novos-professores-no-proximo-ano-letivo\/#breadcrumb","itemListElement":[{"@type":"ListItem","position":1,"name":"In\u00edcio","item":"https:\/\/diariodalagoa.pt\/"},{"@type":"ListItem","position":2,"name":"Quadros do sistema educativo dos A\u00e7ores integram 14 novos professores no pr\u00f3ximo ano letivo"}]},{"@type":"WebSite","@id":"https:\/\/diariodalagoa.pt\/#website","url":"https:\/\/diariodalagoa.pt\/","name":"Di\u00e1rio da Lagoa","description":"Di\u00e1rio da Lagoa. As not\u00edcias que contam. A partir da Lagoa, nos A\u00e7ores, para o mundo.","potentialAction":[{"@type":"SearchAction","target":{"@type":"EntryPoint","urlTemplate":"https:\/\/diariodalagoa.pt\/?s={search_term_string}"},"query-input":"required name=search_term_string"}],"inLanguage":"fr-FR"},{"@type":"Person","@id":"https:\/\/diariodalagoa.pt\/#\/schema\/person\/1615a002370e8857b6f972834bc43ece","name":"Di\u00e1rio da Lagoa","image":{"@type":"ImageObject","inLanguage":"fr-FR","@id":"https:\/\/diariodalagoa.pt\/#\/schema\/person\/image\/","url":"https:\/\/secure.gravatar.com\/avatar\/2cb5cef90a26f8fbd4d9d930608102c5?s=96&d=mm&r=g","contentUrl":"https:\/\/secure.gravatar.com\/avatar\/2cb5cef90a26f8fbd4d9d930608102c5?s=96&d=mm&r=g","caption":"Di\u00e1rio da Lagoa"},"url":"https:\/\/diariodalagoa.pt\/fr\/author\/diariodalagoa\/"}]}},"_links":{"self":[{"href":"https:\/\/diariodalagoa.pt\/fr\/wp-json\/wp\/v2\/posts\/5236"}],"collection":[{"href":"https:\/\/diariodalagoa.pt\/fr\/wp-json\/wp\/v2\/posts"}],"about":[{"href":"https:\/\/diariodalagoa.pt\/fr\/wp-json\/wp\/v2\/types\/post"}],"author":[{"embeddable":true,"href":"https:\/\/diariodalagoa.pt\/fr\/wp-json\/wp\/v2\/users\/2"}],"replies":[{"embeddable":true,"href":"https:\/\/diariodalagoa.pt\/fr\/wp-json\/wp\/v2\/comments?post=5236"}],"version-history":[{"count":0,"href":"https:\/\/diariodalagoa.pt\/fr\/wp-json\/wp\/v2\/posts\/5236\/revisions"}],"wp:featuredmedia":[{"embeddable":true,"href":"https:\/\/diariodalagoa.pt\/fr\/wp-json\/wp\/v2\/media\/121991"}],"wp:attachment":[{"href":"https:\/\/diariodalagoa.pt\/fr\/wp-json\/wp\/v2\/media?parent=5236"}],"wp:term":[{"taxonomy":"category","embeddable":true,"href":"https:\/\/diariodalagoa.pt\/fr\/wp-json\/wp\/v2\/categories?post=5236"},{"taxonomy":"post_tag","embeddable":true,"href":"https:\/\/diariodalagoa.pt\/fr\/wp-json\/wp\/v2\/tags?post=5236"}],"curies":[{"name":"wp","href":"https:\/\/api.w.org\/{rel}","templated":true}]}}