{"id":5233,"date":"2014-06-05T16:33:30","date_gmt":"2014-06-05T17:33:30","guid":{"rendered":"http:\/\/diariodalagoa.pt\/?p=5233"},"modified":"2014-06-05T16:33:30","modified_gmt":"2014-06-05T17:33:30","slug":"operacao-de-refinanciamento-vai-reduzir-encargos-a-saudacor","status":"publish","type":"post","link":"https:\/\/diariodalagoa.pt\/fr\/operacao-de-refinanciamento-vai-reduzir-encargos-a-saudacor\/","title":{"rendered":"Opera\u00e7\u00e3o de refinanciamento vai reduzir encargos \u00e0 Sauda\u00e7or"},"content":{"rendered":"<p style=\"text-align: justify;\"><a href=\"http:\/\/diariodalagoa.pt\/wp-content\/uploads\/2014\/06\/Sergio-Avila-assembelia-legislativa.jpg\"><img decoding=\"async\" class=\"alignnone size-full wp-image-5234\" alt=\"Sergio-Avila-assembelia-legislativa\" src=\"http:\/\/diariodalagoa.pt\/wp-content\/uploads\/2014\/06\/Sergio-Avila-assembelia-legislativa.jpg\" width=\"720\" height=\"378\" \/><\/a><\/p>\n<p style=\"text-align: justify;\"><span style=\"color: #000000;\">O Vice-Presidente do Governo dos A\u00e7ores\u00a0afirmou, na Horta,\u00a0que o refinanciamento da Sauda\u00e7or, atrav\u00e9s de uma emiss\u00e3o obrigacionista internacional com o aval da Regi\u00e3o, ir\u00e1 permitir uma \u201credu\u00e7\u00e3o significativa\u201d dos encargos desta empresa.\u00a0<\/span><\/p>\n<p style=\"text-align: justify;\"><span style=\"color: #000000;\">S\u00e9rgio \u00c1vila falava na Assembleia Legislativa, durante a discuss\u00e3o de uma altera\u00e7\u00e3o ao Or\u00e7amento da Regi\u00e3o para 2014 que aumenta em 85 milh\u00f5es de euros o limite m\u00e1ximo para a concess\u00e3o de garantias por parte da Regi\u00e3o.\u00a0<\/span><\/p>\n<p style=\"text-align: justify;\"><span style=\"color: #000000;\">Para o Vice-Presidente, desta opera\u00e7\u00e3o de refinanciamento, a realizar em junho, n\u00e3o resultar\u00e1 \u201cqualquer aumento de endividamento da Sauda\u00e7or\u201d, j\u00e1 que se trata de substituir empr\u00e9stimos existentes por um outro, de igual montante, mas a taxas de juro mais baixas.\u00a0<\/span><\/p>\n<p style=\"text-align: justify;\"><span style=\"color: #000000;\">S\u00e9rgio \u00c1vila sublinhou ainda que o refinanciamento da Sauda\u00e7or, atrav\u00e9s de uma emiss\u00e3o obrigacionista internacional em mercado aberto, no montante de 100 milh\u00f5es de euros, traduzir-se-\u00e1 numa \u201credu\u00e7\u00e3o significativa dos encargos financeiros e de juros a pagar\u201d por aquela sociedade an\u00f3nima de capitais exclusivamente p\u00fablicos.\u00a0<\/span><\/p>\n<p style=\"text-align: justify;\"><span style=\"color: #000000;\">Para o Vice-Presidente do Governo, esta opera\u00e7\u00e3o de refinanciamento tem uma \u201cdupla import\u00e2ncia\u201d,\u00a0j\u00e1 que,\u00a0ao mesmo tempo que \u201creduz significativamente os encargos financeiros da Saudador\u201d, \u201cliberta\u201d tamb\u00e9m financiamentos com os quais a banca nacional poder\u00e1 apoiar as fam\u00edlias e as empresas.\u00a0<\/span><\/p>\n<p style=\"text-align: justify;\"><span style=\"color: #000000;\"><em>DL\/GaCS<\/em><\/span><\/p>","protected":false},"excerpt":{"rendered":"<p>O Vice-Presidente do Governo dos A\u00e7ores\u00a0afirmou, na Horta,\u00a0que o refinanciamento da Sauda\u00e7or, atrav\u00e9s de uma emiss\u00e3o obrigacionista internacional com o aval da Regi\u00e3o, ir\u00e1 permitir uma \u201credu\u00e7\u00e3o significativa\u201d dos encargos desta empresa.\u00a0 S\u00e9rgio \u00c1vila falava na Assembleia Legislativa, durante a discuss\u00e3o de uma altera\u00e7\u00e3o ao Or\u00e7amento da Regi\u00e3o para 2014 que aumenta em 85 milh\u00f5es [&hellip;]<\/p>","protected":false},"author":2,"featured_media":121992,"comment_status":"open","ping_status":"open","sticky":false,"template":"","format":"standard","meta":[],"categories":[21],"tags":[],"acf":[],"yoast_head":"<!-- This site is optimized with the Yoast SEO plugin v20.10 - https:\/\/yoast.com\/wordpress\/plugins\/seo\/ -->\n<title>Opera\u00e7\u00e3o de refinanciamento vai reduzir encargos \u00e0 Sauda\u00e7or - Di\u00e1rio da Lagoa<\/title>\n<meta name=\"robots\" content=\"index, follow, max-snippet:-1, max-image-preview:large, max-video-preview:-1\" \/>\n<link rel=\"canonical\" href=\"https:\/\/diariodalagoa.pt\/fr\/operacao-de-refinanciamento-vai-reduzir-encargos-a-saudacor\/\" \/>\n<meta property=\"og:locale\" content=\"fr_FR\" \/>\n<meta property=\"og:type\" content=\"article\" \/>\n<meta property=\"og:title\" content=\"Opera\u00e7\u00e3o de refinanciamento vai reduzir encargos \u00e0 Sauda\u00e7or - Di\u00e1rio da Lagoa\" \/>\n<meta property=\"og:description\" content=\"O Vice-Presidente do Governo dos A\u00e7ores\u00a0afirmou, na Horta,\u00a0que o refinanciamento da Sauda\u00e7or, atrav\u00e9s de uma emiss\u00e3o obrigacionista internacional com o aval da Regi\u00e3o, ir\u00e1 permitir uma \u201credu\u00e7\u00e3o significativa\u201d dos encargos desta empresa.\u00a0 S\u00e9rgio \u00c1vila falava na Assembleia Legislativa, durante a discuss\u00e3o de uma altera\u00e7\u00e3o ao Or\u00e7amento da Regi\u00e3o para 2014 que aumenta em 85 milh\u00f5es [&hellip;]\" \/>\n<meta property=\"og:url\" content=\"https:\/\/diariodalagoa.pt\/fr\/operacao-de-refinanciamento-vai-reduzir-encargos-a-saudacor\/\" \/>\n<meta property=\"og:site_name\" content=\"Di\u00e1rio da Lagoa\" \/>\n<meta property=\"article:published_time\" content=\"2014-06-05T17:33:30+00:00\" \/>\n<meta property=\"og:image\" content=\"https:\/\/diariodalagoa.pt\/wp-content\/uploads\/2014\/06\/sergio-avila-assembelia-legislativa.jpg\" \/>\n\t<meta property=\"og:image:width\" content=\"720\" \/>\n\t<meta property=\"og:image:height\" content=\"378\" \/>\n\t<meta property=\"og:image:type\" content=\"image\/jpeg\" \/>\n<meta name=\"author\" content=\"Di\u00e1rio da Lagoa\" \/>\n<meta name=\"twitter:card\" content=\"summary_large_image\" \/>\n<meta name=\"twitter:label1\" content=\"\u00c9crit par\" \/>\n\t<meta name=\"twitter:data1\" content=\"Di\u00e1rio da Lagoa\" \/>\n\t<meta name=\"twitter:label2\" content=\"Dur\u00e9e de lecture estim\u00e9e\" \/>\n\t<meta name=\"twitter:data2\" content=\"1 minute\" \/>\n<script type=\"application\/ld+json\" class=\"yoast-schema-graph\">{\"@context\":\"https:\/\/schema.org\",\"@graph\":[{\"@type\":\"WebPage\",\"@id\":\"https:\/\/diariodalagoa.pt\/operacao-de-refinanciamento-vai-reduzir-encargos-a-saudacor\/\",\"url\":\"https:\/\/diariodalagoa.pt\/operacao-de-refinanciamento-vai-reduzir-encargos-a-saudacor\/\",\"name\":\"Opera\u00e7\u00e3o de refinanciamento vai reduzir encargos \u00e0 Sauda\u00e7or - Di\u00e1rio da Lagoa\",\"isPartOf\":{\"@id\":\"https:\/\/diariodalagoa.pt\/#website\"},\"datePublished\":\"2014-06-05T17:33:30+00:00\",\"dateModified\":\"2014-06-05T17:33:30+00:00\",\"author\":{\"@id\":\"https:\/\/diariodalagoa.pt\/#\/schema\/person\/1615a002370e8857b6f972834bc43ece\"},\"breadcrumb\":{\"@id\":\"https:\/\/diariodalagoa.pt\/operacao-de-refinanciamento-vai-reduzir-encargos-a-saudacor\/#breadcrumb\"},\"inLanguage\":\"fr-FR\",\"potentialAction\":[{\"@type\":\"ReadAction\",\"target\":[\"https:\/\/diariodalagoa.pt\/operacao-de-refinanciamento-vai-reduzir-encargos-a-saudacor\/\"]}]},{\"@type\":\"BreadcrumbList\",\"@id\":\"https:\/\/diariodalagoa.pt\/operacao-de-refinanciamento-vai-reduzir-encargos-a-saudacor\/#breadcrumb\",\"itemListElement\":[{\"@type\":\"ListItem\",\"position\":1,\"name\":\"In\u00edcio\",\"item\":\"https:\/\/diariodalagoa.pt\/\"},{\"@type\":\"ListItem\",\"position\":2,\"name\":\"Opera\u00e7\u00e3o de refinanciamento vai reduzir encargos \u00e0 Sauda\u00e7or\"}]},{\"@type\":\"WebSite\",\"@id\":\"https:\/\/diariodalagoa.pt\/#website\",\"url\":\"https:\/\/diariodalagoa.pt\/\",\"name\":\"Di\u00e1rio da Lagoa\",\"description\":\"Di\u00e1rio da Lagoa. As not\u00edcias que contam. A partir da Lagoa, nos A\u00e7ores, para o mundo.\",\"potentialAction\":[{\"@type\":\"SearchAction\",\"target\":{\"@type\":\"EntryPoint\",\"urlTemplate\":\"https:\/\/diariodalagoa.pt\/?s={search_term_string}\"},\"query-input\":\"required name=search_term_string\"}],\"inLanguage\":\"fr-FR\"},{\"@type\":\"Person\",\"@id\":\"https:\/\/diariodalagoa.pt\/#\/schema\/person\/1615a002370e8857b6f972834bc43ece\",\"name\":\"Di\u00e1rio da Lagoa\",\"image\":{\"@type\":\"ImageObject\",\"inLanguage\":\"fr-FR\",\"@id\":\"https:\/\/diariodalagoa.pt\/#\/schema\/person\/image\/\",\"url\":\"https:\/\/secure.gravatar.com\/avatar\/2cb5cef90a26f8fbd4d9d930608102c5?s=96&d=mm&r=g\",\"contentUrl\":\"https:\/\/secure.gravatar.com\/avatar\/2cb5cef90a26f8fbd4d9d930608102c5?s=96&d=mm&r=g\",\"caption\":\"Di\u00e1rio da Lagoa\"},\"url\":\"https:\/\/diariodalagoa.pt\/fr\/author\/diariodalagoa\/\"}]}<\/script>\n<!-- \/ Yoast SEO plugin. -->","yoast_head_json":{"title":"Opera\u00e7\u00e3o de refinanciamento vai reduzir encargos \u00e0 Sauda\u00e7or - Di\u00e1rio da Lagoa","robots":{"index":"index","follow":"follow","max-snippet":"max-snippet:-1","max-image-preview":"max-image-preview:large","max-video-preview":"max-video-preview:-1"},"canonical":"https:\/\/diariodalagoa.pt\/fr\/operacao-de-refinanciamento-vai-reduzir-encargos-a-saudacor\/","og_locale":"fr_FR","og_type":"article","og_title":"Opera\u00e7\u00e3o de refinanciamento vai reduzir encargos \u00e0 Sauda\u00e7or - Di\u00e1rio da Lagoa","og_description":"O Vice-Presidente do Governo dos A\u00e7ores\u00a0afirmou, na Horta,\u00a0que o refinanciamento da Sauda\u00e7or, atrav\u00e9s de uma emiss\u00e3o obrigacionista internacional com o aval da Regi\u00e3o, ir\u00e1 permitir uma \u201credu\u00e7\u00e3o significativa\u201d dos encargos desta empresa.\u00a0 S\u00e9rgio \u00c1vila falava na Assembleia Legislativa, durante a discuss\u00e3o de uma altera\u00e7\u00e3o ao Or\u00e7amento da Regi\u00e3o para 2014 que aumenta em 85 milh\u00f5es [&hellip;]","og_url":"https:\/\/diariodalagoa.pt\/fr\/operacao-de-refinanciamento-vai-reduzir-encargos-a-saudacor\/","og_site_name":"Di\u00e1rio da Lagoa","article_published_time":"2014-06-05T17:33:30+00:00","og_image":[{"width":720,"height":378,"url":"https:\/\/diariodalagoa.pt\/wp-content\/uploads\/2014\/06\/sergio-avila-assembelia-legislativa.jpg","type":"image\/jpeg"}],"author":"Di\u00e1rio da Lagoa","twitter_card":"summary_large_image","twitter_misc":{"\u00c9crit par":"Di\u00e1rio da Lagoa","Dur\u00e9e de lecture estim\u00e9e":"1 minute"},"schema":{"@context":"https:\/\/schema.org","@graph":[{"@type":"WebPage","@id":"https:\/\/diariodalagoa.pt\/operacao-de-refinanciamento-vai-reduzir-encargos-a-saudacor\/","url":"https:\/\/diariodalagoa.pt\/operacao-de-refinanciamento-vai-reduzir-encargos-a-saudacor\/","name":"Opera\u00e7\u00e3o de refinanciamento vai reduzir encargos \u00e0 Sauda\u00e7or - Di\u00e1rio da Lagoa","isPartOf":{"@id":"https:\/\/diariodalagoa.pt\/#website"},"datePublished":"2014-06-05T17:33:30+00:00","dateModified":"2014-06-05T17:33:30+00:00","author":{"@id":"https:\/\/diariodalagoa.pt\/#\/schema\/person\/1615a002370e8857b6f972834bc43ece"},"breadcrumb":{"@id":"https:\/\/diariodalagoa.pt\/operacao-de-refinanciamento-vai-reduzir-encargos-a-saudacor\/#breadcrumb"},"inLanguage":"fr-FR","potentialAction":[{"@type":"ReadAction","target":["https:\/\/diariodalagoa.pt\/operacao-de-refinanciamento-vai-reduzir-encargos-a-saudacor\/"]}]},{"@type":"BreadcrumbList","@id":"https:\/\/diariodalagoa.pt\/operacao-de-refinanciamento-vai-reduzir-encargos-a-saudacor\/#breadcrumb","itemListElement":[{"@type":"ListItem","position":1,"name":"In\u00edcio","item":"https:\/\/diariodalagoa.pt\/"},{"@type":"ListItem","position":2,"name":"Opera\u00e7\u00e3o de refinanciamento vai reduzir encargos \u00e0 Sauda\u00e7or"}]},{"@type":"WebSite","@id":"https:\/\/diariodalagoa.pt\/#website","url":"https:\/\/diariodalagoa.pt\/","name":"Di\u00e1rio da Lagoa","description":"Di\u00e1rio da Lagoa. As not\u00edcias que contam. A partir da Lagoa, nos A\u00e7ores, para o mundo.","potentialAction":[{"@type":"SearchAction","target":{"@type":"EntryPoint","urlTemplate":"https:\/\/diariodalagoa.pt\/?s={search_term_string}"},"query-input":"required name=search_term_string"}],"inLanguage":"fr-FR"},{"@type":"Person","@id":"https:\/\/diariodalagoa.pt\/#\/schema\/person\/1615a002370e8857b6f972834bc43ece","name":"Di\u00e1rio da Lagoa","image":{"@type":"ImageObject","inLanguage":"fr-FR","@id":"https:\/\/diariodalagoa.pt\/#\/schema\/person\/image\/","url":"https:\/\/secure.gravatar.com\/avatar\/2cb5cef90a26f8fbd4d9d930608102c5?s=96&d=mm&r=g","contentUrl":"https:\/\/secure.gravatar.com\/avatar\/2cb5cef90a26f8fbd4d9d930608102c5?s=96&d=mm&r=g","caption":"Di\u00e1rio da Lagoa"},"url":"https:\/\/diariodalagoa.pt\/fr\/author\/diariodalagoa\/"}]}},"_links":{"self":[{"href":"https:\/\/diariodalagoa.pt\/fr\/wp-json\/wp\/v2\/posts\/5233"}],"collection":[{"href":"https:\/\/diariodalagoa.pt\/fr\/wp-json\/wp\/v2\/posts"}],"about":[{"href":"https:\/\/diariodalagoa.pt\/fr\/wp-json\/wp\/v2\/types\/post"}],"author":[{"embeddable":true,"href":"https:\/\/diariodalagoa.pt\/fr\/wp-json\/wp\/v2\/users\/2"}],"replies":[{"embeddable":true,"href":"https:\/\/diariodalagoa.pt\/fr\/wp-json\/wp\/v2\/comments?post=5233"}],"version-history":[{"count":0,"href":"https:\/\/diariodalagoa.pt\/fr\/wp-json\/wp\/v2\/posts\/5233\/revisions"}],"wp:featuredmedia":[{"embeddable":true,"href":"https:\/\/diariodalagoa.pt\/fr\/wp-json\/wp\/v2\/media\/121992"}],"wp:attachment":[{"href":"https:\/\/diariodalagoa.pt\/fr\/wp-json\/wp\/v2\/media?parent=5233"}],"wp:term":[{"taxonomy":"category","embeddable":true,"href":"https:\/\/diariodalagoa.pt\/fr\/wp-json\/wp\/v2\/categories?post=5233"},{"taxonomy":"post_tag","embeddable":true,"href":"https:\/\/diariodalagoa.pt\/fr\/wp-json\/wp\/v2\/tags?post=5233"}],"curies":[{"name":"wp","href":"https:\/\/api.w.org\/{rel}","templated":true}]}}