{"id":5214,"date":"2014-06-05T09:21:07","date_gmt":"2014-06-05T10:21:07","guid":{"rendered":"http:\/\/diariodalagoa.pt\/?p=5214"},"modified":"2014-06-05T09:21:07","modified_gmt":"2014-06-05T10:21:07","slug":"antigo-reitor-da-universidade-dos-acores-condecorado-em-dia-de-portugal","status":"publish","type":"post","link":"https:\/\/diariodalagoa.pt\/fr\/antigo-reitor-da-universidade-dos-acores-condecorado-em-dia-de-portugal\/","title":{"rendered":"Antigo reitor da Universidade dos A\u00e7ores condecorado em Dia de Portugal"},"content":{"rendered":"<p><a href=\"http:\/\/diariodalagoa.pt\/wp-content\/uploads\/2014\/06\/Dia-de-Portugal.jpg\"><img decoding=\"async\" class=\"alignnone size-full wp-image-5215\" src=\"http:\/\/diariodalagoa.pt\/wp-content\/uploads\/2014\/06\/Dia-de-Portugal.jpg\" alt=\"Dia de Portugal\" width=\"720\" height=\"378\" \/><\/a><\/p>\n<p style=\"text-align: justify;\"><span style=\"color: #000000;\">O antigo eurodeputado e reitor da Universidade dos A\u00e7ores, Vasco Garcia, e antigo presidente da C\u00e2mara Municipal de Vila Nova do Corvo e empres\u00e1rio, Manel Rita, v\u00e3o ser condecorados nas cerim\u00f3nias do Dia de Portugal que se realizam no Solar da Madre de Deus, em Angra do Hero\u00edsmo.<\/span><\/p>\n<p style=\"text-align: justify;\"><span style=\"color: #000000;\">Vasco Garcia ser\u00e1 condecorado como Grande Oficial da Ordem de Instru\u00e7\u00e3o P\u00fablica e Manuel Rita distinguido como Comendador da Ordem do M\u00e9rito Empresarial &#8211; Classe do M\u00e9rito Industrial.<\/span><\/p>\n<p style=\"text-align: justify;\"><span style=\"color: #000000;\">Para al\u00e9m da imposi\u00e7\u00e3o de condecora\u00e7\u00f5es atribu\u00eddas pelo Presidente da Rep\u00fablica, Cavaco Silva, o programa das comemora\u00e7\u00f5es do 10 de Junho &#8211; Dia de Portugal, de Cam\u00f5es e das Comunidades Portuguesas que se realizam em Angra do Hero\u00edsmo prev\u00ea uma interven\u00e7\u00e3o do Representante da Rep\u00fablica, Pedro Catarino e as atua\u00e7\u00f5es do violoncelista Andr\u00e9 Gunko e da fadista Leonor Festa.<\/span><\/p>\n<p style=\"text-align: justify;\"><span style=\"color: #000000;\"><em style=\"line-height: 1.5em;\">DL\/DI<\/em><\/span><\/p>","protected":false},"excerpt":{"rendered":"<p>O antigo eurodeputado e reitor da Universidade dos A\u00e7ores, Vasco Garcia, e antigo presidente da C\u00e2mara Municipal de Vila Nova do Corvo e empres\u00e1rio, Manel Rita, v\u00e3o ser condecorados nas cerim\u00f3nias do Dia de Portugal que se realizam no Solar da Madre de Deus, em Angra do Hero\u00edsmo. Vasco Garcia ser\u00e1 condecorado como Grande Oficial [&hellip;]<\/p>","protected":false},"author":2,"featured_media":121994,"comment_status":"open","ping_status":"open","sticky":false,"template":"","format":"standard","meta":[],"categories":[21],"tags":[],"acf":[],"yoast_head":"<!-- This site is optimized with the Yoast SEO plugin v20.10 - https:\/\/yoast.com\/wordpress\/plugins\/seo\/ -->\n<title>Antigo reitor da Universidade dos A\u00e7ores condecorado em Dia de Portugal - Di\u00e1rio da Lagoa<\/title>\n<meta name=\"robots\" content=\"index, follow, max-snippet:-1, max-image-preview:large, max-video-preview:-1\" \/>\n<link rel=\"canonical\" href=\"https:\/\/diariodalagoa.pt\/fr\/antigo-reitor-da-universidade-dos-acores-condecorado-em-dia-de-portugal\/\" \/>\n<meta property=\"og:locale\" content=\"fr_FR\" \/>\n<meta property=\"og:type\" content=\"article\" \/>\n<meta property=\"og:title\" content=\"Antigo reitor da Universidade dos A\u00e7ores condecorado em Dia de Portugal - Di\u00e1rio da Lagoa\" \/>\n<meta property=\"og:description\" content=\"O antigo eurodeputado e reitor da Universidade dos A\u00e7ores, Vasco Garcia, e antigo presidente da C\u00e2mara Municipal de Vila Nova do Corvo e empres\u00e1rio, Manel Rita, v\u00e3o ser condecorados nas cerim\u00f3nias do Dia de Portugal que se realizam no Solar da Madre de Deus, em Angra do Hero\u00edsmo. Vasco Garcia ser\u00e1 condecorado como Grande Oficial [&hellip;]\" \/>\n<meta property=\"og:url\" content=\"https:\/\/diariodalagoa.pt\/fr\/antigo-reitor-da-universidade-dos-acores-condecorado-em-dia-de-portugal\/\" \/>\n<meta property=\"og:site_name\" content=\"Di\u00e1rio da Lagoa\" \/>\n<meta property=\"article:published_time\" content=\"2014-06-05T10:21:07+00:00\" \/>\n<meta property=\"og:image\" content=\"https:\/\/diariodalagoa.pt\/wp-content\/uploads\/2014\/06\/dia-de-portugal.jpg\" \/>\n\t<meta property=\"og:image:width\" content=\"720\" \/>\n\t<meta property=\"og:image:height\" content=\"378\" \/>\n\t<meta property=\"og:image:type\" content=\"image\/jpeg\" \/>\n<meta name=\"author\" content=\"Di\u00e1rio da Lagoa\" \/>\n<meta name=\"twitter:card\" content=\"summary_large_image\" \/>\n<meta name=\"twitter:label1\" content=\"\u00c9crit par\" \/>\n\t<meta name=\"twitter:data1\" content=\"Di\u00e1rio da Lagoa\" \/>\n\t<meta name=\"twitter:label2\" content=\"Dur\u00e9e de lecture estim\u00e9e\" \/>\n\t<meta name=\"twitter:data2\" content=\"1 minute\" \/>\n<script type=\"application\/ld+json\" class=\"yoast-schema-graph\">{\"@context\":\"https:\/\/schema.org\",\"@graph\":[{\"@type\":\"WebPage\",\"@id\":\"https:\/\/diariodalagoa.pt\/antigo-reitor-da-universidade-dos-acores-condecorado-em-dia-de-portugal\/\",\"url\":\"https:\/\/diariodalagoa.pt\/antigo-reitor-da-universidade-dos-acores-condecorado-em-dia-de-portugal\/\",\"name\":\"Antigo reitor da Universidade dos A\u00e7ores condecorado em Dia de Portugal - Di\u00e1rio da Lagoa\",\"isPartOf\":{\"@id\":\"https:\/\/diariodalagoa.pt\/#website\"},\"datePublished\":\"2014-06-05T10:21:07+00:00\",\"dateModified\":\"2014-06-05T10:21:07+00:00\",\"author\":{\"@id\":\"https:\/\/diariodalagoa.pt\/#\/schema\/person\/1615a002370e8857b6f972834bc43ece\"},\"breadcrumb\":{\"@id\":\"https:\/\/diariodalagoa.pt\/antigo-reitor-da-universidade-dos-acores-condecorado-em-dia-de-portugal\/#breadcrumb\"},\"inLanguage\":\"fr-FR\",\"potentialAction\":[{\"@type\":\"ReadAction\",\"target\":[\"https:\/\/diariodalagoa.pt\/antigo-reitor-da-universidade-dos-acores-condecorado-em-dia-de-portugal\/\"]}]},{\"@type\":\"BreadcrumbList\",\"@id\":\"https:\/\/diariodalagoa.pt\/antigo-reitor-da-universidade-dos-acores-condecorado-em-dia-de-portugal\/#breadcrumb\",\"itemListElement\":[{\"@type\":\"ListItem\",\"position\":1,\"name\":\"In\u00edcio\",\"item\":\"https:\/\/diariodalagoa.pt\/\"},{\"@type\":\"ListItem\",\"position\":2,\"name\":\"Antigo reitor da Universidade dos A\u00e7ores condecorado em Dia de Portugal\"}]},{\"@type\":\"WebSite\",\"@id\":\"https:\/\/diariodalagoa.pt\/#website\",\"url\":\"https:\/\/diariodalagoa.pt\/\",\"name\":\"Di\u00e1rio da Lagoa\",\"description\":\"Di\u00e1rio da Lagoa. As not\u00edcias que contam. A partir da Lagoa, nos A\u00e7ores, para o mundo.\",\"potentialAction\":[{\"@type\":\"SearchAction\",\"target\":{\"@type\":\"EntryPoint\",\"urlTemplate\":\"https:\/\/diariodalagoa.pt\/?s={search_term_string}\"},\"query-input\":\"required name=search_term_string\"}],\"inLanguage\":\"fr-FR\"},{\"@type\":\"Person\",\"@id\":\"https:\/\/diariodalagoa.pt\/#\/schema\/person\/1615a002370e8857b6f972834bc43ece\",\"name\":\"Di\u00e1rio da Lagoa\",\"image\":{\"@type\":\"ImageObject\",\"inLanguage\":\"fr-FR\",\"@id\":\"https:\/\/diariodalagoa.pt\/#\/schema\/person\/image\/\",\"url\":\"https:\/\/secure.gravatar.com\/avatar\/2cb5cef90a26f8fbd4d9d930608102c5?s=96&d=mm&r=g\",\"contentUrl\":\"https:\/\/secure.gravatar.com\/avatar\/2cb5cef90a26f8fbd4d9d930608102c5?s=96&d=mm&r=g\",\"caption\":\"Di\u00e1rio da Lagoa\"},\"url\":\"https:\/\/diariodalagoa.pt\/fr\/author\/diariodalagoa\/\"}]}<\/script>\n<!-- \/ Yoast SEO plugin. -->","yoast_head_json":{"title":"Antigo reitor da Universidade dos A\u00e7ores condecorado em Dia de Portugal - Di\u00e1rio da Lagoa","robots":{"index":"index","follow":"follow","max-snippet":"max-snippet:-1","max-image-preview":"max-image-preview:large","max-video-preview":"max-video-preview:-1"},"canonical":"https:\/\/diariodalagoa.pt\/fr\/antigo-reitor-da-universidade-dos-acores-condecorado-em-dia-de-portugal\/","og_locale":"fr_FR","og_type":"article","og_title":"Antigo reitor da Universidade dos A\u00e7ores condecorado em Dia de Portugal - Di\u00e1rio da Lagoa","og_description":"O antigo eurodeputado e reitor da Universidade dos A\u00e7ores, Vasco Garcia, e antigo presidente da C\u00e2mara Municipal de Vila Nova do Corvo e empres\u00e1rio, Manel Rita, v\u00e3o ser condecorados nas cerim\u00f3nias do Dia de Portugal que se realizam no Solar da Madre de Deus, em Angra do Hero\u00edsmo. Vasco Garcia ser\u00e1 condecorado como Grande Oficial [&hellip;]","og_url":"https:\/\/diariodalagoa.pt\/fr\/antigo-reitor-da-universidade-dos-acores-condecorado-em-dia-de-portugal\/","og_site_name":"Di\u00e1rio da Lagoa","article_published_time":"2014-06-05T10:21:07+00:00","og_image":[{"width":720,"height":378,"url":"https:\/\/diariodalagoa.pt\/wp-content\/uploads\/2014\/06\/dia-de-portugal.jpg","type":"image\/jpeg"}],"author":"Di\u00e1rio da Lagoa","twitter_card":"summary_large_image","twitter_misc":{"\u00c9crit par":"Di\u00e1rio da Lagoa","Dur\u00e9e de lecture estim\u00e9e":"1 minute"},"schema":{"@context":"https:\/\/schema.org","@graph":[{"@type":"WebPage","@id":"https:\/\/diariodalagoa.pt\/antigo-reitor-da-universidade-dos-acores-condecorado-em-dia-de-portugal\/","url":"https:\/\/diariodalagoa.pt\/antigo-reitor-da-universidade-dos-acores-condecorado-em-dia-de-portugal\/","name":"Antigo reitor da Universidade dos A\u00e7ores condecorado em Dia de Portugal - Di\u00e1rio da Lagoa","isPartOf":{"@id":"https:\/\/diariodalagoa.pt\/#website"},"datePublished":"2014-06-05T10:21:07+00:00","dateModified":"2014-06-05T10:21:07+00:00","author":{"@id":"https:\/\/diariodalagoa.pt\/#\/schema\/person\/1615a002370e8857b6f972834bc43ece"},"breadcrumb":{"@id":"https:\/\/diariodalagoa.pt\/antigo-reitor-da-universidade-dos-acores-condecorado-em-dia-de-portugal\/#breadcrumb"},"inLanguage":"fr-FR","potentialAction":[{"@type":"ReadAction","target":["https:\/\/diariodalagoa.pt\/antigo-reitor-da-universidade-dos-acores-condecorado-em-dia-de-portugal\/"]}]},{"@type":"BreadcrumbList","@id":"https:\/\/diariodalagoa.pt\/antigo-reitor-da-universidade-dos-acores-condecorado-em-dia-de-portugal\/#breadcrumb","itemListElement":[{"@type":"ListItem","position":1,"name":"In\u00edcio","item":"https:\/\/diariodalagoa.pt\/"},{"@type":"ListItem","position":2,"name":"Antigo reitor da Universidade dos A\u00e7ores condecorado em Dia de Portugal"}]},{"@type":"WebSite","@id":"https:\/\/diariodalagoa.pt\/#website","url":"https:\/\/diariodalagoa.pt\/","name":"Di\u00e1rio da Lagoa","description":"Di\u00e1rio da Lagoa. As not\u00edcias que contam. A partir da Lagoa, nos A\u00e7ores, para o mundo.","potentialAction":[{"@type":"SearchAction","target":{"@type":"EntryPoint","urlTemplate":"https:\/\/diariodalagoa.pt\/?s={search_term_string}"},"query-input":"required name=search_term_string"}],"inLanguage":"fr-FR"},{"@type":"Person","@id":"https:\/\/diariodalagoa.pt\/#\/schema\/person\/1615a002370e8857b6f972834bc43ece","name":"Di\u00e1rio da Lagoa","image":{"@type":"ImageObject","inLanguage":"fr-FR","@id":"https:\/\/diariodalagoa.pt\/#\/schema\/person\/image\/","url":"https:\/\/secure.gravatar.com\/avatar\/2cb5cef90a26f8fbd4d9d930608102c5?s=96&d=mm&r=g","contentUrl":"https:\/\/secure.gravatar.com\/avatar\/2cb5cef90a26f8fbd4d9d930608102c5?s=96&d=mm&r=g","caption":"Di\u00e1rio da Lagoa"},"url":"https:\/\/diariodalagoa.pt\/fr\/author\/diariodalagoa\/"}]}},"_links":{"self":[{"href":"https:\/\/diariodalagoa.pt\/fr\/wp-json\/wp\/v2\/posts\/5214"}],"collection":[{"href":"https:\/\/diariodalagoa.pt\/fr\/wp-json\/wp\/v2\/posts"}],"about":[{"href":"https:\/\/diariodalagoa.pt\/fr\/wp-json\/wp\/v2\/types\/post"}],"author":[{"embeddable":true,"href":"https:\/\/diariodalagoa.pt\/fr\/wp-json\/wp\/v2\/users\/2"}],"replies":[{"embeddable":true,"href":"https:\/\/diariodalagoa.pt\/fr\/wp-json\/wp\/v2\/comments?post=5214"}],"version-history":[{"count":0,"href":"https:\/\/diariodalagoa.pt\/fr\/wp-json\/wp\/v2\/posts\/5214\/revisions"}],"wp:featuredmedia":[{"embeddable":true,"href":"https:\/\/diariodalagoa.pt\/fr\/wp-json\/wp\/v2\/media\/121994"}],"wp:attachment":[{"href":"https:\/\/diariodalagoa.pt\/fr\/wp-json\/wp\/v2\/media?parent=5214"}],"wp:term":[{"taxonomy":"category","embeddable":true,"href":"https:\/\/diariodalagoa.pt\/fr\/wp-json\/wp\/v2\/categories?post=5214"},{"taxonomy":"post_tag","embeddable":true,"href":"https:\/\/diariodalagoa.pt\/fr\/wp-json\/wp\/v2\/tags?post=5214"}],"curies":[{"name":"wp","href":"https:\/\/api.w.org\/{rel}","templated":true}]}}