{"id":5074,"date":"2014-05-31T16:38:16","date_gmt":"2014-05-31T16:38:16","guid":{"rendered":"http:\/\/diariodalagoa.pt\/?p=5074"},"modified":"2014-05-31T16:38:16","modified_gmt":"2014-05-31T16:38:16","slug":"governo-dos-acores-reforca-proximidade-do-servico-de-acolhimento-de-doentes-deslocados","status":"publish","type":"post","link":"https:\/\/diariodalagoa.pt\/fr\/governo-dos-acores-reforca-proximidade-do-servico-de-acolhimento-de-doentes-deslocados\/","title":{"rendered":"Governo dos A\u00e7ores refor\u00e7a proximidade do Servi\u00e7o de Acolhimento de Doentes Deslocados"},"content":{"rendered":"<p style=\"text-align: justify;\"><a href=\"http:\/\/diariodalagoa.pt\/wp-content\/uploads\/2014\/05\/doentes-deslocados.jpg\"><img decoding=\"async\" class=\"alignnone size-full wp-image-5075\" alt=\"doentes-deslocados\" src=\"http:\/\/diariodalagoa.pt\/wp-content\/uploads\/2014\/05\/doentes-deslocados.jpg\" width=\"720\" height=\"379\" \/><\/a><\/p>\n<p style=\"text-align: justify;\"><span style=\"color: #000000;\">A Secretaria Regional da Solidariedade Social, em parceria com a Casa dos A\u00e7ores do Norte, tendo em vista o refor\u00e7o da proximidade do Servi\u00e7o de Acolhimento de Doentes Deslocados (SADD), promoveu hoje, nas instala\u00e7\u00f5es deste servi\u00e7o em Lisboa, uma a\u00e7\u00e3o de forma\u00e7\u00e3o para os seus colaboradores.\u00a0<\/span><\/p>\n<p style=\"text-align: justify;\"><span style=\"color: #000000;\">A iniciativa visou tamb\u00e9m dotar os profissionais deste servi\u00e7o com estrat\u00e9gias facilitadoras para promover um melhor acompanhamento e apoio aos doentes e seus acompanhantes.\u00a0<\/span><\/p>\n<p style=\"text-align: justify;\"><span style=\"color: #000000;\">A a\u00e7\u00e3o insere-se no \u00e2mbito de um protocolo de colabora\u00e7\u00e3o estabelecido entre o Governo Regional e a Casa dos A\u00e7ores do Norte, em vigor desde janeiro, para assegurar uma resposta de apoio psicossocial aos a\u00e7orianos doentes e seus acompanhantes, em situa\u00e7\u00e3o de fragilidade, que se encontrem deslocados na cidade do Porto.\u00a0<\/span><\/p>\n<p style=\"text-align: justify;\"><span style=\"color: #000000;\">O SADD, um servi\u00e7o dependente da Dire\u00e7\u00e3o Regional da Solidariedade Social, realiza, em m\u00e9dia, cerca de 3.700 atendimentos por ano.\u00a0<\/span><\/p>\n<p style=\"text-align: justify;\"><span style=\"color: #000000;\">A sua miss\u00e3o \u00e9 acolher, informar e apoiar os a\u00e7orianos e seus acompanhantes que estejam deslocados no continente por motivo de interven\u00e7\u00f5es cir\u00fargicas, consultas ou tratamentos m\u00e9dicos.\u00a0<\/span><\/p>\n<p style=\"text-align: justify;\"><span style=\"color: #000000;\">Com mais esta iniciativa, o Governo\u00a0continua a responder a todos os a\u00e7orianos, particularmente quando se encontram em situa\u00e7\u00e3o de maior fragilidade, melhorando o servi\u00e7o que lhes \u00e9 prestado, seja do ponto de vista t\u00e9cnico ou\u00a0humano.<\/span><\/p>\n<p style=\"text-align: justify;\"><span style=\"color: #000000;\"><em>DL\/GaCs<\/em><\/span><\/p>","protected":false},"excerpt":{"rendered":"<p>A Secretaria Regional da Solidariedade Social, em parceria com a Casa dos A\u00e7ores do Norte, tendo em vista o refor\u00e7o da proximidade do Servi\u00e7o de Acolhimento de Doentes Deslocados (SADD), promoveu hoje, nas instala\u00e7\u00f5es deste servi\u00e7o em Lisboa, uma a\u00e7\u00e3o de forma\u00e7\u00e3o para os seus colaboradores.\u00a0 A iniciativa visou tamb\u00e9m dotar os profissionais deste servi\u00e7o [&hellip;]<\/p>","protected":false},"author":2,"featured_media":122002,"comment_status":"open","ping_status":"open","sticky":false,"template":"","format":"standard","meta":[],"categories":[21],"tags":[],"acf":[],"yoast_head":"<!-- This site is optimized with the Yoast SEO plugin v20.10 - https:\/\/yoast.com\/wordpress\/plugins\/seo\/ -->\n<title>Governo dos A\u00e7ores refor\u00e7a proximidade do Servi\u00e7o de Acolhimento de Doentes Deslocados - Di\u00e1rio da Lagoa<\/title>\n<meta name=\"robots\" content=\"index, follow, max-snippet:-1, max-image-preview:large, max-video-preview:-1\" \/>\n<link rel=\"canonical\" href=\"https:\/\/diariodalagoa.pt\/fr\/governo-dos-acores-reforca-proximidade-do-servico-de-acolhimento-de-doentes-deslocados\/\" \/>\n<meta property=\"og:locale\" content=\"fr_FR\" \/>\n<meta property=\"og:type\" content=\"article\" \/>\n<meta property=\"og:title\" content=\"Governo dos A\u00e7ores refor\u00e7a proximidade do Servi\u00e7o de Acolhimento de Doentes Deslocados - Di\u00e1rio da Lagoa\" \/>\n<meta property=\"og:description\" content=\"A Secretaria Regional da Solidariedade Social, em parceria com a Casa dos A\u00e7ores do Norte, tendo em vista o refor\u00e7o da proximidade do Servi\u00e7o de Acolhimento de Doentes Deslocados (SADD), promoveu hoje, nas instala\u00e7\u00f5es deste servi\u00e7o em Lisboa, uma a\u00e7\u00e3o de forma\u00e7\u00e3o para os seus colaboradores.\u00a0 A iniciativa visou tamb\u00e9m dotar os profissionais deste servi\u00e7o [&hellip;]\" \/>\n<meta property=\"og:url\" content=\"https:\/\/diariodalagoa.pt\/fr\/governo-dos-acores-reforca-proximidade-do-servico-de-acolhimento-de-doentes-deslocados\/\" \/>\n<meta property=\"og:site_name\" content=\"Di\u00e1rio da Lagoa\" \/>\n<meta property=\"article:published_time\" content=\"2014-05-31T16:38:16+00:00\" \/>\n<meta property=\"og:image\" content=\"https:\/\/diariodalagoa.pt\/wp-content\/uploads\/2014\/05\/doentes-deslocados.jpg\" \/>\n\t<meta property=\"og:image:width\" content=\"720\" \/>\n\t<meta property=\"og:image:height\" content=\"379\" \/>\n\t<meta property=\"og:image:type\" content=\"image\/jpeg\" \/>\n<meta name=\"author\" content=\"Di\u00e1rio da Lagoa\" \/>\n<meta name=\"twitter:card\" content=\"summary_large_image\" \/>\n<meta name=\"twitter:label1\" content=\"\u00c9crit par\" \/>\n\t<meta name=\"twitter:data1\" content=\"Di\u00e1rio da Lagoa\" \/>\n\t<meta name=\"twitter:label2\" content=\"Dur\u00e9e de lecture estim\u00e9e\" \/>\n\t<meta name=\"twitter:data2\" content=\"1 minute\" \/>\n<script type=\"application\/ld+json\" class=\"yoast-schema-graph\">{\"@context\":\"https:\/\/schema.org\",\"@graph\":[{\"@type\":\"WebPage\",\"@id\":\"https:\/\/diariodalagoa.pt\/governo-dos-acores-reforca-proximidade-do-servico-de-acolhimento-de-doentes-deslocados\/\",\"url\":\"https:\/\/diariodalagoa.pt\/governo-dos-acores-reforca-proximidade-do-servico-de-acolhimento-de-doentes-deslocados\/\",\"name\":\"Governo dos A\u00e7ores refor\u00e7a proximidade do Servi\u00e7o de Acolhimento de Doentes Deslocados - Di\u00e1rio da Lagoa\",\"isPartOf\":{\"@id\":\"https:\/\/diariodalagoa.pt\/#website\"},\"datePublished\":\"2014-05-31T16:38:16+00:00\",\"dateModified\":\"2014-05-31T16:38:16+00:00\",\"author\":{\"@id\":\"https:\/\/diariodalagoa.pt\/#\/schema\/person\/1615a002370e8857b6f972834bc43ece\"},\"breadcrumb\":{\"@id\":\"https:\/\/diariodalagoa.pt\/governo-dos-acores-reforca-proximidade-do-servico-de-acolhimento-de-doentes-deslocados\/#breadcrumb\"},\"inLanguage\":\"fr-FR\",\"potentialAction\":[{\"@type\":\"ReadAction\",\"target\":[\"https:\/\/diariodalagoa.pt\/governo-dos-acores-reforca-proximidade-do-servico-de-acolhimento-de-doentes-deslocados\/\"]}]},{\"@type\":\"BreadcrumbList\",\"@id\":\"https:\/\/diariodalagoa.pt\/governo-dos-acores-reforca-proximidade-do-servico-de-acolhimento-de-doentes-deslocados\/#breadcrumb\",\"itemListElement\":[{\"@type\":\"ListItem\",\"position\":1,\"name\":\"In\u00edcio\",\"item\":\"https:\/\/diariodalagoa.pt\/\"},{\"@type\":\"ListItem\",\"position\":2,\"name\":\"Governo dos A\u00e7ores refor\u00e7a proximidade do Servi\u00e7o de Acolhimento de Doentes Deslocados\"}]},{\"@type\":\"WebSite\",\"@id\":\"https:\/\/diariodalagoa.pt\/#website\",\"url\":\"https:\/\/diariodalagoa.pt\/\",\"name\":\"Di\u00e1rio da Lagoa\",\"description\":\"Di\u00e1rio da Lagoa. As not\u00edcias que contam. A partir da Lagoa, nos A\u00e7ores, para o mundo.\",\"potentialAction\":[{\"@type\":\"SearchAction\",\"target\":{\"@type\":\"EntryPoint\",\"urlTemplate\":\"https:\/\/diariodalagoa.pt\/?s={search_term_string}\"},\"query-input\":\"required name=search_term_string\"}],\"inLanguage\":\"fr-FR\"},{\"@type\":\"Person\",\"@id\":\"https:\/\/diariodalagoa.pt\/#\/schema\/person\/1615a002370e8857b6f972834bc43ece\",\"name\":\"Di\u00e1rio da Lagoa\",\"image\":{\"@type\":\"ImageObject\",\"inLanguage\":\"fr-FR\",\"@id\":\"https:\/\/diariodalagoa.pt\/#\/schema\/person\/image\/\",\"url\":\"https:\/\/secure.gravatar.com\/avatar\/2cb5cef90a26f8fbd4d9d930608102c5?s=96&d=mm&r=g\",\"contentUrl\":\"https:\/\/secure.gravatar.com\/avatar\/2cb5cef90a26f8fbd4d9d930608102c5?s=96&d=mm&r=g\",\"caption\":\"Di\u00e1rio da Lagoa\"},\"url\":\"https:\/\/diariodalagoa.pt\/fr\/author\/diariodalagoa\/\"}]}<\/script>\n<!-- \/ Yoast SEO plugin. -->","yoast_head_json":{"title":"Governo dos A\u00e7ores refor\u00e7a proximidade do Servi\u00e7o de Acolhimento de Doentes Deslocados - Di\u00e1rio da Lagoa","robots":{"index":"index","follow":"follow","max-snippet":"max-snippet:-1","max-image-preview":"max-image-preview:large","max-video-preview":"max-video-preview:-1"},"canonical":"https:\/\/diariodalagoa.pt\/fr\/governo-dos-acores-reforca-proximidade-do-servico-de-acolhimento-de-doentes-deslocados\/","og_locale":"fr_FR","og_type":"article","og_title":"Governo dos A\u00e7ores refor\u00e7a proximidade do Servi\u00e7o de Acolhimento de Doentes Deslocados - Di\u00e1rio da Lagoa","og_description":"A Secretaria Regional da Solidariedade Social, em parceria com a Casa dos A\u00e7ores do Norte, tendo em vista o refor\u00e7o da proximidade do Servi\u00e7o de Acolhimento de Doentes Deslocados (SADD), promoveu hoje, nas instala\u00e7\u00f5es deste servi\u00e7o em Lisboa, uma a\u00e7\u00e3o de forma\u00e7\u00e3o para os seus colaboradores.\u00a0 A iniciativa visou tamb\u00e9m dotar os profissionais deste servi\u00e7o [&hellip;]","og_url":"https:\/\/diariodalagoa.pt\/fr\/governo-dos-acores-reforca-proximidade-do-servico-de-acolhimento-de-doentes-deslocados\/","og_site_name":"Di\u00e1rio da Lagoa","article_published_time":"2014-05-31T16:38:16+00:00","og_image":[{"width":720,"height":379,"url":"https:\/\/diariodalagoa.pt\/wp-content\/uploads\/2014\/05\/doentes-deslocados.jpg","type":"image\/jpeg"}],"author":"Di\u00e1rio da Lagoa","twitter_card":"summary_large_image","twitter_misc":{"\u00c9crit par":"Di\u00e1rio da Lagoa","Dur\u00e9e de lecture estim\u00e9e":"1 minute"},"schema":{"@context":"https:\/\/schema.org","@graph":[{"@type":"WebPage","@id":"https:\/\/diariodalagoa.pt\/governo-dos-acores-reforca-proximidade-do-servico-de-acolhimento-de-doentes-deslocados\/","url":"https:\/\/diariodalagoa.pt\/governo-dos-acores-reforca-proximidade-do-servico-de-acolhimento-de-doentes-deslocados\/","name":"Governo dos A\u00e7ores refor\u00e7a proximidade do Servi\u00e7o de Acolhimento de Doentes Deslocados - Di\u00e1rio da Lagoa","isPartOf":{"@id":"https:\/\/diariodalagoa.pt\/#website"},"datePublished":"2014-05-31T16:38:16+00:00","dateModified":"2014-05-31T16:38:16+00:00","author":{"@id":"https:\/\/diariodalagoa.pt\/#\/schema\/person\/1615a002370e8857b6f972834bc43ece"},"breadcrumb":{"@id":"https:\/\/diariodalagoa.pt\/governo-dos-acores-reforca-proximidade-do-servico-de-acolhimento-de-doentes-deslocados\/#breadcrumb"},"inLanguage":"fr-FR","potentialAction":[{"@type":"ReadAction","target":["https:\/\/diariodalagoa.pt\/governo-dos-acores-reforca-proximidade-do-servico-de-acolhimento-de-doentes-deslocados\/"]}]},{"@type":"BreadcrumbList","@id":"https:\/\/diariodalagoa.pt\/governo-dos-acores-reforca-proximidade-do-servico-de-acolhimento-de-doentes-deslocados\/#breadcrumb","itemListElement":[{"@type":"ListItem","position":1,"name":"In\u00edcio","item":"https:\/\/diariodalagoa.pt\/"},{"@type":"ListItem","position":2,"name":"Governo dos A\u00e7ores refor\u00e7a proximidade do Servi\u00e7o de Acolhimento de Doentes Deslocados"}]},{"@type":"WebSite","@id":"https:\/\/diariodalagoa.pt\/#website","url":"https:\/\/diariodalagoa.pt\/","name":"Di\u00e1rio da Lagoa","description":"Di\u00e1rio da Lagoa. As not\u00edcias que contam. A partir da Lagoa, nos A\u00e7ores, para o mundo.","potentialAction":[{"@type":"SearchAction","target":{"@type":"EntryPoint","urlTemplate":"https:\/\/diariodalagoa.pt\/?s={search_term_string}"},"query-input":"required name=search_term_string"}],"inLanguage":"fr-FR"},{"@type":"Person","@id":"https:\/\/diariodalagoa.pt\/#\/schema\/person\/1615a002370e8857b6f972834bc43ece","name":"Di\u00e1rio da Lagoa","image":{"@type":"ImageObject","inLanguage":"fr-FR","@id":"https:\/\/diariodalagoa.pt\/#\/schema\/person\/image\/","url":"https:\/\/secure.gravatar.com\/avatar\/2cb5cef90a26f8fbd4d9d930608102c5?s=96&d=mm&r=g","contentUrl":"https:\/\/secure.gravatar.com\/avatar\/2cb5cef90a26f8fbd4d9d930608102c5?s=96&d=mm&r=g","caption":"Di\u00e1rio da Lagoa"},"url":"https:\/\/diariodalagoa.pt\/fr\/author\/diariodalagoa\/"}]}},"_links":{"self":[{"href":"https:\/\/diariodalagoa.pt\/fr\/wp-json\/wp\/v2\/posts\/5074"}],"collection":[{"href":"https:\/\/diariodalagoa.pt\/fr\/wp-json\/wp\/v2\/posts"}],"about":[{"href":"https:\/\/diariodalagoa.pt\/fr\/wp-json\/wp\/v2\/types\/post"}],"author":[{"embeddable":true,"href":"https:\/\/diariodalagoa.pt\/fr\/wp-json\/wp\/v2\/users\/2"}],"replies":[{"embeddable":true,"href":"https:\/\/diariodalagoa.pt\/fr\/wp-json\/wp\/v2\/comments?post=5074"}],"version-history":[{"count":0,"href":"https:\/\/diariodalagoa.pt\/fr\/wp-json\/wp\/v2\/posts\/5074\/revisions"}],"wp:featuredmedia":[{"embeddable":true,"href":"https:\/\/diariodalagoa.pt\/fr\/wp-json\/wp\/v2\/media\/122002"}],"wp:attachment":[{"href":"https:\/\/diariodalagoa.pt\/fr\/wp-json\/wp\/v2\/media?parent=5074"}],"wp:term":[{"taxonomy":"category","embeddable":true,"href":"https:\/\/diariodalagoa.pt\/fr\/wp-json\/wp\/v2\/categories?post=5074"},{"taxonomy":"post_tag","embeddable":true,"href":"https:\/\/diariodalagoa.pt\/fr\/wp-json\/wp\/v2\/tags?post=5074"}],"curies":[{"name":"wp","href":"https:\/\/api.w.org\/{rel}","templated":true}]}}