{"id":4557,"date":"2014-05-20T16:01:33","date_gmt":"2014-05-20T17:01:33","guid":{"rendered":"http:\/\/diariodalagoa.pt\/?p=4557"},"modified":"2014-05-20T16:01:33","modified_gmt":"2014-05-20T17:01:33","slug":"atlanticoline-lanca-uma-nova-tarifa-destinada-a-jovens","status":"publish","type":"post","link":"https:\/\/diariodalagoa.pt\/fr\/atlanticoline-lanca-uma-nova-tarifa-destinada-a-jovens\/","title":{"rendered":"Atl\u00e2nticoline lan\u00e7a uma nova tarifa destinada a jovens"},"content":{"rendered":"<p style=\"text-align: justify;\"><a href=\"http:\/\/diariodalagoa.pt\/wp-content\/uploads\/2014\/05\/Atlanticoline_Santorini_Pico_ago13.jpg\"><img decoding=\"async\" class=\"alignnone size-full wp-image-4558\" alt=\"Atlanticoline_Santorini_Pico_ago13\" src=\"http:\/\/diariodalagoa.pt\/wp-content\/uploads\/2014\/05\/Atlanticoline_Santorini_Pico_ago13.jpg\" width=\"720\" height=\"380\" \/><\/a><\/p>\n<p style=\"text-align: justify;\"><span style=\"color: #000000;\">No pr\u00f3ximo dia 30 de maio, a Atl\u00e2nticoline lan\u00e7a uma nova tarifa destinada a jovens, em complemento das tarifas j\u00e1 existentes, permitindo aos jovens que t\u00eam alguma limita\u00e7\u00e3o or\u00e7amental fazerem in\u00fameras viagens no ver\u00e3o.<\/span><\/p>\n<p style=\"text-align: justify;\"><span style=\"color: #000000;\">A nova tarifa chama-se Atl\u00e2nticojovem e destina-se a jovens dos 13 aos 22 anos de idade, a quem \u00e9 concedido um desconto de 50% sobre a tarifa regular, em qualquer percurso. Com esta tarifa, um jovem com a idade alvo pode fazer duas viagens pelo pre\u00e7o de uma, sem qualquer custo adicional.<\/span><\/p>\n<p style=\"text-align: justify;\"><span style=\"color: #000000;\">A tarifa Atl\u00e2nticojovem permite altera\u00e7\u00f5es \u00e0 reserva, com as regras similares \u00e0s tarifas regulares, n\u00e3o sendo apenas permitida a devolu\u00e7\u00e3o do valor pago em caso de anula\u00e7\u00e3o.<\/span><\/p>\n<p style=\"text-align: justify;\"><span style=\"color: #000000;\"><em>DL\/Atl\u00e2nticoline<\/em><\/span><\/p>","protected":false},"excerpt":{"rendered":"<p>No pr\u00f3ximo dia 30 de maio, a Atl\u00e2nticoline lan\u00e7a uma nova tarifa destinada a jovens, em complemento das tarifas j\u00e1 existentes, permitindo aos jovens que t\u00eam alguma limita\u00e7\u00e3o or\u00e7amental fazerem in\u00fameras viagens no ver\u00e3o. A nova tarifa chama-se Atl\u00e2nticojovem e destina-se a jovens dos 13 aos 22 anos de idade, a quem \u00e9 concedido um [&hellip;]<\/p>","protected":false},"author":2,"featured_media":122019,"comment_status":"open","ping_status":"open","sticky":false,"template":"","format":"standard","meta":[],"categories":[21],"tags":[],"acf":[],"yoast_head":"<!-- This site is optimized with the Yoast SEO plugin v20.10 - https:\/\/yoast.com\/wordpress\/plugins\/seo\/ -->\n<title>Atl\u00e2nticoline lan\u00e7a uma nova tarifa destinada a jovens - Di\u00e1rio da Lagoa<\/title>\n<meta name=\"robots\" content=\"index, follow, max-snippet:-1, max-image-preview:large, max-video-preview:-1\" \/>\n<link rel=\"canonical\" href=\"https:\/\/diariodalagoa.pt\/fr\/atlanticoline-lanca-uma-nova-tarifa-destinada-a-jovens\/\" \/>\n<meta property=\"og:locale\" content=\"fr_FR\" \/>\n<meta property=\"og:type\" content=\"article\" \/>\n<meta property=\"og:title\" content=\"Atl\u00e2nticoline lan\u00e7a uma nova tarifa destinada a jovens - Di\u00e1rio da Lagoa\" \/>\n<meta property=\"og:description\" content=\"No pr\u00f3ximo dia 30 de maio, a Atl\u00e2nticoline lan\u00e7a uma nova tarifa destinada a jovens, em complemento das tarifas j\u00e1 existentes, permitindo aos jovens que t\u00eam alguma limita\u00e7\u00e3o or\u00e7amental fazerem in\u00fameras viagens no ver\u00e3o. A nova tarifa chama-se Atl\u00e2nticojovem e destina-se a jovens dos 13 aos 22 anos de idade, a quem \u00e9 concedido um [&hellip;]\" \/>\n<meta property=\"og:url\" content=\"https:\/\/diariodalagoa.pt\/fr\/atlanticoline-lanca-uma-nova-tarifa-destinada-a-jovens\/\" \/>\n<meta property=\"og:site_name\" content=\"Di\u00e1rio da Lagoa\" \/>\n<meta property=\"article:published_time\" content=\"2014-05-20T17:01:33+00:00\" \/>\n<meta property=\"og:image\" content=\"https:\/\/diariodalagoa.pt\/wp-content\/uploads\/2014\/05\/atlanticoline-santorini-pico-ago13.jpg\" \/>\n\t<meta property=\"og:image:width\" content=\"720\" \/>\n\t<meta property=\"og:image:height\" content=\"380\" \/>\n\t<meta property=\"og:image:type\" content=\"image\/jpeg\" \/>\n<meta name=\"author\" content=\"Di\u00e1rio da Lagoa\" \/>\n<meta name=\"twitter:card\" content=\"summary_large_image\" \/>\n<meta name=\"twitter:label1\" content=\"\u00c9crit par\" \/>\n\t<meta name=\"twitter:data1\" content=\"Di\u00e1rio da Lagoa\" \/>\n\t<meta name=\"twitter:label2\" content=\"Dur\u00e9e de lecture estim\u00e9e\" \/>\n\t<meta name=\"twitter:data2\" content=\"1 minute\" \/>\n<script type=\"application\/ld+json\" class=\"yoast-schema-graph\">{\"@context\":\"https:\/\/schema.org\",\"@graph\":[{\"@type\":\"WebPage\",\"@id\":\"https:\/\/diariodalagoa.pt\/atlanticoline-lanca-uma-nova-tarifa-destinada-a-jovens\/\",\"url\":\"https:\/\/diariodalagoa.pt\/atlanticoline-lanca-uma-nova-tarifa-destinada-a-jovens\/\",\"name\":\"Atl\u00e2nticoline lan\u00e7a uma nova tarifa destinada a jovens - Di\u00e1rio da Lagoa\",\"isPartOf\":{\"@id\":\"https:\/\/diariodalagoa.pt\/#website\"},\"datePublished\":\"2014-05-20T17:01:33+00:00\",\"dateModified\":\"2014-05-20T17:01:33+00:00\",\"author\":{\"@id\":\"https:\/\/diariodalagoa.pt\/#\/schema\/person\/1615a002370e8857b6f972834bc43ece\"},\"breadcrumb\":{\"@id\":\"https:\/\/diariodalagoa.pt\/atlanticoline-lanca-uma-nova-tarifa-destinada-a-jovens\/#breadcrumb\"},\"inLanguage\":\"fr-FR\",\"potentialAction\":[{\"@type\":\"ReadAction\",\"target\":[\"https:\/\/diariodalagoa.pt\/atlanticoline-lanca-uma-nova-tarifa-destinada-a-jovens\/\"]}]},{\"@type\":\"BreadcrumbList\",\"@id\":\"https:\/\/diariodalagoa.pt\/atlanticoline-lanca-uma-nova-tarifa-destinada-a-jovens\/#breadcrumb\",\"itemListElement\":[{\"@type\":\"ListItem\",\"position\":1,\"name\":\"In\u00edcio\",\"item\":\"https:\/\/diariodalagoa.pt\/\"},{\"@type\":\"ListItem\",\"position\":2,\"name\":\"Atl\u00e2nticoline lan\u00e7a uma nova tarifa destinada a jovens\"}]},{\"@type\":\"WebSite\",\"@id\":\"https:\/\/diariodalagoa.pt\/#website\",\"url\":\"https:\/\/diariodalagoa.pt\/\",\"name\":\"Di\u00e1rio da Lagoa\",\"description\":\"Di\u00e1rio da Lagoa. As not\u00edcias que contam. A partir da Lagoa, nos A\u00e7ores, para o mundo.\",\"potentialAction\":[{\"@type\":\"SearchAction\",\"target\":{\"@type\":\"EntryPoint\",\"urlTemplate\":\"https:\/\/diariodalagoa.pt\/?s={search_term_string}\"},\"query-input\":\"required name=search_term_string\"}],\"inLanguage\":\"fr-FR\"},{\"@type\":\"Person\",\"@id\":\"https:\/\/diariodalagoa.pt\/#\/schema\/person\/1615a002370e8857b6f972834bc43ece\",\"name\":\"Di\u00e1rio da Lagoa\",\"image\":{\"@type\":\"ImageObject\",\"inLanguage\":\"fr-FR\",\"@id\":\"https:\/\/diariodalagoa.pt\/#\/schema\/person\/image\/\",\"url\":\"https:\/\/secure.gravatar.com\/avatar\/2cb5cef90a26f8fbd4d9d930608102c5?s=96&d=mm&r=g\",\"contentUrl\":\"https:\/\/secure.gravatar.com\/avatar\/2cb5cef90a26f8fbd4d9d930608102c5?s=96&d=mm&r=g\",\"caption\":\"Di\u00e1rio da Lagoa\"},\"url\":\"https:\/\/diariodalagoa.pt\/fr\/author\/diariodalagoa\/\"}]}<\/script>\n<!-- \/ Yoast SEO plugin. -->","yoast_head_json":{"title":"Atl\u00e2nticoline lan\u00e7a uma nova tarifa destinada a jovens - Di\u00e1rio da Lagoa","robots":{"index":"index","follow":"follow","max-snippet":"max-snippet:-1","max-image-preview":"max-image-preview:large","max-video-preview":"max-video-preview:-1"},"canonical":"https:\/\/diariodalagoa.pt\/fr\/atlanticoline-lanca-uma-nova-tarifa-destinada-a-jovens\/","og_locale":"fr_FR","og_type":"article","og_title":"Atl\u00e2nticoline lan\u00e7a uma nova tarifa destinada a jovens - Di\u00e1rio da Lagoa","og_description":"No pr\u00f3ximo dia 30 de maio, a Atl\u00e2nticoline lan\u00e7a uma nova tarifa destinada a jovens, em complemento das tarifas j\u00e1 existentes, permitindo aos jovens que t\u00eam alguma limita\u00e7\u00e3o or\u00e7amental fazerem in\u00fameras viagens no ver\u00e3o. A nova tarifa chama-se Atl\u00e2nticojovem e destina-se a jovens dos 13 aos 22 anos de idade, a quem \u00e9 concedido um [&hellip;]","og_url":"https:\/\/diariodalagoa.pt\/fr\/atlanticoline-lanca-uma-nova-tarifa-destinada-a-jovens\/","og_site_name":"Di\u00e1rio da Lagoa","article_published_time":"2014-05-20T17:01:33+00:00","og_image":[{"width":720,"height":380,"url":"https:\/\/diariodalagoa.pt\/wp-content\/uploads\/2014\/05\/atlanticoline-santorini-pico-ago13.jpg","type":"image\/jpeg"}],"author":"Di\u00e1rio da Lagoa","twitter_card":"summary_large_image","twitter_misc":{"\u00c9crit par":"Di\u00e1rio da Lagoa","Dur\u00e9e de lecture estim\u00e9e":"1 minute"},"schema":{"@context":"https:\/\/schema.org","@graph":[{"@type":"WebPage","@id":"https:\/\/diariodalagoa.pt\/atlanticoline-lanca-uma-nova-tarifa-destinada-a-jovens\/","url":"https:\/\/diariodalagoa.pt\/atlanticoline-lanca-uma-nova-tarifa-destinada-a-jovens\/","name":"Atl\u00e2nticoline lan\u00e7a uma nova tarifa destinada a jovens - Di\u00e1rio da Lagoa","isPartOf":{"@id":"https:\/\/diariodalagoa.pt\/#website"},"datePublished":"2014-05-20T17:01:33+00:00","dateModified":"2014-05-20T17:01:33+00:00","author":{"@id":"https:\/\/diariodalagoa.pt\/#\/schema\/person\/1615a002370e8857b6f972834bc43ece"},"breadcrumb":{"@id":"https:\/\/diariodalagoa.pt\/atlanticoline-lanca-uma-nova-tarifa-destinada-a-jovens\/#breadcrumb"},"inLanguage":"fr-FR","potentialAction":[{"@type":"ReadAction","target":["https:\/\/diariodalagoa.pt\/atlanticoline-lanca-uma-nova-tarifa-destinada-a-jovens\/"]}]},{"@type":"BreadcrumbList","@id":"https:\/\/diariodalagoa.pt\/atlanticoline-lanca-uma-nova-tarifa-destinada-a-jovens\/#breadcrumb","itemListElement":[{"@type":"ListItem","position":1,"name":"In\u00edcio","item":"https:\/\/diariodalagoa.pt\/"},{"@type":"ListItem","position":2,"name":"Atl\u00e2nticoline lan\u00e7a uma nova tarifa destinada a jovens"}]},{"@type":"WebSite","@id":"https:\/\/diariodalagoa.pt\/#website","url":"https:\/\/diariodalagoa.pt\/","name":"Di\u00e1rio da Lagoa","description":"Di\u00e1rio da Lagoa. As not\u00edcias que contam. A partir da Lagoa, nos A\u00e7ores, para o mundo.","potentialAction":[{"@type":"SearchAction","target":{"@type":"EntryPoint","urlTemplate":"https:\/\/diariodalagoa.pt\/?s={search_term_string}"},"query-input":"required name=search_term_string"}],"inLanguage":"fr-FR"},{"@type":"Person","@id":"https:\/\/diariodalagoa.pt\/#\/schema\/person\/1615a002370e8857b6f972834bc43ece","name":"Di\u00e1rio da Lagoa","image":{"@type":"ImageObject","inLanguage":"fr-FR","@id":"https:\/\/diariodalagoa.pt\/#\/schema\/person\/image\/","url":"https:\/\/secure.gravatar.com\/avatar\/2cb5cef90a26f8fbd4d9d930608102c5?s=96&d=mm&r=g","contentUrl":"https:\/\/secure.gravatar.com\/avatar\/2cb5cef90a26f8fbd4d9d930608102c5?s=96&d=mm&r=g","caption":"Di\u00e1rio da Lagoa"},"url":"https:\/\/diariodalagoa.pt\/fr\/author\/diariodalagoa\/"}]}},"_links":{"self":[{"href":"https:\/\/diariodalagoa.pt\/fr\/wp-json\/wp\/v2\/posts\/4557"}],"collection":[{"href":"https:\/\/diariodalagoa.pt\/fr\/wp-json\/wp\/v2\/posts"}],"about":[{"href":"https:\/\/diariodalagoa.pt\/fr\/wp-json\/wp\/v2\/types\/post"}],"author":[{"embeddable":true,"href":"https:\/\/diariodalagoa.pt\/fr\/wp-json\/wp\/v2\/users\/2"}],"replies":[{"embeddable":true,"href":"https:\/\/diariodalagoa.pt\/fr\/wp-json\/wp\/v2\/comments?post=4557"}],"version-history":[{"count":0,"href":"https:\/\/diariodalagoa.pt\/fr\/wp-json\/wp\/v2\/posts\/4557\/revisions"}],"wp:featuredmedia":[{"embeddable":true,"href":"https:\/\/diariodalagoa.pt\/fr\/wp-json\/wp\/v2\/media\/122019"}],"wp:attachment":[{"href":"https:\/\/diariodalagoa.pt\/fr\/wp-json\/wp\/v2\/media?parent=4557"}],"wp:term":[{"taxonomy":"category","embeddable":true,"href":"https:\/\/diariodalagoa.pt\/fr\/wp-json\/wp\/v2\/categories?post=4557"},{"taxonomy":"post_tag","embeddable":true,"href":"https:\/\/diariodalagoa.pt\/fr\/wp-json\/wp\/v2\/tags?post=4557"}],"curies":[{"name":"wp","href":"https:\/\/api.w.org\/{rel}","templated":true}]}}