{"id":4161,"date":"2014-05-06T11:43:56","date_gmt":"2014-05-06T11:43:56","guid":{"rendered":"http:\/\/diariodalagoa.pt\/?p=4161"},"modified":"2025-06-10T22:43:04","modified_gmt":"2025-06-10T22:43:04","slug":"cidade-de-lagoa-acolhe-projeto-um-dia-pela-vida","status":"publish","type":"post","link":"https:\/\/diariodalagoa.pt\/fr\/cidade-de-lagoa-acolhe-projeto-um-dia-pela-vida\/","title":{"rendered":"Cidade de Lagoa acolhe projeto \u201cUm Dia Pela Vida\u201d"},"content":{"rendered":"<p style=\"text-align: justify;\"><a href=\"http:\/\/diariodalagoa.pt\/wp-content\/uploads\/2014\/05\/Um-dia-pela-vida-Lagoa.jpg\"><img decoding=\"async\" class=\"alignnone size-full wp-image-4162\" alt=\"Um-dia-pela-vida-Lagoa\" src=\"http:\/\/diariodalagoa.pt\/wp-content\/uploads\/2014\/05\/Um-dia-pela-vida-Lagoa.jpg\" width=\"720\" height=\"382\" \/><\/a><\/p>\n<p><span style=\"color: #000000;\">A cidade de Lagoa, foi o quinto e \u00faltimo concelho a receber o projeto \u201cUm Dia Pela Vida Faj\u00e3 de Baixo\u201d. <\/span><\/p>\n<p><span style=\"color: #000000;\">A iniciativa, que arrancou no dia 08 de mar\u00e7o, est\u00e1 assim apresentada em todos os concelhos da maior ilha a\u00e7oriana e tem, desde o seu in\u00edcio, desenvolvido v\u00e1rias atividades.<\/span><\/p>\n<p><span style=\"color: #000000;\">Segundo a organiza\u00e7\u00e3o, este movimento desenvolve-se no \u00e2mbito do programa internacional da American Cancer Society \u201cRelay For Life\u201d e tem como principais objetivos informar, educar e angariar fundos para os programas de preven\u00e7\u00e3o e rastreio da Liga Portuguesa Contra o Cancro.<\/span><\/p>\n<p><span style=\"color: #000000;\"> Na apresenta\u00e7\u00e3o do projeto, que decorreu no Audit\u00f3rio Municipal da autarquia lagoense, a vice-presidente da C\u00e2mara Municipal, Cristina Decq Mota, demonstrou a satisfa\u00e7\u00e3o do concelho associar-se a este projeto, acrescentando que \u201cas pessoas aqui presentes t\u00eam responsabilidades na \u00e1rea social e, por isso, trata-se de um desafio que nos v\u00eam aqui deixar, e com muita responsabilidade pretendemos cumpri-lo\u201d.<\/span><\/p>\n<p><span style=\"color: #000000;\"> A respons\u00e1vel adiantou ainda que \u201cde uma forma geral, pretendemos perceber at\u00e9 que ponto \u00e9 que esta nossa colabora\u00e7\u00e3o pode ir e estamos certos que podemos fazer um trabalho muito v\u00e1lido\u201d.\u00a0<\/span><\/p>\n<p><span style=\"color: #000000;\"> A cerim\u00f3nia de apresenta\u00e7\u00e3o contou ainda com uma interven\u00e7\u00e3o da enfermeira Gra\u00e7a Ara\u00fajo, tamb\u00e9m vereadora na C\u00e2mara Municipal de Lagoa, que anunciou que a autarquia pretende desenvolver \u201cuma a\u00e7\u00e3o de sensibiliza\u00e7\u00e3o de informar e educar que ser\u00e1 junto dos nossos adolescentes\u201d. Uma iniciativa que ser\u00e1 realizada no Convento dos Frades, com jovens com mais de 15 anos, onde as pessoas, que j\u00e1 passaram pela doen\u00e7a ou que estejam ligadas \u00e0 mesma, poder\u00e3o dar o seu testemunho.<\/span><\/p>\n<p><span style=\"color: #000000;\"> Gra\u00e7a Ara\u00fajo acrescentou que o munic\u00edpio ir\u00e1 ainda desenvolver outras iniciativas, de forma a ajudar nos objetivos do projeto.<\/span><\/p>\n<p><span style=\"color: #000000;\">A apresenta\u00e7\u00e3o contou ainda com a interven\u00e7\u00e3o da Coordenadora Local do projeto, enfermeira Elvira Pimentel, que explicou os seus objetivos e princ\u00edpios orientadores.<\/span><\/p>\n<p><span style=\"color: #000000;\"> Por sua vez, a professora Leonor Melo, diretora da Escola Superior de Enfermagem de Ponta Delgada, apresentou uma confer\u00eancia subordinada ao tema \u201cPrevenir a doen\u00e7a oncol\u00f3gica\u201d.<\/span><\/p>\n<p><span style=\"color: #000000;\"> A sess\u00e3o de encerramento contou com a atua\u00e7\u00e3o do Grupo de Cantares Tradicionais de Santa Cruz.<\/span><\/p>\n<p><span style=\"color: #000000;\"> Esta \u00e9 a primeira vez que o projeto \u201cUm Dia Pela Vida\u201d decorre na ilha de S\u00e3o Miguel, sendo a 46\u00aa edi\u00e7\u00e3o em Portugal. A Faj\u00e3 de Baixo, em Ponta Delgada, \u00e9 a freguesia anfitri\u00e3, mas o evento entende-se a todos os concelhos da ilha.\u00a0<\/span><\/p>\n<p><span style=\"color: #000000;\"> O projeto \u201cUm Dia Pela Vida Faj\u00e3 de Baixo\u201d decorre at\u00e9 dia 14 de junho, dia da Festa de Encerramento, a decorrer no Parque Urbano de Ponta Delgada. At\u00e9 l\u00e1, est\u00e3o a ser desenvolvidas v\u00e1rias atividades, pelas diferentes equipas constitu\u00eddas, que promovam estilos de vida saud\u00e1veis e a angaria\u00e7\u00e3o de fundos.<\/span><\/p>\n<p style=\"text-align: justify;\"><em><span style=\"color: #000000;\">DL\/UPV<\/span><\/em><\/p>","protected":false},"excerpt":{"rendered":"<p>A cidade de Lagoa, foi o quinto e \u00faltimo concelho a receber o projeto \u201cUm Dia Pela Vida Faj\u00e3 de Baixo\u201d. A iniciativa, que arrancou no dia 08 de mar\u00e7o, est\u00e1 assim apresentada em todos os concelhos da maior ilha a\u00e7oriana e tem, desde o seu in\u00edcio, desenvolvido v\u00e1rias atividades. Segundo a organiza\u00e7\u00e3o, este movimento [&hellip;]<\/p>","protected":false},"author":2,"featured_media":113391,"comment_status":"open","ping_status":"open","sticky":false,"template":"","format":"standard","meta":[],"categories":[21],"tags":[],"acf":[],"yoast_head":"<!-- This site is optimized with the Yoast SEO plugin v20.10 - https:\/\/yoast.com\/wordpress\/plugins\/seo\/ -->\n<title>Cidade de Lagoa acolhe projeto \u201cUm Dia Pela Vida\u201d - Di\u00e1rio da Lagoa<\/title>\n<meta name=\"robots\" content=\"index, follow, max-snippet:-1, max-image-preview:large, max-video-preview:-1\" \/>\n<link rel=\"canonical\" href=\"https:\/\/diariodalagoa.pt\/fr\/cidade-de-lagoa-acolhe-projeto-um-dia-pela-vida\/\" \/>\n<meta property=\"og:locale\" content=\"fr_FR\" \/>\n<meta property=\"og:type\" content=\"article\" \/>\n<meta property=\"og:title\" content=\"Cidade de Lagoa acolhe projeto \u201cUm Dia Pela Vida\u201d - Di\u00e1rio da Lagoa\" \/>\n<meta property=\"og:description\" content=\"A cidade de Lagoa, foi o quinto e \u00faltimo concelho a receber o projeto \u201cUm Dia Pela Vida Faj\u00e3 de Baixo\u201d. A iniciativa, que arrancou no dia 08 de mar\u00e7o, est\u00e1 assim apresentada em todos os concelhos da maior ilha a\u00e7oriana e tem, desde o seu in\u00edcio, desenvolvido v\u00e1rias atividades. Segundo a organiza\u00e7\u00e3o, este movimento [&hellip;]\" \/>\n<meta property=\"og:url\" content=\"https:\/\/diariodalagoa.pt\/fr\/cidade-de-lagoa-acolhe-projeto-um-dia-pela-vida\/\" \/>\n<meta property=\"og:site_name\" content=\"Di\u00e1rio da Lagoa\" \/>\n<meta property=\"article:published_time\" content=\"2014-05-06T11:43:56+00:00\" \/>\n<meta property=\"article:modified_time\" content=\"2025-06-10T22:43:04+00:00\" \/>\n<meta property=\"og:image\" content=\"https:\/\/diariodalagoa.pt\/wp-content\/uploads\/2014\/05\/um-dia-pela-vida-lagoa.jpg\" \/>\n\t<meta property=\"og:image:width\" content=\"720\" \/>\n\t<meta property=\"og:image:height\" content=\"382\" \/>\n\t<meta property=\"og:image:type\" content=\"image\/jpeg\" \/>\n<meta name=\"author\" content=\"Di\u00e1rio da Lagoa\" \/>\n<meta name=\"twitter:card\" content=\"summary_large_image\" \/>\n<meta name=\"twitter:label1\" content=\"\u00c9crit par\" \/>\n\t<meta name=\"twitter:data1\" content=\"Di\u00e1rio da Lagoa\" \/>\n\t<meta name=\"twitter:label2\" content=\"Dur\u00e9e de lecture estim\u00e9e\" \/>\n\t<meta name=\"twitter:data2\" content=\"2 minutes\" \/>\n<script type=\"application\/ld+json\" class=\"yoast-schema-graph\">{\"@context\":\"https:\/\/schema.org\",\"@graph\":[{\"@type\":\"WebPage\",\"@id\":\"https:\/\/diariodalagoa.pt\/cidade-de-lagoa-acolhe-projeto-um-dia-pela-vida\/\",\"url\":\"https:\/\/diariodalagoa.pt\/cidade-de-lagoa-acolhe-projeto-um-dia-pela-vida\/\",\"name\":\"Cidade de Lagoa acolhe projeto \u201cUm Dia Pela Vida\u201d - Di\u00e1rio da Lagoa\",\"isPartOf\":{\"@id\":\"https:\/\/diariodalagoa.pt\/#website\"},\"datePublished\":\"2014-05-06T11:43:56+00:00\",\"dateModified\":\"2025-06-10T22:43:04+00:00\",\"author\":{\"@id\":\"https:\/\/diariodalagoa.pt\/#\/schema\/person\/1615a002370e8857b6f972834bc43ece\"},\"breadcrumb\":{\"@id\":\"https:\/\/diariodalagoa.pt\/cidade-de-lagoa-acolhe-projeto-um-dia-pela-vida\/#breadcrumb\"},\"inLanguage\":\"fr-FR\",\"potentialAction\":[{\"@type\":\"ReadAction\",\"target\":[\"https:\/\/diariodalagoa.pt\/cidade-de-lagoa-acolhe-projeto-um-dia-pela-vida\/\"]}]},{\"@type\":\"BreadcrumbList\",\"@id\":\"https:\/\/diariodalagoa.pt\/cidade-de-lagoa-acolhe-projeto-um-dia-pela-vida\/#breadcrumb\",\"itemListElement\":[{\"@type\":\"ListItem\",\"position\":1,\"name\":\"In\u00edcio\",\"item\":\"https:\/\/diariodalagoa.pt\/\"},{\"@type\":\"ListItem\",\"position\":2,\"name\":\"Cidade de Lagoa acolhe projeto \u201cUm Dia Pela Vida\u201d\"}]},{\"@type\":\"WebSite\",\"@id\":\"https:\/\/diariodalagoa.pt\/#website\",\"url\":\"https:\/\/diariodalagoa.pt\/\",\"name\":\"Di\u00e1rio da Lagoa\",\"description\":\"Di\u00e1rio da Lagoa. As not\u00edcias que contam. A partir da Lagoa, nos A\u00e7ores, para o mundo.\",\"potentialAction\":[{\"@type\":\"SearchAction\",\"target\":{\"@type\":\"EntryPoint\",\"urlTemplate\":\"https:\/\/diariodalagoa.pt\/?s={search_term_string}\"},\"query-input\":\"required name=search_term_string\"}],\"inLanguage\":\"fr-FR\"},{\"@type\":\"Person\",\"@id\":\"https:\/\/diariodalagoa.pt\/#\/schema\/person\/1615a002370e8857b6f972834bc43ece\",\"name\":\"Di\u00e1rio da Lagoa\",\"image\":{\"@type\":\"ImageObject\",\"inLanguage\":\"fr-FR\",\"@id\":\"https:\/\/diariodalagoa.pt\/#\/schema\/person\/image\/\",\"url\":\"https:\/\/secure.gravatar.com\/avatar\/2cb5cef90a26f8fbd4d9d930608102c5?s=96&d=mm&r=g\",\"contentUrl\":\"https:\/\/secure.gravatar.com\/avatar\/2cb5cef90a26f8fbd4d9d930608102c5?s=96&d=mm&r=g\",\"caption\":\"Di\u00e1rio da Lagoa\"},\"url\":\"https:\/\/diariodalagoa.pt\/fr\/author\/diariodalagoa\/\"}]}<\/script>\n<!-- \/ Yoast SEO plugin. -->","yoast_head_json":{"title":"Cidade de Lagoa acolhe projeto \u201cUm Dia Pela Vida\u201d - Di\u00e1rio da Lagoa","robots":{"index":"index","follow":"follow","max-snippet":"max-snippet:-1","max-image-preview":"max-image-preview:large","max-video-preview":"max-video-preview:-1"},"canonical":"https:\/\/diariodalagoa.pt\/fr\/cidade-de-lagoa-acolhe-projeto-um-dia-pela-vida\/","og_locale":"fr_FR","og_type":"article","og_title":"Cidade de Lagoa acolhe projeto \u201cUm Dia Pela Vida\u201d - Di\u00e1rio da Lagoa","og_description":"A cidade de Lagoa, foi o quinto e \u00faltimo concelho a receber o projeto \u201cUm Dia Pela Vida Faj\u00e3 de Baixo\u201d. A iniciativa, que arrancou no dia 08 de mar\u00e7o, est\u00e1 assim apresentada em todos os concelhos da maior ilha a\u00e7oriana e tem, desde o seu in\u00edcio, desenvolvido v\u00e1rias atividades. Segundo a organiza\u00e7\u00e3o, este movimento [&hellip;]","og_url":"https:\/\/diariodalagoa.pt\/fr\/cidade-de-lagoa-acolhe-projeto-um-dia-pela-vida\/","og_site_name":"Di\u00e1rio da Lagoa","article_published_time":"2014-05-06T11:43:56+00:00","article_modified_time":"2025-06-10T22:43:04+00:00","og_image":[{"width":720,"height":382,"url":"https:\/\/diariodalagoa.pt\/wp-content\/uploads\/2014\/05\/um-dia-pela-vida-lagoa.jpg","type":"image\/jpeg"}],"author":"Di\u00e1rio da Lagoa","twitter_card":"summary_large_image","twitter_misc":{"\u00c9crit par":"Di\u00e1rio da Lagoa","Dur\u00e9e de lecture estim\u00e9e":"2 minutes"},"schema":{"@context":"https:\/\/schema.org","@graph":[{"@type":"WebPage","@id":"https:\/\/diariodalagoa.pt\/cidade-de-lagoa-acolhe-projeto-um-dia-pela-vida\/","url":"https:\/\/diariodalagoa.pt\/cidade-de-lagoa-acolhe-projeto-um-dia-pela-vida\/","name":"Cidade de Lagoa acolhe projeto \u201cUm Dia Pela Vida\u201d - Di\u00e1rio da Lagoa","isPartOf":{"@id":"https:\/\/diariodalagoa.pt\/#website"},"datePublished":"2014-05-06T11:43:56+00:00","dateModified":"2025-06-10T22:43:04+00:00","author":{"@id":"https:\/\/diariodalagoa.pt\/#\/schema\/person\/1615a002370e8857b6f972834bc43ece"},"breadcrumb":{"@id":"https:\/\/diariodalagoa.pt\/cidade-de-lagoa-acolhe-projeto-um-dia-pela-vida\/#breadcrumb"},"inLanguage":"fr-FR","potentialAction":[{"@type":"ReadAction","target":["https:\/\/diariodalagoa.pt\/cidade-de-lagoa-acolhe-projeto-um-dia-pela-vida\/"]}]},{"@type":"BreadcrumbList","@id":"https:\/\/diariodalagoa.pt\/cidade-de-lagoa-acolhe-projeto-um-dia-pela-vida\/#breadcrumb","itemListElement":[{"@type":"ListItem","position":1,"name":"In\u00edcio","item":"https:\/\/diariodalagoa.pt\/"},{"@type":"ListItem","position":2,"name":"Cidade de Lagoa acolhe projeto \u201cUm Dia Pela Vida\u201d"}]},{"@type":"WebSite","@id":"https:\/\/diariodalagoa.pt\/#website","url":"https:\/\/diariodalagoa.pt\/","name":"Di\u00e1rio da Lagoa","description":"Di\u00e1rio da Lagoa. As not\u00edcias que contam. A partir da Lagoa, nos A\u00e7ores, para o mundo.","potentialAction":[{"@type":"SearchAction","target":{"@type":"EntryPoint","urlTemplate":"https:\/\/diariodalagoa.pt\/?s={search_term_string}"},"query-input":"required name=search_term_string"}],"inLanguage":"fr-FR"},{"@type":"Person","@id":"https:\/\/diariodalagoa.pt\/#\/schema\/person\/1615a002370e8857b6f972834bc43ece","name":"Di\u00e1rio da Lagoa","image":{"@type":"ImageObject","inLanguage":"fr-FR","@id":"https:\/\/diariodalagoa.pt\/#\/schema\/person\/image\/","url":"https:\/\/secure.gravatar.com\/avatar\/2cb5cef90a26f8fbd4d9d930608102c5?s=96&d=mm&r=g","contentUrl":"https:\/\/secure.gravatar.com\/avatar\/2cb5cef90a26f8fbd4d9d930608102c5?s=96&d=mm&r=g","caption":"Di\u00e1rio da Lagoa"},"url":"https:\/\/diariodalagoa.pt\/fr\/author\/diariodalagoa\/"}]}},"_links":{"self":[{"href":"https:\/\/diariodalagoa.pt\/fr\/wp-json\/wp\/v2\/posts\/4161"}],"collection":[{"href":"https:\/\/diariodalagoa.pt\/fr\/wp-json\/wp\/v2\/posts"}],"about":[{"href":"https:\/\/diariodalagoa.pt\/fr\/wp-json\/wp\/v2\/types\/post"}],"author":[{"embeddable":true,"href":"https:\/\/diariodalagoa.pt\/fr\/wp-json\/wp\/v2\/users\/2"}],"replies":[{"embeddable":true,"href":"https:\/\/diariodalagoa.pt\/fr\/wp-json\/wp\/v2\/comments?post=4161"}],"version-history":[{"count":1,"href":"https:\/\/diariodalagoa.pt\/fr\/wp-json\/wp\/v2\/posts\/4161\/revisions"}],"predecessor-version":[{"id":152805,"href":"https:\/\/diariodalagoa.pt\/fr\/wp-json\/wp\/v2\/posts\/4161\/revisions\/152805"}],"wp:featuredmedia":[{"embeddable":true,"href":"https:\/\/diariodalagoa.pt\/fr\/wp-json\/wp\/v2\/media\/113391"}],"wp:attachment":[{"href":"https:\/\/diariodalagoa.pt\/fr\/wp-json\/wp\/v2\/media?parent=4161"}],"wp:term":[{"taxonomy":"category","embeddable":true,"href":"https:\/\/diariodalagoa.pt\/fr\/wp-json\/wp\/v2\/categories?post=4161"},{"taxonomy":"post_tag","embeddable":true,"href":"https:\/\/diariodalagoa.pt\/fr\/wp-json\/wp\/v2\/tags?post=4161"}],"curies":[{"name":"wp","href":"https:\/\/api.w.org\/{rel}","templated":true}]}}