{"id":3194,"date":"2014-04-12T10:17:31","date_gmt":"2014-04-12T11:17:31","guid":{"rendered":"http:\/\/diariodalagoa.pt\/?p=3194"},"modified":"2014-04-12T10:17:31","modified_gmt":"2014-04-12T11:17:31","slug":"protecao-civil-transmite-seguranca-a-quem-vive-na-regiao-e-a-quem-a-visita-afirma-luis-cabral","status":"publish","type":"post","link":"https:\/\/diariodalagoa.pt\/fr\/protecao-civil-transmite-seguranca-a-quem-vive-na-regiao-e-a-quem-a-visita-afirma-luis-cabral\/","title":{"rendered":"Prote\u00e7\u00e3o Civil transmite seguran\u00e7a a quem vive na Regi\u00e3o e a quem a visita, afirma Lu\u00eds Cabral"},"content":{"rendered":"<div id=\"attachment_2969\" style=\"width: 730px\" class=\"wp-caption alignnone\"><a href=\"http:\/\/diariodalagoa.pt\/wp-content\/uploads\/2014\/04\/Saude-Dia-Mundial-Luis-Cabral-.jpg\"><img aria-describedby=\"caption-attachment-2969\" decoding=\"async\" class=\"size-full wp-image-2969\" alt=\"(c) Gacs\" src=\"http:\/\/diariodalagoa.pt\/wp-content\/uploads\/2014\/04\/Saude-Dia-Mundial-Luis-Cabral-.jpg\" width=\"720\" height=\"386\" \/><\/a><p id=\"caption-attachment-2969\" class=\"wp-caption-text\">(c) Gacs<\/p><\/div>\n<p style=\"text-align: justify;\"><span style=\"color: #000000;\">O Secret\u00e1rio Regional da Sa\u00fade afirmou que um dos objetivos do Servi\u00e7o Regional de Prote\u00e7\u00e3o Civil e Bombeiros dos A\u00e7ores \u00e9 \u201ctransmitir cada vez mais seguran\u00e7a\u201d a quem vive na Regi\u00e3o e a quem\u00a0a visita.<\/span><\/p>\n<p style=\"text-align: justify;\"><span style=\"color: #000000;\">Lu\u00eds Cabral, na confer\u00eancia que proferiu no \u00e2mbito do III Curso Intensivo de Seguran\u00e7a e Defesa, salientou que \u00e9 uma preocupa\u00e7\u00e3o constante do Governo \u201cotimizar o sistema e torn\u00e1-lo mais eficaz\u201d.<\/span><\/p>\n<p style=\"text-align: justify;\"><span style=\"color: #000000;\">O Secret\u00e1rio Regional\u00a0lembrou que, desde os primeiros tempos do povoamento at\u00e9 aos nossos dias, h\u00e1 relatos de cat\u00e1strofes nos A\u00e7ores que provocaram danos humanos e materiais de grande dimens\u00e3o.<\/span><\/p>\n<p style=\"text-align: justify;\"><span style=\"color: #000000; line-height: 1.5em;\">O sismo de 1980, que destruiu grande parte das ilhas Terceira, S. Jorge e Graciosa, deixou claro que a Regi\u00e3o precisava de sistema organizado que pudesse dar resposta a essas situa\u00e7\u00f5es, tendo sido criado, em 1984, o Servi\u00e7o Regional de Prote\u00e7\u00e3o Civil dos A\u00e7ores, \u201ccuja capacidade de resposta tem vindo a ser progressivamente melhorada, atrav\u00e9s de uma rotina operacional, de forma\u00e7\u00e3o, de simula\u00e7\u00f5es e de preven\u00e7\u00e3o\u201d, frisou Lu\u00eds Cabral.<\/span><\/p>\n<p style=\"text-align: justify;\"><span style=\"color: #000000;\">O Secret\u00e1rio Regional da Sa\u00fade agradeceu ao diretor do Instituto de Defesa Nacional a escolha da Regi\u00e3o Aut\u00f3noma dos A\u00e7ores para a realiza\u00e7\u00e3o deste curso que visa a forma\u00e7\u00e3o de cidad\u00e3os, \u201ctornando-os mais capazes de intervir em quest\u00f5es relacionadas com a defesa e a seguran\u00e7a nacional\u201d.<\/span><\/p>\n<p style=\"text-align: justify;\"><span style=\"color: #000000;\">Lu\u00eds Cabral manifestou ainda a expectativa de que os conhecimentos adquiridos\u00a0permitam\u00a0a essas\u00a0pessoas\u00a0\u201ccolaborar de uma forma pr\u00e1tica com as institui\u00e7\u00f5es regionais\u201d.<\/span><\/p>\n<p style=\"text-align: justify;\"><span style=\"color: #000000;\"><em>DL\/Gacs<\/em><\/span><\/p>","protected":false},"excerpt":{"rendered":"<p>O Secret\u00e1rio Regional da Sa\u00fade afirmou que um dos objetivos do Servi\u00e7o Regional de Prote\u00e7\u00e3o Civil e Bombeiros dos A\u00e7ores \u00e9 \u201ctransmitir cada vez mais seguran\u00e7a\u201d a quem vive na Regi\u00e3o e a quem\u00a0a visita. Lu\u00eds Cabral, na confer\u00eancia que proferiu no \u00e2mbito do III Curso Intensivo de Seguran\u00e7a e Defesa, salientou que \u00e9 uma [&hellip;]<\/p>","protected":false},"author":2,"featured_media":122055,"comment_status":"open","ping_status":"open","sticky":false,"template":"","format":"standard","meta":[],"categories":[21],"tags":[],"acf":[],"yoast_head":"<!-- This site is optimized with the Yoast SEO plugin v20.10 - https:\/\/yoast.com\/wordpress\/plugins\/seo\/ -->\n<title>Prote\u00e7\u00e3o Civil transmite seguran\u00e7a a quem vive na Regi\u00e3o e a quem a visita, afirma Lu\u00eds Cabral - Di\u00e1rio da Lagoa<\/title>\n<meta name=\"robots\" content=\"index, follow, max-snippet:-1, max-image-preview:large, max-video-preview:-1\" \/>\n<link rel=\"canonical\" href=\"https:\/\/diariodalagoa.pt\/fr\/protecao-civil-transmite-seguranca-a-quem-vive-na-regiao-e-a-quem-a-visita-afirma-luis-cabral\/\" \/>\n<meta property=\"og:locale\" content=\"fr_FR\" \/>\n<meta property=\"og:type\" content=\"article\" \/>\n<meta property=\"og:title\" content=\"Prote\u00e7\u00e3o Civil transmite seguran\u00e7a a quem vive na Regi\u00e3o e a quem a visita, afirma Lu\u00eds Cabral - Di\u00e1rio da Lagoa\" \/>\n<meta property=\"og:description\" content=\"O Secret\u00e1rio Regional da Sa\u00fade afirmou que um dos objetivos do Servi\u00e7o Regional de Prote\u00e7\u00e3o Civil e Bombeiros dos A\u00e7ores \u00e9 \u201ctransmitir cada vez mais seguran\u00e7a\u201d a quem vive na Regi\u00e3o e a quem\u00a0a visita. Lu\u00eds Cabral, na confer\u00eancia que proferiu no \u00e2mbito do III Curso Intensivo de Seguran\u00e7a e Defesa, salientou que \u00e9 uma [&hellip;]\" \/>\n<meta property=\"og:url\" content=\"https:\/\/diariodalagoa.pt\/fr\/protecao-civil-transmite-seguranca-a-quem-vive-na-regiao-e-a-quem-a-visita-afirma-luis-cabral\/\" \/>\n<meta property=\"og:site_name\" content=\"Di\u00e1rio da Lagoa\" \/>\n<meta property=\"article:published_time\" content=\"2014-04-12T11:17:31+00:00\" \/>\n<meta property=\"og:image\" content=\"https:\/\/diariodalagoa.pt\/wp-content\/uploads\/2014\/04\/saude-dia-mundial-luis-cabral-2.jpg\" \/>\n\t<meta property=\"og:image:width\" content=\"720\" \/>\n\t<meta property=\"og:image:height\" content=\"386\" \/>\n\t<meta property=\"og:image:type\" content=\"image\/jpeg\" \/>\n<meta name=\"author\" content=\"Di\u00e1rio da Lagoa\" \/>\n<meta name=\"twitter:card\" content=\"summary_large_image\" \/>\n<meta name=\"twitter:label1\" content=\"\u00c9crit par\" \/>\n\t<meta name=\"twitter:data1\" content=\"Di\u00e1rio da Lagoa\" \/>\n\t<meta name=\"twitter:label2\" content=\"Dur\u00e9e de lecture estim\u00e9e\" \/>\n\t<meta name=\"twitter:data2\" content=\"1 minute\" \/>\n<script type=\"application\/ld+json\" class=\"yoast-schema-graph\">{\"@context\":\"https:\/\/schema.org\",\"@graph\":[{\"@type\":\"WebPage\",\"@id\":\"https:\/\/diariodalagoa.pt\/protecao-civil-transmite-seguranca-a-quem-vive-na-regiao-e-a-quem-a-visita-afirma-luis-cabral\/\",\"url\":\"https:\/\/diariodalagoa.pt\/protecao-civil-transmite-seguranca-a-quem-vive-na-regiao-e-a-quem-a-visita-afirma-luis-cabral\/\",\"name\":\"Prote\u00e7\u00e3o Civil transmite seguran\u00e7a a quem vive na Regi\u00e3o e a quem a visita, afirma Lu\u00eds Cabral - Di\u00e1rio da Lagoa\",\"isPartOf\":{\"@id\":\"https:\/\/diariodalagoa.pt\/#website\"},\"datePublished\":\"2014-04-12T11:17:31+00:00\",\"dateModified\":\"2014-04-12T11:17:31+00:00\",\"author\":{\"@id\":\"https:\/\/diariodalagoa.pt\/#\/schema\/person\/1615a002370e8857b6f972834bc43ece\"},\"breadcrumb\":{\"@id\":\"https:\/\/diariodalagoa.pt\/protecao-civil-transmite-seguranca-a-quem-vive-na-regiao-e-a-quem-a-visita-afirma-luis-cabral\/#breadcrumb\"},\"inLanguage\":\"fr-FR\",\"potentialAction\":[{\"@type\":\"ReadAction\",\"target\":[\"https:\/\/diariodalagoa.pt\/protecao-civil-transmite-seguranca-a-quem-vive-na-regiao-e-a-quem-a-visita-afirma-luis-cabral\/\"]}]},{\"@type\":\"BreadcrumbList\",\"@id\":\"https:\/\/diariodalagoa.pt\/protecao-civil-transmite-seguranca-a-quem-vive-na-regiao-e-a-quem-a-visita-afirma-luis-cabral\/#breadcrumb\",\"itemListElement\":[{\"@type\":\"ListItem\",\"position\":1,\"name\":\"In\u00edcio\",\"item\":\"https:\/\/diariodalagoa.pt\/\"},{\"@type\":\"ListItem\",\"position\":2,\"name\":\"Prote\u00e7\u00e3o Civil transmite seguran\u00e7a a quem vive na Regi\u00e3o e a quem a visita, afirma Lu\u00eds Cabral\"}]},{\"@type\":\"WebSite\",\"@id\":\"https:\/\/diariodalagoa.pt\/#website\",\"url\":\"https:\/\/diariodalagoa.pt\/\",\"name\":\"Di\u00e1rio da Lagoa\",\"description\":\"Di\u00e1rio da Lagoa. As not\u00edcias que contam. A partir da Lagoa, nos A\u00e7ores, para o mundo.\",\"potentialAction\":[{\"@type\":\"SearchAction\",\"target\":{\"@type\":\"EntryPoint\",\"urlTemplate\":\"https:\/\/diariodalagoa.pt\/?s={search_term_string}\"},\"query-input\":\"required name=search_term_string\"}],\"inLanguage\":\"fr-FR\"},{\"@type\":\"Person\",\"@id\":\"https:\/\/diariodalagoa.pt\/#\/schema\/person\/1615a002370e8857b6f972834bc43ece\",\"name\":\"Di\u00e1rio da Lagoa\",\"image\":{\"@type\":\"ImageObject\",\"inLanguage\":\"fr-FR\",\"@id\":\"https:\/\/diariodalagoa.pt\/#\/schema\/person\/image\/\",\"url\":\"https:\/\/secure.gravatar.com\/avatar\/2cb5cef90a26f8fbd4d9d930608102c5?s=96&d=mm&r=g\",\"contentUrl\":\"https:\/\/secure.gravatar.com\/avatar\/2cb5cef90a26f8fbd4d9d930608102c5?s=96&d=mm&r=g\",\"caption\":\"Di\u00e1rio da Lagoa\"},\"url\":\"https:\/\/diariodalagoa.pt\/fr\/author\/diariodalagoa\/\"}]}<\/script>\n<!-- \/ Yoast SEO plugin. -->","yoast_head_json":{"title":"Prote\u00e7\u00e3o Civil transmite seguran\u00e7a a quem vive na Regi\u00e3o e a quem a visita, afirma Lu\u00eds Cabral - Di\u00e1rio da Lagoa","robots":{"index":"index","follow":"follow","max-snippet":"max-snippet:-1","max-image-preview":"max-image-preview:large","max-video-preview":"max-video-preview:-1"},"canonical":"https:\/\/diariodalagoa.pt\/fr\/protecao-civil-transmite-seguranca-a-quem-vive-na-regiao-e-a-quem-a-visita-afirma-luis-cabral\/","og_locale":"fr_FR","og_type":"article","og_title":"Prote\u00e7\u00e3o Civil transmite seguran\u00e7a a quem vive na Regi\u00e3o e a quem a visita, afirma Lu\u00eds Cabral - Di\u00e1rio da Lagoa","og_description":"O Secret\u00e1rio Regional da Sa\u00fade afirmou que um dos objetivos do Servi\u00e7o Regional de Prote\u00e7\u00e3o Civil e Bombeiros dos A\u00e7ores \u00e9 \u201ctransmitir cada vez mais seguran\u00e7a\u201d a quem vive na Regi\u00e3o e a quem\u00a0a visita. Lu\u00eds Cabral, na confer\u00eancia que proferiu no \u00e2mbito do III Curso Intensivo de Seguran\u00e7a e Defesa, salientou que \u00e9 uma [&hellip;]","og_url":"https:\/\/diariodalagoa.pt\/fr\/protecao-civil-transmite-seguranca-a-quem-vive-na-regiao-e-a-quem-a-visita-afirma-luis-cabral\/","og_site_name":"Di\u00e1rio da Lagoa","article_published_time":"2014-04-12T11:17:31+00:00","og_image":[{"width":720,"height":386,"url":"https:\/\/diariodalagoa.pt\/wp-content\/uploads\/2014\/04\/saude-dia-mundial-luis-cabral-2.jpg","type":"image\/jpeg"}],"author":"Di\u00e1rio da Lagoa","twitter_card":"summary_large_image","twitter_misc":{"\u00c9crit par":"Di\u00e1rio da Lagoa","Dur\u00e9e de lecture estim\u00e9e":"1 minute"},"schema":{"@context":"https:\/\/schema.org","@graph":[{"@type":"WebPage","@id":"https:\/\/diariodalagoa.pt\/protecao-civil-transmite-seguranca-a-quem-vive-na-regiao-e-a-quem-a-visita-afirma-luis-cabral\/","url":"https:\/\/diariodalagoa.pt\/protecao-civil-transmite-seguranca-a-quem-vive-na-regiao-e-a-quem-a-visita-afirma-luis-cabral\/","name":"Prote\u00e7\u00e3o Civil transmite seguran\u00e7a a quem vive na Regi\u00e3o e a quem a visita, afirma Lu\u00eds Cabral - Di\u00e1rio da Lagoa","isPartOf":{"@id":"https:\/\/diariodalagoa.pt\/#website"},"datePublished":"2014-04-12T11:17:31+00:00","dateModified":"2014-04-12T11:17:31+00:00","author":{"@id":"https:\/\/diariodalagoa.pt\/#\/schema\/person\/1615a002370e8857b6f972834bc43ece"},"breadcrumb":{"@id":"https:\/\/diariodalagoa.pt\/protecao-civil-transmite-seguranca-a-quem-vive-na-regiao-e-a-quem-a-visita-afirma-luis-cabral\/#breadcrumb"},"inLanguage":"fr-FR","potentialAction":[{"@type":"ReadAction","target":["https:\/\/diariodalagoa.pt\/protecao-civil-transmite-seguranca-a-quem-vive-na-regiao-e-a-quem-a-visita-afirma-luis-cabral\/"]}]},{"@type":"BreadcrumbList","@id":"https:\/\/diariodalagoa.pt\/protecao-civil-transmite-seguranca-a-quem-vive-na-regiao-e-a-quem-a-visita-afirma-luis-cabral\/#breadcrumb","itemListElement":[{"@type":"ListItem","position":1,"name":"In\u00edcio","item":"https:\/\/diariodalagoa.pt\/"},{"@type":"ListItem","position":2,"name":"Prote\u00e7\u00e3o Civil transmite seguran\u00e7a a quem vive na Regi\u00e3o e a quem a visita, afirma Lu\u00eds Cabral"}]},{"@type":"WebSite","@id":"https:\/\/diariodalagoa.pt\/#website","url":"https:\/\/diariodalagoa.pt\/","name":"Di\u00e1rio da Lagoa","description":"Di\u00e1rio da Lagoa. As not\u00edcias que contam. A partir da Lagoa, nos A\u00e7ores, para o mundo.","potentialAction":[{"@type":"SearchAction","target":{"@type":"EntryPoint","urlTemplate":"https:\/\/diariodalagoa.pt\/?s={search_term_string}"},"query-input":"required name=search_term_string"}],"inLanguage":"fr-FR"},{"@type":"Person","@id":"https:\/\/diariodalagoa.pt\/#\/schema\/person\/1615a002370e8857b6f972834bc43ece","name":"Di\u00e1rio da Lagoa","image":{"@type":"ImageObject","inLanguage":"fr-FR","@id":"https:\/\/diariodalagoa.pt\/#\/schema\/person\/image\/","url":"https:\/\/secure.gravatar.com\/avatar\/2cb5cef90a26f8fbd4d9d930608102c5?s=96&d=mm&r=g","contentUrl":"https:\/\/secure.gravatar.com\/avatar\/2cb5cef90a26f8fbd4d9d930608102c5?s=96&d=mm&r=g","caption":"Di\u00e1rio da Lagoa"},"url":"https:\/\/diariodalagoa.pt\/fr\/author\/diariodalagoa\/"}]}},"_links":{"self":[{"href":"https:\/\/diariodalagoa.pt\/fr\/wp-json\/wp\/v2\/posts\/3194"}],"collection":[{"href":"https:\/\/diariodalagoa.pt\/fr\/wp-json\/wp\/v2\/posts"}],"about":[{"href":"https:\/\/diariodalagoa.pt\/fr\/wp-json\/wp\/v2\/types\/post"}],"author":[{"embeddable":true,"href":"https:\/\/diariodalagoa.pt\/fr\/wp-json\/wp\/v2\/users\/2"}],"replies":[{"embeddable":true,"href":"https:\/\/diariodalagoa.pt\/fr\/wp-json\/wp\/v2\/comments?post=3194"}],"version-history":[{"count":0,"href":"https:\/\/diariodalagoa.pt\/fr\/wp-json\/wp\/v2\/posts\/3194\/revisions"}],"wp:featuredmedia":[{"embeddable":true,"href":"https:\/\/diariodalagoa.pt\/fr\/wp-json\/wp\/v2\/media\/122055"}],"wp:attachment":[{"href":"https:\/\/diariodalagoa.pt\/fr\/wp-json\/wp\/v2\/media?parent=3194"}],"wp:term":[{"taxonomy":"category","embeddable":true,"href":"https:\/\/diariodalagoa.pt\/fr\/wp-json\/wp\/v2\/categories?post=3194"},{"taxonomy":"post_tag","embeddable":true,"href":"https:\/\/diariodalagoa.pt\/fr\/wp-json\/wp\/v2\/tags?post=3194"}],"curies":[{"name":"wp","href":"https:\/\/api.w.org\/{rel}","templated":true}]}}