{"id":25214,"date":"2016-01-05T12:12:57","date_gmt":"2016-01-05T13:12:57","guid":{"rendered":"https:\/\/diariodalagoa.pt\/?p=25214"},"modified":"2024-09-30T17:09:08","modified_gmt":"2024-09-30T17:09:08","slug":"localizacao-da-casa-do-romeiro-disputada-por-varios-concelhos-de-sao-miguel","status":"publish","type":"post","link":"https:\/\/diariodalagoa.pt\/fr\/localizacao-da-casa-do-romeiro-disputada-por-varios-concelhos-de-sao-miguel\/","title":{"rendered":"Localiza\u00e7\u00e3o da Casa do Romeiro disputada por v\u00e1rios concelhos de S\u00e3o Miguel"},"content":{"rendered":"<figure class=\"wp-block-image size-full is-resized\"><img decoding=\"async\" src=\"https:\/\/diariodalagoa.pt\/wp-content\/uploads\/2015\/12\/rancho-romeiros-remedios-lagoa.jpg\" alt=\"\" class=\"wp-image-124804\" width=\"840\" height=\"442\" srcset=\"https:\/\/diariodalagoa.pt\/wp-content\/uploads\/2015\/12\/rancho-romeiros-remedios-lagoa.jpg 720w, https:\/\/diariodalagoa.pt\/wp-content\/uploads\/2015\/12\/rancho-romeiros-remedios-lagoa-300x158.jpg 300w, https:\/\/diariodalagoa.pt\/wp-content\/uploads\/2015\/12\/rancho-romeiros-remedios-lagoa-18x9.jpg 18w\" sizes=\"(max-width: 840px) 100vw, 840px\" \/><\/figure>\n\n\n<p style=\"text-align: justify;\">\u00a0<\/p>\n<p style=\"text-align: justify;\"><span style=\"color: #000000;\">O Movimento dos Romeiros de S\u00e3o Miguel j\u00e1 tem quatro propostas concretas para instalar a Casa do Romeiro, mas a escolha s\u00f3 ser\u00e1 feita mediante a ausculta\u00e7\u00e3o dos romeiros, numa esp\u00e9cie de reuni\u00e3o magna que envolver\u00e1 todos os ranchos da ilha, disse ao S\u00edtio Igreja A\u00e7ores o respons\u00e1vel pelo Grupo Coordenador.<\/span><\/p>\n<p style=\"text-align: justify;\"><span style=\"color: #000000;\">A \u00faltima proposta para instalar a Casa do Romeiro, um espa\u00e7o de exposi\u00e7\u00e3o permanente do acervo hist\u00f3rico do movimento e lugar de forma\u00e7\u00e3o e reuni\u00f5es peri\u00f3dicas, surgiu do munic\u00edpio da Ribeira Grande, pela voz do seu presidente, Alexandre Gaud\u00eancio, durante a cerim\u00f3nia de inaugura\u00e7\u00e3o da Exposi\u00e7\u00e3o Itinerante, que decorreu no passado s\u00e1bado no Museu do franciscanismo, na cidade da costa norte da ilha de S\u00e3o Miguel.<\/span><\/p>\n<p style=\"text-align: justify;\"><span style=\"color: #000000;\">Al\u00e9m da Ribeira grande tamb\u00e9m as C\u00e2maras de Vila Franca do Campo, Lagoa e Ponta Delgada j\u00e1 disponibilizaram um espa\u00e7o.<\/span><\/p>\n<p style=\"text-align: justify;\"><span style=\"color: #000000;\">Para j\u00e1 esta esp\u00e9cie de reuni\u00e3o magna dos romeiros ainda n\u00e3o tem data marcada. O pr\u00f3ximo encontro de dirigentes ser\u00e1 no dia 17, no audit\u00f3rio da Escola Secund\u00e1ria da Ribeira Grande, para o retiro anual antes da quaresma.<\/span><\/p>\n<p style=\"text-align: justify;\"><span style=\"color: #000000;\">Este ano o tema do encontro vai ser a enc\u00edclica do Papa Francisco- Laudato Si- com interven\u00e7\u00f5es de dois romeiros de S\u00e3o Pedro- Francisco Wallenstein e Duarte Toubarro- , sem perder de vista o ano santo a miseric\u00f3rdia.<\/span><\/p>\n<p style=\"text-align: justify;\"><span style=\"color: #000000;\">O Retiro encerra com uma eucaristia e a adora\u00e7\u00e3o do Sant\u00edssimo.<\/span><\/p>\n<p style=\"text-align: justify;\"><em><span style=\"color: #000000;\">DL\/IA<\/span><\/em><\/p>","protected":false},"excerpt":{"rendered":"<p>\u00a0 O Movimento dos Romeiros de S\u00e3o Miguel j\u00e1 tem quatro propostas concretas para instalar a Casa do Romeiro, mas a escolha s\u00f3 ser\u00e1 feita mediante a ausculta\u00e7\u00e3o dos romeiros, numa esp\u00e9cie de reuni\u00e3o magna que envolver\u00e1 todos os ranchos da ilha, disse ao S\u00edtio Igreja A\u00e7ores o respons\u00e1vel pelo Grupo Coordenador. A \u00faltima proposta [&hellip;]<\/p>","protected":false},"author":2,"featured_media":124804,"comment_status":"open","ping_status":"open","sticky":false,"template":"","format":"standard","meta":[],"categories":[21],"tags":[],"acf":[],"yoast_head":"<!-- This site is optimized with the Yoast SEO plugin v20.10 - https:\/\/yoast.com\/wordpress\/plugins\/seo\/ -->\n<title>Localiza\u00e7\u00e3o da Casa do Romeiro disputada por v\u00e1rios concelhos de S\u00e3o Miguel - Di\u00e1rio da Lagoa<\/title>\n<meta name=\"robots\" content=\"index, follow, max-snippet:-1, max-image-preview:large, max-video-preview:-1\" \/>\n<link rel=\"canonical\" href=\"https:\/\/diariodalagoa.pt\/fr\/localizacao-da-casa-do-romeiro-disputada-por-varios-concelhos-de-sao-miguel\/\" \/>\n<meta property=\"og:locale\" content=\"fr_FR\" \/>\n<meta property=\"og:type\" content=\"article\" \/>\n<meta property=\"og:title\" content=\"Localiza\u00e7\u00e3o da Casa do Romeiro disputada por v\u00e1rios concelhos de S\u00e3o Miguel - Di\u00e1rio da Lagoa\" \/>\n<meta property=\"og:description\" content=\"\u00a0 O Movimento dos Romeiros de S\u00e3o Miguel j\u00e1 tem quatro propostas concretas para instalar a Casa do Romeiro, mas a escolha s\u00f3 ser\u00e1 feita mediante a ausculta\u00e7\u00e3o dos romeiros, numa esp\u00e9cie de reuni\u00e3o magna que envolver\u00e1 todos os ranchos da ilha, disse ao S\u00edtio Igreja A\u00e7ores o respons\u00e1vel pelo Grupo Coordenador. A \u00faltima proposta [&hellip;]\" \/>\n<meta property=\"og:url\" content=\"https:\/\/diariodalagoa.pt\/fr\/localizacao-da-casa-do-romeiro-disputada-por-varios-concelhos-de-sao-miguel\/\" \/>\n<meta property=\"og:site_name\" content=\"Di\u00e1rio da Lagoa\" \/>\n<meta property=\"article:published_time\" content=\"2016-01-05T13:12:57+00:00\" \/>\n<meta property=\"article:modified_time\" content=\"2024-09-30T17:09:08+00:00\" \/>\n<meta property=\"og:image\" content=\"https:\/\/diariodalagoa.pt\/wp-content\/uploads\/2015\/12\/rancho-romeiros-remedios-lagoa.jpg\" \/>\n\t<meta property=\"og:image:width\" content=\"720\" \/>\n\t<meta property=\"og:image:height\" content=\"379\" \/>\n\t<meta property=\"og:image:type\" content=\"image\/jpeg\" \/>\n<meta name=\"author\" content=\"Di\u00e1rio da Lagoa\" \/>\n<meta name=\"twitter:card\" content=\"summary_large_image\" \/>\n<meta name=\"twitter:label1\" content=\"\u00c9crit par\" \/>\n\t<meta name=\"twitter:data1\" content=\"Di\u00e1rio da Lagoa\" \/>\n\t<meta name=\"twitter:label2\" content=\"Dur\u00e9e de lecture estim\u00e9e\" \/>\n\t<meta name=\"twitter:data2\" content=\"2 minutes\" \/>\n<script type=\"application\/ld+json\" class=\"yoast-schema-graph\">{\"@context\":\"https:\/\/schema.org\",\"@graph\":[{\"@type\":\"WebPage\",\"@id\":\"https:\/\/diariodalagoa.pt\/localizacao-da-casa-do-romeiro-disputada-por-varios-concelhos-de-sao-miguel\/\",\"url\":\"https:\/\/diariodalagoa.pt\/localizacao-da-casa-do-romeiro-disputada-por-varios-concelhos-de-sao-miguel\/\",\"name\":\"Localiza\u00e7\u00e3o da Casa do Romeiro disputada por v\u00e1rios concelhos de S\u00e3o Miguel - Di\u00e1rio da Lagoa\",\"isPartOf\":{\"@id\":\"https:\/\/diariodalagoa.pt\/#website\"},\"datePublished\":\"2016-01-05T13:12:57+00:00\",\"dateModified\":\"2024-09-30T17:09:08+00:00\",\"author\":{\"@id\":\"https:\/\/diariodalagoa.pt\/#\/schema\/person\/1615a002370e8857b6f972834bc43ece\"},\"breadcrumb\":{\"@id\":\"https:\/\/diariodalagoa.pt\/localizacao-da-casa-do-romeiro-disputada-por-varios-concelhos-de-sao-miguel\/#breadcrumb\"},\"inLanguage\":\"fr-FR\",\"potentialAction\":[{\"@type\":\"ReadAction\",\"target\":[\"https:\/\/diariodalagoa.pt\/localizacao-da-casa-do-romeiro-disputada-por-varios-concelhos-de-sao-miguel\/\"]}]},{\"@type\":\"BreadcrumbList\",\"@id\":\"https:\/\/diariodalagoa.pt\/localizacao-da-casa-do-romeiro-disputada-por-varios-concelhos-de-sao-miguel\/#breadcrumb\",\"itemListElement\":[{\"@type\":\"ListItem\",\"position\":1,\"name\":\"In\u00edcio\",\"item\":\"https:\/\/diariodalagoa.pt\/\"},{\"@type\":\"ListItem\",\"position\":2,\"name\":\"Localiza\u00e7\u00e3o da Casa do Romeiro disputada por v\u00e1rios concelhos de S\u00e3o Miguel\"}]},{\"@type\":\"WebSite\",\"@id\":\"https:\/\/diariodalagoa.pt\/#website\",\"url\":\"https:\/\/diariodalagoa.pt\/\",\"name\":\"Di\u00e1rio da Lagoa\",\"description\":\"Di\u00e1rio da Lagoa. As not\u00edcias que contam. A partir da Lagoa, nos A\u00e7ores, para o mundo.\",\"potentialAction\":[{\"@type\":\"SearchAction\",\"target\":{\"@type\":\"EntryPoint\",\"urlTemplate\":\"https:\/\/diariodalagoa.pt\/?s={search_term_string}\"},\"query-input\":\"required name=search_term_string\"}],\"inLanguage\":\"fr-FR\"},{\"@type\":\"Person\",\"@id\":\"https:\/\/diariodalagoa.pt\/#\/schema\/person\/1615a002370e8857b6f972834bc43ece\",\"name\":\"Di\u00e1rio da Lagoa\",\"image\":{\"@type\":\"ImageObject\",\"inLanguage\":\"fr-FR\",\"@id\":\"https:\/\/diariodalagoa.pt\/#\/schema\/person\/image\/\",\"url\":\"https:\/\/secure.gravatar.com\/avatar\/2cb5cef90a26f8fbd4d9d930608102c5?s=96&d=mm&r=g\",\"contentUrl\":\"https:\/\/secure.gravatar.com\/avatar\/2cb5cef90a26f8fbd4d9d930608102c5?s=96&d=mm&r=g\",\"caption\":\"Di\u00e1rio da Lagoa\"},\"url\":\"https:\/\/diariodalagoa.pt\/fr\/author\/diariodalagoa\/\"}]}<\/script>\n<!-- \/ Yoast SEO plugin. -->","yoast_head_json":{"title":"Localiza\u00e7\u00e3o da Casa do Romeiro disputada por v\u00e1rios concelhos de S\u00e3o Miguel - Di\u00e1rio da Lagoa","robots":{"index":"index","follow":"follow","max-snippet":"max-snippet:-1","max-image-preview":"max-image-preview:large","max-video-preview":"max-video-preview:-1"},"canonical":"https:\/\/diariodalagoa.pt\/fr\/localizacao-da-casa-do-romeiro-disputada-por-varios-concelhos-de-sao-miguel\/","og_locale":"fr_FR","og_type":"article","og_title":"Localiza\u00e7\u00e3o da Casa do Romeiro disputada por v\u00e1rios concelhos de S\u00e3o Miguel - Di\u00e1rio da Lagoa","og_description":"\u00a0 O Movimento dos Romeiros de S\u00e3o Miguel j\u00e1 tem quatro propostas concretas para instalar a Casa do Romeiro, mas a escolha s\u00f3 ser\u00e1 feita mediante a ausculta\u00e7\u00e3o dos romeiros, numa esp\u00e9cie de reuni\u00e3o magna que envolver\u00e1 todos os ranchos da ilha, disse ao S\u00edtio Igreja A\u00e7ores o respons\u00e1vel pelo Grupo Coordenador. A \u00faltima proposta [&hellip;]","og_url":"https:\/\/diariodalagoa.pt\/fr\/localizacao-da-casa-do-romeiro-disputada-por-varios-concelhos-de-sao-miguel\/","og_site_name":"Di\u00e1rio da Lagoa","article_published_time":"2016-01-05T13:12:57+00:00","article_modified_time":"2024-09-30T17:09:08+00:00","og_image":[{"width":720,"height":379,"url":"https:\/\/diariodalagoa.pt\/wp-content\/uploads\/2015\/12\/rancho-romeiros-remedios-lagoa.jpg","type":"image\/jpeg"}],"author":"Di\u00e1rio da Lagoa","twitter_card":"summary_large_image","twitter_misc":{"\u00c9crit par":"Di\u00e1rio da Lagoa","Dur\u00e9e de lecture estim\u00e9e":"2 minutes"},"schema":{"@context":"https:\/\/schema.org","@graph":[{"@type":"WebPage","@id":"https:\/\/diariodalagoa.pt\/localizacao-da-casa-do-romeiro-disputada-por-varios-concelhos-de-sao-miguel\/","url":"https:\/\/diariodalagoa.pt\/localizacao-da-casa-do-romeiro-disputada-por-varios-concelhos-de-sao-miguel\/","name":"Localiza\u00e7\u00e3o da Casa do Romeiro disputada por v\u00e1rios concelhos de S\u00e3o Miguel - Di\u00e1rio da Lagoa","isPartOf":{"@id":"https:\/\/diariodalagoa.pt\/#website"},"datePublished":"2016-01-05T13:12:57+00:00","dateModified":"2024-09-30T17:09:08+00:00","author":{"@id":"https:\/\/diariodalagoa.pt\/#\/schema\/person\/1615a002370e8857b6f972834bc43ece"},"breadcrumb":{"@id":"https:\/\/diariodalagoa.pt\/localizacao-da-casa-do-romeiro-disputada-por-varios-concelhos-de-sao-miguel\/#breadcrumb"},"inLanguage":"fr-FR","potentialAction":[{"@type":"ReadAction","target":["https:\/\/diariodalagoa.pt\/localizacao-da-casa-do-romeiro-disputada-por-varios-concelhos-de-sao-miguel\/"]}]},{"@type":"BreadcrumbList","@id":"https:\/\/diariodalagoa.pt\/localizacao-da-casa-do-romeiro-disputada-por-varios-concelhos-de-sao-miguel\/#breadcrumb","itemListElement":[{"@type":"ListItem","position":1,"name":"In\u00edcio","item":"https:\/\/diariodalagoa.pt\/"},{"@type":"ListItem","position":2,"name":"Localiza\u00e7\u00e3o da Casa do Romeiro disputada por v\u00e1rios concelhos de S\u00e3o Miguel"}]},{"@type":"WebSite","@id":"https:\/\/diariodalagoa.pt\/#website","url":"https:\/\/diariodalagoa.pt\/","name":"Di\u00e1rio da Lagoa","description":"Di\u00e1rio da Lagoa. As not\u00edcias que contam. A partir da Lagoa, nos A\u00e7ores, para o mundo.","potentialAction":[{"@type":"SearchAction","target":{"@type":"EntryPoint","urlTemplate":"https:\/\/diariodalagoa.pt\/?s={search_term_string}"},"query-input":"required name=search_term_string"}],"inLanguage":"fr-FR"},{"@type":"Person","@id":"https:\/\/diariodalagoa.pt\/#\/schema\/person\/1615a002370e8857b6f972834bc43ece","name":"Di\u00e1rio da Lagoa","image":{"@type":"ImageObject","inLanguage":"fr-FR","@id":"https:\/\/diariodalagoa.pt\/#\/schema\/person\/image\/","url":"https:\/\/secure.gravatar.com\/avatar\/2cb5cef90a26f8fbd4d9d930608102c5?s=96&d=mm&r=g","contentUrl":"https:\/\/secure.gravatar.com\/avatar\/2cb5cef90a26f8fbd4d9d930608102c5?s=96&d=mm&r=g","caption":"Di\u00e1rio da Lagoa"},"url":"https:\/\/diariodalagoa.pt\/fr\/author\/diariodalagoa\/"}]}},"_links":{"self":[{"href":"https:\/\/diariodalagoa.pt\/fr\/wp-json\/wp\/v2\/posts\/25214"}],"collection":[{"href":"https:\/\/diariodalagoa.pt\/fr\/wp-json\/wp\/v2\/posts"}],"about":[{"href":"https:\/\/diariodalagoa.pt\/fr\/wp-json\/wp\/v2\/types\/post"}],"author":[{"embeddable":true,"href":"https:\/\/diariodalagoa.pt\/fr\/wp-json\/wp\/v2\/users\/2"}],"replies":[{"embeddable":true,"href":"https:\/\/diariodalagoa.pt\/fr\/wp-json\/wp\/v2\/comments?post=25214"}],"version-history":[{"count":1,"href":"https:\/\/diariodalagoa.pt\/fr\/wp-json\/wp\/v2\/posts\/25214\/revisions"}],"predecessor-version":[{"id":141470,"href":"https:\/\/diariodalagoa.pt\/fr\/wp-json\/wp\/v2\/posts\/25214\/revisions\/141470"}],"wp:featuredmedia":[{"embeddable":true,"href":"https:\/\/diariodalagoa.pt\/fr\/wp-json\/wp\/v2\/media\/124804"}],"wp:attachment":[{"href":"https:\/\/diariodalagoa.pt\/fr\/wp-json\/wp\/v2\/media?parent=25214"}],"wp:term":[{"taxonomy":"category","embeddable":true,"href":"https:\/\/diariodalagoa.pt\/fr\/wp-json\/wp\/v2\/categories?post=25214"},{"taxonomy":"post_tag","embeddable":true,"href":"https:\/\/diariodalagoa.pt\/fr\/wp-json\/wp\/v2\/tags?post=25214"}],"curies":[{"name":"wp","href":"https:\/\/api.w.org\/{rel}","templated":true}]}}