{"id":1979,"date":"2014-03-18T13:04:07","date_gmt":"2014-03-18T14:04:07","guid":{"rendered":"http:\/\/diariodalagoa.pt\/?p=1979"},"modified":"2014-03-18T13:04:07","modified_gmt":"2014-03-18T14:04:07","slug":"jose-medeiros-ferreira-foi-um-dos-grandes-acorianos-que-nunca-esqueceu-os-acores","status":"publish","type":"post","link":"https:\/\/diariodalagoa.pt\/fr\/jose-medeiros-ferreira-foi-um-dos-grandes-acorianos-que-nunca-esqueceu-os-acores\/","title":{"rendered":"Jos\u00e9 Medeiros Ferreira foi um dos &#8220;grandes A\u00e7orianos que nunca esqueceu os A\u00e7ores&#8221;"},"content":{"rendered":"<p style=\"text-align: justify;\"><a href=\"http:\/\/diariodalagoa.pt\/wp-content\/uploads\/2014\/03\/2234.jpg\"><img decoding=\"async\" class=\"alignnone size-full wp-image-1980\" alt=\"2234\" src=\"http:\/\/diariodalagoa.pt\/wp-content\/uploads\/2014\/03\/2234.jpg\" width=\"720\" height=\"380\" \/><\/a><\/p>\n<p style=\"text-align: justify;\"><span style=\"color: #000000;\">O Presidente do Governo Regional manifestou o \u201csentimento de enorme perda\u201d que representa o falecimento do Professor Jos\u00e9 Medeiros Ferreira, um dos \u201cgrandes A\u00e7orianos que nunca esqueceu os A\u00e7ores\u201d na sua a\u00e7\u00e3o pessoal, pol\u00edtica e acad\u00e9mica. <\/span><\/p>\n<p style=\"text-align: justify;\"><span style=\"color: #000000;\">Em declara\u00e7\u00f5es aos jornalistas, o Presidente do Governo recordou que Jos\u00e9 Medeiros Ferreira foi um dos fundadores do F\u00f3rum A\u00e7oriano e que, ao n\u00edvel acad\u00e9mico, sempre pensou o papel que os A\u00e7ores desempenharam e que continuam a desempenhar na atualidade. <\/span><\/p>\n<p style=\"text-align: justify;\"><span style=\"color: #000000;\">Ao n\u00edvel pol\u00edtico, Vasco Cordeiro real\u00e7ou que o antigo deputado \u00e0 Assembleia da Rep\u00fablica, entre 1995 e 2005, esteve ligado a medidas fundamentais para o refor\u00e7o da Autonomia, como a Lei de Finan\u00e7as das Regi\u00f5es Aut\u00f3nomas e duas revis\u00f5es da Constitui\u00e7\u00e3o, que \u201cmarcam de forma muito substantiva a evolu\u00e7\u00e3o das Autonomias Regionais\u201d. <\/span><\/p>\n<p style=\"text-align: justify;\"><span style=\"color: #000000;\">O Presidente do Governo destacou ainda o papel que Jos\u00e9 Medeiros\u00a0Ferreira\u00a0desempenhou como o Ministro dos Neg\u00f3cios Estrangeiros que solicitou a ades\u00e3o de Portugal \u00e0 ent\u00e3o Comunidade Econ\u00f3mica Europeia, as suas fun\u00e7\u00f5es como deputado ao Parlamento Europeu e, antes disso, o seu contributo para a democracia e a luta contra a ditadura.<\/span><\/p>\n<p style=\"text-align: justify;\"><span style=\"color: #000000;\">Depois de endere\u00e7ar os p\u00easames \u00e0 fam\u00edlia, Vasco Cordeiro recordou ainda a sagacidade, ironia e sentido de humor de Jos\u00e9 Medeiros Ferreira, caracter\u00edsticas que \u201csempre colocava nas diversas vertentes do seu percurso pol\u00edtico e acad\u00e9mico\u201d.<\/span><\/p>\n<p style=\"text-align: justify;\"><span style=\"color: #000000;\"><em>DL\/GaCS<\/em><\/span><\/p>","protected":false},"excerpt":{"rendered":"<p>O Presidente do Governo Regional manifestou o \u201csentimento de enorme perda\u201d que representa o falecimento do Professor Jos\u00e9 Medeiros Ferreira, um dos \u201cgrandes A\u00e7orianos que nunca esqueceu os A\u00e7ores\u201d na sua a\u00e7\u00e3o pessoal, pol\u00edtica e acad\u00e9mica. Em declara\u00e7\u00f5es aos jornalistas, o Presidente do Governo recordou que Jos\u00e9 Medeiros Ferreira foi um dos fundadores do F\u00f3rum [&hellip;]<\/p>","protected":false},"author":2,"featured_media":122074,"comment_status":"open","ping_status":"open","sticky":false,"template":"","format":"standard","meta":[],"categories":[21],"tags":[],"acf":[],"yoast_head":"<!-- This site is optimized with the Yoast SEO plugin v20.10 - https:\/\/yoast.com\/wordpress\/plugins\/seo\/ -->\n<title>Jos\u00e9 Medeiros Ferreira foi um dos &quot;grandes A\u00e7orianos que nunca esqueceu os A\u00e7ores&quot; - Di\u00e1rio da Lagoa<\/title>\n<meta name=\"robots\" content=\"index, follow, max-snippet:-1, max-image-preview:large, max-video-preview:-1\" \/>\n<link rel=\"canonical\" href=\"https:\/\/diariodalagoa.pt\/fr\/jose-medeiros-ferreira-foi-um-dos-grandes-acorianos-que-nunca-esqueceu-os-acores\/\" \/>\n<meta property=\"og:locale\" content=\"fr_FR\" \/>\n<meta property=\"og:type\" content=\"article\" \/>\n<meta property=\"og:title\" content=\"Jos\u00e9 Medeiros Ferreira foi um dos &quot;grandes A\u00e7orianos que nunca esqueceu os A\u00e7ores&quot; - Di\u00e1rio da Lagoa\" \/>\n<meta property=\"og:description\" content=\"O Presidente do Governo Regional manifestou o \u201csentimento de enorme perda\u201d que representa o falecimento do Professor Jos\u00e9 Medeiros Ferreira, um dos \u201cgrandes A\u00e7orianos que nunca esqueceu os A\u00e7ores\u201d na sua a\u00e7\u00e3o pessoal, pol\u00edtica e acad\u00e9mica. Em declara\u00e7\u00f5es aos jornalistas, o Presidente do Governo recordou que Jos\u00e9 Medeiros Ferreira foi um dos fundadores do F\u00f3rum [&hellip;]\" \/>\n<meta property=\"og:url\" content=\"https:\/\/diariodalagoa.pt\/fr\/jose-medeiros-ferreira-foi-um-dos-grandes-acorianos-que-nunca-esqueceu-os-acores\/\" \/>\n<meta property=\"og:site_name\" content=\"Di\u00e1rio da Lagoa\" \/>\n<meta property=\"article:published_time\" content=\"2014-03-18T14:04:07+00:00\" \/>\n<meta property=\"og:image\" content=\"https:\/\/diariodalagoa.pt\/wp-content\/uploads\/2014\/03\/2234.jpg\" \/>\n\t<meta property=\"og:image:width\" content=\"720\" \/>\n\t<meta property=\"og:image:height\" content=\"380\" \/>\n\t<meta property=\"og:image:type\" content=\"image\/jpeg\" \/>\n<meta name=\"author\" content=\"Di\u00e1rio da Lagoa\" \/>\n<meta name=\"twitter:card\" content=\"summary_large_image\" \/>\n<meta name=\"twitter:label1\" content=\"\u00c9crit par\" \/>\n\t<meta name=\"twitter:data1\" content=\"Di\u00e1rio da Lagoa\" \/>\n\t<meta name=\"twitter:label2\" content=\"Dur\u00e9e de lecture estim\u00e9e\" \/>\n\t<meta name=\"twitter:data2\" content=\"1 minute\" \/>\n<script type=\"application\/ld+json\" class=\"yoast-schema-graph\">{\"@context\":\"https:\/\/schema.org\",\"@graph\":[{\"@type\":\"WebPage\",\"@id\":\"https:\/\/diariodalagoa.pt\/jose-medeiros-ferreira-foi-um-dos-grandes-acorianos-que-nunca-esqueceu-os-acores\/\",\"url\":\"https:\/\/diariodalagoa.pt\/jose-medeiros-ferreira-foi-um-dos-grandes-acorianos-que-nunca-esqueceu-os-acores\/\",\"name\":\"Jos\u00e9 Medeiros Ferreira foi um dos \\\"grandes A\u00e7orianos que nunca esqueceu os A\u00e7ores\\\" - Di\u00e1rio da Lagoa\",\"isPartOf\":{\"@id\":\"https:\/\/diariodalagoa.pt\/#website\"},\"datePublished\":\"2014-03-18T14:04:07+00:00\",\"dateModified\":\"2014-03-18T14:04:07+00:00\",\"author\":{\"@id\":\"https:\/\/diariodalagoa.pt\/#\/schema\/person\/1615a002370e8857b6f972834bc43ece\"},\"breadcrumb\":{\"@id\":\"https:\/\/diariodalagoa.pt\/jose-medeiros-ferreira-foi-um-dos-grandes-acorianos-que-nunca-esqueceu-os-acores\/#breadcrumb\"},\"inLanguage\":\"fr-FR\",\"potentialAction\":[{\"@type\":\"ReadAction\",\"target\":[\"https:\/\/diariodalagoa.pt\/jose-medeiros-ferreira-foi-um-dos-grandes-acorianos-que-nunca-esqueceu-os-acores\/\"]}]},{\"@type\":\"BreadcrumbList\",\"@id\":\"https:\/\/diariodalagoa.pt\/jose-medeiros-ferreira-foi-um-dos-grandes-acorianos-que-nunca-esqueceu-os-acores\/#breadcrumb\",\"itemListElement\":[{\"@type\":\"ListItem\",\"position\":1,\"name\":\"In\u00edcio\",\"item\":\"https:\/\/diariodalagoa.pt\/\"},{\"@type\":\"ListItem\",\"position\":2,\"name\":\"Jos\u00e9 Medeiros Ferreira foi um dos &#8220;grandes A\u00e7orianos que nunca esqueceu os A\u00e7ores&#8221;\"}]},{\"@type\":\"WebSite\",\"@id\":\"https:\/\/diariodalagoa.pt\/#website\",\"url\":\"https:\/\/diariodalagoa.pt\/\",\"name\":\"Di\u00e1rio da Lagoa\",\"description\":\"Di\u00e1rio da Lagoa. As not\u00edcias que contam. A partir da Lagoa, nos A\u00e7ores, para o mundo.\",\"potentialAction\":[{\"@type\":\"SearchAction\",\"target\":{\"@type\":\"EntryPoint\",\"urlTemplate\":\"https:\/\/diariodalagoa.pt\/?s={search_term_string}\"},\"query-input\":\"required name=search_term_string\"}],\"inLanguage\":\"fr-FR\"},{\"@type\":\"Person\",\"@id\":\"https:\/\/diariodalagoa.pt\/#\/schema\/person\/1615a002370e8857b6f972834bc43ece\",\"name\":\"Di\u00e1rio da Lagoa\",\"image\":{\"@type\":\"ImageObject\",\"inLanguage\":\"fr-FR\",\"@id\":\"https:\/\/diariodalagoa.pt\/#\/schema\/person\/image\/\",\"url\":\"https:\/\/secure.gravatar.com\/avatar\/2cb5cef90a26f8fbd4d9d930608102c5?s=96&d=mm&r=g\",\"contentUrl\":\"https:\/\/secure.gravatar.com\/avatar\/2cb5cef90a26f8fbd4d9d930608102c5?s=96&d=mm&r=g\",\"caption\":\"Di\u00e1rio da Lagoa\"},\"url\":\"https:\/\/diariodalagoa.pt\/fr\/author\/diariodalagoa\/\"}]}<\/script>\n<!-- \/ Yoast SEO plugin. -->","yoast_head_json":{"title":"Jos\u00e9 Medeiros Ferreira foi um dos \"grandes A\u00e7orianos que nunca esqueceu os A\u00e7ores\" - Di\u00e1rio da Lagoa","robots":{"index":"index","follow":"follow","max-snippet":"max-snippet:-1","max-image-preview":"max-image-preview:large","max-video-preview":"max-video-preview:-1"},"canonical":"https:\/\/diariodalagoa.pt\/fr\/jose-medeiros-ferreira-foi-um-dos-grandes-acorianos-que-nunca-esqueceu-os-acores\/","og_locale":"fr_FR","og_type":"article","og_title":"Jos\u00e9 Medeiros Ferreira foi um dos \"grandes A\u00e7orianos que nunca esqueceu os A\u00e7ores\" - Di\u00e1rio da Lagoa","og_description":"O Presidente do Governo Regional manifestou o \u201csentimento de enorme perda\u201d que representa o falecimento do Professor Jos\u00e9 Medeiros Ferreira, um dos \u201cgrandes A\u00e7orianos que nunca esqueceu os A\u00e7ores\u201d na sua a\u00e7\u00e3o pessoal, pol\u00edtica e acad\u00e9mica. Em declara\u00e7\u00f5es aos jornalistas, o Presidente do Governo recordou que Jos\u00e9 Medeiros Ferreira foi um dos fundadores do F\u00f3rum [&hellip;]","og_url":"https:\/\/diariodalagoa.pt\/fr\/jose-medeiros-ferreira-foi-um-dos-grandes-acorianos-que-nunca-esqueceu-os-acores\/","og_site_name":"Di\u00e1rio da Lagoa","article_published_time":"2014-03-18T14:04:07+00:00","og_image":[{"width":720,"height":380,"url":"https:\/\/diariodalagoa.pt\/wp-content\/uploads\/2014\/03\/2234.jpg","type":"image\/jpeg"}],"author":"Di\u00e1rio da Lagoa","twitter_card":"summary_large_image","twitter_misc":{"\u00c9crit par":"Di\u00e1rio da Lagoa","Dur\u00e9e de lecture estim\u00e9e":"1 minute"},"schema":{"@context":"https:\/\/schema.org","@graph":[{"@type":"WebPage","@id":"https:\/\/diariodalagoa.pt\/jose-medeiros-ferreira-foi-um-dos-grandes-acorianos-que-nunca-esqueceu-os-acores\/","url":"https:\/\/diariodalagoa.pt\/jose-medeiros-ferreira-foi-um-dos-grandes-acorianos-que-nunca-esqueceu-os-acores\/","name":"Jos\u00e9 Medeiros Ferreira foi um dos \"grandes A\u00e7orianos que nunca esqueceu os A\u00e7ores\" - Di\u00e1rio da Lagoa","isPartOf":{"@id":"https:\/\/diariodalagoa.pt\/#website"},"datePublished":"2014-03-18T14:04:07+00:00","dateModified":"2014-03-18T14:04:07+00:00","author":{"@id":"https:\/\/diariodalagoa.pt\/#\/schema\/person\/1615a002370e8857b6f972834bc43ece"},"breadcrumb":{"@id":"https:\/\/diariodalagoa.pt\/jose-medeiros-ferreira-foi-um-dos-grandes-acorianos-que-nunca-esqueceu-os-acores\/#breadcrumb"},"inLanguage":"fr-FR","potentialAction":[{"@type":"ReadAction","target":["https:\/\/diariodalagoa.pt\/jose-medeiros-ferreira-foi-um-dos-grandes-acorianos-que-nunca-esqueceu-os-acores\/"]}]},{"@type":"BreadcrumbList","@id":"https:\/\/diariodalagoa.pt\/jose-medeiros-ferreira-foi-um-dos-grandes-acorianos-que-nunca-esqueceu-os-acores\/#breadcrumb","itemListElement":[{"@type":"ListItem","position":1,"name":"In\u00edcio","item":"https:\/\/diariodalagoa.pt\/"},{"@type":"ListItem","position":2,"name":"Jos\u00e9 Medeiros Ferreira foi um dos &#8220;grandes A\u00e7orianos que nunca esqueceu os A\u00e7ores&#8221;"}]},{"@type":"WebSite","@id":"https:\/\/diariodalagoa.pt\/#website","url":"https:\/\/diariodalagoa.pt\/","name":"Di\u00e1rio da Lagoa","description":"Di\u00e1rio da Lagoa. As not\u00edcias que contam. A partir da Lagoa, nos A\u00e7ores, para o mundo.","potentialAction":[{"@type":"SearchAction","target":{"@type":"EntryPoint","urlTemplate":"https:\/\/diariodalagoa.pt\/?s={search_term_string}"},"query-input":"required name=search_term_string"}],"inLanguage":"fr-FR"},{"@type":"Person","@id":"https:\/\/diariodalagoa.pt\/#\/schema\/person\/1615a002370e8857b6f972834bc43ece","name":"Di\u00e1rio da Lagoa","image":{"@type":"ImageObject","inLanguage":"fr-FR","@id":"https:\/\/diariodalagoa.pt\/#\/schema\/person\/image\/","url":"https:\/\/secure.gravatar.com\/avatar\/2cb5cef90a26f8fbd4d9d930608102c5?s=96&d=mm&r=g","contentUrl":"https:\/\/secure.gravatar.com\/avatar\/2cb5cef90a26f8fbd4d9d930608102c5?s=96&d=mm&r=g","caption":"Di\u00e1rio da Lagoa"},"url":"https:\/\/diariodalagoa.pt\/fr\/author\/diariodalagoa\/"}]}},"_links":{"self":[{"href":"https:\/\/diariodalagoa.pt\/fr\/wp-json\/wp\/v2\/posts\/1979"}],"collection":[{"href":"https:\/\/diariodalagoa.pt\/fr\/wp-json\/wp\/v2\/posts"}],"about":[{"href":"https:\/\/diariodalagoa.pt\/fr\/wp-json\/wp\/v2\/types\/post"}],"author":[{"embeddable":true,"href":"https:\/\/diariodalagoa.pt\/fr\/wp-json\/wp\/v2\/users\/2"}],"replies":[{"embeddable":true,"href":"https:\/\/diariodalagoa.pt\/fr\/wp-json\/wp\/v2\/comments?post=1979"}],"version-history":[{"count":0,"href":"https:\/\/diariodalagoa.pt\/fr\/wp-json\/wp\/v2\/posts\/1979\/revisions"}],"wp:featuredmedia":[{"embeddable":true,"href":"https:\/\/diariodalagoa.pt\/fr\/wp-json\/wp\/v2\/media\/122074"}],"wp:attachment":[{"href":"https:\/\/diariodalagoa.pt\/fr\/wp-json\/wp\/v2\/media?parent=1979"}],"wp:term":[{"taxonomy":"category","embeddable":true,"href":"https:\/\/diariodalagoa.pt\/fr\/wp-json\/wp\/v2\/categories?post=1979"},{"taxonomy":"post_tag","embeddable":true,"href":"https:\/\/diariodalagoa.pt\/fr\/wp-json\/wp\/v2\/tags?post=1979"}],"curies":[{"name":"wp","href":"https:\/\/api.w.org\/{rel}","templated":true}]}}