{"id":1976,"date":"2014-03-18T12:58:41","date_gmt":"2014-03-18T13:58:41","guid":{"rendered":"http:\/\/diariodalagoa.pt\/?p=1976"},"modified":"2014-03-18T12:58:41","modified_gmt":"2014-03-18T13:58:41","slug":"100-jovens-micaelenses-integram-movimento-shalom","status":"publish","type":"post","link":"https:\/\/diariodalagoa.pt\/fr\/100-jovens-micaelenses-integram-movimento-shalom\/","title":{"rendered":"100 jovens micaelenses integram Movimento Shalom"},"content":{"rendered":"<p style=\"text-align: justify;\"><a href=\"http:\/\/diariodalagoa.pt\/wp-content\/uploads\/2014\/03\/shalom4wo.jpg\"><img decoding=\"async\" class=\"alignnone size-full wp-image-1977\" alt=\"shalom4wo\" src=\"http:\/\/diariodalagoa.pt\/wp-content\/uploads\/2014\/03\/shalom4wo.jpg\" width=\"720\" height=\"385\" \/><\/a><\/p>\n<p style=\"text-align: justify;\"><span style=\"color: #000000;\">O Assistente Espiritual Nacional do Movimento de Encontros de Jovens Shalom (MEJSh), Pe. V\u00edtor Lopes e a coordenadora do movimento nos A\u00e7ores, Mara Rocha, visitaram a ilha de S\u00e3o Miguel, durante este fim de semana, com o intuito de conhecer melhor a realidade pastoral local e dar a conhecer o MEJSh. <\/span><\/p>\n<p style=\"text-align: justify;\"><span style=\"color: #000000;\">O movimento acolhe neste momento 100 jovens, na maior ilha do arquip\u00e9lago, entre os que se encontram em prepara\u00e7\u00e3o para o Crisma(70) e os que est\u00e3o a caminhar \u00a0para o Encontro Inicial que \u00e9 um dos momentos altos de integra\u00e7\u00e3o e de compromisso dentro da comunidade Shalom. <\/span><\/p>\n<p style=\"text-align: justify;\"><span style=\"color: #000000;\">Este Encontro Inicial, em S\u00e3o Miguel, est\u00e1 previsto para os dias 5,6 e 7 de Dezembro e \u201cser\u00e1 o culminar de um processo que passa por v\u00e1rias etapas\u201d, disse ao Portal da Diocese o Pe Vitor Lopes, esta segunda-feira. <\/span><\/p>\n<p style=\"text-align: justify;\"><span style=\"color: #000000;\">Apesar de j\u00e1 existir na ilha Terceira h\u00e1 alguns anos, em S\u00e3o Miguel o MEJSh chegou apenas h\u00e1 oito meses, embora o respons\u00e1vel pelo movimento fa\u00e7a uma avalia\u00e7\u00e3o \u201cmuito positiva\u201d da caminhada que os jovens e os animadores conseguiram fazer neste espa\u00e7o de tempo.\u00a0 <\/span><\/p>\n<p style=\"text-align: justify;\"><span style=\"color: #000000;\">O movimento est\u00e1 presente nas Par\u00f3quias de Santa Cruz de Lagoa, Porto Formoso e Maia e conta neste momento com 30 jovens a prepararem-se para o Encontro Inicial.\u00a0 <\/span><\/p>\n<p style=\"text-align: justify;\"><span style=\"color: #000000;\">Durante o processo de forma\u00e7\u00e3o at\u00e9 ao Encontro Inicial, h\u00e1 algumas etapas que os jovens do MEJSh t\u00eam de percorrer, depois de formados os v\u00e1rios grupos que s\u00e3o orientados por animadores, com reuni\u00f5es semanais. <\/span><\/p>\n<p style=\"text-align: justify;\"><span style=\"color: #000000;\">A primeira etapa \u00e9 formar amizade e la\u00e7os de uni\u00e3o; a segunda prende-se com a no\u00e7\u00e3o de grupo e de perten\u00e7a a esse grupo (um grupo crist\u00e3o) com responsabilidades e compromissos espec\u00edficos; a terceira etapa \u00e9 a cria\u00e7\u00e3o da perce\u00e7\u00e3o de perten\u00e7a a uma realidade onde o grupo est\u00e1 inserido e a quarta etapa tem a ver com uma avalia\u00e7\u00e3o do percurso e a abertura de perspetivas para o futuro. <\/span><\/p>\n<p style=\"text-align: justify;\"><span style=\"color: #000000;\">Trata-se da etapa intitulada \u201crela\u00e7\u00f5es humanas\u201d, cuja forma\u00e7\u00e3o \u00e9 assegurada \u201cem regra\u201d por leigos e na qual os jovens de S\u00e3o Miguel tamb\u00e9m v\u00e3o participar no pr\u00f3ximo m\u00eas de outubro. <\/span><\/p>\n<p style=\"text-align: justify;\"><span style=\"color: #000000;\">A \u00faltima parte destes Encontros destina-se a debater as quest\u00f5es do namoro e da sexualidade \u00e0 luz da doutrina da Igreja e a import\u00e2ncia da ora\u00e7\u00e3o e dos sacramentos. Habitualmente os Encontros terminam com uma celebra\u00e7\u00e3o Eucar\u00edstica comunit\u00e1ria. <\/span><\/p>\n<p style=\"text-align: justify;\"><span style=\"color: #000000;\">O MEJSh foi fundado em Angola pelo padre terceirense Lu\u00eds Carlos, na d\u00e9cada de 60, mas o reconhecimento do grupo como sociedade de vida apost\u00f3lica s\u00f3 viria a acontecer mais tarde, com a cria\u00e7\u00e3o da Comunidade Shalom. <\/span><\/p>\n<p style=\"text-align: justify;\"><span style=\"color: #000000;\">Em Portugal, esta comunidade surge em 91 com o objetivo de proporcionar a partilha de experi\u00eancias de vida pelos jovens, quer do ponto de vista profissional quer do ponto de vista pessoal. <\/span><\/p>\n<p style=\"text-align: justify;\"><span style=\"color: #000000;\">Depois de \u00c1frica, do Brasil e de Portugal, hoje as comunidades Shalom est\u00e3o presentes em v\u00e1rios pa\u00edses europeus. <\/span><\/p>\n<p style=\"text-align: justify;\"><span style=\"color: #000000;\"><i>DL\/Diocese<\/i><\/span><\/p>","protected":false},"excerpt":{"rendered":"<p>O Assistente Espiritual Nacional do Movimento de Encontros de Jovens Shalom (MEJSh), Pe. V\u00edtor Lopes e a coordenadora do movimento nos A\u00e7ores, Mara Rocha, visitaram a ilha de S\u00e3o Miguel, durante este fim de semana, com o intuito de conhecer melhor a realidade pastoral local e dar a conhecer o MEJSh. O movimento acolhe neste [&hellip;]<\/p>","protected":false},"author":2,"featured_media":122075,"comment_status":"open","ping_status":"open","sticky":false,"template":"","format":"standard","meta":[],"categories":[21],"tags":[],"acf":[],"yoast_head":"<!-- This site is optimized with the Yoast SEO plugin v20.10 - https:\/\/yoast.com\/wordpress\/plugins\/seo\/ -->\n<title>100 jovens micaelenses integram Movimento Shalom - Di\u00e1rio da Lagoa<\/title>\n<meta name=\"robots\" content=\"index, follow, max-snippet:-1, max-image-preview:large, max-video-preview:-1\" \/>\n<link rel=\"canonical\" href=\"https:\/\/diariodalagoa.pt\/fr\/100-jovens-micaelenses-integram-movimento-shalom\/\" \/>\n<meta property=\"og:locale\" content=\"fr_FR\" \/>\n<meta property=\"og:type\" content=\"article\" \/>\n<meta property=\"og:title\" content=\"100 jovens micaelenses integram Movimento Shalom - Di\u00e1rio da Lagoa\" \/>\n<meta property=\"og:description\" content=\"O Assistente Espiritual Nacional do Movimento de Encontros de Jovens Shalom (MEJSh), Pe. V\u00edtor Lopes e a coordenadora do movimento nos A\u00e7ores, Mara Rocha, visitaram a ilha de S\u00e3o Miguel, durante este fim de semana, com o intuito de conhecer melhor a realidade pastoral local e dar a conhecer o MEJSh. O movimento acolhe neste [&hellip;]\" \/>\n<meta property=\"og:url\" content=\"https:\/\/diariodalagoa.pt\/fr\/100-jovens-micaelenses-integram-movimento-shalom\/\" \/>\n<meta property=\"og:site_name\" content=\"Di\u00e1rio da Lagoa\" \/>\n<meta property=\"article:published_time\" content=\"2014-03-18T13:58:41+00:00\" \/>\n<meta property=\"og:image\" content=\"https:\/\/diariodalagoa.pt\/wp-content\/uploads\/2014\/03\/shalom4wo.jpg\" \/>\n\t<meta property=\"og:image:width\" content=\"720\" \/>\n\t<meta property=\"og:image:height\" content=\"385\" \/>\n\t<meta property=\"og:image:type\" content=\"image\/jpeg\" \/>\n<meta name=\"author\" content=\"Di\u00e1rio da Lagoa\" \/>\n<meta name=\"twitter:card\" content=\"summary_large_image\" \/>\n<meta name=\"twitter:label1\" content=\"\u00c9crit par\" \/>\n\t<meta name=\"twitter:data1\" content=\"Di\u00e1rio da Lagoa\" \/>\n\t<meta name=\"twitter:label2\" content=\"Dur\u00e9e de lecture estim\u00e9e\" \/>\n\t<meta name=\"twitter:data2\" content=\"3 minutes\" \/>\n<script type=\"application\/ld+json\" class=\"yoast-schema-graph\">{\"@context\":\"https:\/\/schema.org\",\"@graph\":[{\"@type\":\"WebPage\",\"@id\":\"https:\/\/diariodalagoa.pt\/100-jovens-micaelenses-integram-movimento-shalom\/\",\"url\":\"https:\/\/diariodalagoa.pt\/100-jovens-micaelenses-integram-movimento-shalom\/\",\"name\":\"100 jovens micaelenses integram Movimento Shalom - Di\u00e1rio da Lagoa\",\"isPartOf\":{\"@id\":\"https:\/\/diariodalagoa.pt\/#website\"},\"datePublished\":\"2014-03-18T13:58:41+00:00\",\"dateModified\":\"2014-03-18T13:58:41+00:00\",\"author\":{\"@id\":\"https:\/\/diariodalagoa.pt\/#\/schema\/person\/1615a002370e8857b6f972834bc43ece\"},\"breadcrumb\":{\"@id\":\"https:\/\/diariodalagoa.pt\/100-jovens-micaelenses-integram-movimento-shalom\/#breadcrumb\"},\"inLanguage\":\"fr-FR\",\"potentialAction\":[{\"@type\":\"ReadAction\",\"target\":[\"https:\/\/diariodalagoa.pt\/100-jovens-micaelenses-integram-movimento-shalom\/\"]}]},{\"@type\":\"BreadcrumbList\",\"@id\":\"https:\/\/diariodalagoa.pt\/100-jovens-micaelenses-integram-movimento-shalom\/#breadcrumb\",\"itemListElement\":[{\"@type\":\"ListItem\",\"position\":1,\"name\":\"In\u00edcio\",\"item\":\"https:\/\/diariodalagoa.pt\/\"},{\"@type\":\"ListItem\",\"position\":2,\"name\":\"100 jovens micaelenses integram Movimento Shalom\"}]},{\"@type\":\"WebSite\",\"@id\":\"https:\/\/diariodalagoa.pt\/#website\",\"url\":\"https:\/\/diariodalagoa.pt\/\",\"name\":\"Di\u00e1rio da Lagoa\",\"description\":\"Di\u00e1rio da Lagoa. As not\u00edcias que contam. A partir da Lagoa, nos A\u00e7ores, para o mundo.\",\"potentialAction\":[{\"@type\":\"SearchAction\",\"target\":{\"@type\":\"EntryPoint\",\"urlTemplate\":\"https:\/\/diariodalagoa.pt\/?s={search_term_string}\"},\"query-input\":\"required name=search_term_string\"}],\"inLanguage\":\"fr-FR\"},{\"@type\":\"Person\",\"@id\":\"https:\/\/diariodalagoa.pt\/#\/schema\/person\/1615a002370e8857b6f972834bc43ece\",\"name\":\"Di\u00e1rio da Lagoa\",\"image\":{\"@type\":\"ImageObject\",\"inLanguage\":\"fr-FR\",\"@id\":\"https:\/\/diariodalagoa.pt\/#\/schema\/person\/image\/\",\"url\":\"https:\/\/secure.gravatar.com\/avatar\/2cb5cef90a26f8fbd4d9d930608102c5?s=96&d=mm&r=g\",\"contentUrl\":\"https:\/\/secure.gravatar.com\/avatar\/2cb5cef90a26f8fbd4d9d930608102c5?s=96&d=mm&r=g\",\"caption\":\"Di\u00e1rio da Lagoa\"},\"url\":\"https:\/\/diariodalagoa.pt\/fr\/author\/diariodalagoa\/\"}]}<\/script>\n<!-- \/ Yoast SEO plugin. -->","yoast_head_json":{"title":"100 jovens micaelenses integram Movimento Shalom - Di\u00e1rio da Lagoa","robots":{"index":"index","follow":"follow","max-snippet":"max-snippet:-1","max-image-preview":"max-image-preview:large","max-video-preview":"max-video-preview:-1"},"canonical":"https:\/\/diariodalagoa.pt\/fr\/100-jovens-micaelenses-integram-movimento-shalom\/","og_locale":"fr_FR","og_type":"article","og_title":"100 jovens micaelenses integram Movimento Shalom - Di\u00e1rio da Lagoa","og_description":"O Assistente Espiritual Nacional do Movimento de Encontros de Jovens Shalom (MEJSh), Pe. V\u00edtor Lopes e a coordenadora do movimento nos A\u00e7ores, Mara Rocha, visitaram a ilha de S\u00e3o Miguel, durante este fim de semana, com o intuito de conhecer melhor a realidade pastoral local e dar a conhecer o MEJSh. O movimento acolhe neste [&hellip;]","og_url":"https:\/\/diariodalagoa.pt\/fr\/100-jovens-micaelenses-integram-movimento-shalom\/","og_site_name":"Di\u00e1rio da Lagoa","article_published_time":"2014-03-18T13:58:41+00:00","og_image":[{"width":720,"height":385,"url":"https:\/\/diariodalagoa.pt\/wp-content\/uploads\/2014\/03\/shalom4wo.jpg","type":"image\/jpeg"}],"author":"Di\u00e1rio da Lagoa","twitter_card":"summary_large_image","twitter_misc":{"\u00c9crit par":"Di\u00e1rio da Lagoa","Dur\u00e9e de lecture estim\u00e9e":"3 minutes"},"schema":{"@context":"https:\/\/schema.org","@graph":[{"@type":"WebPage","@id":"https:\/\/diariodalagoa.pt\/100-jovens-micaelenses-integram-movimento-shalom\/","url":"https:\/\/diariodalagoa.pt\/100-jovens-micaelenses-integram-movimento-shalom\/","name":"100 jovens micaelenses integram Movimento Shalom - Di\u00e1rio da Lagoa","isPartOf":{"@id":"https:\/\/diariodalagoa.pt\/#website"},"datePublished":"2014-03-18T13:58:41+00:00","dateModified":"2014-03-18T13:58:41+00:00","author":{"@id":"https:\/\/diariodalagoa.pt\/#\/schema\/person\/1615a002370e8857b6f972834bc43ece"},"breadcrumb":{"@id":"https:\/\/diariodalagoa.pt\/100-jovens-micaelenses-integram-movimento-shalom\/#breadcrumb"},"inLanguage":"fr-FR","potentialAction":[{"@type":"ReadAction","target":["https:\/\/diariodalagoa.pt\/100-jovens-micaelenses-integram-movimento-shalom\/"]}]},{"@type":"BreadcrumbList","@id":"https:\/\/diariodalagoa.pt\/100-jovens-micaelenses-integram-movimento-shalom\/#breadcrumb","itemListElement":[{"@type":"ListItem","position":1,"name":"In\u00edcio","item":"https:\/\/diariodalagoa.pt\/"},{"@type":"ListItem","position":2,"name":"100 jovens micaelenses integram Movimento Shalom"}]},{"@type":"WebSite","@id":"https:\/\/diariodalagoa.pt\/#website","url":"https:\/\/diariodalagoa.pt\/","name":"Di\u00e1rio da Lagoa","description":"Di\u00e1rio da Lagoa. As not\u00edcias que contam. A partir da Lagoa, nos A\u00e7ores, para o mundo.","potentialAction":[{"@type":"SearchAction","target":{"@type":"EntryPoint","urlTemplate":"https:\/\/diariodalagoa.pt\/?s={search_term_string}"},"query-input":"required name=search_term_string"}],"inLanguage":"fr-FR"},{"@type":"Person","@id":"https:\/\/diariodalagoa.pt\/#\/schema\/person\/1615a002370e8857b6f972834bc43ece","name":"Di\u00e1rio da Lagoa","image":{"@type":"ImageObject","inLanguage":"fr-FR","@id":"https:\/\/diariodalagoa.pt\/#\/schema\/person\/image\/","url":"https:\/\/secure.gravatar.com\/avatar\/2cb5cef90a26f8fbd4d9d930608102c5?s=96&d=mm&r=g","contentUrl":"https:\/\/secure.gravatar.com\/avatar\/2cb5cef90a26f8fbd4d9d930608102c5?s=96&d=mm&r=g","caption":"Di\u00e1rio da Lagoa"},"url":"https:\/\/diariodalagoa.pt\/fr\/author\/diariodalagoa\/"}]}},"_links":{"self":[{"href":"https:\/\/diariodalagoa.pt\/fr\/wp-json\/wp\/v2\/posts\/1976"}],"collection":[{"href":"https:\/\/diariodalagoa.pt\/fr\/wp-json\/wp\/v2\/posts"}],"about":[{"href":"https:\/\/diariodalagoa.pt\/fr\/wp-json\/wp\/v2\/types\/post"}],"author":[{"embeddable":true,"href":"https:\/\/diariodalagoa.pt\/fr\/wp-json\/wp\/v2\/users\/2"}],"replies":[{"embeddable":true,"href":"https:\/\/diariodalagoa.pt\/fr\/wp-json\/wp\/v2\/comments?post=1976"}],"version-history":[{"count":0,"href":"https:\/\/diariodalagoa.pt\/fr\/wp-json\/wp\/v2\/posts\/1976\/revisions"}],"wp:featuredmedia":[{"embeddable":true,"href":"https:\/\/diariodalagoa.pt\/fr\/wp-json\/wp\/v2\/media\/122075"}],"wp:attachment":[{"href":"https:\/\/diariodalagoa.pt\/fr\/wp-json\/wp\/v2\/media?parent=1976"}],"wp:term":[{"taxonomy":"category","embeddable":true,"href":"https:\/\/diariodalagoa.pt\/fr\/wp-json\/wp\/v2\/categories?post=1976"},{"taxonomy":"post_tag","embeddable":true,"href":"https:\/\/diariodalagoa.pt\/fr\/wp-json\/wp\/v2\/tags?post=1976"}],"curies":[{"name":"wp","href":"https:\/\/api.w.org\/{rel}","templated":true}]}}