{"id":163622,"date":"2026-05-02T11:01:38","date_gmt":"2026-05-02T11:01:38","guid":{"rendered":"https:\/\/diariodalagoa.pt\/?p=163622"},"modified":"2026-05-02T11:03:21","modified_gmt":"2026-05-02T11:03:21","slug":"lagoa-une-se-em-laco-humano-contra-os-maus-tratos-na-infancia","status":"publish","type":"post","link":"https:\/\/diariodalagoa.pt\/fr\/lagoa-une-se-em-laco-humano-contra-os-maus-tratos-na-infancia\/","title":{"rendered":"Lagoa une-se em la\u00e7o humano contra os maus-tratos na inf\u00e2ncia"},"content":{"rendered":"<h3 class=\"wp-block-heading\">Colaboradores da autarquia e da CPCJ formaram um \u201cLa\u00e7o Azul Humano\u201d nos Pa\u00e7os do Concelho, numa iniciativa que coincidiu com a\u00e7\u00f5es semelhantes por todo o pa\u00eds. O Munic\u00edpio destaca-se ainda pela aprova\u00e7\u00e3o de um plano estrat\u00e9gico pioneiro na regi\u00e3o para o per\u00edodo 2026\u20132030<\/h3>\n\n\n\n<figure class=\"wp-block-image size-full\"><img decoding=\"async\" width=\"960\" height=\"640\" src=\"https:\/\/diariodalagoa.pt\/wp-content\/uploads\/2026\/05\/laco-azul-humano-lagoa-2026-cml.jpg\" alt=\"\" class=\"wp-image-163623\" srcset=\"https:\/\/diariodalagoa.pt\/wp-content\/uploads\/2026\/05\/laco-azul-humano-lagoa-2026-cml.jpg 960w, https:\/\/diariodalagoa.pt\/wp-content\/uploads\/2026\/05\/laco-azul-humano-lagoa-2026-cml-300x200.jpg 300w, https:\/\/diariodalagoa.pt\/wp-content\/uploads\/2026\/05\/laco-azul-humano-lagoa-2026-cml-768x512.jpg 768w, https:\/\/diariodalagoa.pt\/wp-content\/uploads\/2026\/05\/laco-azul-humano-lagoa-2026-cml-18x12.jpg 18w\" sizes=\"(max-width: 960px) 100vw, 960px\" \/><figcaption class=\"wp-element-caption\"><sup><mark style=\"background-color:rgba(0, 0, 0, 0)\" class=\"has-inline-color has-cyan-bluish-gray-color\">\u00a9 CM LAGOA<\/mark><\/sup><\/figcaption><\/figure>\n\n\n<p data-path-to-node=\"2\">A C\u00e2mara Municipal da Lagoa e a Comiss\u00e3o de Prote\u00e7\u00e3o de Crian\u00e7as e Jovens (CPCJ) local realizaram, na quinta feira-passada, 30 de abril, uma iniciativa simb\u00f3lica no jardim dos Pa\u00e7os do Concelho para sensibilizar a comunidade para a preven\u00e7\u00e3o dos maus-tratos na inf\u00e2ncia. A a\u00e7\u00e3o consistiu na forma\u00e7\u00e3o de um \u201cLa\u00e7o Azul Humano\u201d por colaboradores da autarquia, integrando um desafio de \u00e2mbito nacional que mobilizou simultaneamente diversas localidades no Continente e nas Regi\u00f5es Aut\u00f3nomas. Segundo a nota de imprensa da autarquia, este gesto pretende refor\u00e7ar a ideia de que a prote\u00e7\u00e3o dos mais novos \u00e9 uma &#8220;responsabilidade partilhada&#8221; que exige o compromisso ativo de institui\u00e7\u00f5es e cidad\u00e3os.<\/p>\n<p data-path-to-node=\"3\">Esta iniciativa surge no seguimento de outras a\u00e7\u00f5es que t\u00eam marcado o m\u00eas de abril no concelho. No passado dia 1, a bandeira do La\u00e7o Azul foi hasteada nos Pa\u00e7os do Concelho, numa cerim\u00f3nia que contou com a vereadora da A\u00e7\u00e3o Social e Sa\u00fade, Gra\u00e7a Costa, e a presidente da CPCJ de Lagoa, Edite Preto. O movimento de sensibiliza\u00e7\u00e3o estendeu-se tamb\u00e9m \u00e0 comunidade escolar, com a EBI de Lagoa, a EBI de \u00c1gua de Pau e a Escola Secund\u00e1ria da Lagoa a associarem-se atrav\u00e9s do hastear da bandeira e da dinamiza\u00e7\u00e3o de atividades pedag\u00f3gicas com os alunos.<\/p>\n<p data-path-to-node=\"4\">A par das iniciativas simb\u00f3licas, o Munic\u00edpio refor\u00e7ou o seu compromisso pol\u00edtico com a aprova\u00e7\u00e3o do Plano Municipal de Promo\u00e7\u00e3o e Prote\u00e7\u00e3o dos Direitos das Crian\u00e7as e Jovens 2026\u20132030. Este documento, o primeiro do g\u00e9nero a ser aprovado ao n\u00edvel da Regi\u00e3o Aut\u00f3noma dos A\u00e7ores, surge como um instrumento estrat\u00e9gico baseado num diagn\u00f3stico das problem\u00e1ticas identificadas localmente. Elaborado em rede com diversas entidades, o plano visa garantir o desenvolvimento integral e o bem-estar das crian\u00e7as e jovens lagoenses para os pr\u00f3ximos quatro anos, consolidando a articula\u00e7\u00e3o entre a autarquia e a CPCJ.<\/p>","protected":false},"excerpt":{"rendered":"<p>Colaboradores da autarquia e da CPCJ formaram um \u201cLa\u00e7o Azul Humano\u201d nos Pa\u00e7os do Concelho, numa iniciativa que coincidiu com a\u00e7\u00f5es semelhantes por todo o pa\u00eds.<\/p>","protected":false},"author":2,"featured_media":163623,"comment_status":"open","ping_status":"closed","sticky":false,"template":"","format":"standard","meta":[],"categories":[21],"tags":[34,79,3436,3800,4473,4709,5057,5058],"acf":[],"yoast_head":"<!-- This site is optimized with the Yoast SEO plugin v20.10 - https:\/\/yoast.com\/wordpress\/plugins\/seo\/ -->\n<title>Lagoa une-se em la\u00e7o humano contra os maus-tratos na inf\u00e2ncia - Di\u00e1rio da Lagoa<\/title>\n<meta name=\"description\" content=\"Colaboradores da autarquia e da CPCJ formaram um \u201cLa\u00e7o Azul Humano\u201d nos Pa\u00e7os do Concelho, numa iniciativa que coincidiu com a\u00e7\u00f5es semelhantes por todo o pa\u00eds. O Munic\u00edpio destaca-se ainda pela aprova\u00e7\u00e3o de um plano estrat\u00e9gico pioneiro na regi\u00e3o para o per\u00edodo 2026\u20132030.\" \/>\n<meta name=\"robots\" content=\"index, follow, max-snippet:-1, max-image-preview:large, max-video-preview:-1\" \/>\n<link rel=\"canonical\" href=\"https:\/\/diariodalagoa.pt\/fr\/lagoa-une-se-em-laco-humano-contra-os-maus-tratos-na-infancia\/\" \/>\n<meta property=\"og:locale\" content=\"fr_FR\" \/>\n<meta property=\"og:type\" content=\"article\" \/>\n<meta property=\"og:title\" content=\"Lagoa une-se em la\u00e7o humano contra os maus-tratos na inf\u00e2ncia - Di\u00e1rio da Lagoa\" \/>\n<meta property=\"og:description\" content=\"Colaboradores da autarquia e da CPCJ formaram um \u201cLa\u00e7o Azul Humano\u201d nos Pa\u00e7os do Concelho, numa iniciativa que coincidiu com a\u00e7\u00f5es semelhantes por todo o pa\u00eds. O Munic\u00edpio destaca-se ainda pela aprova\u00e7\u00e3o de um plano estrat\u00e9gico pioneiro na regi\u00e3o para o per\u00edodo 2026\u20132030.\" \/>\n<meta property=\"og:url\" content=\"https:\/\/diariodalagoa.pt\/fr\/lagoa-une-se-em-laco-humano-contra-os-maus-tratos-na-infancia\/\" \/>\n<meta property=\"og:site_name\" content=\"Di\u00e1rio da Lagoa\" \/>\n<meta property=\"article:published_time\" content=\"2026-05-02T11:01:38+00:00\" \/>\n<meta property=\"article:modified_time\" content=\"2026-05-02T11:03:21+00:00\" \/>\n<meta property=\"og:image\" content=\"https:\/\/diariodalagoa.pt\/wp-content\/uploads\/2026\/05\/laco-azul-humano-lagoa-2026-cml.jpg\" \/>\n\t<meta property=\"og:image:width\" content=\"960\" \/>\n\t<meta property=\"og:image:height\" content=\"640\" \/>\n\t<meta property=\"og:image:type\" content=\"image\/jpeg\" \/>\n<meta name=\"author\" content=\"Di\u00e1rio da Lagoa\" \/>\n<meta name=\"twitter:card\" content=\"summary_large_image\" \/>\n<meta name=\"twitter:label1\" content=\"\u00c9crit par\" \/>\n\t<meta name=\"twitter:data1\" content=\"Di\u00e1rio da Lagoa\" \/>\n\t<meta name=\"twitter:label2\" content=\"Dur\u00e9e de lecture estim\u00e9e\" \/>\n\t<meta name=\"twitter:data2\" content=\"3 minutes\" \/>\n<script type=\"application\/ld+json\" class=\"yoast-schema-graph\">{\"@context\":\"https:\/\/schema.org\",\"@graph\":[{\"@type\":\"WebPage\",\"@id\":\"https:\/\/diariodalagoa.pt\/lagoa-une-se-em-laco-humano-contra-os-maus-tratos-na-infancia\/\",\"url\":\"https:\/\/diariodalagoa.pt\/lagoa-une-se-em-laco-humano-contra-os-maus-tratos-na-infancia\/\",\"name\":\"Lagoa une-se em la\u00e7o humano contra os maus-tratos na inf\u00e2ncia - Di\u00e1rio da Lagoa\",\"isPartOf\":{\"@id\":\"https:\/\/diariodalagoa.pt\/#website\"},\"datePublished\":\"2026-05-02T11:01:38+00:00\",\"dateModified\":\"2026-05-02T11:03:21+00:00\",\"author\":{\"@id\":\"https:\/\/diariodalagoa.pt\/#\/schema\/person\/1615a002370e8857b6f972834bc43ece\"},\"description\":\"Colaboradores da autarquia e da CPCJ formaram um \u201cLa\u00e7o Azul Humano\u201d nos Pa\u00e7os do Concelho, numa iniciativa que coincidiu com a\u00e7\u00f5es semelhantes por todo o pa\u00eds. O Munic\u00edpio destaca-se ainda pela aprova\u00e7\u00e3o de um plano estrat\u00e9gico pioneiro na regi\u00e3o para o per\u00edodo 2026\u20132030.\",\"breadcrumb\":{\"@id\":\"https:\/\/diariodalagoa.pt\/lagoa-une-se-em-laco-humano-contra-os-maus-tratos-na-infancia\/#breadcrumb\"},\"inLanguage\":\"fr-FR\",\"potentialAction\":[{\"@type\":\"ReadAction\",\"target\":[\"https:\/\/diariodalagoa.pt\/lagoa-une-se-em-laco-humano-contra-os-maus-tratos-na-infancia\/\"]}]},{\"@type\":\"BreadcrumbList\",\"@id\":\"https:\/\/diariodalagoa.pt\/lagoa-une-se-em-laco-humano-contra-os-maus-tratos-na-infancia\/#breadcrumb\",\"itemListElement\":[{\"@type\":\"ListItem\",\"position\":1,\"name\":\"In\u00edcio\",\"item\":\"https:\/\/diariodalagoa.pt\/\"},{\"@type\":\"ListItem\",\"position\":2,\"name\":\"Lagoa une-se em la\u00e7o humano contra os maus-tratos na inf\u00e2ncia\"}]},{\"@type\":\"WebSite\",\"@id\":\"https:\/\/diariodalagoa.pt\/#website\",\"url\":\"https:\/\/diariodalagoa.pt\/\",\"name\":\"Di\u00e1rio da Lagoa\",\"description\":\"Di\u00e1rio da Lagoa. As not\u00edcias que contam. A partir da Lagoa, nos A\u00e7ores, para o mundo.\",\"potentialAction\":[{\"@type\":\"SearchAction\",\"target\":{\"@type\":\"EntryPoint\",\"urlTemplate\":\"https:\/\/diariodalagoa.pt\/?s={search_term_string}\"},\"query-input\":\"required name=search_term_string\"}],\"inLanguage\":\"fr-FR\"},{\"@type\":\"Person\",\"@id\":\"https:\/\/diariodalagoa.pt\/#\/schema\/person\/1615a002370e8857b6f972834bc43ece\",\"name\":\"Di\u00e1rio da Lagoa\",\"image\":{\"@type\":\"ImageObject\",\"inLanguage\":\"fr-FR\",\"@id\":\"https:\/\/diariodalagoa.pt\/#\/schema\/person\/image\/\",\"url\":\"https:\/\/secure.gravatar.com\/avatar\/2cb5cef90a26f8fbd4d9d930608102c5?s=96&d=mm&r=g\",\"contentUrl\":\"https:\/\/secure.gravatar.com\/avatar\/2cb5cef90a26f8fbd4d9d930608102c5?s=96&d=mm&r=g\",\"caption\":\"Di\u00e1rio da Lagoa\"},\"url\":\"https:\/\/diariodalagoa.pt\/fr\/author\/diariodalagoa\/\"}]}<\/script>\n<!-- \/ Yoast SEO plugin. -->","yoast_head_json":{"title":"Lagoa une-se em la\u00e7o humano contra os maus-tratos na inf\u00e2ncia - Di\u00e1rio da Lagoa","description":"Colaboradores da autarquia e da CPCJ formaram um \u201cLa\u00e7o Azul Humano\u201d nos Pa\u00e7os do Concelho, numa iniciativa que coincidiu com a\u00e7\u00f5es semelhantes por todo o pa\u00eds. O Munic\u00edpio destaca-se ainda pela aprova\u00e7\u00e3o de um plano estrat\u00e9gico pioneiro na regi\u00e3o para o per\u00edodo 2026\u20132030.","robots":{"index":"index","follow":"follow","max-snippet":"max-snippet:-1","max-image-preview":"max-image-preview:large","max-video-preview":"max-video-preview:-1"},"canonical":"https:\/\/diariodalagoa.pt\/fr\/lagoa-une-se-em-laco-humano-contra-os-maus-tratos-na-infancia\/","og_locale":"fr_FR","og_type":"article","og_title":"Lagoa une-se em la\u00e7o humano contra os maus-tratos na inf\u00e2ncia - Di\u00e1rio da Lagoa","og_description":"Colaboradores da autarquia e da CPCJ formaram um \u201cLa\u00e7o Azul Humano\u201d nos Pa\u00e7os do Concelho, numa iniciativa que coincidiu com a\u00e7\u00f5es semelhantes por todo o pa\u00eds. O Munic\u00edpio destaca-se ainda pela aprova\u00e7\u00e3o de um plano estrat\u00e9gico pioneiro na regi\u00e3o para o per\u00edodo 2026\u20132030.","og_url":"https:\/\/diariodalagoa.pt\/fr\/lagoa-une-se-em-laco-humano-contra-os-maus-tratos-na-infancia\/","og_site_name":"Di\u00e1rio da Lagoa","article_published_time":"2026-05-02T11:01:38+00:00","article_modified_time":"2026-05-02T11:03:21+00:00","og_image":[{"width":960,"height":640,"url":"https:\/\/diariodalagoa.pt\/wp-content\/uploads\/2026\/05\/laco-azul-humano-lagoa-2026-cml.jpg","type":"image\/jpeg"}],"author":"Di\u00e1rio da Lagoa","twitter_card":"summary_large_image","twitter_misc":{"\u00c9crit par":"Di\u00e1rio da Lagoa","Dur\u00e9e de lecture estim\u00e9e":"3 minutes"},"schema":{"@context":"https:\/\/schema.org","@graph":[{"@type":"WebPage","@id":"https:\/\/diariodalagoa.pt\/lagoa-une-se-em-laco-humano-contra-os-maus-tratos-na-infancia\/","url":"https:\/\/diariodalagoa.pt\/lagoa-une-se-em-laco-humano-contra-os-maus-tratos-na-infancia\/","name":"Lagoa une-se em la\u00e7o humano contra os maus-tratos na inf\u00e2ncia - Di\u00e1rio da Lagoa","isPartOf":{"@id":"https:\/\/diariodalagoa.pt\/#website"},"datePublished":"2026-05-02T11:01:38+00:00","dateModified":"2026-05-02T11:03:21+00:00","author":{"@id":"https:\/\/diariodalagoa.pt\/#\/schema\/person\/1615a002370e8857b6f972834bc43ece"},"description":"Colaboradores da autarquia e da CPCJ formaram um \u201cLa\u00e7o Azul Humano\u201d nos Pa\u00e7os do Concelho, numa iniciativa que coincidiu com a\u00e7\u00f5es semelhantes por todo o pa\u00eds. O Munic\u00edpio destaca-se ainda pela aprova\u00e7\u00e3o de um plano estrat\u00e9gico pioneiro na regi\u00e3o para o per\u00edodo 2026\u20132030.","breadcrumb":{"@id":"https:\/\/diariodalagoa.pt\/lagoa-une-se-em-laco-humano-contra-os-maus-tratos-na-infancia\/#breadcrumb"},"inLanguage":"fr-FR","potentialAction":[{"@type":"ReadAction","target":["https:\/\/diariodalagoa.pt\/lagoa-une-se-em-laco-humano-contra-os-maus-tratos-na-infancia\/"]}]},{"@type":"BreadcrumbList","@id":"https:\/\/diariodalagoa.pt\/lagoa-une-se-em-laco-humano-contra-os-maus-tratos-na-infancia\/#breadcrumb","itemListElement":[{"@type":"ListItem","position":1,"name":"In\u00edcio","item":"https:\/\/diariodalagoa.pt\/"},{"@type":"ListItem","position":2,"name":"Lagoa une-se em la\u00e7o humano contra os maus-tratos na inf\u00e2ncia"}]},{"@type":"WebSite","@id":"https:\/\/diariodalagoa.pt\/#website","url":"https:\/\/diariodalagoa.pt\/","name":"Di\u00e1rio da Lagoa","description":"Di\u00e1rio da Lagoa. As not\u00edcias que contam. A partir da Lagoa, nos A\u00e7ores, para o mundo.","potentialAction":[{"@type":"SearchAction","target":{"@type":"EntryPoint","urlTemplate":"https:\/\/diariodalagoa.pt\/?s={search_term_string}"},"query-input":"required name=search_term_string"}],"inLanguage":"fr-FR"},{"@type":"Person","@id":"https:\/\/diariodalagoa.pt\/#\/schema\/person\/1615a002370e8857b6f972834bc43ece","name":"Di\u00e1rio da Lagoa","image":{"@type":"ImageObject","inLanguage":"fr-FR","@id":"https:\/\/diariodalagoa.pt\/#\/schema\/person\/image\/","url":"https:\/\/secure.gravatar.com\/avatar\/2cb5cef90a26f8fbd4d9d930608102c5?s=96&d=mm&r=g","contentUrl":"https:\/\/secure.gravatar.com\/avatar\/2cb5cef90a26f8fbd4d9d930608102c5?s=96&d=mm&r=g","caption":"Di\u00e1rio da Lagoa"},"url":"https:\/\/diariodalagoa.pt\/fr\/author\/diariodalagoa\/"}]}},"_links":{"self":[{"href":"https:\/\/diariodalagoa.pt\/fr\/wp-json\/wp\/v2\/posts\/163622"}],"collection":[{"href":"https:\/\/diariodalagoa.pt\/fr\/wp-json\/wp\/v2\/posts"}],"about":[{"href":"https:\/\/diariodalagoa.pt\/fr\/wp-json\/wp\/v2\/types\/post"}],"author":[{"embeddable":true,"href":"https:\/\/diariodalagoa.pt\/fr\/wp-json\/wp\/v2\/users\/2"}],"replies":[{"embeddable":true,"href":"https:\/\/diariodalagoa.pt\/fr\/wp-json\/wp\/v2\/comments?post=163622"}],"version-history":[{"count":3,"href":"https:\/\/diariodalagoa.pt\/fr\/wp-json\/wp\/v2\/posts\/163622\/revisions"}],"predecessor-version":[{"id":163626,"href":"https:\/\/diariodalagoa.pt\/fr\/wp-json\/wp\/v2\/posts\/163622\/revisions\/163626"}],"wp:featuredmedia":[{"embeddable":true,"href":"https:\/\/diariodalagoa.pt\/fr\/wp-json\/wp\/v2\/media\/163623"}],"wp:attachment":[{"href":"https:\/\/diariodalagoa.pt\/fr\/wp-json\/wp\/v2\/media?parent=163622"}],"wp:term":[{"taxonomy":"category","embeddable":true,"href":"https:\/\/diariodalagoa.pt\/fr\/wp-json\/wp\/v2\/categories?post=163622"},{"taxonomy":"post_tag","embeddable":true,"href":"https:\/\/diariodalagoa.pt\/fr\/wp-json\/wp\/v2\/tags?post=163622"}],"curies":[{"name":"wp","href":"https:\/\/api.w.org\/{rel}","templated":true}]}}