{"id":163593,"date":"2026-04-30T19:24:04","date_gmt":"2026-04-30T19:24:04","guid":{"rendered":"https:\/\/diariodalagoa.pt\/?p=163593"},"modified":"2026-04-30T19:24:06","modified_gmt":"2026-04-30T19:24:06","slug":"governo-reabre-candidaturas-a-iniciativas-de-promocao-do-destino-acores","status":"publish","type":"post","link":"https:\/\/diariodalagoa.pt\/fr\/governo-reabre-candidaturas-a-iniciativas-de-promocao-do-destino-acores\/","title":{"rendered":"Governo reabre candidaturas a iniciativas de promo\u00e7\u00e3o do destino A\u00e7ores"},"content":{"rendered":"<figure class=\"wp-block-image size-full\"><img decoding=\"async\" width=\"960\" height=\"640\" src=\"https:\/\/diariodalagoa.pt\/wp-content\/uploads\/2026\/04\/dsc1725.jpg\" alt=\"\" class=\"wp-image-163594\" srcset=\"https:\/\/diariodalagoa.pt\/wp-content\/uploads\/2026\/04\/dsc1725.jpg 960w, https:\/\/diariodalagoa.pt\/wp-content\/uploads\/2026\/04\/dsc1725-300x200.jpg 300w, https:\/\/diariodalagoa.pt\/wp-content\/uploads\/2026\/04\/dsc1725-768x512.jpg 768w, https:\/\/diariodalagoa.pt\/wp-content\/uploads\/2026\/04\/dsc1725-18x12.jpg 18w\" sizes=\"(max-width: 960px) 100vw, 960px\" \/><figcaption class=\"wp-element-caption\"><sub><mark style=\"background-color:rgba(0, 0, 0, 0)\" class=\"has-inline-color has-cyan-bluish-gray-color\">\u00a9 AC\u00c1CIO MATEUS<\/mark><\/sub><\/figcaption><\/figure>\n\n\n\n<p>Est\u00e3o novamente abertas as candidaturas aos sistemas de incentivos financeiros destinados ao apoio p\u00fablico a iniciativas de reconhecido interesse para a promo\u00e7\u00e3o do destino tur\u00edstico A\u00e7ores, no \u00e2mbito do Decreto Legislativo Regional n.\u00ba 18\/2005\/A, de 20 de julho.<\/p>\n\n\n\n<p>Estes apoios visam estimular projetos inovadores e estrat\u00e9gicos para a valoriza\u00e7\u00e3o e notoriedade do destino, estando a sua atribui\u00e7\u00e3o sujeita \u00e0 dota\u00e7\u00e3o or\u00e7amental dispon\u00edvel anualmente.<\/p>\n\n\n\n<p>Recorde\u2011se que as candidaturas haviam sido temporariamente suspensas no \u00e2mbito da prepara\u00e7\u00e3o e execu\u00e7\u00e3o do Plano e Or\u00e7amento da Regi\u00e3o para 2026, em conson\u00e2ncia com a necessidade de priorizar projetos financiados por fundos europeus, nomeadamente no quadro do Plano de Recupera\u00e7\u00e3o e Resili\u00eancia (PRR) e do Programa Operacional A\u00e7ores 2030 (PO 2030) \u2013 instrumentos que apresentam uma relev\u00e2ncia estrat\u00e9gica acrescida e implicam prazos de execu\u00e7\u00e3o particularmente exigentes.<\/p>\n\n\n\n<p>Com o evoluir da execu\u00e7\u00e3o or\u00e7amental, a Dire\u00e7\u00e3o Regional do Turismo retoma as condi\u00e7\u00f5es para rece\u00e7\u00e3o de candidaturas a este sistema de incentivos. Informa\u00e7\u00e3o adicional sobre o processo de candidatura pode ser consultada em&nbsp;<a href=\"https:\/\/eur02.safelinks.protection.outlook.com\/?url=https%3A%2F%2Fturismo.azores.gov.pt%2Fregime-de-financiamento-publico-de-iniciativas-com-interesse-para-a-promocao-do-destino-turistico-acores%2F&amp;data=05%7C02%7CAna.PD.Martins%40azores.gov.pt%7C3d026835a6984bd54f4608dea6e1272c%7C14ab77183e714019890a54ed9b92f98a%7C0%7C0%7C639131683101929076%7CUnknown%7CTWFpbGZsb3d8eyJFbXB0eU1hcGkiOnRydWUsIlYiOiIwLjAuMDAwMCIsIlAiOiJXaW4zMiIsIkFOIjoiTWFpbCIsIldUIjoyfQ%3D%3D%7C0%7C%7C%7C&amp;sdata=4ooar8Vi4CELiQOisjlL301cwsuhR93ZjwFNtjti%2FVg%3D&amp;reserved=0\" target=\"_blank\" rel=\"noreferrer noopener\">https:\/\/turismo.azores.gov.pt\/regime-de-financiamento-publico-de-iniciativas-com-interesse-para-a-promocao-do-destino-turistico-acores\/<\/a><\/p>","protected":false},"excerpt":{"rendered":"<p>Apoios visam estimular projetos inovadores e estrat\u00e9gicos para a valoriza\u00e7\u00e3o e notoriedade do destino.<\/p>","protected":false},"author":2,"featured_media":163594,"comment_status":"open","ping_status":"open","sticky":false,"template":"","format":"standard","meta":[],"categories":[21],"tags":[31,195,602,3195,5046,5047],"acf":[],"yoast_head":"<!-- This site is optimized with the Yoast SEO plugin v20.10 - https:\/\/yoast.com\/wordpress\/plugins\/seo\/ -->\n<title>Governo reabre candidaturas a iniciativas de promo\u00e7\u00e3o do destino A\u00e7ores - Di\u00e1rio da Lagoa<\/title>\n<meta name=\"description\" content=\"Apoios visam estimular projetos inovadores e estrat\u00e9gicos para a valoriza\u00e7\u00e3o e notoriedade do destino.\" \/>\n<meta name=\"robots\" content=\"index, follow, max-snippet:-1, max-image-preview:large, max-video-preview:-1\" \/>\n<link rel=\"canonical\" href=\"https:\/\/diariodalagoa.pt\/fr\/governo-reabre-candidaturas-a-iniciativas-de-promocao-do-destino-acores\/\" \/>\n<meta property=\"og:locale\" content=\"fr_FR\" \/>\n<meta property=\"og:type\" content=\"article\" \/>\n<meta property=\"og:title\" content=\"Governo reabre candidaturas a iniciativas de promo\u00e7\u00e3o do destino A\u00e7ores - Di\u00e1rio da Lagoa\" \/>\n<meta property=\"og:description\" content=\"Apoios visam estimular projetos inovadores e estrat\u00e9gicos para a valoriza\u00e7\u00e3o e notoriedade do destino.\" \/>\n<meta property=\"og:url\" content=\"https:\/\/diariodalagoa.pt\/fr\/governo-reabre-candidaturas-a-iniciativas-de-promocao-do-destino-acores\/\" \/>\n<meta property=\"og:site_name\" content=\"Di\u00e1rio da Lagoa\" \/>\n<meta property=\"article:published_time\" content=\"2026-04-30T19:24:04+00:00\" \/>\n<meta property=\"article:modified_time\" content=\"2026-04-30T19:24:06+00:00\" \/>\n<meta property=\"og:image\" content=\"https:\/\/diariodalagoa.pt\/wp-content\/uploads\/2026\/04\/dsc1725.jpg\" \/>\n\t<meta property=\"og:image:width\" content=\"960\" \/>\n\t<meta property=\"og:image:height\" content=\"640\" \/>\n\t<meta property=\"og:image:type\" content=\"image\/jpeg\" \/>\n<meta name=\"author\" content=\"Di\u00e1rio da Lagoa\" \/>\n<meta name=\"twitter:card\" content=\"summary_large_image\" \/>\n<meta name=\"twitter:label1\" content=\"\u00c9crit par\" \/>\n\t<meta name=\"twitter:data1\" content=\"Di\u00e1rio da Lagoa\" \/>\n\t<meta name=\"twitter:label2\" content=\"Dur\u00e9e de lecture estim\u00e9e\" \/>\n\t<meta name=\"twitter:data2\" content=\"2 minutes\" \/>\n<script type=\"application\/ld+json\" class=\"yoast-schema-graph\">{\"@context\":\"https:\/\/schema.org\",\"@graph\":[{\"@type\":\"WebPage\",\"@id\":\"https:\/\/diariodalagoa.pt\/governo-reabre-candidaturas-a-iniciativas-de-promocao-do-destino-acores\/\",\"url\":\"https:\/\/diariodalagoa.pt\/governo-reabre-candidaturas-a-iniciativas-de-promocao-do-destino-acores\/\",\"name\":\"Governo reabre candidaturas a iniciativas de promo\u00e7\u00e3o do destino A\u00e7ores - Di\u00e1rio da Lagoa\",\"isPartOf\":{\"@id\":\"https:\/\/diariodalagoa.pt\/#website\"},\"datePublished\":\"2026-04-30T19:24:04+00:00\",\"dateModified\":\"2026-04-30T19:24:06+00:00\",\"author\":{\"@id\":\"https:\/\/diariodalagoa.pt\/#\/schema\/person\/1615a002370e8857b6f972834bc43ece\"},\"description\":\"Apoios visam estimular projetos inovadores e estrat\u00e9gicos para a valoriza\u00e7\u00e3o e notoriedade do destino.\",\"breadcrumb\":{\"@id\":\"https:\/\/diariodalagoa.pt\/governo-reabre-candidaturas-a-iniciativas-de-promocao-do-destino-acores\/#breadcrumb\"},\"inLanguage\":\"fr-FR\",\"potentialAction\":[{\"@type\":\"ReadAction\",\"target\":[\"https:\/\/diariodalagoa.pt\/governo-reabre-candidaturas-a-iniciativas-de-promocao-do-destino-acores\/\"]}]},{\"@type\":\"BreadcrumbList\",\"@id\":\"https:\/\/diariodalagoa.pt\/governo-reabre-candidaturas-a-iniciativas-de-promocao-do-destino-acores\/#breadcrumb\",\"itemListElement\":[{\"@type\":\"ListItem\",\"position\":1,\"name\":\"In\u00edcio\",\"item\":\"https:\/\/diariodalagoa.pt\/\"},{\"@type\":\"ListItem\",\"position\":2,\"name\":\"Governo reabre candidaturas a iniciativas de promo\u00e7\u00e3o do destino A\u00e7ores\"}]},{\"@type\":\"WebSite\",\"@id\":\"https:\/\/diariodalagoa.pt\/#website\",\"url\":\"https:\/\/diariodalagoa.pt\/\",\"name\":\"Di\u00e1rio da Lagoa\",\"description\":\"Di\u00e1rio da Lagoa. As not\u00edcias que contam. A partir da Lagoa, nos A\u00e7ores, para o mundo.\",\"potentialAction\":[{\"@type\":\"SearchAction\",\"target\":{\"@type\":\"EntryPoint\",\"urlTemplate\":\"https:\/\/diariodalagoa.pt\/?s={search_term_string}\"},\"query-input\":\"required name=search_term_string\"}],\"inLanguage\":\"fr-FR\"},{\"@type\":\"Person\",\"@id\":\"https:\/\/diariodalagoa.pt\/#\/schema\/person\/1615a002370e8857b6f972834bc43ece\",\"name\":\"Di\u00e1rio da Lagoa\",\"image\":{\"@type\":\"ImageObject\",\"inLanguage\":\"fr-FR\",\"@id\":\"https:\/\/diariodalagoa.pt\/#\/schema\/person\/image\/\",\"url\":\"https:\/\/secure.gravatar.com\/avatar\/2cb5cef90a26f8fbd4d9d930608102c5?s=96&d=mm&r=g\",\"contentUrl\":\"https:\/\/secure.gravatar.com\/avatar\/2cb5cef90a26f8fbd4d9d930608102c5?s=96&d=mm&r=g\",\"caption\":\"Di\u00e1rio da Lagoa\"},\"url\":\"https:\/\/diariodalagoa.pt\/fr\/author\/diariodalagoa\/\"}]}<\/script>\n<!-- \/ Yoast SEO plugin. -->","yoast_head_json":{"title":"Governo reabre candidaturas a iniciativas de promo\u00e7\u00e3o do destino A\u00e7ores - Di\u00e1rio da Lagoa","description":"Apoios visam estimular projetos inovadores e estrat\u00e9gicos para a valoriza\u00e7\u00e3o e notoriedade do destino.","robots":{"index":"index","follow":"follow","max-snippet":"max-snippet:-1","max-image-preview":"max-image-preview:large","max-video-preview":"max-video-preview:-1"},"canonical":"https:\/\/diariodalagoa.pt\/fr\/governo-reabre-candidaturas-a-iniciativas-de-promocao-do-destino-acores\/","og_locale":"fr_FR","og_type":"article","og_title":"Governo reabre candidaturas a iniciativas de promo\u00e7\u00e3o do destino A\u00e7ores - Di\u00e1rio da Lagoa","og_description":"Apoios visam estimular projetos inovadores e estrat\u00e9gicos para a valoriza\u00e7\u00e3o e notoriedade do destino.","og_url":"https:\/\/diariodalagoa.pt\/fr\/governo-reabre-candidaturas-a-iniciativas-de-promocao-do-destino-acores\/","og_site_name":"Di\u00e1rio da Lagoa","article_published_time":"2026-04-30T19:24:04+00:00","article_modified_time":"2026-04-30T19:24:06+00:00","og_image":[{"width":960,"height":640,"url":"https:\/\/diariodalagoa.pt\/wp-content\/uploads\/2026\/04\/dsc1725.jpg","type":"image\/jpeg"}],"author":"Di\u00e1rio da Lagoa","twitter_card":"summary_large_image","twitter_misc":{"\u00c9crit par":"Di\u00e1rio da Lagoa","Dur\u00e9e de lecture estim\u00e9e":"2 minutes"},"schema":{"@context":"https:\/\/schema.org","@graph":[{"@type":"WebPage","@id":"https:\/\/diariodalagoa.pt\/governo-reabre-candidaturas-a-iniciativas-de-promocao-do-destino-acores\/","url":"https:\/\/diariodalagoa.pt\/governo-reabre-candidaturas-a-iniciativas-de-promocao-do-destino-acores\/","name":"Governo reabre candidaturas a iniciativas de promo\u00e7\u00e3o do destino A\u00e7ores - Di\u00e1rio da Lagoa","isPartOf":{"@id":"https:\/\/diariodalagoa.pt\/#website"},"datePublished":"2026-04-30T19:24:04+00:00","dateModified":"2026-04-30T19:24:06+00:00","author":{"@id":"https:\/\/diariodalagoa.pt\/#\/schema\/person\/1615a002370e8857b6f972834bc43ece"},"description":"Apoios visam estimular projetos inovadores e estrat\u00e9gicos para a valoriza\u00e7\u00e3o e notoriedade do destino.","breadcrumb":{"@id":"https:\/\/diariodalagoa.pt\/governo-reabre-candidaturas-a-iniciativas-de-promocao-do-destino-acores\/#breadcrumb"},"inLanguage":"fr-FR","potentialAction":[{"@type":"ReadAction","target":["https:\/\/diariodalagoa.pt\/governo-reabre-candidaturas-a-iniciativas-de-promocao-do-destino-acores\/"]}]},{"@type":"BreadcrumbList","@id":"https:\/\/diariodalagoa.pt\/governo-reabre-candidaturas-a-iniciativas-de-promocao-do-destino-acores\/#breadcrumb","itemListElement":[{"@type":"ListItem","position":1,"name":"In\u00edcio","item":"https:\/\/diariodalagoa.pt\/"},{"@type":"ListItem","position":2,"name":"Governo reabre candidaturas a iniciativas de promo\u00e7\u00e3o do destino A\u00e7ores"}]},{"@type":"WebSite","@id":"https:\/\/diariodalagoa.pt\/#website","url":"https:\/\/diariodalagoa.pt\/","name":"Di\u00e1rio da Lagoa","description":"Di\u00e1rio da Lagoa. As not\u00edcias que contam. A partir da Lagoa, nos A\u00e7ores, para o mundo.","potentialAction":[{"@type":"SearchAction","target":{"@type":"EntryPoint","urlTemplate":"https:\/\/diariodalagoa.pt\/?s={search_term_string}"},"query-input":"required name=search_term_string"}],"inLanguage":"fr-FR"},{"@type":"Person","@id":"https:\/\/diariodalagoa.pt\/#\/schema\/person\/1615a002370e8857b6f972834bc43ece","name":"Di\u00e1rio da Lagoa","image":{"@type":"ImageObject","inLanguage":"fr-FR","@id":"https:\/\/diariodalagoa.pt\/#\/schema\/person\/image\/","url":"https:\/\/secure.gravatar.com\/avatar\/2cb5cef90a26f8fbd4d9d930608102c5?s=96&d=mm&r=g","contentUrl":"https:\/\/secure.gravatar.com\/avatar\/2cb5cef90a26f8fbd4d9d930608102c5?s=96&d=mm&r=g","caption":"Di\u00e1rio da Lagoa"},"url":"https:\/\/diariodalagoa.pt\/fr\/author\/diariodalagoa\/"}]}},"_links":{"self":[{"href":"https:\/\/diariodalagoa.pt\/fr\/wp-json\/wp\/v2\/posts\/163593"}],"collection":[{"href":"https:\/\/diariodalagoa.pt\/fr\/wp-json\/wp\/v2\/posts"}],"about":[{"href":"https:\/\/diariodalagoa.pt\/fr\/wp-json\/wp\/v2\/types\/post"}],"author":[{"embeddable":true,"href":"https:\/\/diariodalagoa.pt\/fr\/wp-json\/wp\/v2\/users\/2"}],"replies":[{"embeddable":true,"href":"https:\/\/diariodalagoa.pt\/fr\/wp-json\/wp\/v2\/comments?post=163593"}],"version-history":[{"count":2,"href":"https:\/\/diariodalagoa.pt\/fr\/wp-json\/wp\/v2\/posts\/163593\/revisions"}],"predecessor-version":[{"id":163596,"href":"https:\/\/diariodalagoa.pt\/fr\/wp-json\/wp\/v2\/posts\/163593\/revisions\/163596"}],"wp:featuredmedia":[{"embeddable":true,"href":"https:\/\/diariodalagoa.pt\/fr\/wp-json\/wp\/v2\/media\/163594"}],"wp:attachment":[{"href":"https:\/\/diariodalagoa.pt\/fr\/wp-json\/wp\/v2\/media?parent=163593"}],"wp:term":[{"taxonomy":"category","embeddable":true,"href":"https:\/\/diariodalagoa.pt\/fr\/wp-json\/wp\/v2\/categories?post=163593"},{"taxonomy":"post_tag","embeddable":true,"href":"https:\/\/diariodalagoa.pt\/fr\/wp-json\/wp\/v2\/tags?post=163593"}],"curies":[{"name":"wp","href":"https:\/\/api.w.org\/{rel}","templated":true}]}}