{"id":163550,"date":"2026-04-28T10:33:45","date_gmt":"2026-04-28T10:33:45","guid":{"rendered":"https:\/\/diariodalagoa.pt\/?p=163550"},"modified":"2026-04-28T10:33:48","modified_gmt":"2026-04-28T10:33:48","slug":"pedro-camara-jr-motivado-para-o-ii-rali-ponta-delgada","status":"publish","type":"post","link":"https:\/\/diariodalagoa.pt\/fr\/pedro-camara-jr-motivado-para-o-ii-rali-ponta-delgada\/","title":{"rendered":"Pedro C\u00e2mara Jr. motivado para o II Rali Ponta Delgada"},"content":{"rendered":"<figure class=\"wp-block-image size-full\"><img decoding=\"async\" width=\"960\" height=\"640\" src=\"https:\/\/diariodalagoa.pt\/wp-content\/uploads\/2026\/04\/pedro-camara-jr.jpeg\" alt=\"\" class=\"wp-image-163551\" srcset=\"https:\/\/diariodalagoa.pt\/wp-content\/uploads\/2026\/04\/pedro-camara-jr.jpeg 960w, https:\/\/diariodalagoa.pt\/wp-content\/uploads\/2026\/04\/pedro-camara-jr-300x200.jpeg 300w, https:\/\/diariodalagoa.pt\/wp-content\/uploads\/2026\/04\/pedro-camara-jr-768x512.jpeg 768w, https:\/\/diariodalagoa.pt\/wp-content\/uploads\/2026\/04\/pedro-camara-jr-18x12.jpeg 18w\" sizes=\"(max-width: 960px) 100vw, 960px\" \/><figcaption class=\"wp-element-caption\"><sub><mark style=\"background-color:rgba(0, 0, 0, 0)\" class=\"has-inline-color has-cyan-bluish-gray-color\">\u00a9 DIREITOS RESERVADOS<\/mark><\/sub><\/figcaption><\/figure>\n\n\n\n<p>O jovem piloto a\u00e7oriano,&nbsp;Pedro C\u00e2mara Jr.,&nbsp;prepara-se para marcar presen\u00e7a, nos pr\u00f3ximos dias&nbsp;1 e 2 de maio, no&nbsp;II Rali Ponta Delgada, naquela que ser\u00e1 a sua&nbsp;estreia em competi\u00e7\u00e3o na ilha de S\u00e3o Miguel.<\/p>\n\n\n\n<p>Ap\u00f3s a recente vit\u00f3ria no&nbsp;Rali Terras d&#8217;Aboboreira, o piloto chega a esta prova com motiva\u00e7\u00e3o, encarando este in\u00edcio de \u00e9poca como um conjunto de indicadores muito positivos para o seu crescimento desportivo. &#8220;Estou bastante feliz e motivado com tudo aquilo que temos vindo a fazer. Este in\u00edcio de \u00e9poca tem sido muito positivo e d\u00e1-nos bons indicadores para o futuro\u201d, disse.<\/p>\n\n\n\n<p>A participa\u00e7\u00e3o no rali micaelense assume um significado especial para o jovem piloto, n\u00e3o s\u00f3 pela import\u00e2ncia da prova, mas tamb\u00e9m pelo fator emocional de competir na sua ilha. &#8220;Vai ser a minha estreia a correr em S\u00e3o Miguel, o que me deixa muito feliz e entusiasmado. Poder competir e aprender aqui na minha terra \u00e9 algo muito especial para mim\u201d.<\/p>\n\n\n\n<p>Apesar dos resultados j\u00e1 alcan\u00e7ados, Pedro C\u00e2mara Jr. mant\u00e9m uma abordagem focada na evolu\u00e7\u00e3o cont\u00ednua, consciente de que se encontra ainda numa fase de aprendizagem. &#8220;Os objetivos passam por continuar a aprender o m\u00e1ximo poss\u00edvel. Sendo esta a minha estreia aqui, quero fazer quil\u00f3metros, evoluir e, acima de tudo, desfrutar ao m\u00e1ximo deste sonho que estou a viver\u201d. <\/p>\n\n\n\n<p>O piloto destaca ainda a import\u00e2ncia da estrutura que tem vindo a construir ao longo desta \u00e9poca, reconhecendo o papel fundamental de todos os que o apoiam. &#8220;Estou cada vez mais feliz com toda a equipa que estou a criar \u00e0 minha volta, desde patrocinadores, amigos, fam\u00edlia e entidades. S\u00e3o eles que fazem com que este projeto seja poss\u00edvel\u201d.<\/p>","protected":false},"excerpt":{"rendered":"<p>Piloto a\u00e7oriano chega motivado depois do bom desempenho no Rali Terras d\u2019Aboboreira. Objetivo \u00e9 continuar a crescer.<\/p>","protected":false},"author":2,"featured_media":163551,"comment_status":"open","ping_status":"open","sticky":false,"template":"","format":"standard","meta":[],"categories":[21],"tags":[5029,5030,5031,480,1962],"acf":[],"yoast_head":"<!-- This site is optimized with the Yoast SEO plugin v20.10 - https:\/\/yoast.com\/wordpress\/plugins\/seo\/ -->\n<title>Pedro C\u00e2mara Jr. motivado para o II Rali Ponta Delgada - Di\u00e1rio da Lagoa<\/title>\n<meta name=\"description\" content=\"Piloto a\u00e7oriano chega motivado depois do bom desempenho no Rali Terras d\u2019Aboboreira. Objetivo \u00e9 continuar a crescer.\" \/>\n<meta name=\"robots\" content=\"index, follow, max-snippet:-1, max-image-preview:large, max-video-preview:-1\" \/>\n<link rel=\"canonical\" href=\"https:\/\/diariodalagoa.pt\/fr\/pedro-camara-jr-motivado-para-o-ii-rali-ponta-delgada\/\" \/>\n<meta property=\"og:locale\" content=\"fr_FR\" \/>\n<meta property=\"og:type\" content=\"article\" \/>\n<meta property=\"og:title\" content=\"Pedro C\u00e2mara Jr. motivado para o II Rali Ponta Delgada - Di\u00e1rio da Lagoa\" \/>\n<meta property=\"og:description\" content=\"Piloto a\u00e7oriano chega motivado depois do bom desempenho no Rali Terras d\u2019Aboboreira. Objetivo \u00e9 continuar a crescer.\" \/>\n<meta property=\"og:url\" content=\"https:\/\/diariodalagoa.pt\/fr\/pedro-camara-jr-motivado-para-o-ii-rali-ponta-delgada\/\" \/>\n<meta property=\"og:site_name\" content=\"Di\u00e1rio da Lagoa\" \/>\n<meta property=\"article:published_time\" content=\"2026-04-28T10:33:45+00:00\" \/>\n<meta property=\"article:modified_time\" content=\"2026-04-28T10:33:48+00:00\" \/>\n<meta property=\"og:image\" content=\"https:\/\/diariodalagoa.pt\/wp-content\/uploads\/2026\/04\/pedro-camara-jr.jpeg\" \/>\n\t<meta property=\"og:image:width\" content=\"960\" \/>\n\t<meta property=\"og:image:height\" content=\"640\" \/>\n\t<meta property=\"og:image:type\" content=\"image\/jpeg\" \/>\n<meta name=\"author\" content=\"Di\u00e1rio da Lagoa\" \/>\n<meta name=\"twitter:card\" content=\"summary_large_image\" \/>\n<meta name=\"twitter:label1\" content=\"\u00c9crit par\" \/>\n\t<meta name=\"twitter:data1\" content=\"Di\u00e1rio da Lagoa\" \/>\n\t<meta name=\"twitter:label2\" content=\"Dur\u00e9e de lecture estim\u00e9e\" \/>\n\t<meta name=\"twitter:data2\" content=\"2 minutes\" \/>\n<script type=\"application\/ld+json\" class=\"yoast-schema-graph\">{\"@context\":\"https:\/\/schema.org\",\"@graph\":[{\"@type\":\"WebPage\",\"@id\":\"https:\/\/diariodalagoa.pt\/pedro-camara-jr-motivado-para-o-ii-rali-ponta-delgada\/\",\"url\":\"https:\/\/diariodalagoa.pt\/pedro-camara-jr-motivado-para-o-ii-rali-ponta-delgada\/\",\"name\":\"Pedro C\u00e2mara Jr. motivado para o II Rali Ponta Delgada - Di\u00e1rio da Lagoa\",\"isPartOf\":{\"@id\":\"https:\/\/diariodalagoa.pt\/#website\"},\"datePublished\":\"2026-04-28T10:33:45+00:00\",\"dateModified\":\"2026-04-28T10:33:48+00:00\",\"author\":{\"@id\":\"https:\/\/diariodalagoa.pt\/#\/schema\/person\/1615a002370e8857b6f972834bc43ece\"},\"description\":\"Piloto a\u00e7oriano chega motivado depois do bom desempenho no Rali Terras d\u2019Aboboreira. Objetivo \u00e9 continuar a crescer.\",\"breadcrumb\":{\"@id\":\"https:\/\/diariodalagoa.pt\/pedro-camara-jr-motivado-para-o-ii-rali-ponta-delgada\/#breadcrumb\"},\"inLanguage\":\"fr-FR\",\"potentialAction\":[{\"@type\":\"ReadAction\",\"target\":[\"https:\/\/diariodalagoa.pt\/pedro-camara-jr-motivado-para-o-ii-rali-ponta-delgada\/\"]}]},{\"@type\":\"BreadcrumbList\",\"@id\":\"https:\/\/diariodalagoa.pt\/pedro-camara-jr-motivado-para-o-ii-rali-ponta-delgada\/#breadcrumb\",\"itemListElement\":[{\"@type\":\"ListItem\",\"position\":1,\"name\":\"In\u00edcio\",\"item\":\"https:\/\/diariodalagoa.pt\/\"},{\"@type\":\"ListItem\",\"position\":2,\"name\":\"Pedro C\u00e2mara Jr. motivado para o II Rali Ponta Delgada\"}]},{\"@type\":\"WebSite\",\"@id\":\"https:\/\/diariodalagoa.pt\/#website\",\"url\":\"https:\/\/diariodalagoa.pt\/\",\"name\":\"Di\u00e1rio da Lagoa\",\"description\":\"Di\u00e1rio da Lagoa. As not\u00edcias que contam. A partir da Lagoa, nos A\u00e7ores, para o mundo.\",\"potentialAction\":[{\"@type\":\"SearchAction\",\"target\":{\"@type\":\"EntryPoint\",\"urlTemplate\":\"https:\/\/diariodalagoa.pt\/?s={search_term_string}\"},\"query-input\":\"required name=search_term_string\"}],\"inLanguage\":\"fr-FR\"},{\"@type\":\"Person\",\"@id\":\"https:\/\/diariodalagoa.pt\/#\/schema\/person\/1615a002370e8857b6f972834bc43ece\",\"name\":\"Di\u00e1rio da Lagoa\",\"image\":{\"@type\":\"ImageObject\",\"inLanguage\":\"fr-FR\",\"@id\":\"https:\/\/diariodalagoa.pt\/#\/schema\/person\/image\/\",\"url\":\"https:\/\/secure.gravatar.com\/avatar\/2cb5cef90a26f8fbd4d9d930608102c5?s=96&d=mm&r=g\",\"contentUrl\":\"https:\/\/secure.gravatar.com\/avatar\/2cb5cef90a26f8fbd4d9d930608102c5?s=96&d=mm&r=g\",\"caption\":\"Di\u00e1rio da Lagoa\"},\"url\":\"https:\/\/diariodalagoa.pt\/fr\/author\/diariodalagoa\/\"}]}<\/script>\n<!-- \/ Yoast SEO plugin. -->","yoast_head_json":{"title":"Pedro C\u00e2mara Jr. motivado para o II Rali Ponta Delgada - Di\u00e1rio da Lagoa","description":"Piloto a\u00e7oriano chega motivado depois do bom desempenho no Rali Terras d\u2019Aboboreira. Objetivo \u00e9 continuar a crescer.","robots":{"index":"index","follow":"follow","max-snippet":"max-snippet:-1","max-image-preview":"max-image-preview:large","max-video-preview":"max-video-preview:-1"},"canonical":"https:\/\/diariodalagoa.pt\/fr\/pedro-camara-jr-motivado-para-o-ii-rali-ponta-delgada\/","og_locale":"fr_FR","og_type":"article","og_title":"Pedro C\u00e2mara Jr. motivado para o II Rali Ponta Delgada - Di\u00e1rio da Lagoa","og_description":"Piloto a\u00e7oriano chega motivado depois do bom desempenho no Rali Terras d\u2019Aboboreira. Objetivo \u00e9 continuar a crescer.","og_url":"https:\/\/diariodalagoa.pt\/fr\/pedro-camara-jr-motivado-para-o-ii-rali-ponta-delgada\/","og_site_name":"Di\u00e1rio da Lagoa","article_published_time":"2026-04-28T10:33:45+00:00","article_modified_time":"2026-04-28T10:33:48+00:00","og_image":[{"width":960,"height":640,"url":"https:\/\/diariodalagoa.pt\/wp-content\/uploads\/2026\/04\/pedro-camara-jr.jpeg","type":"image\/jpeg"}],"author":"Di\u00e1rio da Lagoa","twitter_card":"summary_large_image","twitter_misc":{"\u00c9crit par":"Di\u00e1rio da Lagoa","Dur\u00e9e de lecture estim\u00e9e":"2 minutes"},"schema":{"@context":"https:\/\/schema.org","@graph":[{"@type":"WebPage","@id":"https:\/\/diariodalagoa.pt\/pedro-camara-jr-motivado-para-o-ii-rali-ponta-delgada\/","url":"https:\/\/diariodalagoa.pt\/pedro-camara-jr-motivado-para-o-ii-rali-ponta-delgada\/","name":"Pedro C\u00e2mara Jr. motivado para o II Rali Ponta Delgada - Di\u00e1rio da Lagoa","isPartOf":{"@id":"https:\/\/diariodalagoa.pt\/#website"},"datePublished":"2026-04-28T10:33:45+00:00","dateModified":"2026-04-28T10:33:48+00:00","author":{"@id":"https:\/\/diariodalagoa.pt\/#\/schema\/person\/1615a002370e8857b6f972834bc43ece"},"description":"Piloto a\u00e7oriano chega motivado depois do bom desempenho no Rali Terras d\u2019Aboboreira. Objetivo \u00e9 continuar a crescer.","breadcrumb":{"@id":"https:\/\/diariodalagoa.pt\/pedro-camara-jr-motivado-para-o-ii-rali-ponta-delgada\/#breadcrumb"},"inLanguage":"fr-FR","potentialAction":[{"@type":"ReadAction","target":["https:\/\/diariodalagoa.pt\/pedro-camara-jr-motivado-para-o-ii-rali-ponta-delgada\/"]}]},{"@type":"BreadcrumbList","@id":"https:\/\/diariodalagoa.pt\/pedro-camara-jr-motivado-para-o-ii-rali-ponta-delgada\/#breadcrumb","itemListElement":[{"@type":"ListItem","position":1,"name":"In\u00edcio","item":"https:\/\/diariodalagoa.pt\/"},{"@type":"ListItem","position":2,"name":"Pedro C\u00e2mara Jr. motivado para o II Rali Ponta Delgada"}]},{"@type":"WebSite","@id":"https:\/\/diariodalagoa.pt\/#website","url":"https:\/\/diariodalagoa.pt\/","name":"Di\u00e1rio da Lagoa","description":"Di\u00e1rio da Lagoa. As not\u00edcias que contam. A partir da Lagoa, nos A\u00e7ores, para o mundo.","potentialAction":[{"@type":"SearchAction","target":{"@type":"EntryPoint","urlTemplate":"https:\/\/diariodalagoa.pt\/?s={search_term_string}"},"query-input":"required name=search_term_string"}],"inLanguage":"fr-FR"},{"@type":"Person","@id":"https:\/\/diariodalagoa.pt\/#\/schema\/person\/1615a002370e8857b6f972834bc43ece","name":"Di\u00e1rio da Lagoa","image":{"@type":"ImageObject","inLanguage":"fr-FR","@id":"https:\/\/diariodalagoa.pt\/#\/schema\/person\/image\/","url":"https:\/\/secure.gravatar.com\/avatar\/2cb5cef90a26f8fbd4d9d930608102c5?s=96&d=mm&r=g","contentUrl":"https:\/\/secure.gravatar.com\/avatar\/2cb5cef90a26f8fbd4d9d930608102c5?s=96&d=mm&r=g","caption":"Di\u00e1rio da Lagoa"},"url":"https:\/\/diariodalagoa.pt\/fr\/author\/diariodalagoa\/"}]}},"_links":{"self":[{"href":"https:\/\/diariodalagoa.pt\/fr\/wp-json\/wp\/v2\/posts\/163550"}],"collection":[{"href":"https:\/\/diariodalagoa.pt\/fr\/wp-json\/wp\/v2\/posts"}],"about":[{"href":"https:\/\/diariodalagoa.pt\/fr\/wp-json\/wp\/v2\/types\/post"}],"author":[{"embeddable":true,"href":"https:\/\/diariodalagoa.pt\/fr\/wp-json\/wp\/v2\/users\/2"}],"replies":[{"embeddable":true,"href":"https:\/\/diariodalagoa.pt\/fr\/wp-json\/wp\/v2\/comments?post=163550"}],"version-history":[{"count":2,"href":"https:\/\/diariodalagoa.pt\/fr\/wp-json\/wp\/v2\/posts\/163550\/revisions"}],"predecessor-version":[{"id":163553,"href":"https:\/\/diariodalagoa.pt\/fr\/wp-json\/wp\/v2\/posts\/163550\/revisions\/163553"}],"wp:featuredmedia":[{"embeddable":true,"href":"https:\/\/diariodalagoa.pt\/fr\/wp-json\/wp\/v2\/media\/163551"}],"wp:attachment":[{"href":"https:\/\/diariodalagoa.pt\/fr\/wp-json\/wp\/v2\/media?parent=163550"}],"wp:term":[{"taxonomy":"category","embeddable":true,"href":"https:\/\/diariodalagoa.pt\/fr\/wp-json\/wp\/v2\/categories?post=163550"},{"taxonomy":"post_tag","embeddable":true,"href":"https:\/\/diariodalagoa.pt\/fr\/wp-json\/wp\/v2\/tags?post=163550"}],"curies":[{"name":"wp","href":"https:\/\/api.w.org\/{rel}","templated":true}]}}