{"id":163526,"date":"2026-04-27T19:08:00","date_gmt":"2026-04-27T19:08:00","guid":{"rendered":"https:\/\/diariodalagoa.pt\/?p=163526"},"modified":"2026-04-27T19:11:19","modified_gmt":"2026-04-27T19:11:19","slug":"presidente-da-camara-do-corvo-enxerga-imigracao-regulada-e-humanista-como-pilar-do-futuro-das-ilhas","status":"publish","type":"post","link":"https:\/\/diariodalagoa.pt\/fr\/presidente-da-camara-do-corvo-enxerga-imigracao-regulada-e-humanista-como-pilar-do-futuro-das-ilhas\/","title":{"rendered":"Presidente da C\u00e2mara do Corvo enxerga imigra\u00e7\u00e3o \u201cregulada e humanista\u201d como pilar do futuro das ilhas"},"content":{"rendered":"<h3 class=\"wp-block-heading\">Marco Silva defendeu que o futuro dos A\u00e7ores passa por uma pol\u00edtica de imigra\u00e7\u00e3o \u201cregulada e humanista\u201d, capaz de responder ao envelhecimento populacional, \u00e0 falta de m\u00e3o de obra e aos constrangimentos estruturais das regi\u00f5es ultraperif\u00e9ricas.<\/h3>\n\n\n\n<figure class=\"wp-block-image size-full\"><img decoding=\"async\" width=\"960\" height=\"720\" src=\"https:\/\/diariodalagoa.pt\/wp-content\/uploads\/2026\/04\/marco-silva-presidente-da-camara-do-corvo-2026-dl.jpg\" alt=\"\" class=\"wp-image-163527\" srcset=\"https:\/\/diariodalagoa.pt\/wp-content\/uploads\/2026\/04\/marco-silva-presidente-da-camara-do-corvo-2026-dl.jpg 960w, https:\/\/diariodalagoa.pt\/wp-content\/uploads\/2026\/04\/marco-silva-presidente-da-camara-do-corvo-2026-dl-300x225.jpg 300w, https:\/\/diariodalagoa.pt\/wp-content\/uploads\/2026\/04\/marco-silva-presidente-da-camara-do-corvo-2026-dl-768x576.jpg 768w, https:\/\/diariodalagoa.pt\/wp-content\/uploads\/2026\/04\/marco-silva-presidente-da-camara-do-corvo-2026-dl-16x12.jpg 16w\" sizes=\"(max-width: 960px) 100vw, 960px\" \/><figcaption class=\"wp-element-caption\"><sup>Marco Silva, presidente da C\u00e2mara do Corvo<\/sup> <sup><mark style=\"background-color:rgba(0, 0, 0, 0)\" class=\"has-inline-color has-cyan-bluish-gray-color\">\u00a9 DI\u00c1RIO DA LAGOA<\/mark><\/sup><\/figcaption><\/figure>\n\n\n\n<p>Na sua interven\u00e7\u00e3o, realizada no \u00e2mbito do 4.\u00ba F\u00f3rum das Migra\u00e7\u00f5es, que decorreu nas ilhas do Corvo e das Flores entre os dias 8 e 10 de abril, numa iniciativa promovida pela Secretaria Regional dos Assuntos Parlamentares e Comunidades do governo dos A\u00e7ores, tutelada por Paulo Est\u00eav\u00e3o, o autarca come\u00e7ou por sublinhar a import\u00e2ncia do debate em torno das migra\u00e7\u00f5es nos territ\u00f3rios insulares, considerando que estas regi\u00f5es enfrentam obst\u00e1culos permanentes ao desenvolvimento econ\u00f3mico e social.<\/p>\n\n\n\n<p>Segundo afirmou, a ultraperiferia \u00e9 marcada por \u201cdistanciamento geogr\u00e1fico e isolamento\u201d, uma realidade que gera custos acrescidos de transporte e log\u00edstica e condiciona a competitividade local.<\/p>\n\n\n\n<p>Marco Silva apontou tamb\u00e9m a \u201cpequena dimens\u00e3o e a falta de escala\u201d como entraves estruturais, explicando que a insularidade e as popula\u00e7\u00f5es reduzidas, frequentemente envelhecidas, limitam a produ\u00e7\u00e3o e a din\u00e2mica do mercado interno. O autarca acrescentou que a depend\u00eancia de setores como o turismo, agricultura ou servi\u00e7os p\u00fablicos torna as economias locais particularmente vulner\u00e1veis a choques externos.<\/p>\n\n\n\n<p>Perante este cen\u00e1rio, o presidente da C\u00e2mara do Corvo defendeu que a gest\u00e3o das migra\u00e7\u00f5es deve assumir-se como prioridade estrat\u00e9gica para o futuro da regi\u00e3o.<\/p>\n\n\n\n<p>\u201c\u00c9 nosso entendimento que uma estrat\u00e9gia de futuro na regi\u00e3o, na gest\u00e3o das migra\u00e7\u00f5es, particularmente em realidades demogr\u00e1ficas como as nossas, ter\u00e1 de ser implementada atrav\u00e9s de um modelo de imigra\u00e7\u00e3o regulada e humanista\u201d, afirmou.<\/p>\n\n\n\n<p>Segundo Marco Silva, as pol\u00edticas p\u00fablicas nesta mat\u00e9ria devem assegurar recursos adequados para acolhimento, integra\u00e7\u00e3o e combate \u00e0 explora\u00e7\u00e3o laboral, procurando equilibrar as necessidades do mercado de trabalho com o respeito pelos direitos humanos.<\/p>\n\n\n\n<p>\u201cSer\u00e1 determinante que as pol\u00edticas espec\u00edficas a concretizar garantam a aloca\u00e7\u00e3o de fundos<br>para o acolhimento, para a integra\u00e7\u00e3o e para o combate \u00e0 explora\u00e7\u00e3o\u201d, sustentou.<\/p>\n\n\n\n<figure class=\"wp-block-image size-full\"><img decoding=\"async\" width=\"960\" height=\"720\" src=\"https:\/\/diariodalagoa.pt\/wp-content\/uploads\/2026\/04\/camara-municipal-do-corvo-2026-dl.jpg\" alt=\"\" class=\"wp-image-163530\" srcset=\"https:\/\/diariodalagoa.pt\/wp-content\/uploads\/2026\/04\/camara-municipal-do-corvo-2026-dl.jpg 960w, https:\/\/diariodalagoa.pt\/wp-content\/uploads\/2026\/04\/camara-municipal-do-corvo-2026-dl-300x225.jpg 300w, https:\/\/diariodalagoa.pt\/wp-content\/uploads\/2026\/04\/camara-municipal-do-corvo-2026-dl-768x576.jpg 768w, https:\/\/diariodalagoa.pt\/wp-content\/uploads\/2026\/04\/camara-municipal-do-corvo-2026-dl-16x12.jpg 16w\" sizes=\"(max-width: 960px) 100vw, 960px\" \/><figcaption class=\"wp-element-caption\"><sup><mark style=\"background-color:rgba(0, 0, 0, 0)\" class=\"has-inline-color has-cyan-bluish-gray-color\">\u00a9 DI\u00c1RIO DA LAGOA<\/mark><\/sup><\/figcaption><\/figure>\n\n\n\n<p>O autarca, que recebeu a nossa reportagem no seu gabinete, destacou ainda que qualquer resposta migrat\u00f3ria deve assentar em princ\u00edpios claros de dignidade humana, solidariedade e inclus\u00e3o social. Na sua perspetiva, \u201ccada migrante \u00e9, antes de tudo, uma pessoa com direitos\u201d, independentemente do estatuto documental, sendo essencial construir comunidades capazes de acolher e integrar quem escolhe os A\u00e7ores para viver e trabalhar.<\/p>\n\n\n\n<p>Marco Silva alertou tamb\u00e9m para os efeitos do envelhecimento demogr\u00e1fico e da sa\u00edda de popula\u00e7\u00e3o jovem e qualificada, fen\u00f3menos que classificou como obst\u00e1culos reais ao desenvolvimento econ\u00f3mico e social das ilhas. Nesse sentido, defendeu que as migra\u00e7\u00f5es devem ser encaradas como \u201cum pilar estrutural na constru\u00e7\u00e3o de um modelo de desenvolvimento sustent\u00e1vel\u201d.<\/p>\n\n\n\n<p>Ainda assim, este autarca advertiu que esse processo deve ser conduzido com equil\u00edbrio, garantindo simultaneamente a prote\u00e7\u00e3o dos imigrantes e a salvaguarda da identidade cultural e da seguran\u00e7a das comunidades locais.<\/p>\n\n\n\n<p>\u201cO modelo a adotar ter\u00e1 de salvaguardar a defesa dos valores humanistas, dos imigrantes e, simultaneamente, da nossa identidade, cultura e seguran\u00e7a\u201d, declarou.<\/p>\n\n\n\n<p>O presidente da C\u00e2mara do Corvo concluiu a sua interven\u00e7\u00e3o apelando ao di\u00e1logo e ao consenso entre institui\u00e7\u00f5es e sociedade civil, considerando que o futuro das comunidades depender\u00e1 da capacidade de conciliar oportunidades e desafios.<\/p>\n\n\n\n<p>\u201cEm s\u00edntese, como povo e como comunidade fomos chamados a enfrentar um desafio de enorme complexidade. Cumpre-nos a miss\u00e3o de dialogar e encontrar consenso. O futuro das nossas comunidades depender\u00e1 do sucesso da combina\u00e7\u00e3o harmoniosa entre oportunidades<br>e impactos\u201d, finalizou Marco Silva.<\/p>","protected":false},"excerpt":{"rendered":"<p>Marco Silva defendeu que o futuro dos A\u00e7ores passa por uma pol\u00edtica de imigra\u00e7\u00e3o \u201cregulada e humanista\u201d, capaz de responder ao envelhecimento populacional, \u00e0 falta de m\u00e3o de obra e aos constrangimentos estruturais das regi\u00f5es ultraperif\u00e9ricas.<\/p>","protected":false},"author":2,"featured_media":163527,"comment_status":"open","ping_status":"closed","sticky":false,"template":"","format":"standard","meta":[],"categories":[7],"tags":[],"acf":[],"yoast_head":"<!-- This site is optimized with the Yoast SEO plugin v20.10 - https:\/\/yoast.com\/wordpress\/plugins\/seo\/ -->\n<title>Presidente da C\u00e2mara do Corvo enxerga imigra\u00e7\u00e3o \u201cregulada e humanista\u201d como pilar do futuro das ilhas - Di\u00e1rio da Lagoa<\/title>\n<meta name=\"description\" content=\"Marco Silva defendeu que o futuro dos A\u00e7ores passa por uma pol\u00edtica de imigra\u00e7\u00e3o \u201cregulada e humanista\u201d, capaz de responder ao envelhecimento populacional, \u00e0 falta de m\u00e3o de obra e aos constrangimentos estruturais das regi\u00f5es ultraperif\u00e9ricas.\" \/>\n<meta name=\"robots\" content=\"index, follow, max-snippet:-1, max-image-preview:large, max-video-preview:-1\" \/>\n<link rel=\"canonical\" href=\"https:\/\/diariodalagoa.pt\/fr\/presidente-da-camara-do-corvo-enxerga-imigracao-regulada-e-humanista-como-pilar-do-futuro-das-ilhas\/\" \/>\n<meta property=\"og:locale\" content=\"fr_FR\" \/>\n<meta property=\"og:type\" content=\"article\" \/>\n<meta property=\"og:title\" content=\"Presidente da C\u00e2mara do Corvo enxerga imigra\u00e7\u00e3o \u201cregulada e humanista\u201d como pilar do futuro das ilhas - Di\u00e1rio da Lagoa\" \/>\n<meta property=\"og:description\" content=\"Marco Silva defendeu que o futuro dos A\u00e7ores passa por uma pol\u00edtica de imigra\u00e7\u00e3o \u201cregulada e humanista\u201d, capaz de responder ao envelhecimento populacional, \u00e0 falta de m\u00e3o de obra e aos constrangimentos estruturais das regi\u00f5es ultraperif\u00e9ricas.\" \/>\n<meta property=\"og:url\" content=\"https:\/\/diariodalagoa.pt\/fr\/presidente-da-camara-do-corvo-enxerga-imigracao-regulada-e-humanista-como-pilar-do-futuro-das-ilhas\/\" \/>\n<meta property=\"og:site_name\" content=\"Di\u00e1rio da Lagoa\" \/>\n<meta property=\"article:published_time\" content=\"2026-04-27T19:08:00+00:00\" \/>\n<meta property=\"article:modified_time\" content=\"2026-04-27T19:11:19+00:00\" \/>\n<meta property=\"og:image\" content=\"https:\/\/diariodalagoa.pt\/wp-content\/uploads\/2026\/04\/marco-silva-presidente-da-camara-do-corvo-2026-dl.jpg\" \/>\n\t<meta property=\"og:image:width\" content=\"960\" \/>\n\t<meta property=\"og:image:height\" content=\"720\" \/>\n\t<meta property=\"og:image:type\" content=\"image\/jpeg\" \/>\n<meta name=\"author\" content=\"Di\u00e1rio da Lagoa\" \/>\n<meta name=\"twitter:card\" content=\"summary_large_image\" \/>\n<meta name=\"twitter:label1\" content=\"\u00c9crit par\" \/>\n\t<meta name=\"twitter:data1\" content=\"Di\u00e1rio da Lagoa\" \/>\n\t<meta name=\"twitter:label2\" content=\"Dur\u00e9e de lecture estim\u00e9e\" \/>\n\t<meta name=\"twitter:data2\" content=\"4 minutes\" \/>\n<script type=\"application\/ld+json\" class=\"yoast-schema-graph\">{\"@context\":\"https:\/\/schema.org\",\"@graph\":[{\"@type\":\"WebPage\",\"@id\":\"https:\/\/diariodalagoa.pt\/presidente-da-camara-do-corvo-enxerga-imigracao-regulada-e-humanista-como-pilar-do-futuro-das-ilhas\/\",\"url\":\"https:\/\/diariodalagoa.pt\/presidente-da-camara-do-corvo-enxerga-imigracao-regulada-e-humanista-como-pilar-do-futuro-das-ilhas\/\",\"name\":\"Presidente da C\u00e2mara do Corvo enxerga imigra\u00e7\u00e3o \u201cregulada e humanista\u201d como pilar do futuro das ilhas - Di\u00e1rio da Lagoa\",\"isPartOf\":{\"@id\":\"https:\/\/diariodalagoa.pt\/#website\"},\"datePublished\":\"2026-04-27T19:08:00+00:00\",\"dateModified\":\"2026-04-27T19:11:19+00:00\",\"author\":{\"@id\":\"https:\/\/diariodalagoa.pt\/#\/schema\/person\/1615a002370e8857b6f972834bc43ece\"},\"description\":\"Marco Silva defendeu que o futuro dos A\u00e7ores passa por uma pol\u00edtica de imigra\u00e7\u00e3o \u201cregulada e humanista\u201d, capaz de responder ao envelhecimento populacional, \u00e0 falta de m\u00e3o de obra e aos constrangimentos estruturais das regi\u00f5es ultraperif\u00e9ricas.\",\"breadcrumb\":{\"@id\":\"https:\/\/diariodalagoa.pt\/presidente-da-camara-do-corvo-enxerga-imigracao-regulada-e-humanista-como-pilar-do-futuro-das-ilhas\/#breadcrumb\"},\"inLanguage\":\"fr-FR\",\"potentialAction\":[{\"@type\":\"ReadAction\",\"target\":[\"https:\/\/diariodalagoa.pt\/presidente-da-camara-do-corvo-enxerga-imigracao-regulada-e-humanista-como-pilar-do-futuro-das-ilhas\/\"]}]},{\"@type\":\"BreadcrumbList\",\"@id\":\"https:\/\/diariodalagoa.pt\/presidente-da-camara-do-corvo-enxerga-imigracao-regulada-e-humanista-como-pilar-do-futuro-das-ilhas\/#breadcrumb\",\"itemListElement\":[{\"@type\":\"ListItem\",\"position\":1,\"name\":\"In\u00edcio\",\"item\":\"https:\/\/diariodalagoa.pt\/\"},{\"@type\":\"ListItem\",\"position\":2,\"name\":\"Presidente da C\u00e2mara do Corvo enxerga imigra\u00e7\u00e3o \u201cregulada e humanista\u201d como pilar do futuro das ilhas\"}]},{\"@type\":\"WebSite\",\"@id\":\"https:\/\/diariodalagoa.pt\/#website\",\"url\":\"https:\/\/diariodalagoa.pt\/\",\"name\":\"Di\u00e1rio da Lagoa\",\"description\":\"Di\u00e1rio da Lagoa. As not\u00edcias que contam. A partir da Lagoa, nos A\u00e7ores, para o mundo.\",\"potentialAction\":[{\"@type\":\"SearchAction\",\"target\":{\"@type\":\"EntryPoint\",\"urlTemplate\":\"https:\/\/diariodalagoa.pt\/?s={search_term_string}\"},\"query-input\":\"required name=search_term_string\"}],\"inLanguage\":\"fr-FR\"},{\"@type\":\"Person\",\"@id\":\"https:\/\/diariodalagoa.pt\/#\/schema\/person\/1615a002370e8857b6f972834bc43ece\",\"name\":\"Di\u00e1rio da Lagoa\",\"image\":{\"@type\":\"ImageObject\",\"inLanguage\":\"fr-FR\",\"@id\":\"https:\/\/diariodalagoa.pt\/#\/schema\/person\/image\/\",\"url\":\"https:\/\/secure.gravatar.com\/avatar\/2cb5cef90a26f8fbd4d9d930608102c5?s=96&d=mm&r=g\",\"contentUrl\":\"https:\/\/secure.gravatar.com\/avatar\/2cb5cef90a26f8fbd4d9d930608102c5?s=96&d=mm&r=g\",\"caption\":\"Di\u00e1rio da Lagoa\"},\"url\":\"https:\/\/diariodalagoa.pt\/fr\/author\/diariodalagoa\/\"}]}<\/script>\n<!-- \/ Yoast SEO plugin. -->","yoast_head_json":{"title":"Presidente da C\u00e2mara do Corvo enxerga imigra\u00e7\u00e3o \u201cregulada e humanista\u201d como pilar do futuro das ilhas - Di\u00e1rio da Lagoa","description":"Marco Silva defendeu que o futuro dos A\u00e7ores passa por uma pol\u00edtica de imigra\u00e7\u00e3o \u201cregulada e humanista\u201d, capaz de responder ao envelhecimento populacional, \u00e0 falta de m\u00e3o de obra e aos constrangimentos estruturais das regi\u00f5es ultraperif\u00e9ricas.","robots":{"index":"index","follow":"follow","max-snippet":"max-snippet:-1","max-image-preview":"max-image-preview:large","max-video-preview":"max-video-preview:-1"},"canonical":"https:\/\/diariodalagoa.pt\/fr\/presidente-da-camara-do-corvo-enxerga-imigracao-regulada-e-humanista-como-pilar-do-futuro-das-ilhas\/","og_locale":"fr_FR","og_type":"article","og_title":"Presidente da C\u00e2mara do Corvo enxerga imigra\u00e7\u00e3o \u201cregulada e humanista\u201d como pilar do futuro das ilhas - Di\u00e1rio da Lagoa","og_description":"Marco Silva defendeu que o futuro dos A\u00e7ores passa por uma pol\u00edtica de imigra\u00e7\u00e3o \u201cregulada e humanista\u201d, capaz de responder ao envelhecimento populacional, \u00e0 falta de m\u00e3o de obra e aos constrangimentos estruturais das regi\u00f5es ultraperif\u00e9ricas.","og_url":"https:\/\/diariodalagoa.pt\/fr\/presidente-da-camara-do-corvo-enxerga-imigracao-regulada-e-humanista-como-pilar-do-futuro-das-ilhas\/","og_site_name":"Di\u00e1rio da Lagoa","article_published_time":"2026-04-27T19:08:00+00:00","article_modified_time":"2026-04-27T19:11:19+00:00","og_image":[{"width":960,"height":720,"url":"https:\/\/diariodalagoa.pt\/wp-content\/uploads\/2026\/04\/marco-silva-presidente-da-camara-do-corvo-2026-dl.jpg","type":"image\/jpeg"}],"author":"Di\u00e1rio da Lagoa","twitter_card":"summary_large_image","twitter_misc":{"\u00c9crit par":"Di\u00e1rio da Lagoa","Dur\u00e9e de lecture estim\u00e9e":"4 minutes"},"schema":{"@context":"https:\/\/schema.org","@graph":[{"@type":"WebPage","@id":"https:\/\/diariodalagoa.pt\/presidente-da-camara-do-corvo-enxerga-imigracao-regulada-e-humanista-como-pilar-do-futuro-das-ilhas\/","url":"https:\/\/diariodalagoa.pt\/presidente-da-camara-do-corvo-enxerga-imigracao-regulada-e-humanista-como-pilar-do-futuro-das-ilhas\/","name":"Presidente da C\u00e2mara do Corvo enxerga imigra\u00e7\u00e3o \u201cregulada e humanista\u201d como pilar do futuro das ilhas - Di\u00e1rio da Lagoa","isPartOf":{"@id":"https:\/\/diariodalagoa.pt\/#website"},"datePublished":"2026-04-27T19:08:00+00:00","dateModified":"2026-04-27T19:11:19+00:00","author":{"@id":"https:\/\/diariodalagoa.pt\/#\/schema\/person\/1615a002370e8857b6f972834bc43ece"},"description":"Marco Silva defendeu que o futuro dos A\u00e7ores passa por uma pol\u00edtica de imigra\u00e7\u00e3o \u201cregulada e humanista\u201d, capaz de responder ao envelhecimento populacional, \u00e0 falta de m\u00e3o de obra e aos constrangimentos estruturais das regi\u00f5es ultraperif\u00e9ricas.","breadcrumb":{"@id":"https:\/\/diariodalagoa.pt\/presidente-da-camara-do-corvo-enxerga-imigracao-regulada-e-humanista-como-pilar-do-futuro-das-ilhas\/#breadcrumb"},"inLanguage":"fr-FR","potentialAction":[{"@type":"ReadAction","target":["https:\/\/diariodalagoa.pt\/presidente-da-camara-do-corvo-enxerga-imigracao-regulada-e-humanista-como-pilar-do-futuro-das-ilhas\/"]}]},{"@type":"BreadcrumbList","@id":"https:\/\/diariodalagoa.pt\/presidente-da-camara-do-corvo-enxerga-imigracao-regulada-e-humanista-como-pilar-do-futuro-das-ilhas\/#breadcrumb","itemListElement":[{"@type":"ListItem","position":1,"name":"In\u00edcio","item":"https:\/\/diariodalagoa.pt\/"},{"@type":"ListItem","position":2,"name":"Presidente da C\u00e2mara do Corvo enxerga imigra\u00e7\u00e3o \u201cregulada e humanista\u201d como pilar do futuro das ilhas"}]},{"@type":"WebSite","@id":"https:\/\/diariodalagoa.pt\/#website","url":"https:\/\/diariodalagoa.pt\/","name":"Di\u00e1rio da Lagoa","description":"Di\u00e1rio da Lagoa. As not\u00edcias que contam. A partir da Lagoa, nos A\u00e7ores, para o mundo.","potentialAction":[{"@type":"SearchAction","target":{"@type":"EntryPoint","urlTemplate":"https:\/\/diariodalagoa.pt\/?s={search_term_string}"},"query-input":"required name=search_term_string"}],"inLanguage":"fr-FR"},{"@type":"Person","@id":"https:\/\/diariodalagoa.pt\/#\/schema\/person\/1615a002370e8857b6f972834bc43ece","name":"Di\u00e1rio da Lagoa","image":{"@type":"ImageObject","inLanguage":"fr-FR","@id":"https:\/\/diariodalagoa.pt\/#\/schema\/person\/image\/","url":"https:\/\/secure.gravatar.com\/avatar\/2cb5cef90a26f8fbd4d9d930608102c5?s=96&d=mm&r=g","contentUrl":"https:\/\/secure.gravatar.com\/avatar\/2cb5cef90a26f8fbd4d9d930608102c5?s=96&d=mm&r=g","caption":"Di\u00e1rio da Lagoa"},"url":"https:\/\/diariodalagoa.pt\/fr\/author\/diariodalagoa\/"}]}},"_links":{"self":[{"href":"https:\/\/diariodalagoa.pt\/fr\/wp-json\/wp\/v2\/posts\/163526"}],"collection":[{"href":"https:\/\/diariodalagoa.pt\/fr\/wp-json\/wp\/v2\/posts"}],"about":[{"href":"https:\/\/diariodalagoa.pt\/fr\/wp-json\/wp\/v2\/types\/post"}],"author":[{"embeddable":true,"href":"https:\/\/diariodalagoa.pt\/fr\/wp-json\/wp\/v2\/users\/2"}],"replies":[{"embeddable":true,"href":"https:\/\/diariodalagoa.pt\/fr\/wp-json\/wp\/v2\/comments?post=163526"}],"version-history":[{"count":6,"href":"https:\/\/diariodalagoa.pt\/fr\/wp-json\/wp\/v2\/posts\/163526\/revisions"}],"predecessor-version":[{"id":163536,"href":"https:\/\/diariodalagoa.pt\/fr\/wp-json\/wp\/v2\/posts\/163526\/revisions\/163536"}],"wp:featuredmedia":[{"embeddable":true,"href":"https:\/\/diariodalagoa.pt\/fr\/wp-json\/wp\/v2\/media\/163527"}],"wp:attachment":[{"href":"https:\/\/diariodalagoa.pt\/fr\/wp-json\/wp\/v2\/media?parent=163526"}],"wp:term":[{"taxonomy":"category","embeddable":true,"href":"https:\/\/diariodalagoa.pt\/fr\/wp-json\/wp\/v2\/categories?post=163526"},{"taxonomy":"post_tag","embeddable":true,"href":"https:\/\/diariodalagoa.pt\/fr\/wp-json\/wp\/v2\/tags?post=163526"}],"curies":[{"name":"wp","href":"https:\/\/api.w.org\/{rel}","templated":true}]}}