{"id":163483,"date":"2026-04-25T13:36:28","date_gmt":"2026-04-25T13:36:28","guid":{"rendered":"https:\/\/diariodalagoa.pt\/?p=163483"},"modified":"2026-04-25T13:40:40","modified_gmt":"2026-04-25T13:40:40","slug":"o-valor-de-quem-nao-se-cala-por-que-precisamos-de-um-jornalismo-local-livre","status":"publish","type":"post","link":"https:\/\/diariodalagoa.pt\/fr\/o-valor-de-quem-nao-se-cala-por-que-precisamos-de-um-jornalismo-local-livre\/","title":{"rendered":"O valor de quem n\u00e3o se cala: por que precisamos de um jornalismo local livre"},"content":{"rendered":"<div style=\"height:25px\" aria-hidden=\"true\" class=\"wp-block-spacer\"><\/div>\n\n\n<div class=\"wp-block-image is-style-rounded\">\n<figure class=\"aligncenter size-full is-resized\"><img decoding=\"async\" src=\"https:\/\/diariodalagoa.pt\/wp-content\/uploads\/2023\/09\/clife-botelho-retrato-20221014.jpg\" alt=\"\" class=\"wp-image-127681\" width=\"439\" height=\"439\" srcset=\"https:\/\/diariodalagoa.pt\/wp-content\/uploads\/2023\/09\/clife-botelho-retrato-20221014.jpg 960w, https:\/\/diariodalagoa.pt\/wp-content\/uploads\/2023\/09\/clife-botelho-retrato-20221014-300x300.jpg 300w, https:\/\/diariodalagoa.pt\/wp-content\/uploads\/2023\/09\/clife-botelho-retrato-20221014-150x150.jpg 150w, https:\/\/diariodalagoa.pt\/wp-content\/uploads\/2023\/09\/clife-botelho-retrato-20221014-768x768.jpg 768w, https:\/\/diariodalagoa.pt\/wp-content\/uploads\/2023\/09\/clife-botelho-retrato-20221014-12x12.jpg 12w\" sizes=\"(max-width: 439px) 100vw, 439px\" \/><\/figure><\/div>\n\n\n<div style=\"height:25px\" aria-hidden=\"true\" class=\"wp-block-spacer\"><\/div>\n\n\n<p style=\"text-align: center;\"><strong>Clife Botelho<\/strong><\/p>\n\n\n<div style=\"height:25px\" aria-hidden=\"true\" class=\"wp-block-spacer\"><\/div>\n\n\n<p>A sa\u00fade de uma democracia local n\u00e3o se mede pela harmonia das suas reuni\u00f5es oficiais, mas pela capacidade da imprensa em fazer as perguntas dif\u00edceis. Defender o sigilo das fontes e o acesso \u00e0 informa\u00e7\u00e3o \u00e9 defender o direito de todos sabermos o que \u00e9 feito com o que \u00e9 nosso.<\/p>\n<p>Fui diretor deste jornal e tenho orgulho nesse facto. Agora como leitor e aos olhos de quem acompanha a vida p\u00fablica local e sabe que o equil\u00edbrio entre quem governa e quem informa \u00e9, por natureza, exigente. Devo alertar que nos \u00faltimos tempos, paira no ar uma tend\u00eancia preocupante: a de confundir o escrut\u00ednio jornal\u00edstico com uma esp\u00e9cie de &#8220;ru\u00eddo&#8221; indesejado. Como cidad\u00e3os e leitores, importa lembrar que um jornal que incomoda \u00e9, quase sempre, um jornal que est\u00e1 a cumprir o seu dever.<\/p>\n<p>Enquanto fui diretor ouvi, por vezes, cr\u00edticas \u00e0 utiliza\u00e7\u00e3o de fontes que preferem o anonimato ou assistimos \u00e0 cria\u00e7\u00e3o de novas regras que limitam a mem\u00f3ria visual e sonora daquilo que deveria ser o expoente m\u00e1ximo da transpar\u00eancia: as reuni\u00f5es onde se decide o futuro do concelho. Mas a verdade \u00e9 que o sigilo profissional n\u00e3o \u00e9 um capricho dos jornalistas; \u00e9 a \u00faltima linha de defesa do cidad\u00e3o comum que, temendo consequ\u00eancias, decide n\u00e3o baixar os olhos perante o que considera estar errado.<\/p>\n<p>Quando se tenta deslegitimar uma not\u00edcia com base na &#8220;formalidade&#8221; da den\u00fancia ou se fecham portas ao registo direto dos debates, n\u00e3o \u00e9 apenas o jornalismo que perde \u2014 \u00e9 a comunidade que fica mais cega. A transpar\u00eancia n\u00e3o pode ser seletiva, nem a liberdade de informar pode estar ref\u00e9m da conveni\u00eancia de quem ocupa as cadeiras do poder.<\/p>\n<p>Continuo a gostar do jornalismo de proximidade e irei sempre defend\u00ea-lo, mesmo apenas como cidad\u00e3o, porque ele \u00e9 o espelho da nossa realidade, com as suas virtudes e as suas falhas. Por isso, como leitores, cabe-nos valorizar a coragem de quem mant\u00e9m o compromisso de investigar e relatar, mesmo quando o ambiente se torna mais restritivo. No final do dia, a liberdade de imprensa n\u00e3o pertence aos jornais; pertence a cada um de n\u00f3s que acredita que a gest\u00e3o da coisa p\u00fablica deve ser feita \u00e0 luz do dia, sem muros nem sombras.<\/p>\n<p>Agora, numa perspetiva de quem fica de fora da reda\u00e7\u00e3o, resta-me manter a esperan\u00e7a de que o 25 de Abril continuar\u00e1 a cumprir-se, mas esta \u00e9 uma conquista que exige que continuemos atentos perante factos daquela que \u00e9 uma nova ditadura nos dias de hoje: a do sil\u00eancio imposto e da opacidade conveniente.<\/p>","protected":false},"excerpt":{"rendered":"<p>\u00abNo final do dia, a liberdade de imprensa n\u00e3o pertence aos jornais; pertence a cada um de n\u00f3s que acredita que a gest\u00e3o da coisa p\u00fablica deve ser feita \u00e0 luz do dia, sem muros nem sombras.\u00bb<\/p>","protected":false},"author":2,"featured_media":109850,"comment_status":"open","ping_status":"closed","sticky":false,"template":"","format":"standard","meta":[],"categories":[11],"tags":[3949,4528,4998,5008,5009,5010,5011,5012,34,114,1533,2814,3419],"acf":[],"yoast_head":"<!-- This site is optimized with the Yoast SEO plugin v20.10 - https:\/\/yoast.com\/wordpress\/plugins\/seo\/ -->\n<title>O valor de quem n\u00e3o se cala: por que precisamos de um jornalismo local livre - Di\u00e1rio da Lagoa<\/title>\n<meta name=\"description\" content=\"\u00abNo final do dia, a liberdade de imprensa n\u00e3o pertence aos jornais; pertence a cada um de n\u00f3s que acredita que a gest\u00e3o da coisa p\u00fablica deve ser feita \u00e0 luz do dia, sem muros nem sombras.\u00bb\" \/>\n<meta name=\"robots\" content=\"index, follow, max-snippet:-1, max-image-preview:large, max-video-preview:-1\" \/>\n<link rel=\"canonical\" href=\"https:\/\/diariodalagoa.pt\/fr\/o-valor-de-quem-nao-se-cala-por-que-precisamos-de-um-jornalismo-local-livre\/\" \/>\n<meta property=\"og:locale\" content=\"fr_FR\" \/>\n<meta property=\"og:type\" content=\"article\" \/>\n<meta property=\"og:title\" content=\"O valor de quem n\u00e3o se cala: por que precisamos de um jornalismo local livre - Di\u00e1rio da Lagoa\" \/>\n<meta property=\"og:description\" content=\"\u00abNo final do dia, a liberdade de imprensa n\u00e3o pertence aos jornais; pertence a cada um de n\u00f3s que acredita que a gest\u00e3o da coisa p\u00fablica deve ser feita \u00e0 luz do dia, sem muros nem sombras.\u00bb\" \/>\n<meta property=\"og:url\" content=\"https:\/\/diariodalagoa.pt\/fr\/o-valor-de-quem-nao-se-cala-por-que-precisamos-de-um-jornalismo-local-livre\/\" \/>\n<meta property=\"og:site_name\" content=\"Di\u00e1rio da Lagoa\" \/>\n<meta property=\"article:published_time\" content=\"2026-04-25T13:36:28+00:00\" \/>\n<meta property=\"article:modified_time\" content=\"2026-04-25T13:40:40+00:00\" \/>\n<meta property=\"og:image\" content=\"https:\/\/diariodalagoa.pt\/wp-content\/uploads\/2022\/10\/clife-botelho-foto-20221014.jpg\" \/>\n\t<meta property=\"og:image:width\" content=\"960\" \/>\n\t<meta property=\"og:image:height\" content=\"655\" \/>\n\t<meta property=\"og:image:type\" content=\"image\/jpeg\" \/>\n<meta name=\"author\" content=\"Di\u00e1rio da Lagoa\" \/>\n<meta name=\"twitter:card\" content=\"summary_large_image\" \/>\n<meta name=\"twitter:label1\" content=\"\u00c9crit par\" \/>\n\t<meta name=\"twitter:data1\" content=\"Di\u00e1rio da Lagoa\" \/>\n\t<meta name=\"twitter:label2\" content=\"Dur\u00e9e de lecture estim\u00e9e\" \/>\n\t<meta name=\"twitter:data2\" content=\"3 minutes\" \/>\n<script type=\"application\/ld+json\" class=\"yoast-schema-graph\">{\"@context\":\"https:\/\/schema.org\",\"@graph\":[{\"@type\":\"WebPage\",\"@id\":\"https:\/\/diariodalagoa.pt\/o-valor-de-quem-nao-se-cala-por-que-precisamos-de-um-jornalismo-local-livre\/\",\"url\":\"https:\/\/diariodalagoa.pt\/o-valor-de-quem-nao-se-cala-por-que-precisamos-de-um-jornalismo-local-livre\/\",\"name\":\"O valor de quem n\u00e3o se cala: por que precisamos de um jornalismo local livre - Di\u00e1rio da Lagoa\",\"isPartOf\":{\"@id\":\"https:\/\/diariodalagoa.pt\/#website\"},\"datePublished\":\"2026-04-25T13:36:28+00:00\",\"dateModified\":\"2026-04-25T13:40:40+00:00\",\"author\":{\"@id\":\"https:\/\/diariodalagoa.pt\/#\/schema\/person\/1615a002370e8857b6f972834bc43ece\"},\"description\":\"\u00abNo final do dia, a liberdade de imprensa n\u00e3o pertence aos jornais; pertence a cada um de n\u00f3s que acredita que a gest\u00e3o da coisa p\u00fablica deve ser feita \u00e0 luz do dia, sem muros nem sombras.\u00bb\",\"breadcrumb\":{\"@id\":\"https:\/\/diariodalagoa.pt\/o-valor-de-quem-nao-se-cala-por-que-precisamos-de-um-jornalismo-local-livre\/#breadcrumb\"},\"inLanguage\":\"fr-FR\",\"potentialAction\":[{\"@type\":\"ReadAction\",\"target\":[\"https:\/\/diariodalagoa.pt\/o-valor-de-quem-nao-se-cala-por-que-precisamos-de-um-jornalismo-local-livre\/\"]}]},{\"@type\":\"BreadcrumbList\",\"@id\":\"https:\/\/diariodalagoa.pt\/o-valor-de-quem-nao-se-cala-por-que-precisamos-de-um-jornalismo-local-livre\/#breadcrumb\",\"itemListElement\":[{\"@type\":\"ListItem\",\"position\":1,\"name\":\"In\u00edcio\",\"item\":\"https:\/\/diariodalagoa.pt\/\"},{\"@type\":\"ListItem\",\"position\":2,\"name\":\"O valor de quem n\u00e3o se cala: por que precisamos de um jornalismo local livre\"}]},{\"@type\":\"WebSite\",\"@id\":\"https:\/\/diariodalagoa.pt\/#website\",\"url\":\"https:\/\/diariodalagoa.pt\/\",\"name\":\"Di\u00e1rio da Lagoa\",\"description\":\"Di\u00e1rio da Lagoa. As not\u00edcias que contam. A partir da Lagoa, nos A\u00e7ores, para o mundo.\",\"potentialAction\":[{\"@type\":\"SearchAction\",\"target\":{\"@type\":\"EntryPoint\",\"urlTemplate\":\"https:\/\/diariodalagoa.pt\/?s={search_term_string}\"},\"query-input\":\"required name=search_term_string\"}],\"inLanguage\":\"fr-FR\"},{\"@type\":\"Person\",\"@id\":\"https:\/\/diariodalagoa.pt\/#\/schema\/person\/1615a002370e8857b6f972834bc43ece\",\"name\":\"Di\u00e1rio da Lagoa\",\"image\":{\"@type\":\"ImageObject\",\"inLanguage\":\"fr-FR\",\"@id\":\"https:\/\/diariodalagoa.pt\/#\/schema\/person\/image\/\",\"url\":\"https:\/\/secure.gravatar.com\/avatar\/2cb5cef90a26f8fbd4d9d930608102c5?s=96&d=mm&r=g\",\"contentUrl\":\"https:\/\/secure.gravatar.com\/avatar\/2cb5cef90a26f8fbd4d9d930608102c5?s=96&d=mm&r=g\",\"caption\":\"Di\u00e1rio da Lagoa\"},\"url\":\"https:\/\/diariodalagoa.pt\/fr\/author\/diariodalagoa\/\"}]}<\/script>\n<!-- \/ Yoast SEO plugin. -->","yoast_head_json":{"title":"O valor de quem n\u00e3o se cala: por que precisamos de um jornalismo local livre - Di\u00e1rio da Lagoa","description":"\u00abNo final do dia, a liberdade de imprensa n\u00e3o pertence aos jornais; pertence a cada um de n\u00f3s que acredita que a gest\u00e3o da coisa p\u00fablica deve ser feita \u00e0 luz do dia, sem muros nem sombras.\u00bb","robots":{"index":"index","follow":"follow","max-snippet":"max-snippet:-1","max-image-preview":"max-image-preview:large","max-video-preview":"max-video-preview:-1"},"canonical":"https:\/\/diariodalagoa.pt\/fr\/o-valor-de-quem-nao-se-cala-por-que-precisamos-de-um-jornalismo-local-livre\/","og_locale":"fr_FR","og_type":"article","og_title":"O valor de quem n\u00e3o se cala: por que precisamos de um jornalismo local livre - Di\u00e1rio da Lagoa","og_description":"\u00abNo final do dia, a liberdade de imprensa n\u00e3o pertence aos jornais; pertence a cada um de n\u00f3s que acredita que a gest\u00e3o da coisa p\u00fablica deve ser feita \u00e0 luz do dia, sem muros nem sombras.\u00bb","og_url":"https:\/\/diariodalagoa.pt\/fr\/o-valor-de-quem-nao-se-cala-por-que-precisamos-de-um-jornalismo-local-livre\/","og_site_name":"Di\u00e1rio da Lagoa","article_published_time":"2026-04-25T13:36:28+00:00","article_modified_time":"2026-04-25T13:40:40+00:00","og_image":[{"width":960,"height":655,"url":"https:\/\/diariodalagoa.pt\/wp-content\/uploads\/2022\/10\/clife-botelho-foto-20221014.jpg","type":"image\/jpeg"}],"author":"Di\u00e1rio da Lagoa","twitter_card":"summary_large_image","twitter_misc":{"\u00c9crit par":"Di\u00e1rio da Lagoa","Dur\u00e9e de lecture estim\u00e9e":"3 minutes"},"schema":{"@context":"https:\/\/schema.org","@graph":[{"@type":"WebPage","@id":"https:\/\/diariodalagoa.pt\/o-valor-de-quem-nao-se-cala-por-que-precisamos-de-um-jornalismo-local-livre\/","url":"https:\/\/diariodalagoa.pt\/o-valor-de-quem-nao-se-cala-por-que-precisamos-de-um-jornalismo-local-livre\/","name":"O valor de quem n\u00e3o se cala: por que precisamos de um jornalismo local livre - Di\u00e1rio da Lagoa","isPartOf":{"@id":"https:\/\/diariodalagoa.pt\/#website"},"datePublished":"2026-04-25T13:36:28+00:00","dateModified":"2026-04-25T13:40:40+00:00","author":{"@id":"https:\/\/diariodalagoa.pt\/#\/schema\/person\/1615a002370e8857b6f972834bc43ece"},"description":"\u00abNo final do dia, a liberdade de imprensa n\u00e3o pertence aos jornais; pertence a cada um de n\u00f3s que acredita que a gest\u00e3o da coisa p\u00fablica deve ser feita \u00e0 luz do dia, sem muros nem sombras.\u00bb","breadcrumb":{"@id":"https:\/\/diariodalagoa.pt\/o-valor-de-quem-nao-se-cala-por-que-precisamos-de-um-jornalismo-local-livre\/#breadcrumb"},"inLanguage":"fr-FR","potentialAction":[{"@type":"ReadAction","target":["https:\/\/diariodalagoa.pt\/o-valor-de-quem-nao-se-cala-por-que-precisamos-de-um-jornalismo-local-livre\/"]}]},{"@type":"BreadcrumbList","@id":"https:\/\/diariodalagoa.pt\/o-valor-de-quem-nao-se-cala-por-que-precisamos-de-um-jornalismo-local-livre\/#breadcrumb","itemListElement":[{"@type":"ListItem","position":1,"name":"In\u00edcio","item":"https:\/\/diariodalagoa.pt\/"},{"@type":"ListItem","position":2,"name":"O valor de quem n\u00e3o se cala: por que precisamos de um jornalismo local livre"}]},{"@type":"WebSite","@id":"https:\/\/diariodalagoa.pt\/#website","url":"https:\/\/diariodalagoa.pt\/","name":"Di\u00e1rio da Lagoa","description":"Di\u00e1rio da Lagoa. As not\u00edcias que contam. A partir da Lagoa, nos A\u00e7ores, para o mundo.","potentialAction":[{"@type":"SearchAction","target":{"@type":"EntryPoint","urlTemplate":"https:\/\/diariodalagoa.pt\/?s={search_term_string}"},"query-input":"required name=search_term_string"}],"inLanguage":"fr-FR"},{"@type":"Person","@id":"https:\/\/diariodalagoa.pt\/#\/schema\/person\/1615a002370e8857b6f972834bc43ece","name":"Di\u00e1rio da Lagoa","image":{"@type":"ImageObject","inLanguage":"fr-FR","@id":"https:\/\/diariodalagoa.pt\/#\/schema\/person\/image\/","url":"https:\/\/secure.gravatar.com\/avatar\/2cb5cef90a26f8fbd4d9d930608102c5?s=96&d=mm&r=g","contentUrl":"https:\/\/secure.gravatar.com\/avatar\/2cb5cef90a26f8fbd4d9d930608102c5?s=96&d=mm&r=g","caption":"Di\u00e1rio da Lagoa"},"url":"https:\/\/diariodalagoa.pt\/fr\/author\/diariodalagoa\/"}]}},"_links":{"self":[{"href":"https:\/\/diariodalagoa.pt\/fr\/wp-json\/wp\/v2\/posts\/163483"}],"collection":[{"href":"https:\/\/diariodalagoa.pt\/fr\/wp-json\/wp\/v2\/posts"}],"about":[{"href":"https:\/\/diariodalagoa.pt\/fr\/wp-json\/wp\/v2\/types\/post"}],"author":[{"embeddable":true,"href":"https:\/\/diariodalagoa.pt\/fr\/wp-json\/wp\/v2\/users\/2"}],"replies":[{"embeddable":true,"href":"https:\/\/diariodalagoa.pt\/fr\/wp-json\/wp\/v2\/comments?post=163483"}],"version-history":[{"count":7,"href":"https:\/\/diariodalagoa.pt\/fr\/wp-json\/wp\/v2\/posts\/163483\/revisions"}],"predecessor-version":[{"id":163491,"href":"https:\/\/diariodalagoa.pt\/fr\/wp-json\/wp\/v2\/posts\/163483\/revisions\/163491"}],"wp:featuredmedia":[{"embeddable":true,"href":"https:\/\/diariodalagoa.pt\/fr\/wp-json\/wp\/v2\/media\/109850"}],"wp:attachment":[{"href":"https:\/\/diariodalagoa.pt\/fr\/wp-json\/wp\/v2\/media?parent=163483"}],"wp:term":[{"taxonomy":"category","embeddable":true,"href":"https:\/\/diariodalagoa.pt\/fr\/wp-json\/wp\/v2\/categories?post=163483"},{"taxonomy":"post_tag","embeddable":true,"href":"https:\/\/diariodalagoa.pt\/fr\/wp-json\/wp\/v2\/tags?post=163483"}],"curies":[{"name":"wp","href":"https:\/\/api.w.org\/{rel}","templated":true}]}}