{"id":163480,"date":"2026-04-25T13:17:30","date_gmt":"2026-04-25T13:17:30","guid":{"rendered":"https:\/\/diariodalagoa.pt\/?p=163480"},"modified":"2026-04-25T13:21:49","modified_gmt":"2026-04-25T13:21:49","slug":"quando-apagar-abril-e-apagar-a-liberdade","status":"publish","type":"post","link":"https:\/\/diariodalagoa.pt\/fr\/quando-apagar-abril-e-apagar-a-liberdade\/","title":{"rendered":"Quando Apagar Abril \u00e9 Apagar a Liberdade"},"content":{"rendered":"<div class=\"wp-block-image is-style-rounded\">\n<figure class=\"aligncenter size-full is-resized\"><img decoding=\"async\" src=\"https:\/\/diariodalagoa.pt\/wp-content\/uploads\/2025\/08\/marcia-pimentel1.jpg\" alt=\"\" class=\"wp-image-158351\" width=\"446\" height=\"446\" srcset=\"https:\/\/diariodalagoa.pt\/wp-content\/uploads\/2025\/08\/marcia-pimentel1.jpg 602w, https:\/\/diariodalagoa.pt\/wp-content\/uploads\/2025\/08\/marcia-pimentel1-300x300.jpg 300w, https:\/\/diariodalagoa.pt\/wp-content\/uploads\/2025\/08\/marcia-pimentel1-150x150.jpg 150w, https:\/\/diariodalagoa.pt\/wp-content\/uploads\/2025\/08\/marcia-pimentel1-12x12.jpg 12w\" sizes=\"(max-width: 446px) 100vw, 446px\" \/><\/figure><\/div>\n\n\n<div style=\"height:25px\" aria-hidden=\"true\" class=\"wp-block-spacer\"><\/div>\n\n\n<p style=\"text-align: center;\"><strong>M\u00e1rcia Pimentel<\/strong><br \/>T\u00e9cnica Auxiliar de Sa\u00fade<br \/>Estudante do 2.\u00ba ano da Licenciatura em Servi\u00e7o Social<\/p>\n\n\n<div style=\"height:25px\" aria-hidden=\"true\" class=\"wp-block-spacer\"><\/div>\n\n\n<p>H\u00e1 datas que n\u00e3o s\u00e3o apenas datas. H\u00e1 momentos na hist\u00f3ria de um pa\u00eds que carregam dentro de si a mem\u00f3ria de muitos sil\u00eancios, de muitos medos e tamb\u00e9m de muita coragem. O 25 de Abril \u00e9 um desses momentos.<\/p>\n<p>N\u00e3o foi apenas uma mudan\u00e7a de regime. Foi o dia em que Portugal come\u00e7ou a sair de d\u00e9cadas de ditadura, censura, guerra colonial, pobreza escondida e falta de direitos fundamentais. Foi o dia em que um povo come\u00e7ou, finalmente, a poder respirar com mais liberdade.<\/p>\n<p>Por isso, custa ver o 25 de Abril tratado como se fosse uma cerim\u00f3nia inc\u00f3moda, uma obriga\u00e7\u00e3o protocolar ou uma mem\u00f3ria que se pode p\u00f4r de lado quando n\u00e3o d\u00e1 jeito. Abril n\u00e3o \u00e9 um detalhe da nossa hist\u00f3ria. Abril \u00e9 a raiz da democracia portuguesa.<\/p>\n<p>Quando um governo desvaloriza esta revolu\u00e7\u00e3o, reduz a sua import\u00e2ncia ou parece coloc\u00e1-la num lugar secund\u00e1rio da mem\u00f3ria coletiva, n\u00e3o estamos apenas perante distra\u00e7\u00e3o ou falta de sensibilidade. Estamos perante uma escolha pol\u00edtica. E as escolhas pol\u00edticas, principalmente quando mexem com a mem\u00f3ria democr\u00e1tica de um pa\u00eds, devem ser olhadas com muita aten\u00e7\u00e3o.<\/p>\n<p>Nos \u00faltimos tempos, tem-se tornado vis\u00edvel um certo desconforto com o significado profundo do 25 de Abril. E isso preocupa-me. Porque quando se tenta diminuir Abril, n\u00e3o se est\u00e1 apenas a falar de uma data comemorativa. Est\u00e1-se a mexer na mem\u00f3ria de um povo. Est\u00e1-se a mexer na lembran\u00e7a de tudo aquilo que foi conquistado por quem viveu antes de n\u00f3s.<\/p>\n<p>A pergunta imp\u00f5e-se: que inten\u00e7\u00f5es tem um governo que parece incomodado com a celebra\u00e7\u00e3o da revolu\u00e7\u00e3o que tornou poss\u00edvel a pr\u00f3pria democracia onde hoje governa? Que pa\u00eds se quer construir quando se tenta esvaziar Abril do seu significado? Um pa\u00eds com menos mem\u00f3ria? Menos consci\u00eancia? Menos capacidade de questionar?<\/p>\n<p>Um pa\u00eds que esquece como conquistou a liberdade torna-se sempre mais fr\u00e1gil. E um povo que come\u00e7a a acreditar que os direitos sempre existiram pode, um dia, n\u00e3o perceber quando eles come\u00e7am a desaparecer.<\/p>\n<p>Desvalorizar o 25 de Abril \u00e9 perigoso porque abre espa\u00e7o ao revisionismo hist\u00f3rico. E o revisionismo nem sempre aparece de forma evidente. \u00c0s vezes come\u00e7a devagar, quase sem se dar por isso. Come\u00e7a quando se diz que \u201cisso j\u00e1 passou\u201d, que \u201cn\u00e3o vale a pena falar sempre do mesmo\u201d, que \u201ch\u00e1 coisas mais importantes\u201d, ou quando se tenta tratar a ditadura como se tivesse sido apenas mais uma fase da hist\u00f3ria portuguesa.<\/p>\n<p>Mas n\u00e3o foi.<\/p>\n<p>Antes do 25 de Abril havia censura. Havia pol\u00edcia pol\u00edtica. Havia persegui\u00e7\u00e3o. Havia medo de falar. Havia homens enviados para uma guerra colonial sem fim. Havia mulheres com direitos limitados. Havia pobreza, sil\u00eancio e obedi\u00eancia for\u00e7ada. E isto n\u00e3o pode ser suavizado, relativizado ou varrido para debaixo do tapete.<\/p>\n<p>Depois de Abril abriu-se caminho \u00e0 liberdade de express\u00e3o, ao voto livre, \u00e0 participa\u00e7\u00e3o pol\u00edtica, aos direitos laborais, \u00e0 escola p\u00fablica, ao Servi\u00e7o Nacional de Sa\u00fade e a uma ideia de pa\u00eds mais justo e mais digno. Nada disto nasceu por acaso. Nada disto caiu do c\u00e9u. Foi conquistado.<\/p>\n<p>Talvez seja precisamente por isso que Abril ainda incomoda tanta gente. Porque Abril lembra-nos que o povo pode levantar-se. Lembra-nos que nenhum poder \u00e9 eterno. Lembra-nos que a liberdade exige mem\u00f3ria, vigil\u00e2ncia e participa\u00e7\u00e3o.<\/p>\n<p>O 25 de Abril n\u00e3o pertence a um partido. N\u00e3o pertence apenas \u00e0 esquerda, nem a uma gera\u00e7\u00e3o, nem a um grupo. Pertence ao povo portugu\u00eas. Mas tamb\u00e9m \u00e9 verdade que os seus valores \u2014 liberdade, justi\u00e7a social, igualdade, dignidade, participa\u00e7\u00e3o e resist\u00eancia ao autoritarismo \u2014 entram em choque com todos os projetos pol\u00edticos que preferem uma sociedade mais calada, mais obediente e menos cr\u00edtica.<\/p>\n<p>Quando se tenta apagar Abril, n\u00e3o se apaga apenas uma data. Tenta-se apagar uma consci\u00eancia. Tenta-se enfraquecer a lembran\u00e7a de que houve quem dissesse basta ao medo. Tenta-se tornar normal aquilo que nunca deve ser normal: o desprezo pela hist\u00f3ria, a relativiza\u00e7\u00e3o da ditadura e a ideia perigosa de que a liberdade est\u00e1 garantida para sempre.<\/p>\n<p>E n\u00e3o est\u00e1.<\/p>\n<p>A liberdade precisa de ser cuidada. A democracia precisa de ser defendida. A mem\u00f3ria precisa de ser transmitida, sobretudo \u00e0s gera\u00e7\u00f5es mais novas, que n\u00e3o viveram a ditadura e que podem facilmente ser levadas a pensar que tudo isto \u00e9 apenas passado distante.<\/p>\n<p>Um governo que desvaloriza o 25 de Abril revela, no m\u00ednimo, desconforto com a mem\u00f3ria democr\u00e1tica do pa\u00eds. E quando um governo se sente desconfort\u00e1vel com a liberdade que o tornou poss\u00edvel, os cidad\u00e3os t\u00eam o dever de estar atentos.<\/p>\n<p>Porque Abril n\u00e3o \u00e9 passado morto. Abril \u00e9 raiz. \u00c9 aviso. \u00c9 heran\u00e7a. \u00c9 compromisso.<\/p>\n<p>E enquanto Abril continuar vivo na consci\u00eancia do povo, haver\u00e1 sempre quem se recuse a aceitar o sil\u00eancio, o medo e a injusti\u00e7a como destino.<\/p>","protected":false},"excerpt":{"rendered":"<p>\u00abH\u00e1 momentos na hist\u00f3ria de um pa\u00eds que carregam dentro de si a mem\u00f3ria de muitos sil\u00eancios, de muitos medos e tamb\u00e9m de muita coragem. O 25 de Abril \u00e9 um desses momentos.\u00bb<\/p>","protected":false},"author":2,"featured_media":158349,"comment_status":"open","ping_status":"closed","sticky":false,"template":"","format":"standard","meta":[],"categories":[11],"tags":[114,133,270,363,4647,4998,5007],"acf":[],"yoast_head":"<!-- This site is optimized with the Yoast SEO plugin v20.10 - https:\/\/yoast.com\/wordpress\/plugins\/seo\/ -->\n<title>Quando Apagar Abril \u00e9 Apagar a Liberdade - Di\u00e1rio da Lagoa<\/title>\n<meta name=\"description\" content=\"\u00abH\u00e1 momentos na hist\u00f3ria de um pa\u00eds que carregam dentro de si a mem\u00f3ria de muitos sil\u00eancios, de muitos medos e tamb\u00e9m de muita coragem. O 25 de Abril \u00e9 um desses momentos.\u00bb\" \/>\n<meta name=\"robots\" content=\"index, follow, max-snippet:-1, max-image-preview:large, max-video-preview:-1\" \/>\n<link rel=\"canonical\" href=\"https:\/\/diariodalagoa.pt\/fr\/quando-apagar-abril-e-apagar-a-liberdade\/\" \/>\n<meta property=\"og:locale\" content=\"fr_FR\" \/>\n<meta property=\"og:type\" content=\"article\" \/>\n<meta property=\"og:title\" content=\"Quando Apagar Abril \u00e9 Apagar a Liberdade - Di\u00e1rio da Lagoa\" \/>\n<meta property=\"og:description\" content=\"\u00abH\u00e1 momentos na hist\u00f3ria de um pa\u00eds que carregam dentro de si a mem\u00f3ria de muitos sil\u00eancios, de muitos medos e tamb\u00e9m de muita coragem. O 25 de Abril \u00e9 um desses momentos.\u00bb\" \/>\n<meta property=\"og:url\" content=\"https:\/\/diariodalagoa.pt\/fr\/quando-apagar-abril-e-apagar-a-liberdade\/\" \/>\n<meta property=\"og:site_name\" content=\"Di\u00e1rio da Lagoa\" \/>\n<meta property=\"article:published_time\" content=\"2026-04-25T13:17:30+00:00\" \/>\n<meta property=\"article:modified_time\" content=\"2026-04-25T13:21:49+00:00\" \/>\n<meta property=\"og:image\" content=\"https:\/\/diariodalagoa.pt\/wp-content\/uploads\/2025\/08\/marcia-pimentel-2.jpg\" \/>\n\t<meta property=\"og:image:width\" content=\"960\" \/>\n\t<meta property=\"og:image:height\" content=\"867\" \/>\n\t<meta property=\"og:image:type\" content=\"image\/jpeg\" \/>\n<meta name=\"author\" content=\"Di\u00e1rio da Lagoa\" \/>\n<meta name=\"twitter:card\" content=\"summary_large_image\" \/>\n<meta name=\"twitter:label1\" content=\"\u00c9crit par\" \/>\n\t<meta name=\"twitter:data1\" content=\"Di\u00e1rio da Lagoa\" \/>\n\t<meta name=\"twitter:label2\" content=\"Dur\u00e9e de lecture estim\u00e9e\" \/>\n\t<meta name=\"twitter:data2\" content=\"5 minutes\" \/>\n<script type=\"application\/ld+json\" class=\"yoast-schema-graph\">{\"@context\":\"https:\/\/schema.org\",\"@graph\":[{\"@type\":\"WebPage\",\"@id\":\"https:\/\/diariodalagoa.pt\/quando-apagar-abril-e-apagar-a-liberdade\/\",\"url\":\"https:\/\/diariodalagoa.pt\/quando-apagar-abril-e-apagar-a-liberdade\/\",\"name\":\"Quando Apagar Abril \u00e9 Apagar a Liberdade - Di\u00e1rio da Lagoa\",\"isPartOf\":{\"@id\":\"https:\/\/diariodalagoa.pt\/#website\"},\"datePublished\":\"2026-04-25T13:17:30+00:00\",\"dateModified\":\"2026-04-25T13:21:49+00:00\",\"author\":{\"@id\":\"https:\/\/diariodalagoa.pt\/#\/schema\/person\/1615a002370e8857b6f972834bc43ece\"},\"description\":\"\u00abH\u00e1 momentos na hist\u00f3ria de um pa\u00eds que carregam dentro de si a mem\u00f3ria de muitos sil\u00eancios, de muitos medos e tamb\u00e9m de muita coragem. O 25 de Abril \u00e9 um desses momentos.\u00bb\",\"breadcrumb\":{\"@id\":\"https:\/\/diariodalagoa.pt\/quando-apagar-abril-e-apagar-a-liberdade\/#breadcrumb\"},\"inLanguage\":\"fr-FR\",\"potentialAction\":[{\"@type\":\"ReadAction\",\"target\":[\"https:\/\/diariodalagoa.pt\/quando-apagar-abril-e-apagar-a-liberdade\/\"]}]},{\"@type\":\"BreadcrumbList\",\"@id\":\"https:\/\/diariodalagoa.pt\/quando-apagar-abril-e-apagar-a-liberdade\/#breadcrumb\",\"itemListElement\":[{\"@type\":\"ListItem\",\"position\":1,\"name\":\"In\u00edcio\",\"item\":\"https:\/\/diariodalagoa.pt\/\"},{\"@type\":\"ListItem\",\"position\":2,\"name\":\"Quando Apagar Abril \u00e9 Apagar a Liberdade\"}]},{\"@type\":\"WebSite\",\"@id\":\"https:\/\/diariodalagoa.pt\/#website\",\"url\":\"https:\/\/diariodalagoa.pt\/\",\"name\":\"Di\u00e1rio da Lagoa\",\"description\":\"Di\u00e1rio da Lagoa. As not\u00edcias que contam. A partir da Lagoa, nos A\u00e7ores, para o mundo.\",\"potentialAction\":[{\"@type\":\"SearchAction\",\"target\":{\"@type\":\"EntryPoint\",\"urlTemplate\":\"https:\/\/diariodalagoa.pt\/?s={search_term_string}\"},\"query-input\":\"required name=search_term_string\"}],\"inLanguage\":\"fr-FR\"},{\"@type\":\"Person\",\"@id\":\"https:\/\/diariodalagoa.pt\/#\/schema\/person\/1615a002370e8857b6f972834bc43ece\",\"name\":\"Di\u00e1rio da Lagoa\",\"image\":{\"@type\":\"ImageObject\",\"inLanguage\":\"fr-FR\",\"@id\":\"https:\/\/diariodalagoa.pt\/#\/schema\/person\/image\/\",\"url\":\"https:\/\/secure.gravatar.com\/avatar\/2cb5cef90a26f8fbd4d9d930608102c5?s=96&d=mm&r=g\",\"contentUrl\":\"https:\/\/secure.gravatar.com\/avatar\/2cb5cef90a26f8fbd4d9d930608102c5?s=96&d=mm&r=g\",\"caption\":\"Di\u00e1rio da Lagoa\"},\"url\":\"https:\/\/diariodalagoa.pt\/fr\/author\/diariodalagoa\/\"}]}<\/script>\n<!-- \/ Yoast SEO plugin. -->","yoast_head_json":{"title":"Quando Apagar Abril \u00e9 Apagar a Liberdade - Di\u00e1rio da Lagoa","description":"\u00abH\u00e1 momentos na hist\u00f3ria de um pa\u00eds que carregam dentro de si a mem\u00f3ria de muitos sil\u00eancios, de muitos medos e tamb\u00e9m de muita coragem. O 25 de Abril \u00e9 um desses momentos.\u00bb","robots":{"index":"index","follow":"follow","max-snippet":"max-snippet:-1","max-image-preview":"max-image-preview:large","max-video-preview":"max-video-preview:-1"},"canonical":"https:\/\/diariodalagoa.pt\/fr\/quando-apagar-abril-e-apagar-a-liberdade\/","og_locale":"fr_FR","og_type":"article","og_title":"Quando Apagar Abril \u00e9 Apagar a Liberdade - Di\u00e1rio da Lagoa","og_description":"\u00abH\u00e1 momentos na hist\u00f3ria de um pa\u00eds que carregam dentro de si a mem\u00f3ria de muitos sil\u00eancios, de muitos medos e tamb\u00e9m de muita coragem. O 25 de Abril \u00e9 um desses momentos.\u00bb","og_url":"https:\/\/diariodalagoa.pt\/fr\/quando-apagar-abril-e-apagar-a-liberdade\/","og_site_name":"Di\u00e1rio da Lagoa","article_published_time":"2026-04-25T13:17:30+00:00","article_modified_time":"2026-04-25T13:21:49+00:00","og_image":[{"width":960,"height":867,"url":"https:\/\/diariodalagoa.pt\/wp-content\/uploads\/2025\/08\/marcia-pimentel-2.jpg","type":"image\/jpeg"}],"author":"Di\u00e1rio da Lagoa","twitter_card":"summary_large_image","twitter_misc":{"\u00c9crit par":"Di\u00e1rio da Lagoa","Dur\u00e9e de lecture estim\u00e9e":"5 minutes"},"schema":{"@context":"https:\/\/schema.org","@graph":[{"@type":"WebPage","@id":"https:\/\/diariodalagoa.pt\/quando-apagar-abril-e-apagar-a-liberdade\/","url":"https:\/\/diariodalagoa.pt\/quando-apagar-abril-e-apagar-a-liberdade\/","name":"Quando Apagar Abril \u00e9 Apagar a Liberdade - Di\u00e1rio da Lagoa","isPartOf":{"@id":"https:\/\/diariodalagoa.pt\/#website"},"datePublished":"2026-04-25T13:17:30+00:00","dateModified":"2026-04-25T13:21:49+00:00","author":{"@id":"https:\/\/diariodalagoa.pt\/#\/schema\/person\/1615a002370e8857b6f972834bc43ece"},"description":"\u00abH\u00e1 momentos na hist\u00f3ria de um pa\u00eds que carregam dentro de si a mem\u00f3ria de muitos sil\u00eancios, de muitos medos e tamb\u00e9m de muita coragem. O 25 de Abril \u00e9 um desses momentos.\u00bb","breadcrumb":{"@id":"https:\/\/diariodalagoa.pt\/quando-apagar-abril-e-apagar-a-liberdade\/#breadcrumb"},"inLanguage":"fr-FR","potentialAction":[{"@type":"ReadAction","target":["https:\/\/diariodalagoa.pt\/quando-apagar-abril-e-apagar-a-liberdade\/"]}]},{"@type":"BreadcrumbList","@id":"https:\/\/diariodalagoa.pt\/quando-apagar-abril-e-apagar-a-liberdade\/#breadcrumb","itemListElement":[{"@type":"ListItem","position":1,"name":"In\u00edcio","item":"https:\/\/diariodalagoa.pt\/"},{"@type":"ListItem","position":2,"name":"Quando Apagar Abril \u00e9 Apagar a Liberdade"}]},{"@type":"WebSite","@id":"https:\/\/diariodalagoa.pt\/#website","url":"https:\/\/diariodalagoa.pt\/","name":"Di\u00e1rio da Lagoa","description":"Di\u00e1rio da Lagoa. As not\u00edcias que contam. A partir da Lagoa, nos A\u00e7ores, para o mundo.","potentialAction":[{"@type":"SearchAction","target":{"@type":"EntryPoint","urlTemplate":"https:\/\/diariodalagoa.pt\/?s={search_term_string}"},"query-input":"required name=search_term_string"}],"inLanguage":"fr-FR"},{"@type":"Person","@id":"https:\/\/diariodalagoa.pt\/#\/schema\/person\/1615a002370e8857b6f972834bc43ece","name":"Di\u00e1rio da Lagoa","image":{"@type":"ImageObject","inLanguage":"fr-FR","@id":"https:\/\/diariodalagoa.pt\/#\/schema\/person\/image\/","url":"https:\/\/secure.gravatar.com\/avatar\/2cb5cef90a26f8fbd4d9d930608102c5?s=96&d=mm&r=g","contentUrl":"https:\/\/secure.gravatar.com\/avatar\/2cb5cef90a26f8fbd4d9d930608102c5?s=96&d=mm&r=g","caption":"Di\u00e1rio da Lagoa"},"url":"https:\/\/diariodalagoa.pt\/fr\/author\/diariodalagoa\/"}]}},"_links":{"self":[{"href":"https:\/\/diariodalagoa.pt\/fr\/wp-json\/wp\/v2\/posts\/163480"}],"collection":[{"href":"https:\/\/diariodalagoa.pt\/fr\/wp-json\/wp\/v2\/posts"}],"about":[{"href":"https:\/\/diariodalagoa.pt\/fr\/wp-json\/wp\/v2\/types\/post"}],"author":[{"embeddable":true,"href":"https:\/\/diariodalagoa.pt\/fr\/wp-json\/wp\/v2\/users\/2"}],"replies":[{"embeddable":true,"href":"https:\/\/diariodalagoa.pt\/fr\/wp-json\/wp\/v2\/comments?post=163480"}],"version-history":[{"count":2,"href":"https:\/\/diariodalagoa.pt\/fr\/wp-json\/wp\/v2\/posts\/163480\/revisions"}],"predecessor-version":[{"id":163482,"href":"https:\/\/diariodalagoa.pt\/fr\/wp-json\/wp\/v2\/posts\/163480\/revisions\/163482"}],"wp:featuredmedia":[{"embeddable":true,"href":"https:\/\/diariodalagoa.pt\/fr\/wp-json\/wp\/v2\/media\/158349"}],"wp:attachment":[{"href":"https:\/\/diariodalagoa.pt\/fr\/wp-json\/wp\/v2\/media?parent=163480"}],"wp:term":[{"taxonomy":"category","embeddable":true,"href":"https:\/\/diariodalagoa.pt\/fr\/wp-json\/wp\/v2\/categories?post=163480"},{"taxonomy":"post_tag","embeddable":true,"href":"https:\/\/diariodalagoa.pt\/fr\/wp-json\/wp\/v2\/tags?post=163480"}],"curies":[{"name":"wp","href":"https:\/\/api.w.org\/{rel}","templated":true}]}}