{"id":163466,"date":"2026-04-25T11:27:56","date_gmt":"2026-04-25T11:27:56","guid":{"rendered":"https:\/\/diariodalagoa.pt\/?p=163466"},"modified":"2026-04-25T11:29:37","modified_gmt":"2026-04-25T11:29:37","slug":"nucleo-de-estudantes-de-relacoes-publicas-celebra-20-anos-com-visita-ao-parlamento-europeu","status":"publish","type":"post","link":"https:\/\/diariodalagoa.pt\/fr\/nucleo-de-estudantes-de-relacoes-publicas-celebra-20-anos-com-visita-ao-parlamento-europeu\/","title":{"rendered":"N\u00facleo de Estudantes de Rela\u00e7\u00f5es P\u00fablicas celebra 20 anos com visita ao Parlamento Europeu"},"content":{"rendered":"<h3 class=\"wp-block-heading\">No \u00e2mbito das comemora\u00e7\u00f5es das suas duas d\u00e9cadas de exist\u00eancia, o NURP realizou uma desloca\u00e7\u00e3o institucional \u00e0 capital belga a convite do eurodeputado Andr\u00e9 Franqueira Rodrigues, levando universit\u00e1rios a\u00e7orianos ao cora\u00e7\u00e3o da democracia europeia<\/h3>\n\n\n\n<figure class=\"wp-block-image size-full\"><img decoding=\"async\" width=\"960\" height=\"720\" src=\"https:\/\/diariodalagoa.pt\/wp-content\/uploads\/2026\/04\/nurp-celebra-20-anos.jpg\" alt=\"\" class=\"wp-image-163467\" srcset=\"https:\/\/diariodalagoa.pt\/wp-content\/uploads\/2026\/04\/nurp-celebra-20-anos.jpg 960w, https:\/\/diariodalagoa.pt\/wp-content\/uploads\/2026\/04\/nurp-celebra-20-anos-300x225.jpg 300w, https:\/\/diariodalagoa.pt\/wp-content\/uploads\/2026\/04\/nurp-celebra-20-anos-768x576.jpg 768w, https:\/\/diariodalagoa.pt\/wp-content\/uploads\/2026\/04\/nurp-celebra-20-anos-16x12.jpg 16w\" sizes=\"(max-width: 960px) 100vw, 960px\" \/><figcaption class=\"wp-element-caption\"><sup><mark style=\"background-color:rgba(0, 0, 0, 0)\" class=\"has-inline-color has-cyan-bluish-gray-color\">\u00a9 NURP<\/mark><\/sup><\/figcaption><\/figure>\n\n\n<p data-path-to-node=\"5\">O N\u00facleo de Estudantes de Rela\u00e7\u00f5es P\u00fablicas e Comunica\u00e7\u00e3o (NURP) da Universidade dos A\u00e7ores assinalou o seu 20.\u00ba anivers\u00e1rio com uma visita ao Parlamento Europeu, em Bruxelas. Segundo nota de imprensa enviada pela organiza\u00e7\u00e3o \u00e0 reda\u00e7\u00e3o do Di\u00e1rio da Lagoa, esta desloca\u00e7\u00e3o concretiza uma ambi\u00e7\u00e3o tra\u00e7ada desde a g\u00e9nese do projeto, permitindo a uma comitiva composta por membros do n\u00facleo e alunos convidados uma imers\u00e3o direta nos bastidores do poder legislativo europeu. A viagem, que surge num momento de maturidade da organiza\u00e7\u00e3o, foi viabilizada atrav\u00e9s de um convite endere\u00e7ado pelo eurodeputado Andr\u00e9 Franqueira Rodrigues.<\/p>\n<p data-path-to-node=\"6\">Para o presidente do NURP, V\u00edtor Rigueira, a passagem pela capital da Uni\u00e3o Europeia reveste-se de um simbolismo profundo para a hist\u00f3ria do grupo. &#8220;Celebrar 20 anos em Bruxelas \u00e9 o culminar de um projeto sonhado desde a nossa funda\u00e7\u00e3o. Esta oportunidade, gentilmente viabilizada pelo Eurodeputado Andr\u00e9 Franqueira Rodrigues, permitiu-nos elevar o prest\u00edgio da nossa organiza\u00e7\u00e3o e oferecer-nos uma vis\u00e3o privilegiada sobre o futuro da Europa&#8221;, destaca o dirigente. A agenda da comitiva n\u00e3o se esgotou no hemiciclo, incluindo passagens pelo Museu da Segunda Guerra Mundial e uma explora\u00e7\u00e3o do patrim\u00f3nio hist\u00f3rico de Bruxelas, elementos que refor\u00e7aram a componente formativa da miss\u00e3o.<\/p>\n<p data-path-to-node=\"7\">O impacto da experi\u00eancia entre os jovens participantes foi not\u00f3rio, com v\u00e1rios estudantes a sublinharem a import\u00e2ncia de conhecer <i data-path-to-node=\"7\" data-index-in-node=\"130\">in loco<\/i> os mecanismos de decis\u00e3o que moldam o continente. Julia F\u00e9lix descreveu a viv\u00eancia como uma &#8220;vis\u00e3o renovada&#8221; da cidadania, enquanto Hulda Duarte classificou a observa\u00e7\u00e3o do funcionamento da Uni\u00e3o Europeia como algo que &#8220;se deveria ver pelo menos uma vez na vida&#8221;. No plano acad\u00e9mico, Daniela Costa refor\u00e7ou que conhecer um espa\u00e7o t\u00e3o central para a pol\u00edtica internacional foi &#8220;incr\u00edvel&#8221; e enriquecedor. Mesmo para quem n\u00e3o estuda pol\u00edtica diretamente, como \u00e9 o caso de Julia Belo, a visita permitiu &#8220;ver ao vivo artigos hist\u00f3ricos que estudamos na sala de aula&#8221;, provando a transversalidade desta iniciativa.<\/p>\n<p data-path-to-node=\"8\">A componente hist\u00f3rica, particularmente a visita ao museu, mereceu elogios rasgados de Roena Medeiros e Laura Medeiros, que destacaram a forma envolvente como a hist\u00f3ria da Europa \u00e9 ali retratada. Por sua vez, Edna Ferreira salientou o privil\u00e9gio que esta oportunidade representa para os jovens a\u00e7orianos, dada a descontinuidade territorial. O balan\u00e7o final, partilhado por Maria Silva, fundiu a aprendizagem institucional com o esp\u00edrito de grupo, fator essencial no associativismo. Ap\u00f3s o sucesso desta miss\u00e3o em Bruxelas, o NURP j\u00e1 olha para o futuro com novas metas, mantendo a ambi\u00e7\u00e3o de visitar brevemente a Assembleia da Rep\u00fablica e a Assembleia Legislativa Regional dos A\u00e7ores, refor\u00e7ando o seu papel de ponte entre a juventude e os centros de decis\u00e3o pol\u00edtica.<\/p>","protected":false},"excerpt":{"rendered":"<p>No \u00e2mbito das comemora\u00e7\u00f5es das suas duas d\u00e9cadas de exist\u00eancia, o NURP realizou uma desloca\u00e7\u00e3o institucional \u00e0 capital belga a convite do eurodeputado Andr\u00e9 Franqueira Rodrigues, levando universit\u00e1rios a\u00e7orianos ao cora\u00e7\u00e3o da democracia europeia.<\/p>","protected":false},"author":2,"featured_media":163467,"comment_status":"open","ping_status":"closed","sticky":false,"template":"","format":"standard","meta":[],"categories":[21],"tags":[804,818,819,3949,3972,5000,5001,5002,5003,31,33,79],"acf":[],"yoast_head":"<!-- This site is optimized with the Yoast SEO plugin v20.10 - https:\/\/yoast.com\/wordpress\/plugins\/seo\/ -->\n<title>N\u00facleo de Estudantes de Rela\u00e7\u00f5es P\u00fablicas celebra 20 anos com visita ao Parlamento Europeu - Di\u00e1rio da Lagoa<\/title>\n<meta name=\"description\" content=\"No \u00e2mbito das comemora\u00e7\u00f5es das suas duas d\u00e9cadas de exist\u00eancia, o NURP realizou uma desloca\u00e7\u00e3o institucional \u00e0 capital belga a convite do eurodeputado Andr\u00e9 Franqueira Rodrigues, levando universit\u00e1rios a\u00e7orianos ao cora\u00e7\u00e3o da democracia europeia.\" \/>\n<meta name=\"robots\" content=\"index, follow, max-snippet:-1, max-image-preview:large, max-video-preview:-1\" \/>\n<link rel=\"canonical\" href=\"https:\/\/diariodalagoa.pt\/fr\/nucleo-de-estudantes-de-relacoes-publicas-celebra-20-anos-com-visita-ao-parlamento-europeu\/\" \/>\n<meta property=\"og:locale\" content=\"fr_FR\" \/>\n<meta property=\"og:type\" content=\"article\" \/>\n<meta property=\"og:title\" content=\"N\u00facleo de Estudantes de Rela\u00e7\u00f5es P\u00fablicas celebra 20 anos com visita ao Parlamento Europeu - Di\u00e1rio da Lagoa\" \/>\n<meta property=\"og:description\" content=\"No \u00e2mbito das comemora\u00e7\u00f5es das suas duas d\u00e9cadas de exist\u00eancia, o NURP realizou uma desloca\u00e7\u00e3o institucional \u00e0 capital belga a convite do eurodeputado Andr\u00e9 Franqueira Rodrigues, levando universit\u00e1rios a\u00e7orianos ao cora\u00e7\u00e3o da democracia europeia.\" \/>\n<meta property=\"og:url\" content=\"https:\/\/diariodalagoa.pt\/fr\/nucleo-de-estudantes-de-relacoes-publicas-celebra-20-anos-com-visita-ao-parlamento-europeu\/\" \/>\n<meta property=\"og:site_name\" content=\"Di\u00e1rio da Lagoa\" \/>\n<meta property=\"article:published_time\" content=\"2026-04-25T11:27:56+00:00\" \/>\n<meta property=\"article:modified_time\" content=\"2026-04-25T11:29:37+00:00\" \/>\n<meta property=\"og:image\" content=\"https:\/\/diariodalagoa.pt\/wp-content\/uploads\/2026\/04\/nurp-celebra-20-anos.jpg\" \/>\n\t<meta property=\"og:image:width\" content=\"960\" \/>\n\t<meta property=\"og:image:height\" content=\"720\" \/>\n\t<meta property=\"og:image:type\" content=\"image\/jpeg\" \/>\n<meta name=\"author\" content=\"Di\u00e1rio da Lagoa\" \/>\n<meta name=\"twitter:card\" content=\"summary_large_image\" \/>\n<meta name=\"twitter:label1\" content=\"\u00c9crit par\" \/>\n\t<meta name=\"twitter:data1\" content=\"Di\u00e1rio da Lagoa\" \/>\n\t<meta name=\"twitter:label2\" content=\"Dur\u00e9e de lecture estim\u00e9e\" \/>\n\t<meta name=\"twitter:data2\" content=\"3 minutes\" \/>\n<script type=\"application\/ld+json\" class=\"yoast-schema-graph\">{\"@context\":\"https:\/\/schema.org\",\"@graph\":[{\"@type\":\"WebPage\",\"@id\":\"https:\/\/diariodalagoa.pt\/nucleo-de-estudantes-de-relacoes-publicas-celebra-20-anos-com-visita-ao-parlamento-europeu\/\",\"url\":\"https:\/\/diariodalagoa.pt\/nucleo-de-estudantes-de-relacoes-publicas-celebra-20-anos-com-visita-ao-parlamento-europeu\/\",\"name\":\"N\u00facleo de Estudantes de Rela\u00e7\u00f5es P\u00fablicas celebra 20 anos com visita ao Parlamento Europeu - Di\u00e1rio da Lagoa\",\"isPartOf\":{\"@id\":\"https:\/\/diariodalagoa.pt\/#website\"},\"datePublished\":\"2026-04-25T11:27:56+00:00\",\"dateModified\":\"2026-04-25T11:29:37+00:00\",\"author\":{\"@id\":\"https:\/\/diariodalagoa.pt\/#\/schema\/person\/1615a002370e8857b6f972834bc43ece\"},\"description\":\"No \u00e2mbito das comemora\u00e7\u00f5es das suas duas d\u00e9cadas de exist\u00eancia, o NURP realizou uma desloca\u00e7\u00e3o institucional \u00e0 capital belga a convite do eurodeputado Andr\u00e9 Franqueira Rodrigues, levando universit\u00e1rios a\u00e7orianos ao cora\u00e7\u00e3o da democracia europeia.\",\"breadcrumb\":{\"@id\":\"https:\/\/diariodalagoa.pt\/nucleo-de-estudantes-de-relacoes-publicas-celebra-20-anos-com-visita-ao-parlamento-europeu\/#breadcrumb\"},\"inLanguage\":\"fr-FR\",\"potentialAction\":[{\"@type\":\"ReadAction\",\"target\":[\"https:\/\/diariodalagoa.pt\/nucleo-de-estudantes-de-relacoes-publicas-celebra-20-anos-com-visita-ao-parlamento-europeu\/\"]}]},{\"@type\":\"BreadcrumbList\",\"@id\":\"https:\/\/diariodalagoa.pt\/nucleo-de-estudantes-de-relacoes-publicas-celebra-20-anos-com-visita-ao-parlamento-europeu\/#breadcrumb\",\"itemListElement\":[{\"@type\":\"ListItem\",\"position\":1,\"name\":\"In\u00edcio\",\"item\":\"https:\/\/diariodalagoa.pt\/\"},{\"@type\":\"ListItem\",\"position\":2,\"name\":\"N\u00facleo de Estudantes de Rela\u00e7\u00f5es P\u00fablicas celebra 20 anos com visita ao Parlamento Europeu\"}]},{\"@type\":\"WebSite\",\"@id\":\"https:\/\/diariodalagoa.pt\/#website\",\"url\":\"https:\/\/diariodalagoa.pt\/\",\"name\":\"Di\u00e1rio da Lagoa\",\"description\":\"Di\u00e1rio da Lagoa. As not\u00edcias que contam. A partir da Lagoa, nos A\u00e7ores, para o mundo.\",\"potentialAction\":[{\"@type\":\"SearchAction\",\"target\":{\"@type\":\"EntryPoint\",\"urlTemplate\":\"https:\/\/diariodalagoa.pt\/?s={search_term_string}\"},\"query-input\":\"required name=search_term_string\"}],\"inLanguage\":\"fr-FR\"},{\"@type\":\"Person\",\"@id\":\"https:\/\/diariodalagoa.pt\/#\/schema\/person\/1615a002370e8857b6f972834bc43ece\",\"name\":\"Di\u00e1rio da Lagoa\",\"image\":{\"@type\":\"ImageObject\",\"inLanguage\":\"fr-FR\",\"@id\":\"https:\/\/diariodalagoa.pt\/#\/schema\/person\/image\/\",\"url\":\"https:\/\/secure.gravatar.com\/avatar\/2cb5cef90a26f8fbd4d9d930608102c5?s=96&d=mm&r=g\",\"contentUrl\":\"https:\/\/secure.gravatar.com\/avatar\/2cb5cef90a26f8fbd4d9d930608102c5?s=96&d=mm&r=g\",\"caption\":\"Di\u00e1rio da Lagoa\"},\"url\":\"https:\/\/diariodalagoa.pt\/fr\/author\/diariodalagoa\/\"}]}<\/script>\n<!-- \/ Yoast SEO plugin. -->","yoast_head_json":{"title":"N\u00facleo de Estudantes de Rela\u00e7\u00f5es P\u00fablicas celebra 20 anos com visita ao Parlamento Europeu - Di\u00e1rio da Lagoa","description":"No \u00e2mbito das comemora\u00e7\u00f5es das suas duas d\u00e9cadas de exist\u00eancia, o NURP realizou uma desloca\u00e7\u00e3o institucional \u00e0 capital belga a convite do eurodeputado Andr\u00e9 Franqueira Rodrigues, levando universit\u00e1rios a\u00e7orianos ao cora\u00e7\u00e3o da democracia europeia.","robots":{"index":"index","follow":"follow","max-snippet":"max-snippet:-1","max-image-preview":"max-image-preview:large","max-video-preview":"max-video-preview:-1"},"canonical":"https:\/\/diariodalagoa.pt\/fr\/nucleo-de-estudantes-de-relacoes-publicas-celebra-20-anos-com-visita-ao-parlamento-europeu\/","og_locale":"fr_FR","og_type":"article","og_title":"N\u00facleo de Estudantes de Rela\u00e7\u00f5es P\u00fablicas celebra 20 anos com visita ao Parlamento Europeu - Di\u00e1rio da Lagoa","og_description":"No \u00e2mbito das comemora\u00e7\u00f5es das suas duas d\u00e9cadas de exist\u00eancia, o NURP realizou uma desloca\u00e7\u00e3o institucional \u00e0 capital belga a convite do eurodeputado Andr\u00e9 Franqueira Rodrigues, levando universit\u00e1rios a\u00e7orianos ao cora\u00e7\u00e3o da democracia europeia.","og_url":"https:\/\/diariodalagoa.pt\/fr\/nucleo-de-estudantes-de-relacoes-publicas-celebra-20-anos-com-visita-ao-parlamento-europeu\/","og_site_name":"Di\u00e1rio da Lagoa","article_published_time":"2026-04-25T11:27:56+00:00","article_modified_time":"2026-04-25T11:29:37+00:00","og_image":[{"width":960,"height":720,"url":"https:\/\/diariodalagoa.pt\/wp-content\/uploads\/2026\/04\/nurp-celebra-20-anos.jpg","type":"image\/jpeg"}],"author":"Di\u00e1rio da Lagoa","twitter_card":"summary_large_image","twitter_misc":{"\u00c9crit par":"Di\u00e1rio da Lagoa","Dur\u00e9e de lecture estim\u00e9e":"3 minutes"},"schema":{"@context":"https:\/\/schema.org","@graph":[{"@type":"WebPage","@id":"https:\/\/diariodalagoa.pt\/nucleo-de-estudantes-de-relacoes-publicas-celebra-20-anos-com-visita-ao-parlamento-europeu\/","url":"https:\/\/diariodalagoa.pt\/nucleo-de-estudantes-de-relacoes-publicas-celebra-20-anos-com-visita-ao-parlamento-europeu\/","name":"N\u00facleo de Estudantes de Rela\u00e7\u00f5es P\u00fablicas celebra 20 anos com visita ao Parlamento Europeu - Di\u00e1rio da Lagoa","isPartOf":{"@id":"https:\/\/diariodalagoa.pt\/#website"},"datePublished":"2026-04-25T11:27:56+00:00","dateModified":"2026-04-25T11:29:37+00:00","author":{"@id":"https:\/\/diariodalagoa.pt\/#\/schema\/person\/1615a002370e8857b6f972834bc43ece"},"description":"No \u00e2mbito das comemora\u00e7\u00f5es das suas duas d\u00e9cadas de exist\u00eancia, o NURP realizou uma desloca\u00e7\u00e3o institucional \u00e0 capital belga a convite do eurodeputado Andr\u00e9 Franqueira Rodrigues, levando universit\u00e1rios a\u00e7orianos ao cora\u00e7\u00e3o da democracia europeia.","breadcrumb":{"@id":"https:\/\/diariodalagoa.pt\/nucleo-de-estudantes-de-relacoes-publicas-celebra-20-anos-com-visita-ao-parlamento-europeu\/#breadcrumb"},"inLanguage":"fr-FR","potentialAction":[{"@type":"ReadAction","target":["https:\/\/diariodalagoa.pt\/nucleo-de-estudantes-de-relacoes-publicas-celebra-20-anos-com-visita-ao-parlamento-europeu\/"]}]},{"@type":"BreadcrumbList","@id":"https:\/\/diariodalagoa.pt\/nucleo-de-estudantes-de-relacoes-publicas-celebra-20-anos-com-visita-ao-parlamento-europeu\/#breadcrumb","itemListElement":[{"@type":"ListItem","position":1,"name":"In\u00edcio","item":"https:\/\/diariodalagoa.pt\/"},{"@type":"ListItem","position":2,"name":"N\u00facleo de Estudantes de Rela\u00e7\u00f5es P\u00fablicas celebra 20 anos com visita ao Parlamento Europeu"}]},{"@type":"WebSite","@id":"https:\/\/diariodalagoa.pt\/#website","url":"https:\/\/diariodalagoa.pt\/","name":"Di\u00e1rio da Lagoa","description":"Di\u00e1rio da Lagoa. As not\u00edcias que contam. A partir da Lagoa, nos A\u00e7ores, para o mundo.","potentialAction":[{"@type":"SearchAction","target":{"@type":"EntryPoint","urlTemplate":"https:\/\/diariodalagoa.pt\/?s={search_term_string}"},"query-input":"required name=search_term_string"}],"inLanguage":"fr-FR"},{"@type":"Person","@id":"https:\/\/diariodalagoa.pt\/#\/schema\/person\/1615a002370e8857b6f972834bc43ece","name":"Di\u00e1rio da Lagoa","image":{"@type":"ImageObject","inLanguage":"fr-FR","@id":"https:\/\/diariodalagoa.pt\/#\/schema\/person\/image\/","url":"https:\/\/secure.gravatar.com\/avatar\/2cb5cef90a26f8fbd4d9d930608102c5?s=96&d=mm&r=g","contentUrl":"https:\/\/secure.gravatar.com\/avatar\/2cb5cef90a26f8fbd4d9d930608102c5?s=96&d=mm&r=g","caption":"Di\u00e1rio da Lagoa"},"url":"https:\/\/diariodalagoa.pt\/fr\/author\/diariodalagoa\/"}]}},"_links":{"self":[{"href":"https:\/\/diariodalagoa.pt\/fr\/wp-json\/wp\/v2\/posts\/163466"}],"collection":[{"href":"https:\/\/diariodalagoa.pt\/fr\/wp-json\/wp\/v2\/posts"}],"about":[{"href":"https:\/\/diariodalagoa.pt\/fr\/wp-json\/wp\/v2\/types\/post"}],"author":[{"embeddable":true,"href":"https:\/\/diariodalagoa.pt\/fr\/wp-json\/wp\/v2\/users\/2"}],"replies":[{"embeddable":true,"href":"https:\/\/diariodalagoa.pt\/fr\/wp-json\/wp\/v2\/comments?post=163466"}],"version-history":[{"count":2,"href":"https:\/\/diariodalagoa.pt\/fr\/wp-json\/wp\/v2\/posts\/163466\/revisions"}],"predecessor-version":[{"id":163469,"href":"https:\/\/diariodalagoa.pt\/fr\/wp-json\/wp\/v2\/posts\/163466\/revisions\/163469"}],"wp:featuredmedia":[{"embeddable":true,"href":"https:\/\/diariodalagoa.pt\/fr\/wp-json\/wp\/v2\/media\/163467"}],"wp:attachment":[{"href":"https:\/\/diariodalagoa.pt\/fr\/wp-json\/wp\/v2\/media?parent=163466"}],"wp:term":[{"taxonomy":"category","embeddable":true,"href":"https:\/\/diariodalagoa.pt\/fr\/wp-json\/wp\/v2\/categories?post=163466"},{"taxonomy":"post_tag","embeddable":true,"href":"https:\/\/diariodalagoa.pt\/fr\/wp-json\/wp\/v2\/tags?post=163466"}],"curies":[{"name":"wp","href":"https:\/\/api.w.org\/{rel}","templated":true}]}}