{"id":163145,"date":"2026-04-14T11:04:44","date_gmt":"2026-04-14T11:04:44","guid":{"rendered":"https:\/\/diariodalagoa.pt\/?p=163145"},"modified":"2026-04-14T11:04:46","modified_gmt":"2026-04-14T11:04:46","slug":"semana-da-saude-mobiliza-comunidade-lagoense","status":"publish","type":"post","link":"https:\/\/diariodalagoa.pt\/fr\/semana-da-saude-mobiliza-comunidade-lagoense\/","title":{"rendered":"Semana da Sa\u00fade mobiliza comunidade lagoense"},"content":{"rendered":"<figure class=\"wp-block-image size-full\"><img decoding=\"async\" width=\"960\" height=\"640\" src=\"https:\/\/diariodalagoa.pt\/wp-content\/uploads\/2026\/04\/semana-da-saude-lagoa.jpg\" alt=\"\" class=\"wp-image-163146\" srcset=\"https:\/\/diariodalagoa.pt\/wp-content\/uploads\/2026\/04\/semana-da-saude-lagoa.jpg 960w, https:\/\/diariodalagoa.pt\/wp-content\/uploads\/2026\/04\/semana-da-saude-lagoa-300x200.jpg 300w, https:\/\/diariodalagoa.pt\/wp-content\/uploads\/2026\/04\/semana-da-saude-lagoa-768x512.jpg 768w, https:\/\/diariodalagoa.pt\/wp-content\/uploads\/2026\/04\/semana-da-saude-lagoa-18x12.jpg 18w\" sizes=\"(max-width: 960px) 100vw, 960px\" \/><figcaption class=\"wp-element-caption\"><sub><mark style=\"background-color:rgba(0, 0, 0, 0)\" class=\"has-inline-color has-cyan-bluish-gray-color\">\u00a9 CM LAGOA<\/mark><\/sub><\/figcaption><\/figure>\n\n\n\n<p>A Semana da Sa\u00fade, iniciativa dedicada \u00e0 promo\u00e7\u00e3o do bem-estar da comunidade lagoense atrav\u00e9s de um programa que integrou um conjunto diversificado de a\u00e7\u00f5es, desde rastreios de sa\u00fade e sess\u00f5es de sensibiliza\u00e7\u00e3o, at\u00e9 atividades f\u00edsicas abertas \u00e0 popula\u00e7\u00e3o, contou com boa ades\u00e3o da popula\u00e7\u00e3o.<\/p>\n\n\n\n<p>A C\u00e2mara da Lagoa desafiou alguns mun\u00edcipes a darem o seu testemunho como forma de promover a literacia em sa\u00fade, op\u00e7\u00e3o que se revelou uma ferramenta importante de sensibiliza\u00e7\u00e3o, permitindo tornar o tema da atividade f\u00edsica e a sua import\u00e2ncia para a sa\u00fade mais compreens\u00edvel para a popula\u00e7\u00e3o.<\/p>\n\n\n\n<p>A iniciativa teve in\u00edcio com a reuni\u00e3o do Conselho Municipal de Sa\u00fade e a realiza\u00e7\u00e3o de rastreios na Pra\u00e7a de Nossa Senhora do Ros\u00e1rio, registando-se uma ades\u00e3o significativa por parte da popula\u00e7\u00e3o. Ao longo da semana, as caminhadas, aulas abertas e atividades desportivas proporcionaram momentos de conv\u00edvio e incentivo \u00e0 pr\u00e1tica regular de exerc\u00edcio f\u00edsico.<\/p>\n\n\n\n<p>O programa culminou com um conjunto alargado de atividades em formato open day, incluindo padel, atividades n\u00e1uticas e pickleball, permitindo \u00e0 comunidade experimentar diferentes modalidades e refor\u00e7ar h\u00e1bitos de vida saud\u00e1veis.<\/p>\n\n\n\n<p>A vereadora da A\u00e7\u00e3o Social e da Sa\u00fade, Gra\u00e7a Costa, fez um balan\u00e7o \u201cbastante positivo\u201d da iniciativa, tendo-se verificado um \u201cbom envolvimento da comunidade nas diversas atividades promovidas. A ades\u00e3o demonstra uma crescente consciencializa\u00e7\u00e3o para a import\u00e2ncia da preven\u00e7\u00e3o e ado\u00e7\u00e3o de estilos de vida saud\u00e1veis\u201d.<\/p>","protected":false},"excerpt":{"rendered":"<p>Promo\u00e7\u00e3o do bem-estar na base da iniciativa. Popula\u00e7\u00e3o lagoense aderiu em for\u00e7a. V\u00e1rias atividades desenvolvidas com enfoque na atividade f\u00edsica.<\/p>","protected":false},"author":2,"featured_media":163146,"comment_status":"open","ping_status":"open","sticky":false,"template":"","format":"standard","meta":[],"categories":[21],"tags":[257,1727,1768,2603,4865,34],"acf":[],"yoast_head":"<!-- This site is optimized with the Yoast SEO plugin v20.10 - https:\/\/yoast.com\/wordpress\/plugins\/seo\/ -->\n<title>Semana da Sa\u00fade mobiliza comunidade lagoense - Di\u00e1rio da Lagoa<\/title>\n<meta name=\"description\" content=\"Promo\u00e7\u00e3o do bem-estar na base da iniciativa. Popula\u00e7\u00e3o lagoense aderiu em for\u00e7a. V\u00e1rias atividades desenvolvidas com enfoque na atividade f\u00edsica.\" \/>\n<meta name=\"robots\" content=\"index, follow, max-snippet:-1, max-image-preview:large, max-video-preview:-1\" \/>\n<link rel=\"canonical\" href=\"https:\/\/diariodalagoa.pt\/fr\/semana-da-saude-mobiliza-comunidade-lagoense\/\" \/>\n<meta property=\"og:locale\" content=\"fr_FR\" \/>\n<meta property=\"og:type\" content=\"article\" \/>\n<meta property=\"og:title\" content=\"Semana da Sa\u00fade mobiliza comunidade lagoense - Di\u00e1rio da Lagoa\" \/>\n<meta property=\"og:description\" content=\"Promo\u00e7\u00e3o do bem-estar na base da iniciativa. Popula\u00e7\u00e3o lagoense aderiu em for\u00e7a. V\u00e1rias atividades desenvolvidas com enfoque na atividade f\u00edsica.\" \/>\n<meta property=\"og:url\" content=\"https:\/\/diariodalagoa.pt\/fr\/semana-da-saude-mobiliza-comunidade-lagoense\/\" \/>\n<meta property=\"og:site_name\" content=\"Di\u00e1rio da Lagoa\" \/>\n<meta property=\"article:published_time\" content=\"2026-04-14T11:04:44+00:00\" \/>\n<meta property=\"article:modified_time\" content=\"2026-04-14T11:04:46+00:00\" \/>\n<meta property=\"og:image\" content=\"https:\/\/diariodalagoa.pt\/wp-content\/uploads\/2026\/04\/semana-da-saude-lagoa.jpg\" \/>\n\t<meta property=\"og:image:width\" content=\"960\" \/>\n\t<meta property=\"og:image:height\" content=\"640\" \/>\n\t<meta property=\"og:image:type\" content=\"image\/jpeg\" \/>\n<meta name=\"author\" content=\"Di\u00e1rio da Lagoa\" \/>\n<meta name=\"twitter:card\" content=\"summary_large_image\" \/>\n<meta name=\"twitter:label1\" content=\"\u00c9crit par\" \/>\n\t<meta name=\"twitter:data1\" content=\"Di\u00e1rio da Lagoa\" \/>\n\t<meta name=\"twitter:label2\" content=\"Dur\u00e9e de lecture estim\u00e9e\" \/>\n\t<meta name=\"twitter:data2\" content=\"2 minutes\" \/>\n<script type=\"application\/ld+json\" class=\"yoast-schema-graph\">{\"@context\":\"https:\/\/schema.org\",\"@graph\":[{\"@type\":\"WebPage\",\"@id\":\"https:\/\/diariodalagoa.pt\/semana-da-saude-mobiliza-comunidade-lagoense\/\",\"url\":\"https:\/\/diariodalagoa.pt\/semana-da-saude-mobiliza-comunidade-lagoense\/\",\"name\":\"Semana da Sa\u00fade mobiliza comunidade lagoense - Di\u00e1rio da Lagoa\",\"isPartOf\":{\"@id\":\"https:\/\/diariodalagoa.pt\/#website\"},\"datePublished\":\"2026-04-14T11:04:44+00:00\",\"dateModified\":\"2026-04-14T11:04:46+00:00\",\"author\":{\"@id\":\"https:\/\/diariodalagoa.pt\/#\/schema\/person\/1615a002370e8857b6f972834bc43ece\"},\"description\":\"Promo\u00e7\u00e3o do bem-estar na base da iniciativa. Popula\u00e7\u00e3o lagoense aderiu em for\u00e7a. V\u00e1rias atividades desenvolvidas com enfoque na atividade f\u00edsica.\",\"breadcrumb\":{\"@id\":\"https:\/\/diariodalagoa.pt\/semana-da-saude-mobiliza-comunidade-lagoense\/#breadcrumb\"},\"inLanguage\":\"fr-FR\",\"potentialAction\":[{\"@type\":\"ReadAction\",\"target\":[\"https:\/\/diariodalagoa.pt\/semana-da-saude-mobiliza-comunidade-lagoense\/\"]}]},{\"@type\":\"BreadcrumbList\",\"@id\":\"https:\/\/diariodalagoa.pt\/semana-da-saude-mobiliza-comunidade-lagoense\/#breadcrumb\",\"itemListElement\":[{\"@type\":\"ListItem\",\"position\":1,\"name\":\"In\u00edcio\",\"item\":\"https:\/\/diariodalagoa.pt\/\"},{\"@type\":\"ListItem\",\"position\":2,\"name\":\"Semana da Sa\u00fade mobiliza comunidade lagoense\"}]},{\"@type\":\"WebSite\",\"@id\":\"https:\/\/diariodalagoa.pt\/#website\",\"url\":\"https:\/\/diariodalagoa.pt\/\",\"name\":\"Di\u00e1rio da Lagoa\",\"description\":\"Di\u00e1rio da Lagoa. As not\u00edcias que contam. A partir da Lagoa, nos A\u00e7ores, para o mundo.\",\"potentialAction\":[{\"@type\":\"SearchAction\",\"target\":{\"@type\":\"EntryPoint\",\"urlTemplate\":\"https:\/\/diariodalagoa.pt\/?s={search_term_string}\"},\"query-input\":\"required name=search_term_string\"}],\"inLanguage\":\"fr-FR\"},{\"@type\":\"Person\",\"@id\":\"https:\/\/diariodalagoa.pt\/#\/schema\/person\/1615a002370e8857b6f972834bc43ece\",\"name\":\"Di\u00e1rio da Lagoa\",\"image\":{\"@type\":\"ImageObject\",\"inLanguage\":\"fr-FR\",\"@id\":\"https:\/\/diariodalagoa.pt\/#\/schema\/person\/image\/\",\"url\":\"https:\/\/secure.gravatar.com\/avatar\/2cb5cef90a26f8fbd4d9d930608102c5?s=96&d=mm&r=g\",\"contentUrl\":\"https:\/\/secure.gravatar.com\/avatar\/2cb5cef90a26f8fbd4d9d930608102c5?s=96&d=mm&r=g\",\"caption\":\"Di\u00e1rio da Lagoa\"},\"url\":\"https:\/\/diariodalagoa.pt\/fr\/author\/diariodalagoa\/\"}]}<\/script>\n<!-- \/ Yoast SEO plugin. -->","yoast_head_json":{"title":"Semana da Sa\u00fade mobiliza comunidade lagoense - Di\u00e1rio da Lagoa","description":"Promo\u00e7\u00e3o do bem-estar na base da iniciativa. Popula\u00e7\u00e3o lagoense aderiu em for\u00e7a. V\u00e1rias atividades desenvolvidas com enfoque na atividade f\u00edsica.","robots":{"index":"index","follow":"follow","max-snippet":"max-snippet:-1","max-image-preview":"max-image-preview:large","max-video-preview":"max-video-preview:-1"},"canonical":"https:\/\/diariodalagoa.pt\/fr\/semana-da-saude-mobiliza-comunidade-lagoense\/","og_locale":"fr_FR","og_type":"article","og_title":"Semana da Sa\u00fade mobiliza comunidade lagoense - Di\u00e1rio da Lagoa","og_description":"Promo\u00e7\u00e3o do bem-estar na base da iniciativa. Popula\u00e7\u00e3o lagoense aderiu em for\u00e7a. V\u00e1rias atividades desenvolvidas com enfoque na atividade f\u00edsica.","og_url":"https:\/\/diariodalagoa.pt\/fr\/semana-da-saude-mobiliza-comunidade-lagoense\/","og_site_name":"Di\u00e1rio da Lagoa","article_published_time":"2026-04-14T11:04:44+00:00","article_modified_time":"2026-04-14T11:04:46+00:00","og_image":[{"width":960,"height":640,"url":"https:\/\/diariodalagoa.pt\/wp-content\/uploads\/2026\/04\/semana-da-saude-lagoa.jpg","type":"image\/jpeg"}],"author":"Di\u00e1rio da Lagoa","twitter_card":"summary_large_image","twitter_misc":{"\u00c9crit par":"Di\u00e1rio da Lagoa","Dur\u00e9e de lecture estim\u00e9e":"2 minutes"},"schema":{"@context":"https:\/\/schema.org","@graph":[{"@type":"WebPage","@id":"https:\/\/diariodalagoa.pt\/semana-da-saude-mobiliza-comunidade-lagoense\/","url":"https:\/\/diariodalagoa.pt\/semana-da-saude-mobiliza-comunidade-lagoense\/","name":"Semana da Sa\u00fade mobiliza comunidade lagoense - Di\u00e1rio da Lagoa","isPartOf":{"@id":"https:\/\/diariodalagoa.pt\/#website"},"datePublished":"2026-04-14T11:04:44+00:00","dateModified":"2026-04-14T11:04:46+00:00","author":{"@id":"https:\/\/diariodalagoa.pt\/#\/schema\/person\/1615a002370e8857b6f972834bc43ece"},"description":"Promo\u00e7\u00e3o do bem-estar na base da iniciativa. Popula\u00e7\u00e3o lagoense aderiu em for\u00e7a. V\u00e1rias atividades desenvolvidas com enfoque na atividade f\u00edsica.","breadcrumb":{"@id":"https:\/\/diariodalagoa.pt\/semana-da-saude-mobiliza-comunidade-lagoense\/#breadcrumb"},"inLanguage":"fr-FR","potentialAction":[{"@type":"ReadAction","target":["https:\/\/diariodalagoa.pt\/semana-da-saude-mobiliza-comunidade-lagoense\/"]}]},{"@type":"BreadcrumbList","@id":"https:\/\/diariodalagoa.pt\/semana-da-saude-mobiliza-comunidade-lagoense\/#breadcrumb","itemListElement":[{"@type":"ListItem","position":1,"name":"In\u00edcio","item":"https:\/\/diariodalagoa.pt\/"},{"@type":"ListItem","position":2,"name":"Semana da Sa\u00fade mobiliza comunidade lagoense"}]},{"@type":"WebSite","@id":"https:\/\/diariodalagoa.pt\/#website","url":"https:\/\/diariodalagoa.pt\/","name":"Di\u00e1rio da Lagoa","description":"Di\u00e1rio da Lagoa. As not\u00edcias que contam. A partir da Lagoa, nos A\u00e7ores, para o mundo.","potentialAction":[{"@type":"SearchAction","target":{"@type":"EntryPoint","urlTemplate":"https:\/\/diariodalagoa.pt\/?s={search_term_string}"},"query-input":"required name=search_term_string"}],"inLanguage":"fr-FR"},{"@type":"Person","@id":"https:\/\/diariodalagoa.pt\/#\/schema\/person\/1615a002370e8857b6f972834bc43ece","name":"Di\u00e1rio da Lagoa","image":{"@type":"ImageObject","inLanguage":"fr-FR","@id":"https:\/\/diariodalagoa.pt\/#\/schema\/person\/image\/","url":"https:\/\/secure.gravatar.com\/avatar\/2cb5cef90a26f8fbd4d9d930608102c5?s=96&d=mm&r=g","contentUrl":"https:\/\/secure.gravatar.com\/avatar\/2cb5cef90a26f8fbd4d9d930608102c5?s=96&d=mm&r=g","caption":"Di\u00e1rio da Lagoa"},"url":"https:\/\/diariodalagoa.pt\/fr\/author\/diariodalagoa\/"}]}},"_links":{"self":[{"href":"https:\/\/diariodalagoa.pt\/fr\/wp-json\/wp\/v2\/posts\/163145"}],"collection":[{"href":"https:\/\/diariodalagoa.pt\/fr\/wp-json\/wp\/v2\/posts"}],"about":[{"href":"https:\/\/diariodalagoa.pt\/fr\/wp-json\/wp\/v2\/types\/post"}],"author":[{"embeddable":true,"href":"https:\/\/diariodalagoa.pt\/fr\/wp-json\/wp\/v2\/users\/2"}],"replies":[{"embeddable":true,"href":"https:\/\/diariodalagoa.pt\/fr\/wp-json\/wp\/v2\/comments?post=163145"}],"version-history":[{"count":2,"href":"https:\/\/diariodalagoa.pt\/fr\/wp-json\/wp\/v2\/posts\/163145\/revisions"}],"predecessor-version":[{"id":163148,"href":"https:\/\/diariodalagoa.pt\/fr\/wp-json\/wp\/v2\/posts\/163145\/revisions\/163148"}],"wp:featuredmedia":[{"embeddable":true,"href":"https:\/\/diariodalagoa.pt\/fr\/wp-json\/wp\/v2\/media\/163146"}],"wp:attachment":[{"href":"https:\/\/diariodalagoa.pt\/fr\/wp-json\/wp\/v2\/media?parent=163145"}],"wp:term":[{"taxonomy":"category","embeddable":true,"href":"https:\/\/diariodalagoa.pt\/fr\/wp-json\/wp\/v2\/categories?post=163145"},{"taxonomy":"post_tag","embeddable":true,"href":"https:\/\/diariodalagoa.pt\/fr\/wp-json\/wp\/v2\/tags?post=163145"}],"curies":[{"name":"wp","href":"https:\/\/api.w.org\/{rel}","templated":true}]}}