{"id":163011,"date":"2026-04-07T17:41:00","date_gmt":"2026-04-07T17:41:00","guid":{"rendered":"https:\/\/diariodalagoa.pt\/?p=163011"},"modified":"2026-04-08T16:31:37","modified_gmt":"2026-04-08T16:31:37","slug":"marinha-resgata-tripulante-de-navio-mercante-com-suspeita-de-fratura-no-braco-direito","status":"publish","type":"post","link":"https:\/\/diariodalagoa.pt\/fr\/marinha-resgata-tripulante-de-navio-mercante-com-suspeita-de-fratura-no-braco-direito\/","title":{"rendered":"Marinha resgata tripulante de navio mercante com suspeita de fratura no bra\u00e7o direito"},"content":{"rendered":"<figure class=\"wp-block-image size-full\"><img decoding=\"async\" width=\"960\" height=\"640\" src=\"https:\/\/diariodalagoa.pt\/wp-content\/uploads\/2026\/04\/marinha-resgate-mar-2.jpg\" alt=\"\" class=\"wp-image-163012\" srcset=\"https:\/\/diariodalagoa.pt\/wp-content\/uploads\/2026\/04\/marinha-resgate-mar-2.jpg 960w, https:\/\/diariodalagoa.pt\/wp-content\/uploads\/2026\/04\/marinha-resgate-mar-2-300x200.jpg 300w, https:\/\/diariodalagoa.pt\/wp-content\/uploads\/2026\/04\/marinha-resgate-mar-2-768x512.jpg 768w, https:\/\/diariodalagoa.pt\/wp-content\/uploads\/2026\/04\/marinha-resgate-mar-2-18x12.jpg 18w\" sizes=\"(max-width: 960px) 100vw, 960px\" \/><figcaption class=\"wp-element-caption\"><sub><mark style=\"background-color:rgba(0, 0, 0, 0)\" class=\"has-inline-color has-cyan-bluish-gray-color\">\u00a9 MARINHA PORTUGUESA<\/mark><\/sub><\/figcaption><\/figure>\n\n\n\n<p>A Marinha Portuguesa, atrav\u00e9s do Centro de Coordena\u00e7\u00e3o de Busca e Salvamento Mar\u00edtimo de Ponta Delgada (MRCC Delgada), coordenou nesta ter\u00e7a-feira, 7 de abril, o resgate de um tripulante de 42 anos e nacionalidade cabo-verdiana, que se encontrava em dificuldades ap\u00f3s ter sofrido uma queda a bordo do navio mercante em que navegava, a cerca de 203 milhas n\u00e1uticas (aproximadamente 327 quil\u00f3metros) a sudeste da ilha Terceira, nos A\u00e7ores.<\/p>\n\n\n\n<p>O alerta foi recebido perto das 08h40 (hora local), a informar que o tripulante apresentava uma poss\u00edvel fratura no bra\u00e7o direito e na perna esquerda, necessitando de cuidados m\u00e9dicos urgentes.<\/p>\n\n\n\n<p>Em articula\u00e7\u00e3o com o Centro de Orienta\u00e7\u00e3o de Doentes Urgentes \u2013 Mar (CODU-MAR), e em conjunto com o Centro de Busca e Salvamento A\u00e9reo das Lajes (RCC Lajes), foi ativado para o local um helic\u00f3ptero EH-101 da For\u00e7a A\u00e9rea Portuguesa, para efetuar o resgate.<\/p>\n\n\n\n<p>A v\u00edtima foi resgatada e transportada pelo helic\u00f3ptero para a ilha Terceira, onde aterrou pelas 14h20 (hora local), tendo sido posteriormente transferida para uma unidade hospitalar por uma ambul\u00e2ncia do Servi\u00e7o Regional de Prote\u00e7\u00e3o Civil e Bombeiros dos A\u00e7ores (SRPCBA).<\/p>","protected":false},"excerpt":{"rendered":"<p>Suspeita de fratura no bra\u00e7o direito ap\u00f3s queda num navio motivou resgaste e transporte para a ilha Terceira. Um helic\u00f3ptero envolvido na opera\u00e7\u00e3o.<\/p>","protected":false},"author":2,"featured_media":163012,"comment_status":"open","ping_status":"open","sticky":false,"template":"","format":"standard","meta":[],"categories":[21],"tags":[208,209,246,2643,4778,4779,4780,4781],"acf":[],"yoast_head":"<!-- This site is optimized with the Yoast SEO plugin v20.10 - https:\/\/yoast.com\/wordpress\/plugins\/seo\/ -->\n<title>Marinha resgata tripulante de navio mercante com suspeita de fratura no bra\u00e7o direito - Di\u00e1rio da Lagoa<\/title>\n<meta name=\"description\" content=\"Suspeita de fratura no bra\u00e7o direito ap\u00f3s queda num navio motivou resgaste e transporte para a ilha Terceira. Um helic\u00f3ptero envolvido na opera\u00e7\u00e3o.\" \/>\n<meta name=\"robots\" content=\"index, follow, max-snippet:-1, max-image-preview:large, max-video-preview:-1\" \/>\n<link rel=\"canonical\" href=\"https:\/\/diariodalagoa.pt\/fr\/marinha-resgata-tripulante-de-navio-mercante-com-suspeita-de-fratura-no-braco-direito\/\" \/>\n<meta property=\"og:locale\" content=\"fr_FR\" \/>\n<meta property=\"og:type\" content=\"article\" \/>\n<meta property=\"og:title\" content=\"Marinha resgata tripulante de navio mercante com suspeita de fratura no bra\u00e7o direito - Di\u00e1rio da Lagoa\" \/>\n<meta property=\"og:description\" content=\"Suspeita de fratura no bra\u00e7o direito ap\u00f3s queda num navio motivou resgaste e transporte para a ilha Terceira. Um helic\u00f3ptero envolvido na opera\u00e7\u00e3o.\" \/>\n<meta property=\"og:url\" content=\"https:\/\/diariodalagoa.pt\/fr\/marinha-resgata-tripulante-de-navio-mercante-com-suspeita-de-fratura-no-braco-direito\/\" \/>\n<meta property=\"og:site_name\" content=\"Di\u00e1rio da Lagoa\" \/>\n<meta property=\"article:published_time\" content=\"2026-04-07T17:41:00+00:00\" \/>\n<meta property=\"article:modified_time\" content=\"2026-04-08T16:31:37+00:00\" \/>\n<meta property=\"og:image\" content=\"https:\/\/diariodalagoa.pt\/wp-content\/uploads\/2026\/04\/marinha-resgate-mar-2.jpg\" \/>\n\t<meta property=\"og:image:width\" content=\"960\" \/>\n\t<meta property=\"og:image:height\" content=\"640\" \/>\n\t<meta property=\"og:image:type\" content=\"image\/jpeg\" \/>\n<meta name=\"author\" content=\"Di\u00e1rio da Lagoa\" \/>\n<meta name=\"twitter:card\" content=\"summary_large_image\" \/>\n<meta name=\"twitter:label1\" content=\"\u00c9crit par\" \/>\n\t<meta name=\"twitter:data1\" content=\"Di\u00e1rio da Lagoa\" \/>\n\t<meta name=\"twitter:label2\" content=\"Dur\u00e9e de lecture estim\u00e9e\" \/>\n\t<meta name=\"twitter:data2\" content=\"2 minutes\" \/>\n<script type=\"application\/ld+json\" class=\"yoast-schema-graph\">{\"@context\":\"https:\/\/schema.org\",\"@graph\":[{\"@type\":\"WebPage\",\"@id\":\"https:\/\/diariodalagoa.pt\/marinha-resgata-tripulante-de-navio-mercante-com-suspeita-de-fratura-no-braco-direito\/\",\"url\":\"https:\/\/diariodalagoa.pt\/marinha-resgata-tripulante-de-navio-mercante-com-suspeita-de-fratura-no-braco-direito\/\",\"name\":\"Marinha resgata tripulante de navio mercante com suspeita de fratura no bra\u00e7o direito - Di\u00e1rio da Lagoa\",\"isPartOf\":{\"@id\":\"https:\/\/diariodalagoa.pt\/#website\"},\"datePublished\":\"2026-04-07T17:41:00+00:00\",\"dateModified\":\"2026-04-08T16:31:37+00:00\",\"author\":{\"@id\":\"https:\/\/diariodalagoa.pt\/#\/schema\/person\/1615a002370e8857b6f972834bc43ece\"},\"description\":\"Suspeita de fratura no bra\u00e7o direito ap\u00f3s queda num navio motivou resgaste e transporte para a ilha Terceira. Um helic\u00f3ptero envolvido na opera\u00e7\u00e3o.\",\"breadcrumb\":{\"@id\":\"https:\/\/diariodalagoa.pt\/marinha-resgata-tripulante-de-navio-mercante-com-suspeita-de-fratura-no-braco-direito\/#breadcrumb\"},\"inLanguage\":\"fr-FR\",\"potentialAction\":[{\"@type\":\"ReadAction\",\"target\":[\"https:\/\/diariodalagoa.pt\/marinha-resgata-tripulante-de-navio-mercante-com-suspeita-de-fratura-no-braco-direito\/\"]}]},{\"@type\":\"BreadcrumbList\",\"@id\":\"https:\/\/diariodalagoa.pt\/marinha-resgata-tripulante-de-navio-mercante-com-suspeita-de-fratura-no-braco-direito\/#breadcrumb\",\"itemListElement\":[{\"@type\":\"ListItem\",\"position\":1,\"name\":\"In\u00edcio\",\"item\":\"https:\/\/diariodalagoa.pt\/\"},{\"@type\":\"ListItem\",\"position\":2,\"name\":\"Marinha resgata tripulante de navio mercante com suspeita de fratura no bra\u00e7o direito\"}]},{\"@type\":\"WebSite\",\"@id\":\"https:\/\/diariodalagoa.pt\/#website\",\"url\":\"https:\/\/diariodalagoa.pt\/\",\"name\":\"Di\u00e1rio da Lagoa\",\"description\":\"Di\u00e1rio da Lagoa. As not\u00edcias que contam. A partir da Lagoa, nos A\u00e7ores, para o mundo.\",\"potentialAction\":[{\"@type\":\"SearchAction\",\"target\":{\"@type\":\"EntryPoint\",\"urlTemplate\":\"https:\/\/diariodalagoa.pt\/?s={search_term_string}\"},\"query-input\":\"required name=search_term_string\"}],\"inLanguage\":\"fr-FR\"},{\"@type\":\"Person\",\"@id\":\"https:\/\/diariodalagoa.pt\/#\/schema\/person\/1615a002370e8857b6f972834bc43ece\",\"name\":\"Di\u00e1rio da Lagoa\",\"image\":{\"@type\":\"ImageObject\",\"inLanguage\":\"fr-FR\",\"@id\":\"https:\/\/diariodalagoa.pt\/#\/schema\/person\/image\/\",\"url\":\"https:\/\/secure.gravatar.com\/avatar\/2cb5cef90a26f8fbd4d9d930608102c5?s=96&d=mm&r=g\",\"contentUrl\":\"https:\/\/secure.gravatar.com\/avatar\/2cb5cef90a26f8fbd4d9d930608102c5?s=96&d=mm&r=g\",\"caption\":\"Di\u00e1rio da Lagoa\"},\"url\":\"https:\/\/diariodalagoa.pt\/fr\/author\/diariodalagoa\/\"}]}<\/script>\n<!-- \/ Yoast SEO plugin. -->","yoast_head_json":{"title":"Marinha resgata tripulante de navio mercante com suspeita de fratura no bra\u00e7o direito - Di\u00e1rio da Lagoa","description":"Suspeita de fratura no bra\u00e7o direito ap\u00f3s queda num navio motivou resgaste e transporte para a ilha Terceira. Um helic\u00f3ptero envolvido na opera\u00e7\u00e3o.","robots":{"index":"index","follow":"follow","max-snippet":"max-snippet:-1","max-image-preview":"max-image-preview:large","max-video-preview":"max-video-preview:-1"},"canonical":"https:\/\/diariodalagoa.pt\/fr\/marinha-resgata-tripulante-de-navio-mercante-com-suspeita-de-fratura-no-braco-direito\/","og_locale":"fr_FR","og_type":"article","og_title":"Marinha resgata tripulante de navio mercante com suspeita de fratura no bra\u00e7o direito - Di\u00e1rio da Lagoa","og_description":"Suspeita de fratura no bra\u00e7o direito ap\u00f3s queda num navio motivou resgaste e transporte para a ilha Terceira. Um helic\u00f3ptero envolvido na opera\u00e7\u00e3o.","og_url":"https:\/\/diariodalagoa.pt\/fr\/marinha-resgata-tripulante-de-navio-mercante-com-suspeita-de-fratura-no-braco-direito\/","og_site_name":"Di\u00e1rio da Lagoa","article_published_time":"2026-04-07T17:41:00+00:00","article_modified_time":"2026-04-08T16:31:37+00:00","og_image":[{"width":960,"height":640,"url":"https:\/\/diariodalagoa.pt\/wp-content\/uploads\/2026\/04\/marinha-resgate-mar-2.jpg","type":"image\/jpeg"}],"author":"Di\u00e1rio da Lagoa","twitter_card":"summary_large_image","twitter_misc":{"\u00c9crit par":"Di\u00e1rio da Lagoa","Dur\u00e9e de lecture estim\u00e9e":"2 minutes"},"schema":{"@context":"https:\/\/schema.org","@graph":[{"@type":"WebPage","@id":"https:\/\/diariodalagoa.pt\/marinha-resgata-tripulante-de-navio-mercante-com-suspeita-de-fratura-no-braco-direito\/","url":"https:\/\/diariodalagoa.pt\/marinha-resgata-tripulante-de-navio-mercante-com-suspeita-de-fratura-no-braco-direito\/","name":"Marinha resgata tripulante de navio mercante com suspeita de fratura no bra\u00e7o direito - Di\u00e1rio da Lagoa","isPartOf":{"@id":"https:\/\/diariodalagoa.pt\/#website"},"datePublished":"2026-04-07T17:41:00+00:00","dateModified":"2026-04-08T16:31:37+00:00","author":{"@id":"https:\/\/diariodalagoa.pt\/#\/schema\/person\/1615a002370e8857b6f972834bc43ece"},"description":"Suspeita de fratura no bra\u00e7o direito ap\u00f3s queda num navio motivou resgaste e transporte para a ilha Terceira. Um helic\u00f3ptero envolvido na opera\u00e7\u00e3o.","breadcrumb":{"@id":"https:\/\/diariodalagoa.pt\/marinha-resgata-tripulante-de-navio-mercante-com-suspeita-de-fratura-no-braco-direito\/#breadcrumb"},"inLanguage":"fr-FR","potentialAction":[{"@type":"ReadAction","target":["https:\/\/diariodalagoa.pt\/marinha-resgata-tripulante-de-navio-mercante-com-suspeita-de-fratura-no-braco-direito\/"]}]},{"@type":"BreadcrumbList","@id":"https:\/\/diariodalagoa.pt\/marinha-resgata-tripulante-de-navio-mercante-com-suspeita-de-fratura-no-braco-direito\/#breadcrumb","itemListElement":[{"@type":"ListItem","position":1,"name":"In\u00edcio","item":"https:\/\/diariodalagoa.pt\/"},{"@type":"ListItem","position":2,"name":"Marinha resgata tripulante de navio mercante com suspeita de fratura no bra\u00e7o direito"}]},{"@type":"WebSite","@id":"https:\/\/diariodalagoa.pt\/#website","url":"https:\/\/diariodalagoa.pt\/","name":"Di\u00e1rio da Lagoa","description":"Di\u00e1rio da Lagoa. As not\u00edcias que contam. A partir da Lagoa, nos A\u00e7ores, para o mundo.","potentialAction":[{"@type":"SearchAction","target":{"@type":"EntryPoint","urlTemplate":"https:\/\/diariodalagoa.pt\/?s={search_term_string}"},"query-input":"required name=search_term_string"}],"inLanguage":"fr-FR"},{"@type":"Person","@id":"https:\/\/diariodalagoa.pt\/#\/schema\/person\/1615a002370e8857b6f972834bc43ece","name":"Di\u00e1rio da Lagoa","image":{"@type":"ImageObject","inLanguage":"fr-FR","@id":"https:\/\/diariodalagoa.pt\/#\/schema\/person\/image\/","url":"https:\/\/secure.gravatar.com\/avatar\/2cb5cef90a26f8fbd4d9d930608102c5?s=96&d=mm&r=g","contentUrl":"https:\/\/secure.gravatar.com\/avatar\/2cb5cef90a26f8fbd4d9d930608102c5?s=96&d=mm&r=g","caption":"Di\u00e1rio da Lagoa"},"url":"https:\/\/diariodalagoa.pt\/fr\/author\/diariodalagoa\/"}]}},"_links":{"self":[{"href":"https:\/\/diariodalagoa.pt\/fr\/wp-json\/wp\/v2\/posts\/163011"}],"collection":[{"href":"https:\/\/diariodalagoa.pt\/fr\/wp-json\/wp\/v2\/posts"}],"about":[{"href":"https:\/\/diariodalagoa.pt\/fr\/wp-json\/wp\/v2\/types\/post"}],"author":[{"embeddable":true,"href":"https:\/\/diariodalagoa.pt\/fr\/wp-json\/wp\/v2\/users\/2"}],"replies":[{"embeddable":true,"href":"https:\/\/diariodalagoa.pt\/fr\/wp-json\/wp\/v2\/comments?post=163011"}],"version-history":[{"count":2,"href":"https:\/\/diariodalagoa.pt\/fr\/wp-json\/wp\/v2\/posts\/163011\/revisions"}],"predecessor-version":[{"id":163014,"href":"https:\/\/diariodalagoa.pt\/fr\/wp-json\/wp\/v2\/posts\/163011\/revisions\/163014"}],"wp:featuredmedia":[{"embeddable":true,"href":"https:\/\/diariodalagoa.pt\/fr\/wp-json\/wp\/v2\/media\/163012"}],"wp:attachment":[{"href":"https:\/\/diariodalagoa.pt\/fr\/wp-json\/wp\/v2\/media?parent=163011"}],"wp:term":[{"taxonomy":"category","embeddable":true,"href":"https:\/\/diariodalagoa.pt\/fr\/wp-json\/wp\/v2\/categories?post=163011"},{"taxonomy":"post_tag","embeddable":true,"href":"https:\/\/diariodalagoa.pt\/fr\/wp-json\/wp\/v2\/tags?post=163011"}],"curies":[{"name":"wp","href":"https:\/\/api.w.org\/{rel}","templated":true}]}}