{"id":162990,"date":"2026-04-07T10:35:56","date_gmt":"2026-04-07T10:35:56","guid":{"rendered":"https:\/\/diariodalagoa.pt\/?p=162990"},"modified":"2026-04-07T10:36:21","modified_gmt":"2026-04-07T10:36:21","slug":"campanha-olha-acolhe-e-ama-sensibiliza-para-a-protecao-infantil-em-vila-franca-do-campo","status":"publish","type":"post","link":"https:\/\/diariodalagoa.pt\/fr\/campanha-olha-acolhe-e-ama-sensibiliza-para-a-protecao-infantil-em-vila-franca-do-campo\/","title":{"rendered":"Campanha \u201cOlha, Acolhe e Ama\u201d sensibiliza para a prote\u00e7\u00e3o infantil em Vila Franca do Campo"},"content":{"rendered":"<h3 class=\"wp-block-heading\">Sob o mote \u201cOlha, Acolhe e Ama\u201d, o Munic\u00edpio e a CPCJ local promovem uma campanha de sensibiliza\u00e7\u00e3o durante todo o m\u00eas de abril, com iniciativas que incluem a ilumina\u00e7\u00e3o de edif\u00edcios p\u00fablicos e atividades pedag\u00f3gicas na Biblioteca Municipal<\/h3>\n\n\n\n<figure class=\"wp-block-image size-full\"><img decoding=\"async\" width=\"960\" height=\"673\" src=\"https:\/\/diariodalagoa.pt\/wp-content\/uploads\/2026\/04\/camara-de-vila-franca-do-campo-mes-prevencao-maus-tratos-cm-vfc.jpg\" alt=\"\" class=\"wp-image-162991\" srcset=\"https:\/\/diariodalagoa.pt\/wp-content\/uploads\/2026\/04\/camara-de-vila-franca-do-campo-mes-prevencao-maus-tratos-cm-vfc.jpg 960w, https:\/\/diariodalagoa.pt\/wp-content\/uploads\/2026\/04\/camara-de-vila-franca-do-campo-mes-prevencao-maus-tratos-cm-vfc-300x210.jpg 300w, https:\/\/diariodalagoa.pt\/wp-content\/uploads\/2026\/04\/camara-de-vila-franca-do-campo-mes-prevencao-maus-tratos-cm-vfc-768x538.jpg 768w, https:\/\/diariodalagoa.pt\/wp-content\/uploads\/2026\/04\/camara-de-vila-franca-do-campo-mes-prevencao-maus-tratos-cm-vfc-18x12.jpg 18w\" sizes=\"(max-width: 960px) 100vw, 960px\" \/><figcaption class=\"wp-element-caption\"><sup><mark style=\"background-color:rgba(0, 0, 0, 0)\" class=\"has-inline-color has-cyan-bluish-gray-color\">\u00a9 CM VILA FRANCA DO CAMPO<\/mark><\/sup><\/figcaption><\/figure>\n\n\n<p data-path-to-node=\"2\">O concelho de Vila Franca do Campo associa-se este m\u00eas \u00e0 campanha internacional do M\u00eas da Preven\u00e7\u00e3o dos Maus-Tratos na Inf\u00e2ncia. Segundo a autarquia vilafranquense, a iniciativa visa alertar a comunidade para a prote\u00e7\u00e3o de crian\u00e7as e jovens, refor\u00e7ando que o combate a esta problem\u00e1tica exige um esfor\u00e7o coletivo. Como s\u00edmbolo visual desta causa, o edif\u00edcio dos Pa\u00e7os do Concelho e o Centro Municipal de Forma\u00e7\u00e3o e Anima\u00e7\u00e3o Cultural estar\u00e3o iluminados com a cor azul durante o decorrer de todo o m\u00eas de abril, uma cor que mundialmente identifica a luta contra o abuso infantil.<\/p>\n<p data-path-to-node=\"3\">Ao longo do per\u00edodo em curso, a Comiss\u00e3o de Prote\u00e7\u00e3o de Crian\u00e7as e Jovens (CPCJ) de Vila Franca do Campo, em parceria direta com a C\u00e2mara Municipal, desenvolve um programa de atividades destinado a sensibilizar a popula\u00e7\u00e3o para a necessidade de cuidar e proteger as camadas mais jovens. A campanha deste ano adota o mote \u201cOlha, Acolhe e Ama\u201d, servindo como um apelo \u00e0 consciencializa\u00e7\u00e3o de todos os cidad\u00e3os para a vigil\u00e2ncia e o afeto enquanto ferramentas de preven\u00e7\u00e3o.<\/p>\n<p data-path-to-node=\"4\">A vertente educativa da iniciativa conta com a participa\u00e7\u00e3o da Biblioteca Municipal de Vila Franca do Campo. Em resposta ao desafio lan\u00e7ado pela CPCJ, este espa\u00e7o cultural disponibiliza, durante o m\u00eas de abril, o livro \u201cCuida Bem de Mim!\u201d, da autoria de Maria In\u00eas de Almeida. A obra serve de base \u00e0 mensagem da autarquia, que defende que a preven\u00e7\u00e3o come\u00e7a em atitudes quotidianas baseadas no respeito e na aten\u00e7\u00e3o, sublinhando que a seguran\u00e7a e a compreens\u00e3o s\u00e3o fundamentais para o crescimento saud\u00e1vel das crian\u00e7as.<\/p>","protected":false},"excerpt":{"rendered":"<p>Sob o mote \u201cOlha, Acolhe e Ama\u201d, o Munic\u00edpio e a CPCJ local promovem uma campanha de sensibiliza\u00e7\u00e3o durante todo o m\u00eas de abril, com iniciativas que incluem a ilumina\u00e7\u00e3o de edif\u00edcios p\u00fablicos e atividades pedag\u00f3gicas na Biblioteca Municipal.<\/p>","protected":false},"author":2,"featured_media":162991,"comment_status":"open","ping_status":"closed","sticky":false,"template":"","format":"standard","meta":[],"categories":[21],"tags":[45,368,3800,3804,4598,4775,4776],"acf":[],"yoast_head":"<!-- This site is optimized with the Yoast SEO plugin v20.10 - https:\/\/yoast.com\/wordpress\/plugins\/seo\/ -->\n<title>Campanha \u201cOlha, Acolhe e Ama\u201d sensibiliza para a prote\u00e7\u00e3o infantil em Vila Franca do Campo - Di\u00e1rio da Lagoa<\/title>\n<meta name=\"robots\" content=\"index, follow, max-snippet:-1, max-image-preview:large, max-video-preview:-1\" \/>\n<link rel=\"canonical\" href=\"https:\/\/diariodalagoa.pt\/fr\/campanha-olha-acolhe-e-ama-sensibiliza-para-a-protecao-infantil-em-vila-franca-do-campo\/\" \/>\n<meta property=\"og:locale\" content=\"fr_FR\" \/>\n<meta property=\"og:type\" content=\"article\" \/>\n<meta property=\"og:title\" content=\"Campanha \u201cOlha, Acolhe e Ama\u201d sensibiliza para a prote\u00e7\u00e3o infantil em Vila Franca do Campo - Di\u00e1rio da Lagoa\" \/>\n<meta property=\"og:description\" content=\"Sob o mote \u201cOlha, Acolhe e Ama\u201d, o Munic\u00edpio e a CPCJ local promovem uma campanha de sensibiliza\u00e7\u00e3o durante todo o m\u00eas de abril, com iniciativas que incluem a ilumina\u00e7\u00e3o de edif\u00edcios p\u00fablicos e atividades pedag\u00f3gicas na Biblioteca Municipal.\" \/>\n<meta property=\"og:url\" content=\"https:\/\/diariodalagoa.pt\/fr\/campanha-olha-acolhe-e-ama-sensibiliza-para-a-protecao-infantil-em-vila-franca-do-campo\/\" \/>\n<meta property=\"og:site_name\" content=\"Di\u00e1rio da Lagoa\" \/>\n<meta property=\"article:published_time\" content=\"2026-04-07T10:35:56+00:00\" \/>\n<meta property=\"article:modified_time\" content=\"2026-04-07T10:36:21+00:00\" \/>\n<meta property=\"og:image\" content=\"https:\/\/diariodalagoa.pt\/wp-content\/uploads\/2026\/04\/camara-de-vila-franca-do-campo-mes-prevencao-maus-tratos-cm-vfc.jpg\" \/>\n\t<meta property=\"og:image:width\" content=\"960\" \/>\n\t<meta property=\"og:image:height\" content=\"673\" \/>\n\t<meta property=\"og:image:type\" content=\"image\/jpeg\" \/>\n<meta name=\"author\" content=\"Di\u00e1rio da Lagoa\" \/>\n<meta name=\"twitter:card\" content=\"summary_large_image\" \/>\n<meta name=\"twitter:label1\" content=\"\u00c9crit par\" \/>\n\t<meta name=\"twitter:data1\" content=\"Di\u00e1rio da Lagoa\" \/>\n\t<meta name=\"twitter:label2\" content=\"Dur\u00e9e de lecture estim\u00e9e\" \/>\n\t<meta name=\"twitter:data2\" content=\"2 minutes\" \/>\n<script type=\"application\/ld+json\" class=\"yoast-schema-graph\">{\"@context\":\"https:\/\/schema.org\",\"@graph\":[{\"@type\":\"WebPage\",\"@id\":\"https:\/\/diariodalagoa.pt\/campanha-olha-acolhe-e-ama-sensibiliza-para-a-protecao-infantil-em-vila-franca-do-campo\/\",\"url\":\"https:\/\/diariodalagoa.pt\/campanha-olha-acolhe-e-ama-sensibiliza-para-a-protecao-infantil-em-vila-franca-do-campo\/\",\"name\":\"Campanha \u201cOlha, Acolhe e Ama\u201d sensibiliza para a prote\u00e7\u00e3o infantil em Vila Franca do Campo - Di\u00e1rio da Lagoa\",\"isPartOf\":{\"@id\":\"https:\/\/diariodalagoa.pt\/#website\"},\"datePublished\":\"2026-04-07T10:35:56+00:00\",\"dateModified\":\"2026-04-07T10:36:21+00:00\",\"author\":{\"@id\":\"https:\/\/diariodalagoa.pt\/#\/schema\/person\/1615a002370e8857b6f972834bc43ece\"},\"breadcrumb\":{\"@id\":\"https:\/\/diariodalagoa.pt\/campanha-olha-acolhe-e-ama-sensibiliza-para-a-protecao-infantil-em-vila-franca-do-campo\/#breadcrumb\"},\"inLanguage\":\"fr-FR\",\"potentialAction\":[{\"@type\":\"ReadAction\",\"target\":[\"https:\/\/diariodalagoa.pt\/campanha-olha-acolhe-e-ama-sensibiliza-para-a-protecao-infantil-em-vila-franca-do-campo\/\"]}]},{\"@type\":\"BreadcrumbList\",\"@id\":\"https:\/\/diariodalagoa.pt\/campanha-olha-acolhe-e-ama-sensibiliza-para-a-protecao-infantil-em-vila-franca-do-campo\/#breadcrumb\",\"itemListElement\":[{\"@type\":\"ListItem\",\"position\":1,\"name\":\"In\u00edcio\",\"item\":\"https:\/\/diariodalagoa.pt\/\"},{\"@type\":\"ListItem\",\"position\":2,\"name\":\"Campanha \u201cOlha, Acolhe e Ama\u201d sensibiliza para a prote\u00e7\u00e3o infantil em Vila Franca do Campo\"}]},{\"@type\":\"WebSite\",\"@id\":\"https:\/\/diariodalagoa.pt\/#website\",\"url\":\"https:\/\/diariodalagoa.pt\/\",\"name\":\"Di\u00e1rio da Lagoa\",\"description\":\"Di\u00e1rio da Lagoa. As not\u00edcias que contam. A partir da Lagoa, nos A\u00e7ores, para o mundo.\",\"potentialAction\":[{\"@type\":\"SearchAction\",\"target\":{\"@type\":\"EntryPoint\",\"urlTemplate\":\"https:\/\/diariodalagoa.pt\/?s={search_term_string}\"},\"query-input\":\"required name=search_term_string\"}],\"inLanguage\":\"fr-FR\"},{\"@type\":\"Person\",\"@id\":\"https:\/\/diariodalagoa.pt\/#\/schema\/person\/1615a002370e8857b6f972834bc43ece\",\"name\":\"Di\u00e1rio da Lagoa\",\"image\":{\"@type\":\"ImageObject\",\"inLanguage\":\"fr-FR\",\"@id\":\"https:\/\/diariodalagoa.pt\/#\/schema\/person\/image\/\",\"url\":\"https:\/\/secure.gravatar.com\/avatar\/2cb5cef90a26f8fbd4d9d930608102c5?s=96&d=mm&r=g\",\"contentUrl\":\"https:\/\/secure.gravatar.com\/avatar\/2cb5cef90a26f8fbd4d9d930608102c5?s=96&d=mm&r=g\",\"caption\":\"Di\u00e1rio da Lagoa\"},\"url\":\"https:\/\/diariodalagoa.pt\/fr\/author\/diariodalagoa\/\"}]}<\/script>\n<!-- \/ Yoast SEO plugin. -->","yoast_head_json":{"title":"Campanha \u201cOlha, Acolhe e Ama\u201d sensibiliza para a prote\u00e7\u00e3o infantil em Vila Franca do Campo - Di\u00e1rio da Lagoa","robots":{"index":"index","follow":"follow","max-snippet":"max-snippet:-1","max-image-preview":"max-image-preview:large","max-video-preview":"max-video-preview:-1"},"canonical":"https:\/\/diariodalagoa.pt\/fr\/campanha-olha-acolhe-e-ama-sensibiliza-para-a-protecao-infantil-em-vila-franca-do-campo\/","og_locale":"fr_FR","og_type":"article","og_title":"Campanha \u201cOlha, Acolhe e Ama\u201d sensibiliza para a prote\u00e7\u00e3o infantil em Vila Franca do Campo - Di\u00e1rio da Lagoa","og_description":"Sob o mote \u201cOlha, Acolhe e Ama\u201d, o Munic\u00edpio e a CPCJ local promovem uma campanha de sensibiliza\u00e7\u00e3o durante todo o m\u00eas de abril, com iniciativas que incluem a ilumina\u00e7\u00e3o de edif\u00edcios p\u00fablicos e atividades pedag\u00f3gicas na Biblioteca Municipal.","og_url":"https:\/\/diariodalagoa.pt\/fr\/campanha-olha-acolhe-e-ama-sensibiliza-para-a-protecao-infantil-em-vila-franca-do-campo\/","og_site_name":"Di\u00e1rio da Lagoa","article_published_time":"2026-04-07T10:35:56+00:00","article_modified_time":"2026-04-07T10:36:21+00:00","og_image":[{"width":960,"height":673,"url":"https:\/\/diariodalagoa.pt\/wp-content\/uploads\/2026\/04\/camara-de-vila-franca-do-campo-mes-prevencao-maus-tratos-cm-vfc.jpg","type":"image\/jpeg"}],"author":"Di\u00e1rio da Lagoa","twitter_card":"summary_large_image","twitter_misc":{"\u00c9crit par":"Di\u00e1rio da Lagoa","Dur\u00e9e de lecture estim\u00e9e":"2 minutes"},"schema":{"@context":"https:\/\/schema.org","@graph":[{"@type":"WebPage","@id":"https:\/\/diariodalagoa.pt\/campanha-olha-acolhe-e-ama-sensibiliza-para-a-protecao-infantil-em-vila-franca-do-campo\/","url":"https:\/\/diariodalagoa.pt\/campanha-olha-acolhe-e-ama-sensibiliza-para-a-protecao-infantil-em-vila-franca-do-campo\/","name":"Campanha \u201cOlha, Acolhe e Ama\u201d sensibiliza para a prote\u00e7\u00e3o infantil em Vila Franca do Campo - Di\u00e1rio da Lagoa","isPartOf":{"@id":"https:\/\/diariodalagoa.pt\/#website"},"datePublished":"2026-04-07T10:35:56+00:00","dateModified":"2026-04-07T10:36:21+00:00","author":{"@id":"https:\/\/diariodalagoa.pt\/#\/schema\/person\/1615a002370e8857b6f972834bc43ece"},"breadcrumb":{"@id":"https:\/\/diariodalagoa.pt\/campanha-olha-acolhe-e-ama-sensibiliza-para-a-protecao-infantil-em-vila-franca-do-campo\/#breadcrumb"},"inLanguage":"fr-FR","potentialAction":[{"@type":"ReadAction","target":["https:\/\/diariodalagoa.pt\/campanha-olha-acolhe-e-ama-sensibiliza-para-a-protecao-infantil-em-vila-franca-do-campo\/"]}]},{"@type":"BreadcrumbList","@id":"https:\/\/diariodalagoa.pt\/campanha-olha-acolhe-e-ama-sensibiliza-para-a-protecao-infantil-em-vila-franca-do-campo\/#breadcrumb","itemListElement":[{"@type":"ListItem","position":1,"name":"In\u00edcio","item":"https:\/\/diariodalagoa.pt\/"},{"@type":"ListItem","position":2,"name":"Campanha \u201cOlha, Acolhe e Ama\u201d sensibiliza para a prote\u00e7\u00e3o infantil em Vila Franca do Campo"}]},{"@type":"WebSite","@id":"https:\/\/diariodalagoa.pt\/#website","url":"https:\/\/diariodalagoa.pt\/","name":"Di\u00e1rio da Lagoa","description":"Di\u00e1rio da Lagoa. As not\u00edcias que contam. A partir da Lagoa, nos A\u00e7ores, para o mundo.","potentialAction":[{"@type":"SearchAction","target":{"@type":"EntryPoint","urlTemplate":"https:\/\/diariodalagoa.pt\/?s={search_term_string}"},"query-input":"required name=search_term_string"}],"inLanguage":"fr-FR"},{"@type":"Person","@id":"https:\/\/diariodalagoa.pt\/#\/schema\/person\/1615a002370e8857b6f972834bc43ece","name":"Di\u00e1rio da Lagoa","image":{"@type":"ImageObject","inLanguage":"fr-FR","@id":"https:\/\/diariodalagoa.pt\/#\/schema\/person\/image\/","url":"https:\/\/secure.gravatar.com\/avatar\/2cb5cef90a26f8fbd4d9d930608102c5?s=96&d=mm&r=g","contentUrl":"https:\/\/secure.gravatar.com\/avatar\/2cb5cef90a26f8fbd4d9d930608102c5?s=96&d=mm&r=g","caption":"Di\u00e1rio da Lagoa"},"url":"https:\/\/diariodalagoa.pt\/fr\/author\/diariodalagoa\/"}]}},"_links":{"self":[{"href":"https:\/\/diariodalagoa.pt\/fr\/wp-json\/wp\/v2\/posts\/162990"}],"collection":[{"href":"https:\/\/diariodalagoa.pt\/fr\/wp-json\/wp\/v2\/posts"}],"about":[{"href":"https:\/\/diariodalagoa.pt\/fr\/wp-json\/wp\/v2\/types\/post"}],"author":[{"embeddable":true,"href":"https:\/\/diariodalagoa.pt\/fr\/wp-json\/wp\/v2\/users\/2"}],"replies":[{"embeddable":true,"href":"https:\/\/diariodalagoa.pt\/fr\/wp-json\/wp\/v2\/comments?post=162990"}],"version-history":[{"count":4,"href":"https:\/\/diariodalagoa.pt\/fr\/wp-json\/wp\/v2\/posts\/162990\/revisions"}],"predecessor-version":[{"id":162995,"href":"https:\/\/diariodalagoa.pt\/fr\/wp-json\/wp\/v2\/posts\/162990\/revisions\/162995"}],"wp:featuredmedia":[{"embeddable":true,"href":"https:\/\/diariodalagoa.pt\/fr\/wp-json\/wp\/v2\/media\/162991"}],"wp:attachment":[{"href":"https:\/\/diariodalagoa.pt\/fr\/wp-json\/wp\/v2\/media?parent=162990"}],"wp:term":[{"taxonomy":"category","embeddable":true,"href":"https:\/\/diariodalagoa.pt\/fr\/wp-json\/wp\/v2\/categories?post=162990"},{"taxonomy":"post_tag","embeddable":true,"href":"https:\/\/diariodalagoa.pt\/fr\/wp-json\/wp\/v2\/tags?post=162990"}],"curies":[{"name":"wp","href":"https:\/\/api.w.org\/{rel}","templated":true}]}}