{"id":162983,"date":"2026-04-07T10:04:53","date_gmt":"2026-04-07T10:04:53","guid":{"rendered":"https:\/\/diariodalagoa.pt\/?p=162983"},"modified":"2026-04-07T10:07:04","modified_gmt":"2026-04-07T10:07:04","slug":"conselho-municipal-de-saude-da-lagoa-analisa-politicas-locais-e-define-prioridades-estrategicas","status":"publish","type":"post","link":"https:\/\/diariodalagoa.pt\/fr\/conselho-municipal-de-saude-da-lagoa-analisa-politicas-locais-e-define-prioridades-estrategicas\/","title":{"rendered":"Conselho Municipal de Sa\u00fade da Lagoa analisa pol\u00edticas locais e define prioridades estrat\u00e9gicas"},"content":{"rendered":"<h3 class=\"wp-block-heading\">Reuni\u00e3o presidida pela vereadora Gra\u00e7a Costa serviu para o balan\u00e7o de projetos em curso, como o Cart\u00e3o Lagoa + Sa\u00fade, e para o planeamento de futuras interven\u00e7\u00f5es nas \u00e1reas do envelhecimento ativo e da sa\u00fade mental<\/h3>\n\n\n\n<figure class=\"wp-block-image size-full\"><img decoding=\"async\" width=\"960\" height=\"640\" src=\"https:\/\/diariodalagoa.pt\/wp-content\/uploads\/2026\/04\/conselho-municipal-de-saude-lagoa-2026-cml.jpg\" alt=\"\" class=\"wp-image-162984\" srcset=\"https:\/\/diariodalagoa.pt\/wp-content\/uploads\/2026\/04\/conselho-municipal-de-saude-lagoa-2026-cml.jpg 960w, https:\/\/diariodalagoa.pt\/wp-content\/uploads\/2026\/04\/conselho-municipal-de-saude-lagoa-2026-cml-300x200.jpg 300w, https:\/\/diariodalagoa.pt\/wp-content\/uploads\/2026\/04\/conselho-municipal-de-saude-lagoa-2026-cml-768x512.jpg 768w, https:\/\/diariodalagoa.pt\/wp-content\/uploads\/2026\/04\/conselho-municipal-de-saude-lagoa-2026-cml-18x12.jpg 18w\" sizes=\"(max-width: 960px) 100vw, 960px\" \/><figcaption class=\"wp-element-caption\"><sup><mark style=\"background-color:rgba(0, 0, 0, 0)\" class=\"has-inline-color has-cyan-bluish-gray-color\">\u00a9 CM LAGOA<\/mark><\/sup><\/figcaption><\/figure>\n\n\n<p data-path-to-node=\"2\">O audit\u00f3rio dos Pa\u00e7os do Concelho acolheu esta segunda-feira, 6 de abril, uma sess\u00e3o do Conselho Municipal de Sa\u00fade da Lagoa, \u00f3rg\u00e3o que reuniu representantes de diversas institui\u00e7\u00f5es e entidades do setor para analisar a situa\u00e7\u00e3o atual da sa\u00fade no concelho. De acordo com a nota de imprensa enviada pelo munic\u00edpio, a reuni\u00e3o, conduzida pela vereadora com o pelouro da Sa\u00fade e A\u00e7\u00e3o Social, Gra\u00e7a Costa, teve como objetivo central a partilha de contributos e a identifica\u00e7\u00e3o de preocupa\u00e7\u00f5es sociais e de sa\u00fade junto da comunidade local, visando a articula\u00e7\u00e3o de respostas entre os diversos parceiros.<\/p>\n<p data-path-to-node=\"3\">No decorrer dos trabalhos, a vereadora Gra\u00e7a Costa apresentou um balan\u00e7o das iniciativas municipais, estruturando a interven\u00e7\u00e3o sob o mote \u201contem, hoje e amanh\u00e3\u201d. Foram destacados projetos como a Semana da Sa\u00fade, a atividade do Centro de Interven\u00e7\u00e3o Social \u2013 TEAR e programas de apoio direto \u00e0 popula\u00e7\u00e3o, nomeadamente o Cart\u00e3o Lagoa + Sa\u00fade. O munic\u00edpio aproveitou a ocasi\u00e3o para detalhar tamb\u00e9m as a\u00e7\u00f5es de preven\u00e7\u00e3o da viol\u00eancia no namoro na adolesc\u00eancia, em vigor desde 2023, e as iniciativas de promo\u00e7\u00e3o do envelhecimento ativo, onde se inclui o projeto de estimula\u00e7\u00e3o cognitiva \u201cA Av\u00f3 Veio Trabalhar\u201d.<\/p>\n<p data-path-to-node=\"4\">No \u00e2mbito da promo\u00e7\u00e3o de estilos de vida saud\u00e1veis, a autarquia reportou o investimento na cria\u00e7\u00e3o de zonas pedonais e a descentraliza\u00e7\u00e3o de aulas de grupo atrav\u00e9s do programa \u201cSa\u00fade em Movimento\u201d, al\u00e9m do apoio prestado a coletividades desportivas. Foi igualmente sublinhada a participa\u00e7\u00e3o da Lagoa na Rede Portuguesa de Munic\u00edpios Saud\u00e1veis, que pressup\u00f5e o compromisso de ado\u00e7\u00e3o de pol\u00edticas locais de sa\u00fade e a elabora\u00e7\u00e3o de um plano de desenvolvimento espec\u00edfico para esta \u00e1rea.<\/p>\n<p data-path-to-node=\"5\">Relativamente \u00e0s metas futuras, a vereadora Gra\u00e7a Costa explicou que a autarquia pretende focar o pr\u00f3ximo plano de desenvolvimento na preven\u00e7\u00e3o prim\u00e1ria. \u201cA C\u00e2mara Municipal pretende, com o plano de desenvolvimento em sa\u00fade, dar \u00eanfase ao envelhecimento ativo e \u00e0 promo\u00e7\u00e3o da sa\u00fade mental como medida principal de preven\u00e7\u00e3o prim\u00e1ria de v\u00e1rias problem\u00e1ticas como comportamentos antissociais, disruptivos, toxicodepend\u00eancia\u201d, afirmou a respons\u00e1vel.<\/p>","protected":false},"excerpt":{"rendered":"<p>Reuni\u00e3o presidida pela vereadora Gra\u00e7a Costa serviu para o balan\u00e7o de projetos em curso, como o Cart\u00e3o Lagoa + Sa\u00fade, e para o planeamento de futuras interven\u00e7\u00f5es nas \u00e1reas do envelhecimento ativo e da sa\u00fade mental.<\/p>","protected":false},"author":2,"featured_media":162984,"comment_status":"open","ping_status":"closed","sticky":false,"template":"","format":"standard","meta":[],"categories":[21],"tags":[34,257,3800,3841,4347,4771,4772,4773,4774],"acf":[],"yoast_head":"<!-- This site is optimized with the Yoast SEO plugin v20.10 - https:\/\/yoast.com\/wordpress\/plugins\/seo\/ -->\n<title>Conselho Municipal de Sa\u00fade da Lagoa analisa pol\u00edticas locais e define prioridades estrat\u00e9gicas - Di\u00e1rio da Lagoa<\/title>\n<meta name=\"description\" content=\"Reuni\u00e3o presidida pela vereadora Gra\u00e7a Costa serviu para o balan\u00e7o de projetos em curso, como o Cart\u00e3o Lagoa + Sa\u00fade, e para o planeamento de futuras interven\u00e7\u00f5es nas \u00e1reas do envelhecimento ativo e da sa\u00fade mental.\" \/>\n<meta name=\"robots\" content=\"index, follow, max-snippet:-1, max-image-preview:large, max-video-preview:-1\" \/>\n<link rel=\"canonical\" href=\"https:\/\/diariodalagoa.pt\/fr\/conselho-municipal-de-saude-da-lagoa-analisa-politicas-locais-e-define-prioridades-estrategicas\/\" \/>\n<meta property=\"og:locale\" content=\"fr_FR\" \/>\n<meta property=\"og:type\" content=\"article\" \/>\n<meta property=\"og:title\" content=\"Conselho Municipal de Sa\u00fade da Lagoa analisa pol\u00edticas locais e define prioridades estrat\u00e9gicas - Di\u00e1rio da Lagoa\" \/>\n<meta property=\"og:description\" content=\"Reuni\u00e3o presidida pela vereadora Gra\u00e7a Costa serviu para o balan\u00e7o de projetos em curso, como o Cart\u00e3o Lagoa + Sa\u00fade, e para o planeamento de futuras interven\u00e7\u00f5es nas \u00e1reas do envelhecimento ativo e da sa\u00fade mental.\" \/>\n<meta property=\"og:url\" content=\"https:\/\/diariodalagoa.pt\/fr\/conselho-municipal-de-saude-da-lagoa-analisa-politicas-locais-e-define-prioridades-estrategicas\/\" \/>\n<meta property=\"og:site_name\" content=\"Di\u00e1rio da Lagoa\" \/>\n<meta property=\"article:published_time\" content=\"2026-04-07T10:04:53+00:00\" \/>\n<meta property=\"article:modified_time\" content=\"2026-04-07T10:07:04+00:00\" \/>\n<meta property=\"og:image\" content=\"https:\/\/diariodalagoa.pt\/wp-content\/uploads\/2026\/04\/conselho-municipal-de-saude-lagoa-2026-cml.jpg\" \/>\n\t<meta property=\"og:image:width\" content=\"960\" \/>\n\t<meta property=\"og:image:height\" content=\"640\" \/>\n\t<meta property=\"og:image:type\" content=\"image\/jpeg\" \/>\n<meta name=\"author\" content=\"Di\u00e1rio da Lagoa\" \/>\n<meta name=\"twitter:card\" content=\"summary_large_image\" \/>\n<meta name=\"twitter:label1\" content=\"\u00c9crit par\" \/>\n\t<meta name=\"twitter:data1\" content=\"Di\u00e1rio da Lagoa\" \/>\n\t<meta name=\"twitter:label2\" content=\"Dur\u00e9e de lecture estim\u00e9e\" \/>\n\t<meta name=\"twitter:data2\" content=\"3 minutes\" \/>\n<script type=\"application\/ld+json\" class=\"yoast-schema-graph\">{\"@context\":\"https:\/\/schema.org\",\"@graph\":[{\"@type\":\"WebPage\",\"@id\":\"https:\/\/diariodalagoa.pt\/conselho-municipal-de-saude-da-lagoa-analisa-politicas-locais-e-define-prioridades-estrategicas\/\",\"url\":\"https:\/\/diariodalagoa.pt\/conselho-municipal-de-saude-da-lagoa-analisa-politicas-locais-e-define-prioridades-estrategicas\/\",\"name\":\"Conselho Municipal de Sa\u00fade da Lagoa analisa pol\u00edticas locais e define prioridades estrat\u00e9gicas - Di\u00e1rio da Lagoa\",\"isPartOf\":{\"@id\":\"https:\/\/diariodalagoa.pt\/#website\"},\"datePublished\":\"2026-04-07T10:04:53+00:00\",\"dateModified\":\"2026-04-07T10:07:04+00:00\",\"author\":{\"@id\":\"https:\/\/diariodalagoa.pt\/#\/schema\/person\/1615a002370e8857b6f972834bc43ece\"},\"description\":\"Reuni\u00e3o presidida pela vereadora Gra\u00e7a Costa serviu para o balan\u00e7o de projetos em curso, como o Cart\u00e3o Lagoa + Sa\u00fade, e para o planeamento de futuras interven\u00e7\u00f5es nas \u00e1reas do envelhecimento ativo e da sa\u00fade mental.\",\"breadcrumb\":{\"@id\":\"https:\/\/diariodalagoa.pt\/conselho-municipal-de-saude-da-lagoa-analisa-politicas-locais-e-define-prioridades-estrategicas\/#breadcrumb\"},\"inLanguage\":\"fr-FR\",\"potentialAction\":[{\"@type\":\"ReadAction\",\"target\":[\"https:\/\/diariodalagoa.pt\/conselho-municipal-de-saude-da-lagoa-analisa-politicas-locais-e-define-prioridades-estrategicas\/\"]}]},{\"@type\":\"BreadcrumbList\",\"@id\":\"https:\/\/diariodalagoa.pt\/conselho-municipal-de-saude-da-lagoa-analisa-politicas-locais-e-define-prioridades-estrategicas\/#breadcrumb\",\"itemListElement\":[{\"@type\":\"ListItem\",\"position\":1,\"name\":\"In\u00edcio\",\"item\":\"https:\/\/diariodalagoa.pt\/\"},{\"@type\":\"ListItem\",\"position\":2,\"name\":\"Conselho Municipal de Sa\u00fade da Lagoa analisa pol\u00edticas locais e define prioridades estrat\u00e9gicas\"}]},{\"@type\":\"WebSite\",\"@id\":\"https:\/\/diariodalagoa.pt\/#website\",\"url\":\"https:\/\/diariodalagoa.pt\/\",\"name\":\"Di\u00e1rio da Lagoa\",\"description\":\"Di\u00e1rio da Lagoa. As not\u00edcias que contam. A partir da Lagoa, nos A\u00e7ores, para o mundo.\",\"potentialAction\":[{\"@type\":\"SearchAction\",\"target\":{\"@type\":\"EntryPoint\",\"urlTemplate\":\"https:\/\/diariodalagoa.pt\/?s={search_term_string}\"},\"query-input\":\"required name=search_term_string\"}],\"inLanguage\":\"fr-FR\"},{\"@type\":\"Person\",\"@id\":\"https:\/\/diariodalagoa.pt\/#\/schema\/person\/1615a002370e8857b6f972834bc43ece\",\"name\":\"Di\u00e1rio da Lagoa\",\"image\":{\"@type\":\"ImageObject\",\"inLanguage\":\"fr-FR\",\"@id\":\"https:\/\/diariodalagoa.pt\/#\/schema\/person\/image\/\",\"url\":\"https:\/\/secure.gravatar.com\/avatar\/2cb5cef90a26f8fbd4d9d930608102c5?s=96&d=mm&r=g\",\"contentUrl\":\"https:\/\/secure.gravatar.com\/avatar\/2cb5cef90a26f8fbd4d9d930608102c5?s=96&d=mm&r=g\",\"caption\":\"Di\u00e1rio da Lagoa\"},\"url\":\"https:\/\/diariodalagoa.pt\/fr\/author\/diariodalagoa\/\"}]}<\/script>\n<!-- \/ Yoast SEO plugin. -->","yoast_head_json":{"title":"Conselho Municipal de Sa\u00fade da Lagoa analisa pol\u00edticas locais e define prioridades estrat\u00e9gicas - Di\u00e1rio da Lagoa","description":"Reuni\u00e3o presidida pela vereadora Gra\u00e7a Costa serviu para o balan\u00e7o de projetos em curso, como o Cart\u00e3o Lagoa + Sa\u00fade, e para o planeamento de futuras interven\u00e7\u00f5es nas \u00e1reas do envelhecimento ativo e da sa\u00fade mental.","robots":{"index":"index","follow":"follow","max-snippet":"max-snippet:-1","max-image-preview":"max-image-preview:large","max-video-preview":"max-video-preview:-1"},"canonical":"https:\/\/diariodalagoa.pt\/fr\/conselho-municipal-de-saude-da-lagoa-analisa-politicas-locais-e-define-prioridades-estrategicas\/","og_locale":"fr_FR","og_type":"article","og_title":"Conselho Municipal de Sa\u00fade da Lagoa analisa pol\u00edticas locais e define prioridades estrat\u00e9gicas - Di\u00e1rio da Lagoa","og_description":"Reuni\u00e3o presidida pela vereadora Gra\u00e7a Costa serviu para o balan\u00e7o de projetos em curso, como o Cart\u00e3o Lagoa + Sa\u00fade, e para o planeamento de futuras interven\u00e7\u00f5es nas \u00e1reas do envelhecimento ativo e da sa\u00fade mental.","og_url":"https:\/\/diariodalagoa.pt\/fr\/conselho-municipal-de-saude-da-lagoa-analisa-politicas-locais-e-define-prioridades-estrategicas\/","og_site_name":"Di\u00e1rio da Lagoa","article_published_time":"2026-04-07T10:04:53+00:00","article_modified_time":"2026-04-07T10:07:04+00:00","og_image":[{"width":960,"height":640,"url":"https:\/\/diariodalagoa.pt\/wp-content\/uploads\/2026\/04\/conselho-municipal-de-saude-lagoa-2026-cml.jpg","type":"image\/jpeg"}],"author":"Di\u00e1rio da Lagoa","twitter_card":"summary_large_image","twitter_misc":{"\u00c9crit par":"Di\u00e1rio da Lagoa","Dur\u00e9e de lecture estim\u00e9e":"3 minutes"},"schema":{"@context":"https:\/\/schema.org","@graph":[{"@type":"WebPage","@id":"https:\/\/diariodalagoa.pt\/conselho-municipal-de-saude-da-lagoa-analisa-politicas-locais-e-define-prioridades-estrategicas\/","url":"https:\/\/diariodalagoa.pt\/conselho-municipal-de-saude-da-lagoa-analisa-politicas-locais-e-define-prioridades-estrategicas\/","name":"Conselho Municipal de Sa\u00fade da Lagoa analisa pol\u00edticas locais e define prioridades estrat\u00e9gicas - Di\u00e1rio da Lagoa","isPartOf":{"@id":"https:\/\/diariodalagoa.pt\/#website"},"datePublished":"2026-04-07T10:04:53+00:00","dateModified":"2026-04-07T10:07:04+00:00","author":{"@id":"https:\/\/diariodalagoa.pt\/#\/schema\/person\/1615a002370e8857b6f972834bc43ece"},"description":"Reuni\u00e3o presidida pela vereadora Gra\u00e7a Costa serviu para o balan\u00e7o de projetos em curso, como o Cart\u00e3o Lagoa + Sa\u00fade, e para o planeamento de futuras interven\u00e7\u00f5es nas \u00e1reas do envelhecimento ativo e da sa\u00fade mental.","breadcrumb":{"@id":"https:\/\/diariodalagoa.pt\/conselho-municipal-de-saude-da-lagoa-analisa-politicas-locais-e-define-prioridades-estrategicas\/#breadcrumb"},"inLanguage":"fr-FR","potentialAction":[{"@type":"ReadAction","target":["https:\/\/diariodalagoa.pt\/conselho-municipal-de-saude-da-lagoa-analisa-politicas-locais-e-define-prioridades-estrategicas\/"]}]},{"@type":"BreadcrumbList","@id":"https:\/\/diariodalagoa.pt\/conselho-municipal-de-saude-da-lagoa-analisa-politicas-locais-e-define-prioridades-estrategicas\/#breadcrumb","itemListElement":[{"@type":"ListItem","position":1,"name":"In\u00edcio","item":"https:\/\/diariodalagoa.pt\/"},{"@type":"ListItem","position":2,"name":"Conselho Municipal de Sa\u00fade da Lagoa analisa pol\u00edticas locais e define prioridades estrat\u00e9gicas"}]},{"@type":"WebSite","@id":"https:\/\/diariodalagoa.pt\/#website","url":"https:\/\/diariodalagoa.pt\/","name":"Di\u00e1rio da Lagoa","description":"Di\u00e1rio da Lagoa. As not\u00edcias que contam. A partir da Lagoa, nos A\u00e7ores, para o mundo.","potentialAction":[{"@type":"SearchAction","target":{"@type":"EntryPoint","urlTemplate":"https:\/\/diariodalagoa.pt\/?s={search_term_string}"},"query-input":"required name=search_term_string"}],"inLanguage":"fr-FR"},{"@type":"Person","@id":"https:\/\/diariodalagoa.pt\/#\/schema\/person\/1615a002370e8857b6f972834bc43ece","name":"Di\u00e1rio da Lagoa","image":{"@type":"ImageObject","inLanguage":"fr-FR","@id":"https:\/\/diariodalagoa.pt\/#\/schema\/person\/image\/","url":"https:\/\/secure.gravatar.com\/avatar\/2cb5cef90a26f8fbd4d9d930608102c5?s=96&d=mm&r=g","contentUrl":"https:\/\/secure.gravatar.com\/avatar\/2cb5cef90a26f8fbd4d9d930608102c5?s=96&d=mm&r=g","caption":"Di\u00e1rio da Lagoa"},"url":"https:\/\/diariodalagoa.pt\/fr\/author\/diariodalagoa\/"}]}},"_links":{"self":[{"href":"https:\/\/diariodalagoa.pt\/fr\/wp-json\/wp\/v2\/posts\/162983"}],"collection":[{"href":"https:\/\/diariodalagoa.pt\/fr\/wp-json\/wp\/v2\/posts"}],"about":[{"href":"https:\/\/diariodalagoa.pt\/fr\/wp-json\/wp\/v2\/types\/post"}],"author":[{"embeddable":true,"href":"https:\/\/diariodalagoa.pt\/fr\/wp-json\/wp\/v2\/users\/2"}],"replies":[{"embeddable":true,"href":"https:\/\/diariodalagoa.pt\/fr\/wp-json\/wp\/v2\/comments?post=162983"}],"version-history":[{"count":4,"href":"https:\/\/diariodalagoa.pt\/fr\/wp-json\/wp\/v2\/posts\/162983\/revisions"}],"predecessor-version":[{"id":162989,"href":"https:\/\/diariodalagoa.pt\/fr\/wp-json\/wp\/v2\/posts\/162983\/revisions\/162989"}],"wp:featuredmedia":[{"embeddable":true,"href":"https:\/\/diariodalagoa.pt\/fr\/wp-json\/wp\/v2\/media\/162984"}],"wp:attachment":[{"href":"https:\/\/diariodalagoa.pt\/fr\/wp-json\/wp\/v2\/media?parent=162983"}],"wp:term":[{"taxonomy":"category","embeddable":true,"href":"https:\/\/diariodalagoa.pt\/fr\/wp-json\/wp\/v2\/categories?post=162983"},{"taxonomy":"post_tag","embeddable":true,"href":"https:\/\/diariodalagoa.pt\/fr\/wp-json\/wp\/v2\/tags?post=162983"}],"curies":[{"name":"wp","href":"https:\/\/api.w.org\/{rel}","templated":true}]}}